{"id":1029,"date":"2019-08-22T22:53:53","date_gmt":"2019-08-23T01:53:53","guid":{"rendered":"http:\/\/portalararasdenoticias.com.br\/?p=1029"},"modified":"2019-08-22T22:53:56","modified_gmt":"2019-08-23T01:53:56","slug":"famosos-alertam-sobre-as-queimadas-na-amazonia-2","status":"publish","type":"post","link":"https:\/\/portalararasdenoticias.com.br\/?p=1029","title":{"rendered":"Famosos alertam sobre as queimadas na Amaz\u00f4nia."},"content":{"rendered":"\n<figure class=\"wp-block-image\"><img loading=\"lazy\" decoding=\"async\" width=\"600\" height=\"600\" src=\"http:\/\/portalararasdenoticias.com.br\/wp-content\/uploads\/2019\/08\/rs_600x600-190506175942-600.gisele-bundchen-2019-met-gala-red-carpet-fashions.ct_.050619-1.jpg\" alt=\"\" class=\"wp-image-1030\" srcset=\"https:\/\/portalararasdenoticias.com.br\/wp-content\/uploads\/2019\/08\/rs_600x600-190506175942-600.gisele-bundchen-2019-met-gala-red-carpet-fashions.ct_.050619-1.jpg 600w, https:\/\/portalararasdenoticias.com.br\/wp-content\/uploads\/2019\/08\/rs_600x600-190506175942-600.gisele-bundchen-2019-met-gala-red-carpet-fashions.ct_.050619-1-150x150.jpg 150w, https:\/\/portalararasdenoticias.com.br\/wp-content\/uploads\/2019\/08\/rs_600x600-190506175942-600.gisele-bundchen-2019-met-gala-red-carpet-fashions.ct_.050619-1-300x300.jpg 300w\" sizes=\"auto, (max-width: 600px) 100vw, 600px\" \/><\/figure>\n\n\n\n<figure class=\"wp-block-image\"><img loading=\"lazy\" decoding=\"async\" width=\"600\" height=\"600\" src=\"http:\/\/portalararasdenoticias.com.br\/wp-content\/uploads\/2019\/08\/rs_600x600-190819095147-Demi_Newhair-1.jpg\" alt=\"\" class=\"wp-image-1031\" srcset=\"https:\/\/portalararasdenoticias.com.br\/wp-content\/uploads\/2019\/08\/rs_600x600-190819095147-Demi_Newhair-1.jpg 600w, https:\/\/portalararasdenoticias.com.br\/wp-content\/uploads\/2019\/08\/rs_600x600-190819095147-Demi_Newhair-1-150x150.jpg 150w, https:\/\/portalararasdenoticias.com.br\/wp-content\/uploads\/2019\/08\/rs_600x600-190819095147-Demi_Newhair-1-300x300.jpg 300w\" sizes=\"auto, (max-width: 600px) 100vw, 600px\" \/><\/figure>\n\n\n\n<h1 class=\"wp-block-heading\">Famosos\nalertam sobre as queimadas na Amaz\u00f4nia<\/h1>\n\n\n\n<p>O Brasil enfrenta uma de suas maiores destrui\u00e7\u00f5es ambientais com\nas queimadas nos estados do Norte, que se estendem pelo Acre, Rond\u00f4nia, Mato\nGrosso e Mato Grosso do Sul, que incluem a Amaz\u00f4nia e o Pantanal, que j\u00e1 duram\ncerca de suas semanas.&nbsp;<\/p>\n\n\n\n<p>Segundo\ndados do INPE (Instituto de Pesquisas Espacias), o n\u00famero de inc\u00eandios\nflorestais aumentou 82% entre janeiro e agosto deste ano, em compara\u00e7\u00e3o com o\nmesmo per\u00edodo de 2018.&nbsp;<\/p>\n\n\n\n<p>Ainda\nde acordo com o instituto, a \u00e1rea mais afetada \u00e9 a Amaz\u00f4nia, concentrando mais\nda metade das queimadas com 52,5% dos registros, seguida do Cerrado, que marca\n30,1%, e vem antes da Mata Atl\u00e2ntica, com 10,9%.&nbsp;<\/p>\n\n\n\n<p>Em esperan\u00e7a de\nsalvar&nbsp;nossas matas e florestas, diversos famosos nacionais e\ninternacionais, t\u00eam chamado a aten\u00e7\u00e3o de seus seguidores nas redes sociais e\nexigido uma resposta de nossas autoridades em rela\u00e7\u00e3o \u00e0 destrui\u00e7\u00e3o crescente na\nregi\u00e3o da Amaz\u00f4nia. Veja quem foram eles:<\/p>\n\n\n\n<p><strong><a href=\"https:\/\/www.eonline.com\/br\/news\/demi_lovato\">Demi Lovato<\/a><\/strong>&nbsp;alertou\no p\u00fablico atrav\u00e9s do Stories: &#8220;Se voc\u00ea n\u00e3o \u00e9 do Brasil e n\u00e3o tem ideia do\nque est\u00e1 acontecendo por l\u00e1, aqui vai. A maior floresta tropical do mundo est\u00e1\nem chamas, pelo 16\u00ba dia. E a m\u00eddia n\u00e3o est\u00e1 nem a\u00ed pra isso&#8221;.<\/p>\n\n\n\n<p>&#8220;A Amaz\u00f4nia est\u00e1 queimando\nh\u00e1 3 semanas, e eu s\u00f3 estou sabendo agora devido \u00e0 falta de cobertura da m\u00eddia.\nESSE \u00c9 UM DOS ECOSSISTEMAS MAIS IMPORTANTES DO MUNDO&#8221;, disse a\ncantora.&nbsp;<\/p>\n\n\n\n<p><strong><a href=\"https:\/\/www.eonline.com\/br\/news\/gisele_bundchen\">Gisele Bundchen<\/a><\/strong>&nbsp;tamb\u00e9m\npediu ajuda para salvar nossas matas.&nbsp;<\/p>\n\n\n\n<p>&#8220;Isso\nprecisa parar!!! Precisamos cuidar das nossas florestas&#8221;, escreveu ela ao\nlado de v\u00e1rias mat\u00e9rias que mostram a gravidade da situa\u00e7\u00e3o da Amaz\u00f4nia.&nbsp;<\/p>\n\n\n\n<p>&#8220;&#8216;Somente quando a \u00faltima\n\u00e1rvore for cortada, o \u00faltimo rio polu\u00eddo, e o \u00faltimo peoxe pescado, as\npessoasir\u00e3o entender que n\u00e3o podemos comer dinheiro&#8217;, prov\u00e9rbio\nind\u00edgena&#8221;,&nbsp;disse ela.&nbsp;<\/p>\n","protected":false},"excerpt":{"rendered":"<p>Famosos alertam sobre as queimadas na Amaz\u00f4nia O Brasil enfrenta uma de suas maiores destrui\u00e7\u00f5es ambientais com as queimadas nos estados do Norte, que se estendem pelo Acre, Rond\u00f4nia, Mato Grosso e Mato Grosso do Sul, que incluem a Amaz\u00f4nia e o Pantanal, que j\u00e1 duram cerca de suas semanas.&nbsp; Segundo dados do INPE (Instituto [&hellip;]<\/p>\n","protected":false},"author":5,"featured_media":1030,"comment_status":"open","ping_status":"open","sticky":true,"template":"","format":"standard","meta":{"footnotes":""},"categories":[34],"tags":[],"class_list":["post-1029","post","type-post","status-publish","format-standard","has-post-thumbnail","hentry","category-jornalismo"],"yoast_head":"<!-- This site is optimized with the Yoast SEO plugin v27.0 - https:\/\/yoast.com\/product\/yoast-seo-wordpress\/ -->\n<title>Famosos alertam sobre as queimadas na Amaz\u00f4nia. - Portal Araras de Not\u00edcias<\/title>\n<meta name=\"robots\" content=\"index, follow, max-snippet:-1, max-image-preview:large, max-video-preview:-1\" \/>\n<link rel=\"canonical\" href=\"https:\/\/portalararasdenoticias.com.br\/?p=1029\" \/>\n<meta property=\"og:locale\" content=\"pt_BR\" \/>\n<meta property=\"og:type\" content=\"article\" \/>\n<meta property=\"og:title\" content=\"Famosos alertam sobre as queimadas na Amaz\u00f4nia. - Portal Araras de Not\u00edcias\" \/>\n<meta property=\"og:description\" content=\"Famosos alertam sobre as queimadas na Amaz\u00f4nia O Brasil enfrenta uma de suas maiores destrui\u00e7\u00f5es ambientais com as queimadas nos estados do Norte, que se estendem pelo Acre, Rond\u00f4nia, Mato Grosso e Mato Grosso do Sul, que incluem a Amaz\u00f4nia e o Pantanal, que j\u00e1 duram cerca de suas semanas.&nbsp; Segundo dados do INPE (Instituto [&hellip;]\" \/>\n<meta property=\"og:url\" content=\"https:\/\/portalararasdenoticias.com.br\/?p=1029\" \/>\n<meta property=\"og:site_name\" content=\"Portal Araras de Not\u00edcias\" \/>\n<meta property=\"article:published_time\" content=\"2019-08-23T01:53:53+00:00\" \/>\n<meta property=\"article:modified_time\" content=\"2019-08-23T01:53:56+00:00\" \/>\n<meta property=\"og:image\" content=\"https:\/\/portalararasdenoticias.com.br\/wp-content\/uploads\/2019\/08\/rs_600x600-190506175942-600.gisele-bundchen-2019-met-gala-red-carpet-fashions.ct_.050619-1.jpg\" \/>\n\t<meta property=\"og:image:width\" content=\"600\" \/>\n\t<meta property=\"og:image:height\" content=\"600\" \/>\n\t<meta property=\"og:image:type\" content=\"image\/jpeg\" \/>\n<meta name=\"author\" content=\"Portal Araras de Noticias\" \/>\n<meta name=\"twitter:card\" content=\"summary_large_image\" \/>\n<meta name=\"twitter:label1\" content=\"Escrito por\" \/>\n\t<meta name=\"twitter:data1\" content=\"Portal Araras de Noticias\" \/>\n\t<meta name=\"twitter:label2\" content=\"Est. tempo de leitura\" \/>\n\t<meta name=\"twitter:data2\" content=\"2 minutos\" \/>\n<script type=\"application\/ld+json\" class=\"yoast-schema-graph\">{\"@context\":\"https:\/\/schema.org\",\"@graph\":[{\"@type\":\"Article\",\"@id\":\"https:\/\/portalararasdenoticias.com.br\/?p=1029#article\",\"isPartOf\":{\"@id\":\"https:\/\/portalararasdenoticias.com.br\/?p=1029\"},\"author\":{\"name\":\"Portal Araras de Noticias\",\"@id\":\"https:\/\/portalararasdenoticias.com.br\/#\/schema\/person\/a6190507efe29dea1049d60d05ed5c0a\"},\"headline\":\"Famosos alertam sobre as queimadas na Amaz\u00f4nia.\",\"datePublished\":\"2019-08-23T01:53:53+00:00\",\"dateModified\":\"2019-08-23T01:53:56+00:00\",\"mainEntityOfPage\":{\"@id\":\"https:\/\/portalararasdenoticias.com.br\/?p=1029\"},\"wordCount\":340,\"commentCount\":0,\"image\":{\"@id\":\"https:\/\/portalararasdenoticias.com.br\/?p=1029#primaryimage\"},\"thumbnailUrl\":\"https:\/\/portalararasdenoticias.com.br\/wp-content\/uploads\/2019\/08\/rs_600x600-190506175942-600.gisele-bundchen-2019-met-gala-red-carpet-fashions.ct_.050619-1.jpg\",\"articleSection\":[\"jornalismo\"],\"inLanguage\":\"pt-BR\",\"potentialAction\":[{\"@type\":\"CommentAction\",\"name\":\"Comment\",\"target\":[\"https:\/\/portalararasdenoticias.com.br\/?p=1029#respond\"]}]},{\"@type\":\"WebPage\",\"@id\":\"https:\/\/portalararasdenoticias.com.br\/?p=1029\",\"url\":\"https:\/\/portalararasdenoticias.com.br\/?p=1029\",\"name\":\"Famosos alertam sobre as queimadas na Amaz\u00f4nia. - Portal Araras de Not\u00edcias\",\"isPartOf\":{\"@id\":\"https:\/\/portalararasdenoticias.com.br\/#website\"},\"primaryImageOfPage\":{\"@id\":\"https:\/\/portalararasdenoticias.com.br\/?p=1029#primaryimage\"},\"image\":{\"@id\":\"https:\/\/portalararasdenoticias.com.br\/?p=1029#primaryimage\"},\"thumbnailUrl\":\"https:\/\/portalararasdenoticias.com.br\/wp-content\/uploads\/2019\/08\/rs_600x600-190506175942-600.gisele-bundchen-2019-met-gala-red-carpet-fashions.ct_.050619-1.jpg\",\"datePublished\":\"2019-08-23T01:53:53+00:00\",\"dateModified\":\"2019-08-23T01:53:56+00:00\",\"author\":{\"@id\":\"https:\/\/portalararasdenoticias.com.br\/#\/schema\/person\/a6190507efe29dea1049d60d05ed5c0a\"},\"breadcrumb\":{\"@id\":\"https:\/\/portalararasdenoticias.com.br\/?p=1029#breadcrumb\"},\"inLanguage\":\"pt-BR\",\"potentialAction\":[{\"@type\":\"ReadAction\",\"target\":[\"https:\/\/portalararasdenoticias.com.br\/?p=1029\"]}]},{\"@type\":\"ImageObject\",\"inLanguage\":\"pt-BR\",\"@id\":\"https:\/\/portalararasdenoticias.com.br\/?p=1029#primaryimage\",\"url\":\"https:\/\/portalararasdenoticias.com.br\/wp-content\/uploads\/2019\/08\/rs_600x600-190506175942-600.gisele-bundchen-2019-met-gala-red-carpet-fashions.ct_.050619-1.jpg\",\"contentUrl\":\"https:\/\/portalararasdenoticias.com.br\/wp-content\/uploads\/2019\/08\/rs_600x600-190506175942-600.gisele-bundchen-2019-met-gala-red-carpet-fashions.ct_.050619-1.jpg\",\"width\":600,\"height\":600},{\"@type\":\"BreadcrumbList\",\"@id\":\"https:\/\/portalararasdenoticias.com.br\/?p=1029#breadcrumb\",\"itemListElement\":[{\"@type\":\"ListItem\",\"position\":1,\"name\":\"In\u00edcio\",\"item\":\"https:\/\/portalararasdenoticias.com.br\/\"},{\"@type\":\"ListItem\",\"position\":2,\"name\":\"Famosos alertam sobre as queimadas na Amaz\u00f4nia.\"}]},{\"@type\":\"WebSite\",\"@id\":\"https:\/\/portalararasdenoticias.com.br\/#website\",\"url\":\"https:\/\/portalararasdenoticias.com.br\/\",\"name\":\"Portal Araras de Not\u00edcias\",\"description\":\"O Seu Portal de Not\u00edcias\",\"potentialAction\":[{\"@type\":\"SearchAction\",\"target\":{\"@type\":\"EntryPoint\",\"urlTemplate\":\"https:\/\/portalararasdenoticias.com.br\/?s={search_term_string}\"},\"query-input\":{\"@type\":\"PropertyValueSpecification\",\"valueRequired\":true,\"valueName\":\"search_term_string\"}}],\"inLanguage\":\"pt-BR\"},{\"@type\":\"Person\",\"@id\":\"https:\/\/portalararasdenoticias.com.br\/#\/schema\/person\/a6190507efe29dea1049d60d05ed5c0a\",\"name\":\"Portal Araras de Noticias\",\"image\":{\"@type\":\"ImageObject\",\"inLanguage\":\"pt-BR\",\"@id\":\"https:\/\/portalararasdenoticias.com.br\/#\/schema\/person\/image\/\",\"url\":\"https:\/\/secure.gravatar.com\/avatar\/4df7c42bc08e78bc9b6e13086fafc161bdf01220657cd93de3d828ab6c60d469?s=96&d=mm&r=g\",\"contentUrl\":\"https:\/\/secure.gravatar.com\/avatar\/4df7c42bc08e78bc9b6e13086fafc161bdf01220657cd93de3d828ab6c60d469?s=96&d=mm&r=g\",\"caption\":\"Portal Araras de Noticias\"},\"sameAs\":[\"https:\/\/portalararasdenoticias.com.br\/\"],\"url\":\"https:\/\/portalararasdenoticias.com.br\/?author=5\"}]}<\/script>\n<!-- \/ Yoast SEO plugin. -->","yoast_head_json":{"title":"Famosos alertam sobre as queimadas na Amaz\u00f4nia. - Portal Araras de Not\u00edcias","robots":{"index":"index","follow":"follow","max-snippet":"max-snippet:-1","max-image-preview":"max-image-preview:large","max-video-preview":"max-video-preview:-1"},"canonical":"https:\/\/portalararasdenoticias.com.br\/?p=1029","og_locale":"pt_BR","og_type":"article","og_title":"Famosos alertam sobre as queimadas na Amaz\u00f4nia. - Portal Araras de Not\u00edcias","og_description":"Famosos alertam sobre as queimadas na Amaz\u00f4nia O Brasil enfrenta uma de suas maiores destrui\u00e7\u00f5es ambientais com as queimadas nos estados do Norte, que se estendem pelo Acre, Rond\u00f4nia, Mato Grosso e Mato Grosso do Sul, que incluem a Amaz\u00f4nia e o Pantanal, que j\u00e1 duram cerca de suas semanas.&nbsp; Segundo dados do INPE (Instituto [&hellip;]","og_url":"https:\/\/portalararasdenoticias.com.br\/?p=1029","og_site_name":"Portal Araras de Not\u00edcias","article_published_time":"2019-08-23T01:53:53+00:00","article_modified_time":"2019-08-23T01:53:56+00:00","og_image":[{"width":600,"height":600,"url":"https:\/\/portalararasdenoticias.com.br\/wp-content\/uploads\/2019\/08\/rs_600x600-190506175942-600.gisele-bundchen-2019-met-gala-red-carpet-fashions.ct_.050619-1.jpg","type":"image\/jpeg"}],"author":"Portal Araras de Noticias","twitter_card":"summary_large_image","twitter_misc":{"Escrito por":"Portal Araras de Noticias","Est. tempo de leitura":"2 minutos"},"schema":{"@context":"https:\/\/schema.org","@graph":[{"@type":"Article","@id":"https:\/\/portalararasdenoticias.com.br\/?p=1029#article","isPartOf":{"@id":"https:\/\/portalararasdenoticias.com.br\/?p=1029"},"author":{"name":"Portal Araras de Noticias","@id":"https:\/\/portalararasdenoticias.com.br\/#\/schema\/person\/a6190507efe29dea1049d60d05ed5c0a"},"headline":"Famosos alertam sobre as queimadas na Amaz\u00f4nia.","datePublished":"2019-08-23T01:53:53+00:00","dateModified":"2019-08-23T01:53:56+00:00","mainEntityOfPage":{"@id":"https:\/\/portalararasdenoticias.com.br\/?p=1029"},"wordCount":340,"commentCount":0,"image":{"@id":"https:\/\/portalararasdenoticias.com.br\/?p=1029#primaryimage"},"thumbnailUrl":"https:\/\/portalararasdenoticias.com.br\/wp-content\/uploads\/2019\/08\/rs_600x600-190506175942-600.gisele-bundchen-2019-met-gala-red-carpet-fashions.ct_.050619-1.jpg","articleSection":["jornalismo"],"inLanguage":"pt-BR","potentialAction":[{"@type":"CommentAction","name":"Comment","target":["https:\/\/portalararasdenoticias.com.br\/?p=1029#respond"]}]},{"@type":"WebPage","@id":"https:\/\/portalararasdenoticias.com.br\/?p=1029","url":"https:\/\/portalararasdenoticias.com.br\/?p=1029","name":"Famosos alertam sobre as queimadas na Amaz\u00f4nia. - Portal Araras de Not\u00edcias","isPartOf":{"@id":"https:\/\/portalararasdenoticias.com.br\/#website"},"primaryImageOfPage":{"@id":"https:\/\/portalararasdenoticias.com.br\/?p=1029#primaryimage"},"image":{"@id":"https:\/\/portalararasdenoticias.com.br\/?p=1029#primaryimage"},"thumbnailUrl":"https:\/\/portalararasdenoticias.com.br\/wp-content\/uploads\/2019\/08\/rs_600x600-190506175942-600.gisele-bundchen-2019-met-gala-red-carpet-fashions.ct_.050619-1.jpg","datePublished":"2019-08-23T01:53:53+00:00","dateModified":"2019-08-23T01:53:56+00:00","author":{"@id":"https:\/\/portalararasdenoticias.com.br\/#\/schema\/person\/a6190507efe29dea1049d60d05ed5c0a"},"breadcrumb":{"@id":"https:\/\/portalararasdenoticias.com.br\/?p=1029#breadcrumb"},"inLanguage":"pt-BR","potentialAction":[{"@type":"ReadAction","target":["https:\/\/portalararasdenoticias.com.br\/?p=1029"]}]},{"@type":"ImageObject","inLanguage":"pt-BR","@id":"https:\/\/portalararasdenoticias.com.br\/?p=1029#primaryimage","url":"https:\/\/portalararasdenoticias.com.br\/wp-content\/uploads\/2019\/08\/rs_600x600-190506175942-600.gisele-bundchen-2019-met-gala-red-carpet-fashions.ct_.050619-1.jpg","contentUrl":"https:\/\/portalararasdenoticias.com.br\/wp-content\/uploads\/2019\/08\/rs_600x600-190506175942-600.gisele-bundchen-2019-met-gala-red-carpet-fashions.ct_.050619-1.jpg","width":600,"height":600},{"@type":"BreadcrumbList","@id":"https:\/\/portalararasdenoticias.com.br\/?p=1029#breadcrumb","itemListElement":[{"@type":"ListItem","position":1,"name":"In\u00edcio","item":"https:\/\/portalararasdenoticias.com.br\/"},{"@type":"ListItem","position":2,"name":"Famosos alertam sobre as queimadas na Amaz\u00f4nia."}]},{"@type":"WebSite","@id":"https:\/\/portalararasdenoticias.com.br\/#website","url":"https:\/\/portalararasdenoticias.com.br\/","name":"Portal Araras de Not\u00edcias","description":"O Seu Portal de Not\u00edcias","potentialAction":[{"@type":"SearchAction","target":{"@type":"EntryPoint","urlTemplate":"https:\/\/portalararasdenoticias.com.br\/?s={search_term_string}"},"query-input":{"@type":"PropertyValueSpecification","valueRequired":true,"valueName":"search_term_string"}}],"inLanguage":"pt-BR"},{"@type":"Person","@id":"https:\/\/portalararasdenoticias.com.br\/#\/schema\/person\/a6190507efe29dea1049d60d05ed5c0a","name":"Portal Araras de Noticias","image":{"@type":"ImageObject","inLanguage":"pt-BR","@id":"https:\/\/portalararasdenoticias.com.br\/#\/schema\/person\/image\/","url":"https:\/\/secure.gravatar.com\/avatar\/4df7c42bc08e78bc9b6e13086fafc161bdf01220657cd93de3d828ab6c60d469?s=96&d=mm&r=g","contentUrl":"https:\/\/secure.gravatar.com\/avatar\/4df7c42bc08e78bc9b6e13086fafc161bdf01220657cd93de3d828ab6c60d469?s=96&d=mm&r=g","caption":"Portal Araras de Noticias"},"sameAs":["https:\/\/portalararasdenoticias.com.br\/"],"url":"https:\/\/portalararasdenoticias.com.br\/?author=5"}]}},"_links":{"self":[{"href":"https:\/\/portalararasdenoticias.com.br\/index.php?rest_route=\/wp\/v2\/posts\/1029","targetHints":{"allow":["GET"]}}],"collection":[{"href":"https:\/\/portalararasdenoticias.com.br\/index.php?rest_route=\/wp\/v2\/posts"}],"about":[{"href":"https:\/\/portalararasdenoticias.com.br\/index.php?rest_route=\/wp\/v2\/types\/post"}],"author":[{"embeddable":true,"href":"https:\/\/portalararasdenoticias.com.br\/index.php?rest_route=\/wp\/v2\/users\/5"}],"replies":[{"embeddable":true,"href":"https:\/\/portalararasdenoticias.com.br\/index.php?rest_route=%2Fwp%2Fv2%2Fcomments&post=1029"}],"version-history":[{"count":1,"href":"https:\/\/portalararasdenoticias.com.br\/index.php?rest_route=\/wp\/v2\/posts\/1029\/revisions"}],"predecessor-version":[{"id":1032,"href":"https:\/\/portalararasdenoticias.com.br\/index.php?rest_route=\/wp\/v2\/posts\/1029\/revisions\/1032"}],"wp:featuredmedia":[{"embeddable":true,"href":"https:\/\/portalararasdenoticias.com.br\/index.php?rest_route=\/wp\/v2\/media\/1030"}],"wp:attachment":[{"href":"https:\/\/portalararasdenoticias.com.br\/index.php?rest_route=%2Fwp%2Fv2%2Fmedia&parent=1029"}],"wp:term":[{"taxonomy":"category","embeddable":true,"href":"https:\/\/portalararasdenoticias.com.br\/index.php?rest_route=%2Fwp%2Fv2%2Fcategories&post=1029"},{"taxonomy":"post_tag","embeddable":true,"href":"https:\/\/portalararasdenoticias.com.br\/index.php?rest_route=%2Fwp%2Fv2%2Ftags&post=1029"}],"curies":[{"name":"wp","href":"https:\/\/api.w.org\/{rel}","templated":true}]}}