{"id":1052,"date":"2019-08-27T09:28:55","date_gmt":"2019-08-27T12:28:55","guid":{"rendered":"http:\/\/portalararasdenoticias.com.br\/?p=1052"},"modified":"2019-08-27T09:29:00","modified_gmt":"2019-08-27T12:29:00","slug":"pf-acusa-maia-de-corrupcao-passiva-lavagem-de-dinheiro-e-caixa-3-da-odebrecht","status":"publish","type":"post","link":"https:\/\/portalararasdenoticias.com.br\/?p=1052","title":{"rendered":"PF acusa Maia de corrup\u00e7\u00e3o passiva, lavagem de dinheiro e &#8216;caixa 3&#8217; da Odebrecht."},"content":{"rendered":"\n<figure class=\"wp-block-image\"><img loading=\"lazy\" decoding=\"async\" width=\"652\" height=\"408\" src=\"http:\/\/portalararasdenoticias.com.br\/wp-content\/uploads\/2019\/08\/14d8eg469sw4fi113wrwk88n9.jpg\" alt=\"\" class=\"wp-image-1053\" srcset=\"https:\/\/portalararasdenoticias.com.br\/wp-content\/uploads\/2019\/08\/14d8eg469sw4fi113wrwk88n9.jpg 652w, https:\/\/portalararasdenoticias.com.br\/wp-content\/uploads\/2019\/08\/14d8eg469sw4fi113wrwk88n9-300x188.jpg 300w, https:\/\/portalararasdenoticias.com.br\/wp-content\/uploads\/2019\/08\/14d8eg469sw4fi113wrwk88n9-464x290.jpg 464w\" sizes=\"auto, (max-width: 652px) 100vw, 652px\" \/><\/figure>\n\n\n\n<p> Seu pai, o vereador Cesar Maia (DEM-RJ), tamb\u00e9m \u00e9 acusado dos mesmos crimes. O inqu\u00e9rito foi enviado ao Supremo Tribunal Federal. <\/p>\n\n\n\n<p>A Pol\u00edcia Federal\nconcluiu uma das investiga\u00e7\u00f5es envolvendo o presidente da C\u00e2mara, Rodrigo Maia\n(DEM-RJ), e atribuiu a ele os crimes de corrup\u00e7\u00e3o passiva, falsidade\nideol\u00f3gica&nbsp;<br>\neleitoral e lavagem de dinheiro por supostamente\nter solicitado e recebido repasses da Odebrecht. Seu pai, o vereador Cesar Maia\n(DEM-RJ), tamb\u00e9m \u00e9 acusado dos mesmos crimes. O relat\u00f3rio da PF foi finalizado\nna semana passada e enviado ao relator do caso, o ministro do Supremo Tribunal\nFederal (STF)&nbsp;<strong>Edson\nFachin<\/strong>&nbsp;.<\/p>\n\n\n\n<p>Fachin enviou os\nautos nesta segunda-feira (26) para a Procuradoria-Geral da Rep\u00fablica (PGR), a\nquem cabe decidir se apresentar\u00e1 den\u00fancia contra&nbsp;<strong>Maia<\/strong>&nbsp;com base nesses fatos.\nOs&nbsp;<br>\nrepasses da Odebrecht teriam ocorrido via caixa\ndois, em dinheiro vivo , e tamb\u00e9m por meio de doa\u00e7\u00f5es oficiais de empresas do\ngrupo Petr\u00f3polis usadas pela empreiteira para&nbsp;<br>\nterceirizar suas doa\u00e7\u00f5es, pr\u00e1tica que \u00e9 chamada\npela PF de &#8220;caixa tr\u00eas&#8221; e foi classificada criminalmente como\nfalsidade ideol\u00f3gica eleitoral.<\/p>\n\n\n\n<p>A investiga\u00e7\u00e3o se\nbaseou em provas indici\u00e1rias e n\u00e3o houve uma comprova\u00e7\u00e3o cabal das entregas dos\nrecursos em dinheiro vivo. Dentre as provas usadas est\u00e3o dados do sistema&nbsp;<br>\ninterno de pagamentos de propina da Odebrecht \u2014\no Drousys \u2014, nos depoimentos dos delatores da empreiteira, em registros de\nentrada na sede da Odebrecht e em registros&nbsp;<br>\ntelef\u00f4nicos.<\/p>\n\n\n\n<p>Os elementos probat\u00f3rios colhidos nos permitem afirmar com\nseguran\u00e7a sobre a realiza\u00e7\u00e3o de solicita\u00e7\u00f5es indevidas entre os anos de 2008 e\n2010 por parte do deputado federal&nbsp;<br>\nRodrigo Maia e o atual vereador da cidade do Rio de Janeiro Cesar Maia no valor\ntotal de R$ 1.800.000,00, bem como acerca do recebimento de pagamentos\nindevidos pela Odebrecht,&nbsp;<br>\nnos anos de 2008, 2010, 2011 e 2014, no valor R$ 1.600.000,00, em esp\u00e9cie,\nsendo que parte relevante, cerca de R$ 750.000,00 foi paga quando Rodrigo Maia\ne C\u00e9sar Maia n\u00e3o eram&nbsp;<br>\ncandidatos (R$ 300.000,00 em 2008) ou fora do per\u00edodo eleitoral (R$ 450.000,00\nem dezembro de 2010 e janeiro de 2011)&#8221;, escreveram os delegados Bernardo\nGuidali Amaral e Orlando Cavalcanti Neves Neto.<\/p>\n","protected":false},"excerpt":{"rendered":"<p>Seu pai, o vereador Cesar Maia (DEM-RJ), tamb\u00e9m \u00e9 acusado dos mesmos crimes. O inqu\u00e9rito foi enviado ao Supremo Tribunal Federal. A Pol\u00edcia Federal concluiu uma das investiga\u00e7\u00f5es envolvendo o presidente da C\u00e2mara, Rodrigo Maia (DEM-RJ), e atribuiu a ele os crimes de corrup\u00e7\u00e3o passiva, falsidade ideol\u00f3gica&nbsp; eleitoral e lavagem de dinheiro por supostamente ter [&hellip;]<\/p>\n","protected":false},"author":5,"featured_media":1053,"comment_status":"open","ping_status":"open","sticky":true,"template":"","format":"standard","meta":{"footnotes":""},"categories":[2],"tags":[],"class_list":["post-1052","post","type-post","status-publish","format-standard","has-post-thumbnail","hentry","category-politica"],"yoast_head":"<!-- This site is optimized with the Yoast SEO plugin v27.0 - https:\/\/yoast.com\/product\/yoast-seo-wordpress\/ -->\n<title>PF acusa Maia de corrup\u00e7\u00e3o passiva, lavagem de dinheiro e &#039;caixa 3&#039; da Odebrecht. - Portal Araras de Not\u00edcias<\/title>\n<meta name=\"robots\" content=\"index, follow, max-snippet:-1, max-image-preview:large, max-video-preview:-1\" \/>\n<link rel=\"canonical\" href=\"https:\/\/portalararasdenoticias.com.br\/?p=1052\" \/>\n<meta property=\"og:locale\" content=\"pt_BR\" \/>\n<meta property=\"og:type\" content=\"article\" \/>\n<meta property=\"og:title\" content=\"PF acusa Maia de corrup\u00e7\u00e3o passiva, lavagem de dinheiro e &#039;caixa 3&#039; da Odebrecht. - Portal Araras de Not\u00edcias\" \/>\n<meta property=\"og:description\" content=\"Seu pai, o vereador Cesar Maia (DEM-RJ), tamb\u00e9m \u00e9 acusado dos mesmos crimes. O inqu\u00e9rito foi enviado ao Supremo Tribunal Federal. A Pol\u00edcia Federal concluiu uma das investiga\u00e7\u00f5es envolvendo o presidente da C\u00e2mara, Rodrigo Maia (DEM-RJ), e atribuiu a ele os crimes de corrup\u00e7\u00e3o passiva, falsidade ideol\u00f3gica&nbsp; eleitoral e lavagem de dinheiro por supostamente ter [&hellip;]\" \/>\n<meta property=\"og:url\" content=\"https:\/\/portalararasdenoticias.com.br\/?p=1052\" \/>\n<meta property=\"og:site_name\" content=\"Portal Araras de Not\u00edcias\" \/>\n<meta property=\"article:published_time\" content=\"2019-08-27T12:28:55+00:00\" \/>\n<meta property=\"article:modified_time\" content=\"2019-08-27T12:29:00+00:00\" \/>\n<meta property=\"og:image\" content=\"https:\/\/portalararasdenoticias.com.br\/wp-content\/uploads\/2019\/08\/14d8eg469sw4fi113wrwk88n9.jpg\" \/>\n\t<meta property=\"og:image:width\" content=\"652\" \/>\n\t<meta property=\"og:image:height\" content=\"408\" \/>\n\t<meta property=\"og:image:type\" content=\"image\/jpeg\" \/>\n<meta name=\"author\" content=\"Portal Araras de Noticias\" \/>\n<meta name=\"twitter:card\" content=\"summary_large_image\" \/>\n<meta name=\"twitter:label1\" content=\"Escrito por\" \/>\n\t<meta name=\"twitter:data1\" content=\"Portal Araras de Noticias\" \/>\n\t<meta name=\"twitter:label2\" content=\"Est. tempo de leitura\" \/>\n\t<meta name=\"twitter:data2\" content=\"2 minutos\" \/>\n<script type=\"application\/ld+json\" class=\"yoast-schema-graph\">{\"@context\":\"https:\/\/schema.org\",\"@graph\":[{\"@type\":\"Article\",\"@id\":\"https:\/\/portalararasdenoticias.com.br\/?p=1052#article\",\"isPartOf\":{\"@id\":\"https:\/\/portalararasdenoticias.com.br\/?p=1052\"},\"author\":{\"name\":\"Portal Araras de Noticias\",\"@id\":\"https:\/\/portalararasdenoticias.com.br\/#\/schema\/person\/a6190507efe29dea1049d60d05ed5c0a\"},\"headline\":\"PF acusa Maia de corrup\u00e7\u00e3o passiva, lavagem de dinheiro e &#8216;caixa 3&#8217; da Odebrecht.\",\"datePublished\":\"2019-08-27T12:28:55+00:00\",\"dateModified\":\"2019-08-27T12:29:00+00:00\",\"mainEntityOfPage\":{\"@id\":\"https:\/\/portalararasdenoticias.com.br\/?p=1052\"},\"wordCount\":387,\"commentCount\":0,\"image\":{\"@id\":\"https:\/\/portalararasdenoticias.com.br\/?p=1052#primaryimage\"},\"thumbnailUrl\":\"https:\/\/portalararasdenoticias.com.br\/wp-content\/uploads\/2019\/08\/14d8eg469sw4fi113wrwk88n9.jpg\",\"articleSection\":[\"Pol\u00edtica\"],\"inLanguage\":\"pt-BR\",\"potentialAction\":[{\"@type\":\"CommentAction\",\"name\":\"Comment\",\"target\":[\"https:\/\/portalararasdenoticias.com.br\/?p=1052#respond\"]}]},{\"@type\":\"WebPage\",\"@id\":\"https:\/\/portalararasdenoticias.com.br\/?p=1052\",\"url\":\"https:\/\/portalararasdenoticias.com.br\/?p=1052\",\"name\":\"PF acusa Maia de corrup\u00e7\u00e3o passiva, lavagem de dinheiro e 'caixa 3' da Odebrecht. - Portal Araras de Not\u00edcias\",\"isPartOf\":{\"@id\":\"https:\/\/portalararasdenoticias.com.br\/#website\"},\"primaryImageOfPage\":{\"@id\":\"https:\/\/portalararasdenoticias.com.br\/?p=1052#primaryimage\"},\"image\":{\"@id\":\"https:\/\/portalararasdenoticias.com.br\/?p=1052#primaryimage\"},\"thumbnailUrl\":\"https:\/\/portalararasdenoticias.com.br\/wp-content\/uploads\/2019\/08\/14d8eg469sw4fi113wrwk88n9.jpg\",\"datePublished\":\"2019-08-27T12:28:55+00:00\",\"dateModified\":\"2019-08-27T12:29:00+00:00\",\"author\":{\"@id\":\"https:\/\/portalararasdenoticias.com.br\/#\/schema\/person\/a6190507efe29dea1049d60d05ed5c0a\"},\"breadcrumb\":{\"@id\":\"https:\/\/portalararasdenoticias.com.br\/?p=1052#breadcrumb\"},\"inLanguage\":\"pt-BR\",\"potentialAction\":[{\"@type\":\"ReadAction\",\"target\":[\"https:\/\/portalararasdenoticias.com.br\/?p=1052\"]}]},{\"@type\":\"ImageObject\",\"inLanguage\":\"pt-BR\",\"@id\":\"https:\/\/portalararasdenoticias.com.br\/?p=1052#primaryimage\",\"url\":\"https:\/\/portalararasdenoticias.com.br\/wp-content\/uploads\/2019\/08\/14d8eg469sw4fi113wrwk88n9.jpg\",\"contentUrl\":\"https:\/\/portalararasdenoticias.com.br\/wp-content\/uploads\/2019\/08\/14d8eg469sw4fi113wrwk88n9.jpg\",\"width\":652,\"height\":408},{\"@type\":\"BreadcrumbList\",\"@id\":\"https:\/\/portalararasdenoticias.com.br\/?p=1052#breadcrumb\",\"itemListElement\":[{\"@type\":\"ListItem\",\"position\":1,\"name\":\"In\u00edcio\",\"item\":\"https:\/\/portalararasdenoticias.com.br\/\"},{\"@type\":\"ListItem\",\"position\":2,\"name\":\"PF acusa Maia de corrup\u00e7\u00e3o passiva, lavagem de dinheiro e &#8216;caixa 3&#8217; da Odebrecht.\"}]},{\"@type\":\"WebSite\",\"@id\":\"https:\/\/portalararasdenoticias.com.br\/#website\",\"url\":\"https:\/\/portalararasdenoticias.com.br\/\",\"name\":\"Portal Araras de Not\u00edcias\",\"description\":\"O Seu Portal de Not\u00edcias\",\"potentialAction\":[{\"@type\":\"SearchAction\",\"target\":{\"@type\":\"EntryPoint\",\"urlTemplate\":\"https:\/\/portalararasdenoticias.com.br\/?s={search_term_string}\"},\"query-input\":{\"@type\":\"PropertyValueSpecification\",\"valueRequired\":true,\"valueName\":\"search_term_string\"}}],\"inLanguage\":\"pt-BR\"},{\"@type\":\"Person\",\"@id\":\"https:\/\/portalararasdenoticias.com.br\/#\/schema\/person\/a6190507efe29dea1049d60d05ed5c0a\",\"name\":\"Portal Araras de Noticias\",\"image\":{\"@type\":\"ImageObject\",\"inLanguage\":\"pt-BR\",\"@id\":\"https:\/\/portalararasdenoticias.com.br\/#\/schema\/person\/image\/\",\"url\":\"https:\/\/secure.gravatar.com\/avatar\/4df7c42bc08e78bc9b6e13086fafc161bdf01220657cd93de3d828ab6c60d469?s=96&d=mm&r=g\",\"contentUrl\":\"https:\/\/secure.gravatar.com\/avatar\/4df7c42bc08e78bc9b6e13086fafc161bdf01220657cd93de3d828ab6c60d469?s=96&d=mm&r=g\",\"caption\":\"Portal Araras de Noticias\"},\"sameAs\":[\"https:\/\/portalararasdenoticias.com.br\/\"],\"url\":\"https:\/\/portalararasdenoticias.com.br\/?author=5\"}]}<\/script>\n<!-- \/ Yoast SEO plugin. -->","yoast_head_json":{"title":"PF acusa Maia de corrup\u00e7\u00e3o passiva, lavagem de dinheiro e 'caixa 3' da Odebrecht. - Portal Araras de Not\u00edcias","robots":{"index":"index","follow":"follow","max-snippet":"max-snippet:-1","max-image-preview":"max-image-preview:large","max-video-preview":"max-video-preview:-1"},"canonical":"https:\/\/portalararasdenoticias.com.br\/?p=1052","og_locale":"pt_BR","og_type":"article","og_title":"PF acusa Maia de corrup\u00e7\u00e3o passiva, lavagem de dinheiro e 'caixa 3' da Odebrecht. - Portal Araras de Not\u00edcias","og_description":"Seu pai, o vereador Cesar Maia (DEM-RJ), tamb\u00e9m \u00e9 acusado dos mesmos crimes. O inqu\u00e9rito foi enviado ao Supremo Tribunal Federal. A Pol\u00edcia Federal concluiu uma das investiga\u00e7\u00f5es envolvendo o presidente da C\u00e2mara, Rodrigo Maia (DEM-RJ), e atribuiu a ele os crimes de corrup\u00e7\u00e3o passiva, falsidade ideol\u00f3gica&nbsp; eleitoral e lavagem de dinheiro por supostamente ter [&hellip;]","og_url":"https:\/\/portalararasdenoticias.com.br\/?p=1052","og_site_name":"Portal Araras de Not\u00edcias","article_published_time":"2019-08-27T12:28:55+00:00","article_modified_time":"2019-08-27T12:29:00+00:00","og_image":[{"width":652,"height":408,"url":"https:\/\/portalararasdenoticias.com.br\/wp-content\/uploads\/2019\/08\/14d8eg469sw4fi113wrwk88n9.jpg","type":"image\/jpeg"}],"author":"Portal Araras de Noticias","twitter_card":"summary_large_image","twitter_misc":{"Escrito por":"Portal Araras de Noticias","Est. tempo de leitura":"2 minutos"},"schema":{"@context":"https:\/\/schema.org","@graph":[{"@type":"Article","@id":"https:\/\/portalararasdenoticias.com.br\/?p=1052#article","isPartOf":{"@id":"https:\/\/portalararasdenoticias.com.br\/?p=1052"},"author":{"name":"Portal Araras de Noticias","@id":"https:\/\/portalararasdenoticias.com.br\/#\/schema\/person\/a6190507efe29dea1049d60d05ed5c0a"},"headline":"PF acusa Maia de corrup\u00e7\u00e3o passiva, lavagem de dinheiro e &#8216;caixa 3&#8217; da Odebrecht.","datePublished":"2019-08-27T12:28:55+00:00","dateModified":"2019-08-27T12:29:00+00:00","mainEntityOfPage":{"@id":"https:\/\/portalararasdenoticias.com.br\/?p=1052"},"wordCount":387,"commentCount":0,"image":{"@id":"https:\/\/portalararasdenoticias.com.br\/?p=1052#primaryimage"},"thumbnailUrl":"https:\/\/portalararasdenoticias.com.br\/wp-content\/uploads\/2019\/08\/14d8eg469sw4fi113wrwk88n9.jpg","articleSection":["Pol\u00edtica"],"inLanguage":"pt-BR","potentialAction":[{"@type":"CommentAction","name":"Comment","target":["https:\/\/portalararasdenoticias.com.br\/?p=1052#respond"]}]},{"@type":"WebPage","@id":"https:\/\/portalararasdenoticias.com.br\/?p=1052","url":"https:\/\/portalararasdenoticias.com.br\/?p=1052","name":"PF acusa Maia de corrup\u00e7\u00e3o passiva, lavagem de dinheiro e 'caixa 3' da Odebrecht. - Portal Araras de Not\u00edcias","isPartOf":{"@id":"https:\/\/portalararasdenoticias.com.br\/#website"},"primaryImageOfPage":{"@id":"https:\/\/portalararasdenoticias.com.br\/?p=1052#primaryimage"},"image":{"@id":"https:\/\/portalararasdenoticias.com.br\/?p=1052#primaryimage"},"thumbnailUrl":"https:\/\/portalararasdenoticias.com.br\/wp-content\/uploads\/2019\/08\/14d8eg469sw4fi113wrwk88n9.jpg","datePublished":"2019-08-27T12:28:55+00:00","dateModified":"2019-08-27T12:29:00+00:00","author":{"@id":"https:\/\/portalararasdenoticias.com.br\/#\/schema\/person\/a6190507efe29dea1049d60d05ed5c0a"},"breadcrumb":{"@id":"https:\/\/portalararasdenoticias.com.br\/?p=1052#breadcrumb"},"inLanguage":"pt-BR","potentialAction":[{"@type":"ReadAction","target":["https:\/\/portalararasdenoticias.com.br\/?p=1052"]}]},{"@type":"ImageObject","inLanguage":"pt-BR","@id":"https:\/\/portalararasdenoticias.com.br\/?p=1052#primaryimage","url":"https:\/\/portalararasdenoticias.com.br\/wp-content\/uploads\/2019\/08\/14d8eg469sw4fi113wrwk88n9.jpg","contentUrl":"https:\/\/portalararasdenoticias.com.br\/wp-content\/uploads\/2019\/08\/14d8eg469sw4fi113wrwk88n9.jpg","width":652,"height":408},{"@type":"BreadcrumbList","@id":"https:\/\/portalararasdenoticias.com.br\/?p=1052#breadcrumb","itemListElement":[{"@type":"ListItem","position":1,"name":"In\u00edcio","item":"https:\/\/portalararasdenoticias.com.br\/"},{"@type":"ListItem","position":2,"name":"PF acusa Maia de corrup\u00e7\u00e3o passiva, lavagem de dinheiro e &#8216;caixa 3&#8217; da Odebrecht."}]},{"@type":"WebSite","@id":"https:\/\/portalararasdenoticias.com.br\/#website","url":"https:\/\/portalararasdenoticias.com.br\/","name":"Portal Araras de Not\u00edcias","description":"O Seu Portal de Not\u00edcias","potentialAction":[{"@type":"SearchAction","target":{"@type":"EntryPoint","urlTemplate":"https:\/\/portalararasdenoticias.com.br\/?s={search_term_string}"},"query-input":{"@type":"PropertyValueSpecification","valueRequired":true,"valueName":"search_term_string"}}],"inLanguage":"pt-BR"},{"@type":"Person","@id":"https:\/\/portalararasdenoticias.com.br\/#\/schema\/person\/a6190507efe29dea1049d60d05ed5c0a","name":"Portal Araras de Noticias","image":{"@type":"ImageObject","inLanguage":"pt-BR","@id":"https:\/\/portalararasdenoticias.com.br\/#\/schema\/person\/image\/","url":"https:\/\/secure.gravatar.com\/avatar\/4df7c42bc08e78bc9b6e13086fafc161bdf01220657cd93de3d828ab6c60d469?s=96&d=mm&r=g","contentUrl":"https:\/\/secure.gravatar.com\/avatar\/4df7c42bc08e78bc9b6e13086fafc161bdf01220657cd93de3d828ab6c60d469?s=96&d=mm&r=g","caption":"Portal Araras de Noticias"},"sameAs":["https:\/\/portalararasdenoticias.com.br\/"],"url":"https:\/\/portalararasdenoticias.com.br\/?author=5"}]}},"_links":{"self":[{"href":"https:\/\/portalararasdenoticias.com.br\/index.php?rest_route=\/wp\/v2\/posts\/1052","targetHints":{"allow":["GET"]}}],"collection":[{"href":"https:\/\/portalararasdenoticias.com.br\/index.php?rest_route=\/wp\/v2\/posts"}],"about":[{"href":"https:\/\/portalararasdenoticias.com.br\/index.php?rest_route=\/wp\/v2\/types\/post"}],"author":[{"embeddable":true,"href":"https:\/\/portalararasdenoticias.com.br\/index.php?rest_route=\/wp\/v2\/users\/5"}],"replies":[{"embeddable":true,"href":"https:\/\/portalararasdenoticias.com.br\/index.php?rest_route=%2Fwp%2Fv2%2Fcomments&post=1052"}],"version-history":[{"count":1,"href":"https:\/\/portalararasdenoticias.com.br\/index.php?rest_route=\/wp\/v2\/posts\/1052\/revisions"}],"predecessor-version":[{"id":1054,"href":"https:\/\/portalararasdenoticias.com.br\/index.php?rest_route=\/wp\/v2\/posts\/1052\/revisions\/1054"}],"wp:featuredmedia":[{"embeddable":true,"href":"https:\/\/portalararasdenoticias.com.br\/index.php?rest_route=\/wp\/v2\/media\/1053"}],"wp:attachment":[{"href":"https:\/\/portalararasdenoticias.com.br\/index.php?rest_route=%2Fwp%2Fv2%2Fmedia&parent=1052"}],"wp:term":[{"taxonomy":"category","embeddable":true,"href":"https:\/\/portalararasdenoticias.com.br\/index.php?rest_route=%2Fwp%2Fv2%2Fcategories&post=1052"},{"taxonomy":"post_tag","embeddable":true,"href":"https:\/\/portalararasdenoticias.com.br\/index.php?rest_route=%2Fwp%2Fv2%2Ftags&post=1052"}],"curies":[{"name":"wp","href":"https:\/\/api.w.org\/{rel}","templated":true}]}}