{"id":1084,"date":"2019-08-29T09:06:30","date_gmt":"2019-08-29T12:06:30","guid":{"rendered":"http:\/\/portalararasdenoticias.com.br\/?p=1084"},"modified":"2019-08-29T09:06:32","modified_gmt":"2019-08-29T12:06:32","slug":"dez-mil-pessoas-sao-retiradas-de-suas-casas-devido-a-incendios-no-sul-da-franca","status":"publish","type":"post","link":"https:\/\/portalararasdenoticias.com.br\/?p=1084","title":{"rendered":"Dez mil pessoas s\u00e3o retiradas de suas casas devido a inc\u00eandios no sul da Fran\u00e7a."},"content":{"rendered":"\n<figure class=\"wp-block-image\"><img loading=\"lazy\" decoding=\"async\" width=\"1024\" height=\"578\" src=\"http:\/\/portalararasdenoticias.com.br\/wp-content\/uploads\/2019\/08\/2017-07-26t114404z_1322261058_rc1ca8114820_rtrmadp_3_france-wildfires-1024x578.jpg\" alt=\"\" class=\"wp-image-1085\" srcset=\"https:\/\/portalararasdenoticias.com.br\/wp-content\/uploads\/2019\/08\/2017-07-26t114404z_1322261058_rc1ca8114820_rtrmadp_3_france-wildfires.jpg 1024w, https:\/\/portalararasdenoticias.com.br\/wp-content\/uploads\/2019\/08\/2017-07-26t114404z_1322261058_rc1ca8114820_rtrmadp_3_france-wildfires-300x169.jpg 300w, https:\/\/portalararasdenoticias.com.br\/wp-content\/uploads\/2019\/08\/2017-07-26t114404z_1322261058_rc1ca8114820_rtrmadp_3_france-wildfires-768x434.jpg 768w\" sizes=\"auto, (max-width: 1024px) 100vw, 1024px\" \/><\/figure>\n\n\n\n<figure class=\"wp-block-image\"><img loading=\"lazy\" decoding=\"async\" width=\"660\" height=\"360\" src=\"http:\/\/portalararasdenoticias.com.br\/wp-content\/uploads\/2019\/08\/emmanuel-macron-entrevista-g7-26082019172332885.jpeg\" alt=\"\" class=\"wp-image-1086\" srcset=\"https:\/\/portalararasdenoticias.com.br\/wp-content\/uploads\/2019\/08\/emmanuel-macron-entrevista-g7-26082019172332885.jpeg 660w, https:\/\/portalararasdenoticias.com.br\/wp-content\/uploads\/2019\/08\/emmanuel-macron-entrevista-g7-26082019172332885-300x164.jpeg 300w\" sizes=\"auto, (max-width: 660px) 100vw, 660px\" \/><\/figure>\n\n\n\n<p>Pelo terceiro dia,\nbombeiros lutam contra os focos de inc\u00eandio florestal que j\u00e1 destru\u00edram mais de\n5 mil hectares de vegeta\u00e7\u00e3o na Riviera francesa. Dez mil pessoas foram\nretiradas preventivamente de suas casas, amea\u00e7adas pelas chamas.<\/p>\n\n\n\n<p>O \u00faltimo foco de\ninc\u00eandio, iniciado por volta da meia-noite, na localidade de\nBormes-les-Mimosas, j\u00e1 destruiu 1 mil e 300 hectares de vegeta\u00e7\u00e3o, informaram\nos bombeiros.<\/p>\n\n\n\n<p>O fogo se propaga\nfacilmente com as altas temperaturas e ventos de at\u00e9 70 km por hora. Pelo menos\n540 bombeiros est\u00e3o mobilizados para combater as chamas, com apoio de cinco\navi\u00f5es Canadair, que lan\u00e7am milh\u00f5es de litros d\u2019\u00e1gua sobre a \u00e1rea em chamas.<\/p>\n\n\n\n<p><strong>Zona de turismo<\/strong><\/p>\n\n\n\n<p>A popula\u00e7\u00e3o da\nregi\u00e3o, badalado local de f\u00e9rias, dobra com o ver\u00e3o e cerca de tr\u00eas mil, das\ndez mil pessoas retiradas, estavam em campings. O Var, onde fica a Cote d&#8217;Azur,\n\u00e9 o segundo departamento franc\u00eas que mais recebe turistas, 8 a 9 milh\u00f5es de\nvisitantes por ano, perdendo apenas para Paris.<\/p>\n\n\n\n<p>Desde\nsegunda-feira, os inc\u00eandios se multiplicam no sudeste da Fran\u00e7a, na costa mediterr\u00e2nea\ne na ilha de C\u00f3rsega, destruindo mais de 5 mil hectares de florestas e deixando\n20 bombeiros feridos.<\/p>\n\n\n\n<p><strong>Ajuda da UE<\/strong><\/p>\n\n\n\n<p>Mais de 2.000\nbombeiros e 19 avi\u00f5es especiais est\u00e3o mobilizados em todo pa\u00eds, mesmo assim o\nefetivo tem se mostrado insuficiente. A situa\u00e7\u00e3o \u00e9 t\u00e3o grave que a Fran\u00e7a\nsolicitou a ajuda europeia, pedindo emprestado aos parceiros da Uni\u00e3o dois\navi\u00f5es Canadair para apoiar as opera\u00e7\u00f5es.<\/p>\n\n\n\n<p>A Fran\u00e7a n\u00e3o \u00e9 a\n\u00fanica que luta contra inc\u00eandios florestais na Europa nesta quarta-feira. Cinco\nsemanas ap\u00f3s o grave<a href=\"http:\/\/br.rfi.fr\/europa\/20170618-incendio-florestal-deixa-dezenas-de-mortos-em-portugal\" target=\"_blank\" rel=\"noreferrer noopener\">&nbsp;inc\u00eandio\nque deixou 64 mortos em Pedrog\u00e3o<\/a>, o centro de Portugal \u00e9 novamente\ndevastado pelas chamas. O fogo come\u00e7ou no \u00faltimo domingo em V\u00e1rzea dos\nCavaleiros, onde 1.100 bombeiros continuam tentando impedir a sua progress\u00e3o.<\/p>\n","protected":false},"excerpt":{"rendered":"<p>Pelo terceiro dia, bombeiros lutam contra os focos de inc\u00eandio florestal que j\u00e1 destru\u00edram mais de 5 mil hectares de vegeta\u00e7\u00e3o na Riviera francesa. Dez mil pessoas foram retiradas preventivamente de suas casas, amea\u00e7adas pelas chamas. O \u00faltimo foco de inc\u00eandio, iniciado por volta da meia-noite, na localidade de Bormes-les-Mimosas, j\u00e1 destruiu 1 mil e [&hellip;]<\/p>\n","protected":false},"author":5,"featured_media":1085,"comment_status":"open","ping_status":"open","sticky":true,"template":"","format":"standard","meta":{"footnotes":""},"categories":[34],"tags":[],"class_list":["post-1084","post","type-post","status-publish","format-standard","has-post-thumbnail","hentry","category-jornalismo"],"yoast_head":"<!-- This site is optimized with the Yoast SEO plugin v27.0 - https:\/\/yoast.com\/product\/yoast-seo-wordpress\/ -->\n<title>Dez mil pessoas s\u00e3o retiradas de suas casas devido a inc\u00eandios no sul da Fran\u00e7a. - Portal Araras de Not\u00edcias<\/title>\n<meta name=\"robots\" content=\"index, follow, max-snippet:-1, max-image-preview:large, max-video-preview:-1\" \/>\n<link rel=\"canonical\" href=\"https:\/\/portalararasdenoticias.com.br\/?p=1084\" \/>\n<meta property=\"og:locale\" content=\"pt_BR\" \/>\n<meta property=\"og:type\" content=\"article\" \/>\n<meta property=\"og:title\" content=\"Dez mil pessoas s\u00e3o retiradas de suas casas devido a inc\u00eandios no sul da Fran\u00e7a. - Portal Araras de Not\u00edcias\" \/>\n<meta property=\"og:description\" content=\"Pelo terceiro dia, bombeiros lutam contra os focos de inc\u00eandio florestal que j\u00e1 destru\u00edram mais de 5 mil hectares de vegeta\u00e7\u00e3o na Riviera francesa. Dez mil pessoas foram retiradas preventivamente de suas casas, amea\u00e7adas pelas chamas. O \u00faltimo foco de inc\u00eandio, iniciado por volta da meia-noite, na localidade de Bormes-les-Mimosas, j\u00e1 destruiu 1 mil e [&hellip;]\" \/>\n<meta property=\"og:url\" content=\"https:\/\/portalararasdenoticias.com.br\/?p=1084\" \/>\n<meta property=\"og:site_name\" content=\"Portal Araras de Not\u00edcias\" \/>\n<meta property=\"article:published_time\" content=\"2019-08-29T12:06:30+00:00\" \/>\n<meta property=\"article:modified_time\" content=\"2019-08-29T12:06:32+00:00\" \/>\n<meta property=\"og:image\" content=\"https:\/\/portalararasdenoticias.com.br\/wp-content\/uploads\/2019\/08\/2017-07-26t114404z_1322261058_rc1ca8114820_rtrmadp_3_france-wildfires.jpg\" \/>\n\t<meta property=\"og:image:width\" content=\"1024\" \/>\n\t<meta property=\"og:image:height\" content=\"578\" \/>\n\t<meta property=\"og:image:type\" content=\"image\/jpeg\" \/>\n<meta name=\"author\" content=\"Portal Araras de Noticias\" \/>\n<meta name=\"twitter:card\" content=\"summary_large_image\" \/>\n<meta name=\"twitter:label1\" content=\"Escrito por\" \/>\n\t<meta name=\"twitter:data1\" content=\"Portal Araras de Noticias\" \/>\n\t<meta name=\"twitter:label2\" content=\"Est. tempo de leitura\" \/>\n\t<meta name=\"twitter:data2\" content=\"2 minutos\" \/>\n<script type=\"application\/ld+json\" class=\"yoast-schema-graph\">{\"@context\":\"https:\/\/schema.org\",\"@graph\":[{\"@type\":\"Article\",\"@id\":\"https:\/\/portalararasdenoticias.com.br\/?p=1084#article\",\"isPartOf\":{\"@id\":\"https:\/\/portalararasdenoticias.com.br\/?p=1084\"},\"author\":{\"name\":\"Portal Araras de Noticias\",\"@id\":\"https:\/\/portalararasdenoticias.com.br\/#\/schema\/person\/a6190507efe29dea1049d60d05ed5c0a\"},\"headline\":\"Dez mil pessoas s\u00e3o retiradas de suas casas devido a inc\u00eandios no sul da Fran\u00e7a.\",\"datePublished\":\"2019-08-29T12:06:30+00:00\",\"dateModified\":\"2019-08-29T12:06:32+00:00\",\"mainEntityOfPage\":{\"@id\":\"https:\/\/portalararasdenoticias.com.br\/?p=1084\"},\"wordCount\":340,\"commentCount\":0,\"image\":{\"@id\":\"https:\/\/portalararasdenoticias.com.br\/?p=1084#primaryimage\"},\"thumbnailUrl\":\"https:\/\/portalararasdenoticias.com.br\/wp-content\/uploads\/2019\/08\/2017-07-26t114404z_1322261058_rc1ca8114820_rtrmadp_3_france-wildfires.jpg\",\"articleSection\":[\"jornalismo\"],\"inLanguage\":\"pt-BR\",\"potentialAction\":[{\"@type\":\"CommentAction\",\"name\":\"Comment\",\"target\":[\"https:\/\/portalararasdenoticias.com.br\/?p=1084#respond\"]}]},{\"@type\":\"WebPage\",\"@id\":\"https:\/\/portalararasdenoticias.com.br\/?p=1084\",\"url\":\"https:\/\/portalararasdenoticias.com.br\/?p=1084\",\"name\":\"Dez mil pessoas s\u00e3o retiradas de suas casas devido a inc\u00eandios no sul da Fran\u00e7a. - Portal Araras de Not\u00edcias\",\"isPartOf\":{\"@id\":\"https:\/\/portalararasdenoticias.com.br\/#website\"},\"primaryImageOfPage\":{\"@id\":\"https:\/\/portalararasdenoticias.com.br\/?p=1084#primaryimage\"},\"image\":{\"@id\":\"https:\/\/portalararasdenoticias.com.br\/?p=1084#primaryimage\"},\"thumbnailUrl\":\"https:\/\/portalararasdenoticias.com.br\/wp-content\/uploads\/2019\/08\/2017-07-26t114404z_1322261058_rc1ca8114820_rtrmadp_3_france-wildfires.jpg\",\"datePublished\":\"2019-08-29T12:06:30+00:00\",\"dateModified\":\"2019-08-29T12:06:32+00:00\",\"author\":{\"@id\":\"https:\/\/portalararasdenoticias.com.br\/#\/schema\/person\/a6190507efe29dea1049d60d05ed5c0a\"},\"breadcrumb\":{\"@id\":\"https:\/\/portalararasdenoticias.com.br\/?p=1084#breadcrumb\"},\"inLanguage\":\"pt-BR\",\"potentialAction\":[{\"@type\":\"ReadAction\",\"target\":[\"https:\/\/portalararasdenoticias.com.br\/?p=1084\"]}]},{\"@type\":\"ImageObject\",\"inLanguage\":\"pt-BR\",\"@id\":\"https:\/\/portalararasdenoticias.com.br\/?p=1084#primaryimage\",\"url\":\"https:\/\/portalararasdenoticias.com.br\/wp-content\/uploads\/2019\/08\/2017-07-26t114404z_1322261058_rc1ca8114820_rtrmadp_3_france-wildfires.jpg\",\"contentUrl\":\"https:\/\/portalararasdenoticias.com.br\/wp-content\/uploads\/2019\/08\/2017-07-26t114404z_1322261058_rc1ca8114820_rtrmadp_3_france-wildfires.jpg\",\"width\":1024,\"height\":578},{\"@type\":\"BreadcrumbList\",\"@id\":\"https:\/\/portalararasdenoticias.com.br\/?p=1084#breadcrumb\",\"itemListElement\":[{\"@type\":\"ListItem\",\"position\":1,\"name\":\"In\u00edcio\",\"item\":\"https:\/\/portalararasdenoticias.com.br\/\"},{\"@type\":\"ListItem\",\"position\":2,\"name\":\"Dez mil pessoas s\u00e3o retiradas de suas casas devido a inc\u00eandios no sul da Fran\u00e7a.\"}]},{\"@type\":\"WebSite\",\"@id\":\"https:\/\/portalararasdenoticias.com.br\/#website\",\"url\":\"https:\/\/portalararasdenoticias.com.br\/\",\"name\":\"Portal Araras de Not\u00edcias\",\"description\":\"O Seu Portal de Not\u00edcias\",\"potentialAction\":[{\"@type\":\"SearchAction\",\"target\":{\"@type\":\"EntryPoint\",\"urlTemplate\":\"https:\/\/portalararasdenoticias.com.br\/?s={search_term_string}\"},\"query-input\":{\"@type\":\"PropertyValueSpecification\",\"valueRequired\":true,\"valueName\":\"search_term_string\"}}],\"inLanguage\":\"pt-BR\"},{\"@type\":\"Person\",\"@id\":\"https:\/\/portalararasdenoticias.com.br\/#\/schema\/person\/a6190507efe29dea1049d60d05ed5c0a\",\"name\":\"Portal Araras de Noticias\",\"image\":{\"@type\":\"ImageObject\",\"inLanguage\":\"pt-BR\",\"@id\":\"https:\/\/portalararasdenoticias.com.br\/#\/schema\/person\/image\/\",\"url\":\"https:\/\/secure.gravatar.com\/avatar\/4df7c42bc08e78bc9b6e13086fafc161bdf01220657cd93de3d828ab6c60d469?s=96&d=mm&r=g\",\"contentUrl\":\"https:\/\/secure.gravatar.com\/avatar\/4df7c42bc08e78bc9b6e13086fafc161bdf01220657cd93de3d828ab6c60d469?s=96&d=mm&r=g\",\"caption\":\"Portal Araras de Noticias\"},\"sameAs\":[\"https:\/\/portalararasdenoticias.com.br\/\"],\"url\":\"https:\/\/portalararasdenoticias.com.br\/?author=5\"}]}<\/script>\n<!-- \/ Yoast SEO plugin. -->","yoast_head_json":{"title":"Dez mil pessoas s\u00e3o retiradas de suas casas devido a inc\u00eandios no sul da Fran\u00e7a. - Portal Araras de Not\u00edcias","robots":{"index":"index","follow":"follow","max-snippet":"max-snippet:-1","max-image-preview":"max-image-preview:large","max-video-preview":"max-video-preview:-1"},"canonical":"https:\/\/portalararasdenoticias.com.br\/?p=1084","og_locale":"pt_BR","og_type":"article","og_title":"Dez mil pessoas s\u00e3o retiradas de suas casas devido a inc\u00eandios no sul da Fran\u00e7a. - Portal Araras de Not\u00edcias","og_description":"Pelo terceiro dia, bombeiros lutam contra os focos de inc\u00eandio florestal que j\u00e1 destru\u00edram mais de 5 mil hectares de vegeta\u00e7\u00e3o na Riviera francesa. Dez mil pessoas foram retiradas preventivamente de suas casas, amea\u00e7adas pelas chamas. O \u00faltimo foco de inc\u00eandio, iniciado por volta da meia-noite, na localidade de Bormes-les-Mimosas, j\u00e1 destruiu 1 mil e [&hellip;]","og_url":"https:\/\/portalararasdenoticias.com.br\/?p=1084","og_site_name":"Portal Araras de Not\u00edcias","article_published_time":"2019-08-29T12:06:30+00:00","article_modified_time":"2019-08-29T12:06:32+00:00","og_image":[{"width":1024,"height":578,"url":"https:\/\/portalararasdenoticias.com.br\/wp-content\/uploads\/2019\/08\/2017-07-26t114404z_1322261058_rc1ca8114820_rtrmadp_3_france-wildfires.jpg","type":"image\/jpeg"}],"author":"Portal Araras de Noticias","twitter_card":"summary_large_image","twitter_misc":{"Escrito por":"Portal Araras de Noticias","Est. tempo de leitura":"2 minutos"},"schema":{"@context":"https:\/\/schema.org","@graph":[{"@type":"Article","@id":"https:\/\/portalararasdenoticias.com.br\/?p=1084#article","isPartOf":{"@id":"https:\/\/portalararasdenoticias.com.br\/?p=1084"},"author":{"name":"Portal Araras de Noticias","@id":"https:\/\/portalararasdenoticias.com.br\/#\/schema\/person\/a6190507efe29dea1049d60d05ed5c0a"},"headline":"Dez mil pessoas s\u00e3o retiradas de suas casas devido a inc\u00eandios no sul da Fran\u00e7a.","datePublished":"2019-08-29T12:06:30+00:00","dateModified":"2019-08-29T12:06:32+00:00","mainEntityOfPage":{"@id":"https:\/\/portalararasdenoticias.com.br\/?p=1084"},"wordCount":340,"commentCount":0,"image":{"@id":"https:\/\/portalararasdenoticias.com.br\/?p=1084#primaryimage"},"thumbnailUrl":"https:\/\/portalararasdenoticias.com.br\/wp-content\/uploads\/2019\/08\/2017-07-26t114404z_1322261058_rc1ca8114820_rtrmadp_3_france-wildfires.jpg","articleSection":["jornalismo"],"inLanguage":"pt-BR","potentialAction":[{"@type":"CommentAction","name":"Comment","target":["https:\/\/portalararasdenoticias.com.br\/?p=1084#respond"]}]},{"@type":"WebPage","@id":"https:\/\/portalararasdenoticias.com.br\/?p=1084","url":"https:\/\/portalararasdenoticias.com.br\/?p=1084","name":"Dez mil pessoas s\u00e3o retiradas de suas casas devido a inc\u00eandios no sul da Fran\u00e7a. - Portal Araras de Not\u00edcias","isPartOf":{"@id":"https:\/\/portalararasdenoticias.com.br\/#website"},"primaryImageOfPage":{"@id":"https:\/\/portalararasdenoticias.com.br\/?p=1084#primaryimage"},"image":{"@id":"https:\/\/portalararasdenoticias.com.br\/?p=1084#primaryimage"},"thumbnailUrl":"https:\/\/portalararasdenoticias.com.br\/wp-content\/uploads\/2019\/08\/2017-07-26t114404z_1322261058_rc1ca8114820_rtrmadp_3_france-wildfires.jpg","datePublished":"2019-08-29T12:06:30+00:00","dateModified":"2019-08-29T12:06:32+00:00","author":{"@id":"https:\/\/portalararasdenoticias.com.br\/#\/schema\/person\/a6190507efe29dea1049d60d05ed5c0a"},"breadcrumb":{"@id":"https:\/\/portalararasdenoticias.com.br\/?p=1084#breadcrumb"},"inLanguage":"pt-BR","potentialAction":[{"@type":"ReadAction","target":["https:\/\/portalararasdenoticias.com.br\/?p=1084"]}]},{"@type":"ImageObject","inLanguage":"pt-BR","@id":"https:\/\/portalararasdenoticias.com.br\/?p=1084#primaryimage","url":"https:\/\/portalararasdenoticias.com.br\/wp-content\/uploads\/2019\/08\/2017-07-26t114404z_1322261058_rc1ca8114820_rtrmadp_3_france-wildfires.jpg","contentUrl":"https:\/\/portalararasdenoticias.com.br\/wp-content\/uploads\/2019\/08\/2017-07-26t114404z_1322261058_rc1ca8114820_rtrmadp_3_france-wildfires.jpg","width":1024,"height":578},{"@type":"BreadcrumbList","@id":"https:\/\/portalararasdenoticias.com.br\/?p=1084#breadcrumb","itemListElement":[{"@type":"ListItem","position":1,"name":"In\u00edcio","item":"https:\/\/portalararasdenoticias.com.br\/"},{"@type":"ListItem","position":2,"name":"Dez mil pessoas s\u00e3o retiradas de suas casas devido a inc\u00eandios no sul da Fran\u00e7a."}]},{"@type":"WebSite","@id":"https:\/\/portalararasdenoticias.com.br\/#website","url":"https:\/\/portalararasdenoticias.com.br\/","name":"Portal Araras de Not\u00edcias","description":"O Seu Portal de Not\u00edcias","potentialAction":[{"@type":"SearchAction","target":{"@type":"EntryPoint","urlTemplate":"https:\/\/portalararasdenoticias.com.br\/?s={search_term_string}"},"query-input":{"@type":"PropertyValueSpecification","valueRequired":true,"valueName":"search_term_string"}}],"inLanguage":"pt-BR"},{"@type":"Person","@id":"https:\/\/portalararasdenoticias.com.br\/#\/schema\/person\/a6190507efe29dea1049d60d05ed5c0a","name":"Portal Araras de Noticias","image":{"@type":"ImageObject","inLanguage":"pt-BR","@id":"https:\/\/portalararasdenoticias.com.br\/#\/schema\/person\/image\/","url":"https:\/\/secure.gravatar.com\/avatar\/4df7c42bc08e78bc9b6e13086fafc161bdf01220657cd93de3d828ab6c60d469?s=96&d=mm&r=g","contentUrl":"https:\/\/secure.gravatar.com\/avatar\/4df7c42bc08e78bc9b6e13086fafc161bdf01220657cd93de3d828ab6c60d469?s=96&d=mm&r=g","caption":"Portal Araras de Noticias"},"sameAs":["https:\/\/portalararasdenoticias.com.br\/"],"url":"https:\/\/portalararasdenoticias.com.br\/?author=5"}]}},"_links":{"self":[{"href":"https:\/\/portalararasdenoticias.com.br\/index.php?rest_route=\/wp\/v2\/posts\/1084","targetHints":{"allow":["GET"]}}],"collection":[{"href":"https:\/\/portalararasdenoticias.com.br\/index.php?rest_route=\/wp\/v2\/posts"}],"about":[{"href":"https:\/\/portalararasdenoticias.com.br\/index.php?rest_route=\/wp\/v2\/types\/post"}],"author":[{"embeddable":true,"href":"https:\/\/portalararasdenoticias.com.br\/index.php?rest_route=\/wp\/v2\/users\/5"}],"replies":[{"embeddable":true,"href":"https:\/\/portalararasdenoticias.com.br\/index.php?rest_route=%2Fwp%2Fv2%2Fcomments&post=1084"}],"version-history":[{"count":1,"href":"https:\/\/portalararasdenoticias.com.br\/index.php?rest_route=\/wp\/v2\/posts\/1084\/revisions"}],"predecessor-version":[{"id":1087,"href":"https:\/\/portalararasdenoticias.com.br\/index.php?rest_route=\/wp\/v2\/posts\/1084\/revisions\/1087"}],"wp:featuredmedia":[{"embeddable":true,"href":"https:\/\/portalararasdenoticias.com.br\/index.php?rest_route=\/wp\/v2\/media\/1085"}],"wp:attachment":[{"href":"https:\/\/portalararasdenoticias.com.br\/index.php?rest_route=%2Fwp%2Fv2%2Fmedia&parent=1084"}],"wp:term":[{"taxonomy":"category","embeddable":true,"href":"https:\/\/portalararasdenoticias.com.br\/index.php?rest_route=%2Fwp%2Fv2%2Fcategories&post=1084"},{"taxonomy":"post_tag","embeddable":true,"href":"https:\/\/portalararasdenoticias.com.br\/index.php?rest_route=%2Fwp%2Fv2%2Ftags&post=1084"}],"curies":[{"name":"wp","href":"https:\/\/api.w.org\/{rel}","templated":true}]}}