{"id":1145,"date":"2019-09-03T00:59:07","date_gmt":"2019-09-03T03:59:07","guid":{"rendered":"http:\/\/portalararasdenoticias.com.br\/?p=1145"},"modified":"2019-09-03T00:59:09","modified_gmt":"2019-09-03T03:59:09","slug":"exposicao-sandy-e-junior-experience-estreia-nesta-quarta-feira-4em-manaus-shopping-ponta-negra","status":"publish","type":"post","link":"https:\/\/portalararasdenoticias.com.br\/?p=1145","title":{"rendered":"Exposi\u00e7\u00e3o &#8216;Sandy e Junior Experience&#8217; estreia nesta quarta-feira (4)em Manaus Shopping Ponta Negra."},"content":{"rendered":"\n<figure class=\"wp-block-image\"><img loading=\"lazy\" decoding=\"async\" width=\"696\" height=\"457\" src=\"http:\/\/portalararasdenoticias.com.br\/wp-content\/uploads\/2019\/09\/sandy-696x457.jpg\" alt=\"\" class=\"wp-image-1146\" srcset=\"https:\/\/portalararasdenoticias.com.br\/wp-content\/uploads\/2019\/09\/sandy-696x457.jpg 696w, https:\/\/portalararasdenoticias.com.br\/wp-content\/uploads\/2019\/09\/sandy-696x457-300x197.jpg 300w\" sizes=\"auto, (max-width: 696px) 100vw, 696px\" \/><\/figure>\n\n\n\n<figure class=\"wp-block-image\"><img loading=\"lazy\" decoding=\"async\" width=\"768\" height=\"506\" src=\"http:\/\/portalararasdenoticias.com.br\/wp-content\/uploads\/2019\/09\/Screenshot_20190712-211253-768x506.jpg\" alt=\"\" class=\"wp-image-1147\" srcset=\"https:\/\/portalararasdenoticias.com.br\/wp-content\/uploads\/2019\/09\/Screenshot_20190712-211253-768x506.jpg 768w, https:\/\/portalararasdenoticias.com.br\/wp-content\/uploads\/2019\/09\/Screenshot_20190712-211253-768x506-300x198.jpg 300w\" sizes=\"auto, (max-width: 768px) 100vw, 768px\" \/><\/figure>\n\n\n\n<figure class=\"wp-block-image\"><img loading=\"lazy\" decoding=\"async\" width=\"270\" height=\"187\" src=\"http:\/\/portalararasdenoticias.com.br\/wp-content\/uploads\/2019\/09\/images-1.jpg\" alt=\"\" class=\"wp-image-1148\"\/><\/figure>\n\n\n\n<figure class=\"wp-block-image\"><img loading=\"lazy\" decoding=\"async\" width=\"295\" height=\"171\" src=\"http:\/\/portalararasdenoticias.com.br\/wp-content\/uploads\/2019\/09\/images.jpg\" alt=\"\" class=\"wp-image-1149\"\/><\/figure>\n\n\n\n<figure class=\"wp-block-image\"><img loading=\"lazy\" decoding=\"async\" width=\"1024\" height=\"705\" src=\"http:\/\/portalararasdenoticias.com.br\/wp-content\/uploads\/2019\/09\/sandy-e-junior-fazem-em-recife-primeiro-show-da-turne-nossa-historia-1562980304666_v2_1920x1321-1024x705.jpg\" alt=\"\" class=\"wp-image-1150\" srcset=\"https:\/\/portalararasdenoticias.com.br\/wp-content\/uploads\/2019\/09\/sandy-e-junior-fazem-em-recife-primeiro-show-da-turne-nossa-historia-1562980304666_v2_1920x1321-1024x705.jpg 1024w, https:\/\/portalararasdenoticias.com.br\/wp-content\/uploads\/2019\/09\/sandy-e-junior-fazem-em-recife-primeiro-show-da-turne-nossa-historia-1562980304666_v2_1920x1321-300x206.jpg 300w, https:\/\/portalararasdenoticias.com.br\/wp-content\/uploads\/2019\/09\/sandy-e-junior-fazem-em-recife-primeiro-show-da-turne-nossa-historia-1562980304666_v2_1920x1321-768x528.jpg 768w, https:\/\/portalararasdenoticias.com.br\/wp-content\/uploads\/2019\/09\/sandy-e-junior-fazem-em-recife-primeiro-show-da-turne-nossa-historia-1562980304666_v2_1920x1321.jpg 1920w\" sizes=\"auto, (max-width: 1024px) 100vw, 1024px\" \/><\/figure>\n\n\n\n<figure class=\"wp-block-image\"><img loading=\"lazy\" decoding=\"async\" width=\"256\" height=\"197\" src=\"http:\/\/portalararasdenoticias.com.br\/wp-content\/uploads\/2019\/09\/images-3.jpg\" alt=\"\" class=\"wp-image-1151\"\/><\/figure>\n\n\n\n<figure class=\"wp-block-image\"><img loading=\"lazy\" decoding=\"async\" width=\"924\" height=\"619\" src=\"http:\/\/portalararasdenoticias.com.br\/wp-content\/uploads\/2019\/09\/sandy-e-junior.jpg\" alt=\"\" class=\"wp-image-1152\" srcset=\"https:\/\/portalararasdenoticias.com.br\/wp-content\/uploads\/2019\/09\/sandy-e-junior.jpg 924w, https:\/\/portalararasdenoticias.com.br\/wp-content\/uploads\/2019\/09\/sandy-e-junior-300x201.jpg 300w, https:\/\/portalararasdenoticias.com.br\/wp-content\/uploads\/2019\/09\/sandy-e-junior-768x514.jpg 768w\" sizes=\"auto, (max-width: 924px) 100vw, 924px\" \/><\/figure>\n\n\n\n<h2 class=\"wp-block-heading\">Exposi\u00e7\u00e3o &#8216;Sandy e Junior Experience&#8217; estreia nesta quarta-feira\n(4)<\/h2>\n\n\n\n<p>Mostra passa apenas por cidades\nbrasileiras que recebem a tour da dupla em 2019. Atra\u00e7\u00e3o fica dispon\u00edvel at\u00e9 o\ndia 13 de setembro<\/p>\n\n\n\n<p>Manaus\nrecebe nesta quarta-feira (4) a exposi\u00e7\u00e3o \u201cSandy e Junior Experience\u201d, no\nShopping Ponta Negra, Zona Oeste da capital. O p\u00fablico poder\u00e1 conferir de perto\nfigurinos, pr\u00eamios, instrumentos musicais, cartas de f\u00e3s e muitos itens de\nvalor afetivo. A atra\u00e7\u00e3o \u00e9 gratuita e ficar\u00e1 dispon\u00edvel at\u00e9 dia 13 de setembro,\nna pra\u00e7a de eventos do centro de compras, no primeiro piso.<\/p>\n\n\n\n<p>O\nshow da dupla em Manaus ocorre no dia 13 de setembro, na Arena da Amaz\u00f4nia.\nSegundo a coordenadora de marketing do Shopping Ponta Negra, Priscila Furtado,\napenas as cidades onde haver\u00e1 o show de Sandy e Junior recebem a\nmostra,&nbsp;que conta a hist\u00f3ria da dupla e tamb\u00e9m cria uma din\u00e2mica de\nintera\u00e7\u00e3o com o p\u00fablico.<\/p>\n","protected":false},"excerpt":{"rendered":"<p>Exposi\u00e7\u00e3o &#8216;Sandy e Junior Experience&#8217; estreia nesta quarta-feira (4) Mostra passa apenas por cidades brasileiras que recebem a tour da dupla em 2019. Atra\u00e7\u00e3o fica dispon\u00edvel at\u00e9 o dia 13 de setembro Manaus recebe nesta quarta-feira (4) a exposi\u00e7\u00e3o \u201cSandy e Junior Experience\u201d, no Shopping Ponta Negra, Zona Oeste da capital. O p\u00fablico poder\u00e1 conferir [&hellip;]<\/p>\n","protected":false},"author":5,"featured_media":1146,"comment_status":"open","ping_status":"open","sticky":true,"template":"","format":"standard","meta":{"footnotes":""},"categories":[34],"tags":[],"class_list":["post-1145","post","type-post","status-publish","format-standard","has-post-thumbnail","hentry","category-jornalismo"],"yoast_head":"<!-- This site is optimized with the Yoast SEO plugin v27.0 - https:\/\/yoast.com\/product\/yoast-seo-wordpress\/ -->\n<title>Exposi\u00e7\u00e3o &#039;Sandy e Junior Experience&#039; estreia nesta quarta-feira (4)em Manaus Shopping Ponta Negra. - Portal Araras de Not\u00edcias<\/title>\n<meta name=\"robots\" content=\"index, follow, max-snippet:-1, max-image-preview:large, max-video-preview:-1\" \/>\n<link rel=\"canonical\" href=\"https:\/\/portalararasdenoticias.com.br\/?p=1145\" \/>\n<meta property=\"og:locale\" content=\"pt_BR\" \/>\n<meta property=\"og:type\" content=\"article\" \/>\n<meta property=\"og:title\" content=\"Exposi\u00e7\u00e3o &#039;Sandy e Junior Experience&#039; estreia nesta quarta-feira (4)em Manaus Shopping Ponta Negra. - Portal Araras de Not\u00edcias\" \/>\n<meta property=\"og:description\" content=\"Exposi\u00e7\u00e3o &#8216;Sandy e Junior Experience&#8217; estreia nesta quarta-feira (4) Mostra passa apenas por cidades brasileiras que recebem a tour da dupla em 2019. Atra\u00e7\u00e3o fica dispon\u00edvel at\u00e9 o dia 13 de setembro Manaus recebe nesta quarta-feira (4) a exposi\u00e7\u00e3o \u201cSandy e Junior Experience\u201d, no Shopping Ponta Negra, Zona Oeste da capital. O p\u00fablico poder\u00e1 conferir [&hellip;]\" \/>\n<meta property=\"og:url\" content=\"https:\/\/portalararasdenoticias.com.br\/?p=1145\" \/>\n<meta property=\"og:site_name\" content=\"Portal Araras de Not\u00edcias\" \/>\n<meta property=\"article:published_time\" content=\"2019-09-03T03:59:07+00:00\" \/>\n<meta property=\"article:modified_time\" content=\"2019-09-03T03:59:09+00:00\" \/>\n<meta property=\"og:image\" content=\"https:\/\/portalararasdenoticias.com.br\/wp-content\/uploads\/2019\/09\/sandy-696x457.jpg\" \/>\n\t<meta property=\"og:image:width\" content=\"696\" \/>\n\t<meta property=\"og:image:height\" content=\"457\" \/>\n\t<meta property=\"og:image:type\" content=\"image\/jpeg\" \/>\n<meta name=\"author\" content=\"Portal Araras de Noticias\" \/>\n<meta name=\"twitter:card\" content=\"summary_large_image\" \/>\n<meta name=\"twitter:label1\" content=\"Escrito por\" \/>\n\t<meta name=\"twitter:data1\" content=\"Portal Araras de Noticias\" \/>\n\t<meta name=\"twitter:label2\" content=\"Est. tempo de leitura\" \/>\n\t<meta name=\"twitter:data2\" content=\"1 minuto\" \/>\n<script type=\"application\/ld+json\" class=\"yoast-schema-graph\">{\"@context\":\"https:\/\/schema.org\",\"@graph\":[{\"@type\":\"Article\",\"@id\":\"https:\/\/portalararasdenoticias.com.br\/?p=1145#article\",\"isPartOf\":{\"@id\":\"https:\/\/portalararasdenoticias.com.br\/?p=1145\"},\"author\":{\"name\":\"Portal Araras de Noticias\",\"@id\":\"https:\/\/portalararasdenoticias.com.br\/#\/schema\/person\/a6190507efe29dea1049d60d05ed5c0a\"},\"headline\":\"Exposi\u00e7\u00e3o &#8216;Sandy e Junior Experience&#8217; estreia nesta quarta-feira (4)em Manaus Shopping Ponta Negra.\",\"datePublished\":\"2019-09-03T03:59:07+00:00\",\"dateModified\":\"2019-09-03T03:59:09+00:00\",\"mainEntityOfPage\":{\"@id\":\"https:\/\/portalararasdenoticias.com.br\/?p=1145\"},\"wordCount\":174,\"commentCount\":0,\"image\":{\"@id\":\"https:\/\/portalararasdenoticias.com.br\/?p=1145#primaryimage\"},\"thumbnailUrl\":\"https:\/\/portalararasdenoticias.com.br\/wp-content\/uploads\/2019\/09\/sandy-696x457.jpg\",\"articleSection\":[\"jornalismo\"],\"inLanguage\":\"pt-BR\",\"potentialAction\":[{\"@type\":\"CommentAction\",\"name\":\"Comment\",\"target\":[\"https:\/\/portalararasdenoticias.com.br\/?p=1145#respond\"]}]},{\"@type\":\"WebPage\",\"@id\":\"https:\/\/portalararasdenoticias.com.br\/?p=1145\",\"url\":\"https:\/\/portalararasdenoticias.com.br\/?p=1145\",\"name\":\"Exposi\u00e7\u00e3o 'Sandy e Junior Experience' estreia nesta quarta-feira (4)em Manaus Shopping Ponta Negra. - Portal Araras de Not\u00edcias\",\"isPartOf\":{\"@id\":\"https:\/\/portalararasdenoticias.com.br\/#website\"},\"primaryImageOfPage\":{\"@id\":\"https:\/\/portalararasdenoticias.com.br\/?p=1145#primaryimage\"},\"image\":{\"@id\":\"https:\/\/portalararasdenoticias.com.br\/?p=1145#primaryimage\"},\"thumbnailUrl\":\"https:\/\/portalararasdenoticias.com.br\/wp-content\/uploads\/2019\/09\/sandy-696x457.jpg\",\"datePublished\":\"2019-09-03T03:59:07+00:00\",\"dateModified\":\"2019-09-03T03:59:09+00:00\",\"author\":{\"@id\":\"https:\/\/portalararasdenoticias.com.br\/#\/schema\/person\/a6190507efe29dea1049d60d05ed5c0a\"},\"breadcrumb\":{\"@id\":\"https:\/\/portalararasdenoticias.com.br\/?p=1145#breadcrumb\"},\"inLanguage\":\"pt-BR\",\"potentialAction\":[{\"@type\":\"ReadAction\",\"target\":[\"https:\/\/portalararasdenoticias.com.br\/?p=1145\"]}]},{\"@type\":\"ImageObject\",\"inLanguage\":\"pt-BR\",\"@id\":\"https:\/\/portalararasdenoticias.com.br\/?p=1145#primaryimage\",\"url\":\"https:\/\/portalararasdenoticias.com.br\/wp-content\/uploads\/2019\/09\/sandy-696x457.jpg\",\"contentUrl\":\"https:\/\/portalararasdenoticias.com.br\/wp-content\/uploads\/2019\/09\/sandy-696x457.jpg\",\"width\":696,\"height\":457},{\"@type\":\"BreadcrumbList\",\"@id\":\"https:\/\/portalararasdenoticias.com.br\/?p=1145#breadcrumb\",\"itemListElement\":[{\"@type\":\"ListItem\",\"position\":1,\"name\":\"In\u00edcio\",\"item\":\"https:\/\/portalararasdenoticias.com.br\/\"},{\"@type\":\"ListItem\",\"position\":2,\"name\":\"Exposi\u00e7\u00e3o &#8216;Sandy e Junior Experience&#8217; estreia nesta quarta-feira (4)em Manaus Shopping Ponta Negra.\"}]},{\"@type\":\"WebSite\",\"@id\":\"https:\/\/portalararasdenoticias.com.br\/#website\",\"url\":\"https:\/\/portalararasdenoticias.com.br\/\",\"name\":\"Portal Araras de Not\u00edcias\",\"description\":\"O Seu Portal de Not\u00edcias\",\"potentialAction\":[{\"@type\":\"SearchAction\",\"target\":{\"@type\":\"EntryPoint\",\"urlTemplate\":\"https:\/\/portalararasdenoticias.com.br\/?s={search_term_string}\"},\"query-input\":{\"@type\":\"PropertyValueSpecification\",\"valueRequired\":true,\"valueName\":\"search_term_string\"}}],\"inLanguage\":\"pt-BR\"},{\"@type\":\"Person\",\"@id\":\"https:\/\/portalararasdenoticias.com.br\/#\/schema\/person\/a6190507efe29dea1049d60d05ed5c0a\",\"name\":\"Portal Araras de Noticias\",\"image\":{\"@type\":\"ImageObject\",\"inLanguage\":\"pt-BR\",\"@id\":\"https:\/\/portalararasdenoticias.com.br\/#\/schema\/person\/image\/\",\"url\":\"https:\/\/secure.gravatar.com\/avatar\/4df7c42bc08e78bc9b6e13086fafc161bdf01220657cd93de3d828ab6c60d469?s=96&d=mm&r=g\",\"contentUrl\":\"https:\/\/secure.gravatar.com\/avatar\/4df7c42bc08e78bc9b6e13086fafc161bdf01220657cd93de3d828ab6c60d469?s=96&d=mm&r=g\",\"caption\":\"Portal Araras de Noticias\"},\"sameAs\":[\"https:\/\/portalararasdenoticias.com.br\/\"],\"url\":\"https:\/\/portalararasdenoticias.com.br\/?author=5\"}]}<\/script>\n<!-- \/ Yoast SEO plugin. -->","yoast_head_json":{"title":"Exposi\u00e7\u00e3o 'Sandy e Junior Experience' estreia nesta quarta-feira (4)em Manaus Shopping Ponta Negra. - Portal Araras de Not\u00edcias","robots":{"index":"index","follow":"follow","max-snippet":"max-snippet:-1","max-image-preview":"max-image-preview:large","max-video-preview":"max-video-preview:-1"},"canonical":"https:\/\/portalararasdenoticias.com.br\/?p=1145","og_locale":"pt_BR","og_type":"article","og_title":"Exposi\u00e7\u00e3o 'Sandy e Junior Experience' estreia nesta quarta-feira (4)em Manaus Shopping Ponta Negra. - Portal Araras de Not\u00edcias","og_description":"Exposi\u00e7\u00e3o &#8216;Sandy e Junior Experience&#8217; estreia nesta quarta-feira (4) Mostra passa apenas por cidades brasileiras que recebem a tour da dupla em 2019. Atra\u00e7\u00e3o fica dispon\u00edvel at\u00e9 o dia 13 de setembro Manaus recebe nesta quarta-feira (4) a exposi\u00e7\u00e3o \u201cSandy e Junior Experience\u201d, no Shopping Ponta Negra, Zona Oeste da capital. O p\u00fablico poder\u00e1 conferir [&hellip;]","og_url":"https:\/\/portalararasdenoticias.com.br\/?p=1145","og_site_name":"Portal Araras de Not\u00edcias","article_published_time":"2019-09-03T03:59:07+00:00","article_modified_time":"2019-09-03T03:59:09+00:00","og_image":[{"width":696,"height":457,"url":"https:\/\/portalararasdenoticias.com.br\/wp-content\/uploads\/2019\/09\/sandy-696x457.jpg","type":"image\/jpeg"}],"author":"Portal Araras de Noticias","twitter_card":"summary_large_image","twitter_misc":{"Escrito por":"Portal Araras de Noticias","Est. tempo de leitura":"1 minuto"},"schema":{"@context":"https:\/\/schema.org","@graph":[{"@type":"Article","@id":"https:\/\/portalararasdenoticias.com.br\/?p=1145#article","isPartOf":{"@id":"https:\/\/portalararasdenoticias.com.br\/?p=1145"},"author":{"name":"Portal Araras de Noticias","@id":"https:\/\/portalararasdenoticias.com.br\/#\/schema\/person\/a6190507efe29dea1049d60d05ed5c0a"},"headline":"Exposi\u00e7\u00e3o &#8216;Sandy e Junior Experience&#8217; estreia nesta quarta-feira (4)em Manaus Shopping Ponta Negra.","datePublished":"2019-09-03T03:59:07+00:00","dateModified":"2019-09-03T03:59:09+00:00","mainEntityOfPage":{"@id":"https:\/\/portalararasdenoticias.com.br\/?p=1145"},"wordCount":174,"commentCount":0,"image":{"@id":"https:\/\/portalararasdenoticias.com.br\/?p=1145#primaryimage"},"thumbnailUrl":"https:\/\/portalararasdenoticias.com.br\/wp-content\/uploads\/2019\/09\/sandy-696x457.jpg","articleSection":["jornalismo"],"inLanguage":"pt-BR","potentialAction":[{"@type":"CommentAction","name":"Comment","target":["https:\/\/portalararasdenoticias.com.br\/?p=1145#respond"]}]},{"@type":"WebPage","@id":"https:\/\/portalararasdenoticias.com.br\/?p=1145","url":"https:\/\/portalararasdenoticias.com.br\/?p=1145","name":"Exposi\u00e7\u00e3o 'Sandy e Junior Experience' estreia nesta quarta-feira (4)em Manaus Shopping Ponta Negra. - Portal Araras de Not\u00edcias","isPartOf":{"@id":"https:\/\/portalararasdenoticias.com.br\/#website"},"primaryImageOfPage":{"@id":"https:\/\/portalararasdenoticias.com.br\/?p=1145#primaryimage"},"image":{"@id":"https:\/\/portalararasdenoticias.com.br\/?p=1145#primaryimage"},"thumbnailUrl":"https:\/\/portalararasdenoticias.com.br\/wp-content\/uploads\/2019\/09\/sandy-696x457.jpg","datePublished":"2019-09-03T03:59:07+00:00","dateModified":"2019-09-03T03:59:09+00:00","author":{"@id":"https:\/\/portalararasdenoticias.com.br\/#\/schema\/person\/a6190507efe29dea1049d60d05ed5c0a"},"breadcrumb":{"@id":"https:\/\/portalararasdenoticias.com.br\/?p=1145#breadcrumb"},"inLanguage":"pt-BR","potentialAction":[{"@type":"ReadAction","target":["https:\/\/portalararasdenoticias.com.br\/?p=1145"]}]},{"@type":"ImageObject","inLanguage":"pt-BR","@id":"https:\/\/portalararasdenoticias.com.br\/?p=1145#primaryimage","url":"https:\/\/portalararasdenoticias.com.br\/wp-content\/uploads\/2019\/09\/sandy-696x457.jpg","contentUrl":"https:\/\/portalararasdenoticias.com.br\/wp-content\/uploads\/2019\/09\/sandy-696x457.jpg","width":696,"height":457},{"@type":"BreadcrumbList","@id":"https:\/\/portalararasdenoticias.com.br\/?p=1145#breadcrumb","itemListElement":[{"@type":"ListItem","position":1,"name":"In\u00edcio","item":"https:\/\/portalararasdenoticias.com.br\/"},{"@type":"ListItem","position":2,"name":"Exposi\u00e7\u00e3o &#8216;Sandy e Junior Experience&#8217; estreia nesta quarta-feira (4)em Manaus Shopping Ponta Negra."}]},{"@type":"WebSite","@id":"https:\/\/portalararasdenoticias.com.br\/#website","url":"https:\/\/portalararasdenoticias.com.br\/","name":"Portal Araras de Not\u00edcias","description":"O Seu Portal de Not\u00edcias","potentialAction":[{"@type":"SearchAction","target":{"@type":"EntryPoint","urlTemplate":"https:\/\/portalararasdenoticias.com.br\/?s={search_term_string}"},"query-input":{"@type":"PropertyValueSpecification","valueRequired":true,"valueName":"search_term_string"}}],"inLanguage":"pt-BR"},{"@type":"Person","@id":"https:\/\/portalararasdenoticias.com.br\/#\/schema\/person\/a6190507efe29dea1049d60d05ed5c0a","name":"Portal Araras de Noticias","image":{"@type":"ImageObject","inLanguage":"pt-BR","@id":"https:\/\/portalararasdenoticias.com.br\/#\/schema\/person\/image\/","url":"https:\/\/secure.gravatar.com\/avatar\/4df7c42bc08e78bc9b6e13086fafc161bdf01220657cd93de3d828ab6c60d469?s=96&d=mm&r=g","contentUrl":"https:\/\/secure.gravatar.com\/avatar\/4df7c42bc08e78bc9b6e13086fafc161bdf01220657cd93de3d828ab6c60d469?s=96&d=mm&r=g","caption":"Portal Araras de Noticias"},"sameAs":["https:\/\/portalararasdenoticias.com.br\/"],"url":"https:\/\/portalararasdenoticias.com.br\/?author=5"}]}},"_links":{"self":[{"href":"https:\/\/portalararasdenoticias.com.br\/index.php?rest_route=\/wp\/v2\/posts\/1145","targetHints":{"allow":["GET"]}}],"collection":[{"href":"https:\/\/portalararasdenoticias.com.br\/index.php?rest_route=\/wp\/v2\/posts"}],"about":[{"href":"https:\/\/portalararasdenoticias.com.br\/index.php?rest_route=\/wp\/v2\/types\/post"}],"author":[{"embeddable":true,"href":"https:\/\/portalararasdenoticias.com.br\/index.php?rest_route=\/wp\/v2\/users\/5"}],"replies":[{"embeddable":true,"href":"https:\/\/portalararasdenoticias.com.br\/index.php?rest_route=%2Fwp%2Fv2%2Fcomments&post=1145"}],"version-history":[{"count":1,"href":"https:\/\/portalararasdenoticias.com.br\/index.php?rest_route=\/wp\/v2\/posts\/1145\/revisions"}],"predecessor-version":[{"id":1153,"href":"https:\/\/portalararasdenoticias.com.br\/index.php?rest_route=\/wp\/v2\/posts\/1145\/revisions\/1153"}],"wp:featuredmedia":[{"embeddable":true,"href":"https:\/\/portalararasdenoticias.com.br\/index.php?rest_route=\/wp\/v2\/media\/1146"}],"wp:attachment":[{"href":"https:\/\/portalararasdenoticias.com.br\/index.php?rest_route=%2Fwp%2Fv2%2Fmedia&parent=1145"}],"wp:term":[{"taxonomy":"category","embeddable":true,"href":"https:\/\/portalararasdenoticias.com.br\/index.php?rest_route=%2Fwp%2Fv2%2Fcategories&post=1145"},{"taxonomy":"post_tag","embeddable":true,"href":"https:\/\/portalararasdenoticias.com.br\/index.php?rest_route=%2Fwp%2Fv2%2Ftags&post=1145"}],"curies":[{"name":"wp","href":"https:\/\/api.w.org\/{rel}","templated":true}]}}