{"id":1166,"date":"2019-09-04T14:28:41","date_gmt":"2019-09-04T17:28:41","guid":{"rendered":"http:\/\/portalararasdenoticias.com.br\/?p=1166"},"modified":"2019-09-04T14:28:42","modified_gmt":"2019-09-04T17:28:42","slug":"passo-a-paco-2019-tera-cantor-norte-americano-cee-lo-green-vamos-la-prestigiar","status":"publish","type":"post","link":"https:\/\/portalararasdenoticias.com.br\/?p=1166","title":{"rendered":"Passo a Pa\u00e7o 2019 ter\u00e1 cantor norte-americano Cee Lo Green vamos la prestigiar ."},"content":{"rendered":"\n<figure class=\"wp-block-image\"><img loading=\"lazy\" decoding=\"async\" width=\"750\" height=\"523\" src=\"http:\/\/portalararasdenoticias.com.br\/wp-content\/uploads\/2019\/09\/paco-a-passo-manaus-2019.jpg\" alt=\"\" class=\"wp-image-1167\" srcset=\"https:\/\/portalararasdenoticias.com.br\/wp-content\/uploads\/2019\/09\/paco-a-passo-manaus-2019.jpg 750w, https:\/\/portalararasdenoticias.com.br\/wp-content\/uploads\/2019\/09\/paco-a-passo-manaus-2019-300x209.jpg 300w\" sizes=\"auto, (max-width: 750px) 100vw, 750px\" \/><\/figure>\n\n\n\n<p><strong>Passo a Pa\u00e7o 2019 ter\u00e1 cantor norte-americano Cee Lo Green, Ludmilla,\nSidney Magal e outros<\/strong><\/p>\n\n\n\n<p><strong>Festival acontece nos dias 5, 6, 7 e 8 de setembro no Centro Hist\u00f3rico\nde Manaus.<\/strong><\/p>\n\n\n\n<p>O Festival Passo a Pa\u00e7o 2019 acontecer\u00e1 nos dias 5, 6, 7 e 8 de\nsetembro no Centro Hist\u00f3rico de Manaus. Entre as principais atra\u00e7\u00f5es, est\u00e1 o\ncantor norte-americano Cee Lo Green, famoso por m\u00fasicas como Forget You e\nCrazy, com o grupo Gnarls Barkley.<\/p>\n\n\n\n<p>A programa\u00e7\u00e3o\ncontar\u00e1 tamb\u00e9m com grandes nomes da m\u00fasica brasileira, como Fagner, Roberta\nMiranda, Zeca Pagodinho, Sidney Magal e Ludmilla.<\/p>\n\n\n\n<p>Confira abaixo todas\nas atra\u00e7\u00f5es musicais confirmadas pela Prefeitura de Manaus:<\/p>\n\n\n\n<ul class=\"wp-block-list\"><li>Cee Lo Green<\/li><li>Ludmilla<\/li><li>Zeca Pagodinho<\/li><li>Emicida<\/li><li>Baco Exu do Blues<\/li><li>Liniker e os Caramelows<\/li><li>Roberta Miranda<\/li><li>Letrux<\/li><li>Jaloo<\/li><li>Fagner<\/li><li>Sidney Magal<\/li><li>Guto Lima<\/li><\/ul>\n\n\n\n<p>Confira as atra\u00e7\u00f5es musicais\nregionais confirmadas:<\/p>\n\n\n\n<ul class=\"wp-block-list\"><li>Anne Jezini<\/li><li>Santaella<\/li><li>Coletivo 333<\/li><li>Gramophone<\/li><li>Elisa Maia<\/li><li>Baile da Papaizinha<\/li><li>Manauaras em Extin\u00e7\u00e3o<\/li><li>Bumba Meu Rock<\/li><li>Saturno<\/li><li>May Seven<\/li><li>Oblivion<\/li><li>Serginho Queiroz<\/li><li>Dan Stamp<\/li><li>L\u00f3tus<\/li><li>James Rios<\/li><li>Sin\u00e9zio Rolim<\/li><li>Mady e Seus Namorados<\/li><li>Ant\u00f4nio Bahia<\/li><li>Lary Go&amp;Strela<\/li><li>Sarav\u00e1<\/li><li>Catraca Rock<\/li><li>Pororoca At\u00f4mica<\/li><li>Raulnei e Renier de Carvalho<\/li><li>M\u00e3o Pra RIba<\/li><li>Carol Amaral<\/li><li>Rayla Ara\u00fajo<\/li><li>Marcella B\u00e1rholo<\/li><li>Di Bubuia<\/li><\/ul>\n","protected":false},"excerpt":{"rendered":"<p>Passo a Pa\u00e7o 2019 ter\u00e1 cantor norte-americano Cee Lo Green, Ludmilla, Sidney Magal e outros Festival acontece nos dias 5, 6, 7 e 8 de setembro no Centro Hist\u00f3rico de Manaus. O Festival Passo a Pa\u00e7o 2019 acontecer\u00e1 nos dias 5, 6, 7 e 8 de setembro no Centro Hist\u00f3rico de Manaus. Entre as principais [&hellip;]<\/p>\n","protected":false},"author":5,"featured_media":1167,"comment_status":"open","ping_status":"open","sticky":true,"template":"","format":"standard","meta":{"footnotes":""},"categories":[34],"tags":[],"class_list":["post-1166","post","type-post","status-publish","format-standard","has-post-thumbnail","hentry","category-jornalismo"],"yoast_head":"<!-- This site is optimized with the Yoast SEO plugin v27.0 - https:\/\/yoast.com\/product\/yoast-seo-wordpress\/ -->\n<title>Passo a Pa\u00e7o 2019 ter\u00e1 cantor norte-americano Cee Lo Green vamos la prestigiar . - Portal Araras de Not\u00edcias<\/title>\n<meta name=\"robots\" content=\"index, follow, max-snippet:-1, max-image-preview:large, max-video-preview:-1\" \/>\n<link rel=\"canonical\" href=\"https:\/\/portalararasdenoticias.com.br\/?p=1166\" \/>\n<meta property=\"og:locale\" content=\"pt_BR\" \/>\n<meta property=\"og:type\" content=\"article\" \/>\n<meta property=\"og:title\" content=\"Passo a Pa\u00e7o 2019 ter\u00e1 cantor norte-americano Cee Lo Green vamos la prestigiar . - Portal Araras de Not\u00edcias\" \/>\n<meta property=\"og:description\" content=\"Passo a Pa\u00e7o 2019 ter\u00e1 cantor norte-americano Cee Lo Green, Ludmilla, Sidney Magal e outros Festival acontece nos dias 5, 6, 7 e 8 de setembro no Centro Hist\u00f3rico de Manaus. O Festival Passo a Pa\u00e7o 2019 acontecer\u00e1 nos dias 5, 6, 7 e 8 de setembro no Centro Hist\u00f3rico de Manaus. Entre as principais [&hellip;]\" \/>\n<meta property=\"og:url\" content=\"https:\/\/portalararasdenoticias.com.br\/?p=1166\" \/>\n<meta property=\"og:site_name\" content=\"Portal Araras de Not\u00edcias\" \/>\n<meta property=\"article:published_time\" content=\"2019-09-04T17:28:41+00:00\" \/>\n<meta property=\"article:modified_time\" content=\"2019-09-04T17:28:42+00:00\" \/>\n<meta property=\"og:image\" content=\"https:\/\/portalararasdenoticias.com.br\/wp-content\/uploads\/2019\/09\/paco-a-passo-manaus-2019.jpg\" \/>\n\t<meta property=\"og:image:width\" content=\"750\" \/>\n\t<meta property=\"og:image:height\" content=\"523\" \/>\n\t<meta property=\"og:image:type\" content=\"image\/jpeg\" \/>\n<meta name=\"author\" content=\"Portal Araras de Noticias\" \/>\n<meta name=\"twitter:card\" content=\"summary_large_image\" \/>\n<meta name=\"twitter:label1\" content=\"Escrito por\" \/>\n\t<meta name=\"twitter:data1\" content=\"Portal Araras de Noticias\" \/>\n\t<meta name=\"twitter:label2\" content=\"Est. tempo de leitura\" \/>\n\t<meta name=\"twitter:data2\" content=\"1 minuto\" \/>\n<script type=\"application\/ld+json\" class=\"yoast-schema-graph\">{\"@context\":\"https:\/\/schema.org\",\"@graph\":[{\"@type\":\"Article\",\"@id\":\"https:\/\/portalararasdenoticias.com.br\/?p=1166#article\",\"isPartOf\":{\"@id\":\"https:\/\/portalararasdenoticias.com.br\/?p=1166\"},\"author\":{\"name\":\"Portal Araras de Noticias\",\"@id\":\"https:\/\/portalararasdenoticias.com.br\/#\/schema\/person\/a6190507efe29dea1049d60d05ed5c0a\"},\"headline\":\"Passo a Pa\u00e7o 2019 ter\u00e1 cantor norte-americano Cee Lo Green vamos la prestigiar .\",\"datePublished\":\"2019-09-04T17:28:41+00:00\",\"dateModified\":\"2019-09-04T17:28:42+00:00\",\"mainEntityOfPage\":{\"@id\":\"https:\/\/portalararasdenoticias.com.br\/?p=1166\"},\"wordCount\":219,\"commentCount\":0,\"image\":{\"@id\":\"https:\/\/portalararasdenoticias.com.br\/?p=1166#primaryimage\"},\"thumbnailUrl\":\"https:\/\/portalararasdenoticias.com.br\/wp-content\/uploads\/2019\/09\/paco-a-passo-manaus-2019.jpg\",\"articleSection\":[\"jornalismo\"],\"inLanguage\":\"pt-BR\",\"potentialAction\":[{\"@type\":\"CommentAction\",\"name\":\"Comment\",\"target\":[\"https:\/\/portalararasdenoticias.com.br\/?p=1166#respond\"]}]},{\"@type\":\"WebPage\",\"@id\":\"https:\/\/portalararasdenoticias.com.br\/?p=1166\",\"url\":\"https:\/\/portalararasdenoticias.com.br\/?p=1166\",\"name\":\"Passo a Pa\u00e7o 2019 ter\u00e1 cantor norte-americano Cee Lo Green vamos la prestigiar . - Portal Araras de Not\u00edcias\",\"isPartOf\":{\"@id\":\"https:\/\/portalararasdenoticias.com.br\/#website\"},\"primaryImageOfPage\":{\"@id\":\"https:\/\/portalararasdenoticias.com.br\/?p=1166#primaryimage\"},\"image\":{\"@id\":\"https:\/\/portalararasdenoticias.com.br\/?p=1166#primaryimage\"},\"thumbnailUrl\":\"https:\/\/portalararasdenoticias.com.br\/wp-content\/uploads\/2019\/09\/paco-a-passo-manaus-2019.jpg\",\"datePublished\":\"2019-09-04T17:28:41+00:00\",\"dateModified\":\"2019-09-04T17:28:42+00:00\",\"author\":{\"@id\":\"https:\/\/portalararasdenoticias.com.br\/#\/schema\/person\/a6190507efe29dea1049d60d05ed5c0a\"},\"breadcrumb\":{\"@id\":\"https:\/\/portalararasdenoticias.com.br\/?p=1166#breadcrumb\"},\"inLanguage\":\"pt-BR\",\"potentialAction\":[{\"@type\":\"ReadAction\",\"target\":[\"https:\/\/portalararasdenoticias.com.br\/?p=1166\"]}]},{\"@type\":\"ImageObject\",\"inLanguage\":\"pt-BR\",\"@id\":\"https:\/\/portalararasdenoticias.com.br\/?p=1166#primaryimage\",\"url\":\"https:\/\/portalararasdenoticias.com.br\/wp-content\/uploads\/2019\/09\/paco-a-passo-manaus-2019.jpg\",\"contentUrl\":\"https:\/\/portalararasdenoticias.com.br\/wp-content\/uploads\/2019\/09\/paco-a-passo-manaus-2019.jpg\",\"width\":750,\"height\":523},{\"@type\":\"BreadcrumbList\",\"@id\":\"https:\/\/portalararasdenoticias.com.br\/?p=1166#breadcrumb\",\"itemListElement\":[{\"@type\":\"ListItem\",\"position\":1,\"name\":\"In\u00edcio\",\"item\":\"https:\/\/portalararasdenoticias.com.br\/\"},{\"@type\":\"ListItem\",\"position\":2,\"name\":\"Passo a Pa\u00e7o 2019 ter\u00e1 cantor norte-americano Cee Lo Green vamos la prestigiar .\"}]},{\"@type\":\"WebSite\",\"@id\":\"https:\/\/portalararasdenoticias.com.br\/#website\",\"url\":\"https:\/\/portalararasdenoticias.com.br\/\",\"name\":\"Portal Araras de Not\u00edcias\",\"description\":\"O Seu Portal de Not\u00edcias\",\"potentialAction\":[{\"@type\":\"SearchAction\",\"target\":{\"@type\":\"EntryPoint\",\"urlTemplate\":\"https:\/\/portalararasdenoticias.com.br\/?s={search_term_string}\"},\"query-input\":{\"@type\":\"PropertyValueSpecification\",\"valueRequired\":true,\"valueName\":\"search_term_string\"}}],\"inLanguage\":\"pt-BR\"},{\"@type\":\"Person\",\"@id\":\"https:\/\/portalararasdenoticias.com.br\/#\/schema\/person\/a6190507efe29dea1049d60d05ed5c0a\",\"name\":\"Portal Araras de Noticias\",\"image\":{\"@type\":\"ImageObject\",\"inLanguage\":\"pt-BR\",\"@id\":\"https:\/\/portalararasdenoticias.com.br\/#\/schema\/person\/image\/\",\"url\":\"https:\/\/secure.gravatar.com\/avatar\/4df7c42bc08e78bc9b6e13086fafc161bdf01220657cd93de3d828ab6c60d469?s=96&d=mm&r=g\",\"contentUrl\":\"https:\/\/secure.gravatar.com\/avatar\/4df7c42bc08e78bc9b6e13086fafc161bdf01220657cd93de3d828ab6c60d469?s=96&d=mm&r=g\",\"caption\":\"Portal Araras de Noticias\"},\"sameAs\":[\"https:\/\/portalararasdenoticias.com.br\/\"],\"url\":\"https:\/\/portalararasdenoticias.com.br\/?author=5\"}]}<\/script>\n<!-- \/ Yoast SEO plugin. -->","yoast_head_json":{"title":"Passo a Pa\u00e7o 2019 ter\u00e1 cantor norte-americano Cee Lo Green vamos la prestigiar . - Portal Araras de Not\u00edcias","robots":{"index":"index","follow":"follow","max-snippet":"max-snippet:-1","max-image-preview":"max-image-preview:large","max-video-preview":"max-video-preview:-1"},"canonical":"https:\/\/portalararasdenoticias.com.br\/?p=1166","og_locale":"pt_BR","og_type":"article","og_title":"Passo a Pa\u00e7o 2019 ter\u00e1 cantor norte-americano Cee Lo Green vamos la prestigiar . - Portal Araras de Not\u00edcias","og_description":"Passo a Pa\u00e7o 2019 ter\u00e1 cantor norte-americano Cee Lo Green, Ludmilla, Sidney Magal e outros Festival acontece nos dias 5, 6, 7 e 8 de setembro no Centro Hist\u00f3rico de Manaus. O Festival Passo a Pa\u00e7o 2019 acontecer\u00e1 nos dias 5, 6, 7 e 8 de setembro no Centro Hist\u00f3rico de Manaus. Entre as principais [&hellip;]","og_url":"https:\/\/portalararasdenoticias.com.br\/?p=1166","og_site_name":"Portal Araras de Not\u00edcias","article_published_time":"2019-09-04T17:28:41+00:00","article_modified_time":"2019-09-04T17:28:42+00:00","og_image":[{"width":750,"height":523,"url":"https:\/\/portalararasdenoticias.com.br\/wp-content\/uploads\/2019\/09\/paco-a-passo-manaus-2019.jpg","type":"image\/jpeg"}],"author":"Portal Araras de Noticias","twitter_card":"summary_large_image","twitter_misc":{"Escrito por":"Portal Araras de Noticias","Est. tempo de leitura":"1 minuto"},"schema":{"@context":"https:\/\/schema.org","@graph":[{"@type":"Article","@id":"https:\/\/portalararasdenoticias.com.br\/?p=1166#article","isPartOf":{"@id":"https:\/\/portalararasdenoticias.com.br\/?p=1166"},"author":{"name":"Portal Araras de Noticias","@id":"https:\/\/portalararasdenoticias.com.br\/#\/schema\/person\/a6190507efe29dea1049d60d05ed5c0a"},"headline":"Passo a Pa\u00e7o 2019 ter\u00e1 cantor norte-americano Cee Lo Green vamos la prestigiar .","datePublished":"2019-09-04T17:28:41+00:00","dateModified":"2019-09-04T17:28:42+00:00","mainEntityOfPage":{"@id":"https:\/\/portalararasdenoticias.com.br\/?p=1166"},"wordCount":219,"commentCount":0,"image":{"@id":"https:\/\/portalararasdenoticias.com.br\/?p=1166#primaryimage"},"thumbnailUrl":"https:\/\/portalararasdenoticias.com.br\/wp-content\/uploads\/2019\/09\/paco-a-passo-manaus-2019.jpg","articleSection":["jornalismo"],"inLanguage":"pt-BR","potentialAction":[{"@type":"CommentAction","name":"Comment","target":["https:\/\/portalararasdenoticias.com.br\/?p=1166#respond"]}]},{"@type":"WebPage","@id":"https:\/\/portalararasdenoticias.com.br\/?p=1166","url":"https:\/\/portalararasdenoticias.com.br\/?p=1166","name":"Passo a Pa\u00e7o 2019 ter\u00e1 cantor norte-americano Cee Lo Green vamos la prestigiar . - Portal Araras de Not\u00edcias","isPartOf":{"@id":"https:\/\/portalararasdenoticias.com.br\/#website"},"primaryImageOfPage":{"@id":"https:\/\/portalararasdenoticias.com.br\/?p=1166#primaryimage"},"image":{"@id":"https:\/\/portalararasdenoticias.com.br\/?p=1166#primaryimage"},"thumbnailUrl":"https:\/\/portalararasdenoticias.com.br\/wp-content\/uploads\/2019\/09\/paco-a-passo-manaus-2019.jpg","datePublished":"2019-09-04T17:28:41+00:00","dateModified":"2019-09-04T17:28:42+00:00","author":{"@id":"https:\/\/portalararasdenoticias.com.br\/#\/schema\/person\/a6190507efe29dea1049d60d05ed5c0a"},"breadcrumb":{"@id":"https:\/\/portalararasdenoticias.com.br\/?p=1166#breadcrumb"},"inLanguage":"pt-BR","potentialAction":[{"@type":"ReadAction","target":["https:\/\/portalararasdenoticias.com.br\/?p=1166"]}]},{"@type":"ImageObject","inLanguage":"pt-BR","@id":"https:\/\/portalararasdenoticias.com.br\/?p=1166#primaryimage","url":"https:\/\/portalararasdenoticias.com.br\/wp-content\/uploads\/2019\/09\/paco-a-passo-manaus-2019.jpg","contentUrl":"https:\/\/portalararasdenoticias.com.br\/wp-content\/uploads\/2019\/09\/paco-a-passo-manaus-2019.jpg","width":750,"height":523},{"@type":"BreadcrumbList","@id":"https:\/\/portalararasdenoticias.com.br\/?p=1166#breadcrumb","itemListElement":[{"@type":"ListItem","position":1,"name":"In\u00edcio","item":"https:\/\/portalararasdenoticias.com.br\/"},{"@type":"ListItem","position":2,"name":"Passo a Pa\u00e7o 2019 ter\u00e1 cantor norte-americano Cee Lo Green vamos la prestigiar ."}]},{"@type":"WebSite","@id":"https:\/\/portalararasdenoticias.com.br\/#website","url":"https:\/\/portalararasdenoticias.com.br\/","name":"Portal Araras de Not\u00edcias","description":"O Seu Portal de Not\u00edcias","potentialAction":[{"@type":"SearchAction","target":{"@type":"EntryPoint","urlTemplate":"https:\/\/portalararasdenoticias.com.br\/?s={search_term_string}"},"query-input":{"@type":"PropertyValueSpecification","valueRequired":true,"valueName":"search_term_string"}}],"inLanguage":"pt-BR"},{"@type":"Person","@id":"https:\/\/portalararasdenoticias.com.br\/#\/schema\/person\/a6190507efe29dea1049d60d05ed5c0a","name":"Portal Araras de Noticias","image":{"@type":"ImageObject","inLanguage":"pt-BR","@id":"https:\/\/portalararasdenoticias.com.br\/#\/schema\/person\/image\/","url":"https:\/\/secure.gravatar.com\/avatar\/4df7c42bc08e78bc9b6e13086fafc161bdf01220657cd93de3d828ab6c60d469?s=96&d=mm&r=g","contentUrl":"https:\/\/secure.gravatar.com\/avatar\/4df7c42bc08e78bc9b6e13086fafc161bdf01220657cd93de3d828ab6c60d469?s=96&d=mm&r=g","caption":"Portal Araras de Noticias"},"sameAs":["https:\/\/portalararasdenoticias.com.br\/"],"url":"https:\/\/portalararasdenoticias.com.br\/?author=5"}]}},"_links":{"self":[{"href":"https:\/\/portalararasdenoticias.com.br\/index.php?rest_route=\/wp\/v2\/posts\/1166","targetHints":{"allow":["GET"]}}],"collection":[{"href":"https:\/\/portalararasdenoticias.com.br\/index.php?rest_route=\/wp\/v2\/posts"}],"about":[{"href":"https:\/\/portalararasdenoticias.com.br\/index.php?rest_route=\/wp\/v2\/types\/post"}],"author":[{"embeddable":true,"href":"https:\/\/portalararasdenoticias.com.br\/index.php?rest_route=\/wp\/v2\/users\/5"}],"replies":[{"embeddable":true,"href":"https:\/\/portalararasdenoticias.com.br\/index.php?rest_route=%2Fwp%2Fv2%2Fcomments&post=1166"}],"version-history":[{"count":1,"href":"https:\/\/portalararasdenoticias.com.br\/index.php?rest_route=\/wp\/v2\/posts\/1166\/revisions"}],"predecessor-version":[{"id":1168,"href":"https:\/\/portalararasdenoticias.com.br\/index.php?rest_route=\/wp\/v2\/posts\/1166\/revisions\/1168"}],"wp:featuredmedia":[{"embeddable":true,"href":"https:\/\/portalararasdenoticias.com.br\/index.php?rest_route=\/wp\/v2\/media\/1167"}],"wp:attachment":[{"href":"https:\/\/portalararasdenoticias.com.br\/index.php?rest_route=%2Fwp%2Fv2%2Fmedia&parent=1166"}],"wp:term":[{"taxonomy":"category","embeddable":true,"href":"https:\/\/portalararasdenoticias.com.br\/index.php?rest_route=%2Fwp%2Fv2%2Fcategories&post=1166"},{"taxonomy":"post_tag","embeddable":true,"href":"https:\/\/portalararasdenoticias.com.br\/index.php?rest_route=%2Fwp%2Fv2%2Ftags&post=1166"}],"curies":[{"name":"wp","href":"https:\/\/api.w.org\/{rel}","templated":true}]}}