{"id":1236,"date":"2019-09-20T23:22:22","date_gmt":"2019-09-21T02:22:22","guid":{"rendered":"http:\/\/portalararasdenoticias.com.br\/?p=1236"},"modified":"2019-09-20T23:22:24","modified_gmt":"2019-09-21T02:22:24","slug":"cobradores-em-manaus-estao-com-os-dias-contados","status":"publish","type":"post","link":"https:\/\/portalararasdenoticias.com.br\/?p=1236","title":{"rendered":"Cobradores em Manaus estao com os dias contados."},"content":{"rendered":"\n<figure class=\"wp-block-image\"><img loading=\"lazy\" decoding=\"async\" width=\"628\" height=\"353\" src=\"http:\/\/portalararasdenoticias.com.br\/wp-content\/uploads\/2019\/09\/20190920_1808273664539031469134484.jpg\" alt=\"\" class=\"wp-image-1237\" srcset=\"https:\/\/portalararasdenoticias.com.br\/wp-content\/uploads\/2019\/09\/20190920_1808273664539031469134484.jpg 628w, https:\/\/portalararasdenoticias.com.br\/wp-content\/uploads\/2019\/09\/20190920_1808273664539031469134484-300x169.jpg 300w\" sizes=\"auto, (max-width: 628px) 100vw, 628px\" \/><\/figure>\n\n\n\n<p>Passagens de \u00f4nibus dever\u00e3o ser pagas apenas no\ncart\u00e3o por determina\u00e7\u00e3o da prefeitura de&nbsp;Manaus<\/p>\n\n\n\n<p>A prefeitura de Manaus publicou nesta quinta-feira (19), no\nDi\u00e1rio Oficial do Munic\u00edpio (DOM), um decreto determinando que o pagamento da\ntarifa \u00fanica do servi\u00e7o p\u00fablico de transporte urbano da cidade ser\u00e1 realizado\nsomente por meio eletr\u00f4nico.<\/p>\n\n\n\n<p>As\nempresas receberam um prazo de 60 dias para adaptar o Sistema de Bilhetagem\nEletr\u00f4nica.<\/p>\n\n\n\n<p>O decreto N\u00b0 4.587, de 19 de Setembro de 2019, afirma que as empresas concession\u00e1rias do servi\u00e7o de coletivos p\u00fablico da capital t\u00eam at\u00e9 dia 18 de novembro para \u201cadotar as medidas necess\u00e1rias ao cumprimento da determina\u00e7\u00e3o, a fim de universalizar o acesso aos bilhetes eletr\u00f4nicos\u201d  Fonte: AM Post e Secom Prefeitura .<\/p>\n","protected":false},"excerpt":{"rendered":"<p>Passagens de \u00f4nibus dever\u00e3o ser pagas apenas no cart\u00e3o por determina\u00e7\u00e3o da prefeitura de&nbsp;Manaus A prefeitura de Manaus publicou nesta quinta-feira (19), no Di\u00e1rio Oficial do Munic\u00edpio (DOM), um decreto determinando que o pagamento da tarifa \u00fanica do servi\u00e7o p\u00fablico de transporte urbano da cidade ser\u00e1 realizado somente por meio eletr\u00f4nico. As empresas receberam um [&hellip;]<\/p>\n","protected":false},"author":5,"featured_media":1237,"comment_status":"open","ping_status":"open","sticky":true,"template":"","format":"standard","meta":{"footnotes":""},"categories":[34],"tags":[],"class_list":["post-1236","post","type-post","status-publish","format-standard","has-post-thumbnail","hentry","category-jornalismo"],"yoast_head":"<!-- This site is optimized with the Yoast SEO plugin v27.0 - https:\/\/yoast.com\/product\/yoast-seo-wordpress\/ -->\n<title>Cobradores em Manaus estao com os dias contados. - Portal Araras de Not\u00edcias<\/title>\n<meta name=\"robots\" content=\"index, follow, max-snippet:-1, max-image-preview:large, max-video-preview:-1\" \/>\n<link rel=\"canonical\" href=\"https:\/\/portalararasdenoticias.com.br\/?p=1236\" \/>\n<meta property=\"og:locale\" content=\"pt_BR\" \/>\n<meta property=\"og:type\" content=\"article\" \/>\n<meta property=\"og:title\" content=\"Cobradores em Manaus estao com os dias contados. - Portal Araras de Not\u00edcias\" \/>\n<meta property=\"og:description\" content=\"Passagens de \u00f4nibus dever\u00e3o ser pagas apenas no cart\u00e3o por determina\u00e7\u00e3o da prefeitura de&nbsp;Manaus A prefeitura de Manaus publicou nesta quinta-feira (19), no Di\u00e1rio Oficial do Munic\u00edpio (DOM), um decreto determinando que o pagamento da tarifa \u00fanica do servi\u00e7o p\u00fablico de transporte urbano da cidade ser\u00e1 realizado somente por meio eletr\u00f4nico. As empresas receberam um [&hellip;]\" \/>\n<meta property=\"og:url\" content=\"https:\/\/portalararasdenoticias.com.br\/?p=1236\" \/>\n<meta property=\"og:site_name\" content=\"Portal Araras de Not\u00edcias\" \/>\n<meta property=\"article:published_time\" content=\"2019-09-21T02:22:22+00:00\" \/>\n<meta property=\"article:modified_time\" content=\"2019-09-21T02:22:24+00:00\" \/>\n<meta property=\"og:image\" content=\"https:\/\/portalararasdenoticias.com.br\/wp-content\/uploads\/2019\/09\/20190920_1808273664539031469134484.jpg\" \/>\n\t<meta property=\"og:image:width\" content=\"628\" \/>\n\t<meta property=\"og:image:height\" content=\"353\" \/>\n\t<meta property=\"og:image:type\" content=\"image\/jpeg\" \/>\n<meta name=\"author\" content=\"Portal Araras de Noticias\" \/>\n<meta name=\"twitter:card\" content=\"summary_large_image\" \/>\n<meta name=\"twitter:label1\" content=\"Escrito por\" \/>\n\t<meta name=\"twitter:data1\" content=\"Portal Araras de Noticias\" \/>\n\t<meta name=\"twitter:label2\" content=\"Est. tempo de leitura\" \/>\n\t<meta name=\"twitter:data2\" content=\"1 minuto\" \/>\n<script type=\"application\/ld+json\" class=\"yoast-schema-graph\">{\"@context\":\"https:\/\/schema.org\",\"@graph\":[{\"@type\":\"Article\",\"@id\":\"https:\/\/portalararasdenoticias.com.br\/?p=1236#article\",\"isPartOf\":{\"@id\":\"https:\/\/portalararasdenoticias.com.br\/?p=1236\"},\"author\":{\"name\":\"Portal Araras de Noticias\",\"@id\":\"https:\/\/portalararasdenoticias.com.br\/#\/schema\/person\/a6190507efe29dea1049d60d05ed5c0a\"},\"headline\":\"Cobradores em Manaus estao com os dias contados.\",\"datePublished\":\"2019-09-21T02:22:22+00:00\",\"dateModified\":\"2019-09-21T02:22:24+00:00\",\"mainEntityOfPage\":{\"@id\":\"https:\/\/portalararasdenoticias.com.br\/?p=1236\"},\"wordCount\":138,\"commentCount\":0,\"image\":{\"@id\":\"https:\/\/portalararasdenoticias.com.br\/?p=1236#primaryimage\"},\"thumbnailUrl\":\"https:\/\/portalararasdenoticias.com.br\/wp-content\/uploads\/2019\/09\/20190920_1808273664539031469134484.jpg\",\"articleSection\":[\"jornalismo\"],\"inLanguage\":\"pt-BR\",\"potentialAction\":[{\"@type\":\"CommentAction\",\"name\":\"Comment\",\"target\":[\"https:\/\/portalararasdenoticias.com.br\/?p=1236#respond\"]}]},{\"@type\":\"WebPage\",\"@id\":\"https:\/\/portalararasdenoticias.com.br\/?p=1236\",\"url\":\"https:\/\/portalararasdenoticias.com.br\/?p=1236\",\"name\":\"Cobradores em Manaus estao com os dias contados. - Portal Araras de Not\u00edcias\",\"isPartOf\":{\"@id\":\"https:\/\/portalararasdenoticias.com.br\/#website\"},\"primaryImageOfPage\":{\"@id\":\"https:\/\/portalararasdenoticias.com.br\/?p=1236#primaryimage\"},\"image\":{\"@id\":\"https:\/\/portalararasdenoticias.com.br\/?p=1236#primaryimage\"},\"thumbnailUrl\":\"https:\/\/portalararasdenoticias.com.br\/wp-content\/uploads\/2019\/09\/20190920_1808273664539031469134484.jpg\",\"datePublished\":\"2019-09-21T02:22:22+00:00\",\"dateModified\":\"2019-09-21T02:22:24+00:00\",\"author\":{\"@id\":\"https:\/\/portalararasdenoticias.com.br\/#\/schema\/person\/a6190507efe29dea1049d60d05ed5c0a\"},\"breadcrumb\":{\"@id\":\"https:\/\/portalararasdenoticias.com.br\/?p=1236#breadcrumb\"},\"inLanguage\":\"pt-BR\",\"potentialAction\":[{\"@type\":\"ReadAction\",\"target\":[\"https:\/\/portalararasdenoticias.com.br\/?p=1236\"]}]},{\"@type\":\"ImageObject\",\"inLanguage\":\"pt-BR\",\"@id\":\"https:\/\/portalararasdenoticias.com.br\/?p=1236#primaryimage\",\"url\":\"https:\/\/portalararasdenoticias.com.br\/wp-content\/uploads\/2019\/09\/20190920_1808273664539031469134484.jpg\",\"contentUrl\":\"https:\/\/portalararasdenoticias.com.br\/wp-content\/uploads\/2019\/09\/20190920_1808273664539031469134484.jpg\",\"width\":628,\"height\":353},{\"@type\":\"BreadcrumbList\",\"@id\":\"https:\/\/portalararasdenoticias.com.br\/?p=1236#breadcrumb\",\"itemListElement\":[{\"@type\":\"ListItem\",\"position\":1,\"name\":\"In\u00edcio\",\"item\":\"https:\/\/portalararasdenoticias.com.br\/\"},{\"@type\":\"ListItem\",\"position\":2,\"name\":\"Cobradores em Manaus estao com os dias contados.\"}]},{\"@type\":\"WebSite\",\"@id\":\"https:\/\/portalararasdenoticias.com.br\/#website\",\"url\":\"https:\/\/portalararasdenoticias.com.br\/\",\"name\":\"Portal Araras de Not\u00edcias\",\"description\":\"O Seu Portal de Not\u00edcias\",\"potentialAction\":[{\"@type\":\"SearchAction\",\"target\":{\"@type\":\"EntryPoint\",\"urlTemplate\":\"https:\/\/portalararasdenoticias.com.br\/?s={search_term_string}\"},\"query-input\":{\"@type\":\"PropertyValueSpecification\",\"valueRequired\":true,\"valueName\":\"search_term_string\"}}],\"inLanguage\":\"pt-BR\"},{\"@type\":\"Person\",\"@id\":\"https:\/\/portalararasdenoticias.com.br\/#\/schema\/person\/a6190507efe29dea1049d60d05ed5c0a\",\"name\":\"Portal Araras de Noticias\",\"image\":{\"@type\":\"ImageObject\",\"inLanguage\":\"pt-BR\",\"@id\":\"https:\/\/portalararasdenoticias.com.br\/#\/schema\/person\/image\/\",\"url\":\"https:\/\/secure.gravatar.com\/avatar\/4df7c42bc08e78bc9b6e13086fafc161bdf01220657cd93de3d828ab6c60d469?s=96&d=mm&r=g\",\"contentUrl\":\"https:\/\/secure.gravatar.com\/avatar\/4df7c42bc08e78bc9b6e13086fafc161bdf01220657cd93de3d828ab6c60d469?s=96&d=mm&r=g\",\"caption\":\"Portal Araras de Noticias\"},\"sameAs\":[\"https:\/\/portalararasdenoticias.com.br\/\"],\"url\":\"https:\/\/portalararasdenoticias.com.br\/?author=5\"}]}<\/script>\n<!-- \/ Yoast SEO plugin. -->","yoast_head_json":{"title":"Cobradores em Manaus estao com os dias contados. - Portal Araras de Not\u00edcias","robots":{"index":"index","follow":"follow","max-snippet":"max-snippet:-1","max-image-preview":"max-image-preview:large","max-video-preview":"max-video-preview:-1"},"canonical":"https:\/\/portalararasdenoticias.com.br\/?p=1236","og_locale":"pt_BR","og_type":"article","og_title":"Cobradores em Manaus estao com os dias contados. - Portal Araras de Not\u00edcias","og_description":"Passagens de \u00f4nibus dever\u00e3o ser pagas apenas no cart\u00e3o por determina\u00e7\u00e3o da prefeitura de&nbsp;Manaus A prefeitura de Manaus publicou nesta quinta-feira (19), no Di\u00e1rio Oficial do Munic\u00edpio (DOM), um decreto determinando que o pagamento da tarifa \u00fanica do servi\u00e7o p\u00fablico de transporte urbano da cidade ser\u00e1 realizado somente por meio eletr\u00f4nico. As empresas receberam um [&hellip;]","og_url":"https:\/\/portalararasdenoticias.com.br\/?p=1236","og_site_name":"Portal Araras de Not\u00edcias","article_published_time":"2019-09-21T02:22:22+00:00","article_modified_time":"2019-09-21T02:22:24+00:00","og_image":[{"width":628,"height":353,"url":"https:\/\/portalararasdenoticias.com.br\/wp-content\/uploads\/2019\/09\/20190920_1808273664539031469134484.jpg","type":"image\/jpeg"}],"author":"Portal Araras de Noticias","twitter_card":"summary_large_image","twitter_misc":{"Escrito por":"Portal Araras de Noticias","Est. tempo de leitura":"1 minuto"},"schema":{"@context":"https:\/\/schema.org","@graph":[{"@type":"Article","@id":"https:\/\/portalararasdenoticias.com.br\/?p=1236#article","isPartOf":{"@id":"https:\/\/portalararasdenoticias.com.br\/?p=1236"},"author":{"name":"Portal Araras de Noticias","@id":"https:\/\/portalararasdenoticias.com.br\/#\/schema\/person\/a6190507efe29dea1049d60d05ed5c0a"},"headline":"Cobradores em Manaus estao com os dias contados.","datePublished":"2019-09-21T02:22:22+00:00","dateModified":"2019-09-21T02:22:24+00:00","mainEntityOfPage":{"@id":"https:\/\/portalararasdenoticias.com.br\/?p=1236"},"wordCount":138,"commentCount":0,"image":{"@id":"https:\/\/portalararasdenoticias.com.br\/?p=1236#primaryimage"},"thumbnailUrl":"https:\/\/portalararasdenoticias.com.br\/wp-content\/uploads\/2019\/09\/20190920_1808273664539031469134484.jpg","articleSection":["jornalismo"],"inLanguage":"pt-BR","potentialAction":[{"@type":"CommentAction","name":"Comment","target":["https:\/\/portalararasdenoticias.com.br\/?p=1236#respond"]}]},{"@type":"WebPage","@id":"https:\/\/portalararasdenoticias.com.br\/?p=1236","url":"https:\/\/portalararasdenoticias.com.br\/?p=1236","name":"Cobradores em Manaus estao com os dias contados. - Portal Araras de Not\u00edcias","isPartOf":{"@id":"https:\/\/portalararasdenoticias.com.br\/#website"},"primaryImageOfPage":{"@id":"https:\/\/portalararasdenoticias.com.br\/?p=1236#primaryimage"},"image":{"@id":"https:\/\/portalararasdenoticias.com.br\/?p=1236#primaryimage"},"thumbnailUrl":"https:\/\/portalararasdenoticias.com.br\/wp-content\/uploads\/2019\/09\/20190920_1808273664539031469134484.jpg","datePublished":"2019-09-21T02:22:22+00:00","dateModified":"2019-09-21T02:22:24+00:00","author":{"@id":"https:\/\/portalararasdenoticias.com.br\/#\/schema\/person\/a6190507efe29dea1049d60d05ed5c0a"},"breadcrumb":{"@id":"https:\/\/portalararasdenoticias.com.br\/?p=1236#breadcrumb"},"inLanguage":"pt-BR","potentialAction":[{"@type":"ReadAction","target":["https:\/\/portalararasdenoticias.com.br\/?p=1236"]}]},{"@type":"ImageObject","inLanguage":"pt-BR","@id":"https:\/\/portalararasdenoticias.com.br\/?p=1236#primaryimage","url":"https:\/\/portalararasdenoticias.com.br\/wp-content\/uploads\/2019\/09\/20190920_1808273664539031469134484.jpg","contentUrl":"https:\/\/portalararasdenoticias.com.br\/wp-content\/uploads\/2019\/09\/20190920_1808273664539031469134484.jpg","width":628,"height":353},{"@type":"BreadcrumbList","@id":"https:\/\/portalararasdenoticias.com.br\/?p=1236#breadcrumb","itemListElement":[{"@type":"ListItem","position":1,"name":"In\u00edcio","item":"https:\/\/portalararasdenoticias.com.br\/"},{"@type":"ListItem","position":2,"name":"Cobradores em Manaus estao com os dias contados."}]},{"@type":"WebSite","@id":"https:\/\/portalararasdenoticias.com.br\/#website","url":"https:\/\/portalararasdenoticias.com.br\/","name":"Portal Araras de Not\u00edcias","description":"O Seu Portal de Not\u00edcias","potentialAction":[{"@type":"SearchAction","target":{"@type":"EntryPoint","urlTemplate":"https:\/\/portalararasdenoticias.com.br\/?s={search_term_string}"},"query-input":{"@type":"PropertyValueSpecification","valueRequired":true,"valueName":"search_term_string"}}],"inLanguage":"pt-BR"},{"@type":"Person","@id":"https:\/\/portalararasdenoticias.com.br\/#\/schema\/person\/a6190507efe29dea1049d60d05ed5c0a","name":"Portal Araras de Noticias","image":{"@type":"ImageObject","inLanguage":"pt-BR","@id":"https:\/\/portalararasdenoticias.com.br\/#\/schema\/person\/image\/","url":"https:\/\/secure.gravatar.com\/avatar\/4df7c42bc08e78bc9b6e13086fafc161bdf01220657cd93de3d828ab6c60d469?s=96&d=mm&r=g","contentUrl":"https:\/\/secure.gravatar.com\/avatar\/4df7c42bc08e78bc9b6e13086fafc161bdf01220657cd93de3d828ab6c60d469?s=96&d=mm&r=g","caption":"Portal Araras de Noticias"},"sameAs":["https:\/\/portalararasdenoticias.com.br\/"],"url":"https:\/\/portalararasdenoticias.com.br\/?author=5"}]}},"_links":{"self":[{"href":"https:\/\/portalararasdenoticias.com.br\/index.php?rest_route=\/wp\/v2\/posts\/1236","targetHints":{"allow":["GET"]}}],"collection":[{"href":"https:\/\/portalararasdenoticias.com.br\/index.php?rest_route=\/wp\/v2\/posts"}],"about":[{"href":"https:\/\/portalararasdenoticias.com.br\/index.php?rest_route=\/wp\/v2\/types\/post"}],"author":[{"embeddable":true,"href":"https:\/\/portalararasdenoticias.com.br\/index.php?rest_route=\/wp\/v2\/users\/5"}],"replies":[{"embeddable":true,"href":"https:\/\/portalararasdenoticias.com.br\/index.php?rest_route=%2Fwp%2Fv2%2Fcomments&post=1236"}],"version-history":[{"count":1,"href":"https:\/\/portalararasdenoticias.com.br\/index.php?rest_route=\/wp\/v2\/posts\/1236\/revisions"}],"predecessor-version":[{"id":1238,"href":"https:\/\/portalararasdenoticias.com.br\/index.php?rest_route=\/wp\/v2\/posts\/1236\/revisions\/1238"}],"wp:featuredmedia":[{"embeddable":true,"href":"https:\/\/portalararasdenoticias.com.br\/index.php?rest_route=\/wp\/v2\/media\/1237"}],"wp:attachment":[{"href":"https:\/\/portalararasdenoticias.com.br\/index.php?rest_route=%2Fwp%2Fv2%2Fmedia&parent=1236"}],"wp:term":[{"taxonomy":"category","embeddable":true,"href":"https:\/\/portalararasdenoticias.com.br\/index.php?rest_route=%2Fwp%2Fv2%2Fcategories&post=1236"},{"taxonomy":"post_tag","embeddable":true,"href":"https:\/\/portalararasdenoticias.com.br\/index.php?rest_route=%2Fwp%2Fv2%2Ftags&post=1236"}],"curies":[{"name":"wp","href":"https:\/\/api.w.org\/{rel}","templated":true}]}}