{"id":1356,"date":"2019-10-04T08:43:18","date_gmt":"2019-10-04T11:43:18","guid":{"rendered":"http:\/\/portalararasdenoticias.com.br\/?p=1356"},"modified":"2019-10-04T08:43:20","modified_gmt":"2019-10-04T11:43:20","slug":"preso-primeiro-suspeito-de-participar-da-morte-de-engenheiro-em-manaus","status":"publish","type":"post","link":"https:\/\/portalararasdenoticias.com.br\/?p=1356","title":{"rendered":"Preso primeiro suspeito de participar da morte de engenheiro em Manaus."},"content":{"rendered":"\n<figure class=\"wp-block-image\"><img loading=\"lazy\" decoding=\"async\" width=\"350\" height=\"232\" src=\"http:\/\/portalararasdenoticias.com.br\/wp-content\/uploads\/2019\/10\/Suspeito_Morte_Engenheiro_00174353_0_201910031438.jpg\" alt=\"\" class=\"wp-image-1357\" srcset=\"https:\/\/portalararasdenoticias.com.br\/wp-content\/uploads\/2019\/10\/Suspeito_Morte_Engenheiro_00174353_0_201910031438.jpg 350w, https:\/\/portalararasdenoticias.com.br\/wp-content\/uploads\/2019\/10\/Suspeito_Morte_Engenheiro_00174353_0_201910031438-300x199.jpg 300w\" sizes=\"auto, (max-width: 350px) 100vw, 350px\" \/><\/figure>\n\n\n\n<p>Elielton Magno de Menezes Gomes Junior&nbsp;foi preso na tarde desta quinta-feira (3) suspeito de participar da morte do engenheiro Fl\u00e1vio Rodrigues dos Santos, 42, encontrado morto ap\u00f3s deixar uma festa no condom\u00ednio Passaredo, na Ponta Negra.<\/p>\n\n\n\n<p>Elieton, foi preso dentro da TV A Cr\u00edtica enquanto estava dando uma entrevista. Ao todo, quatro mandados de pris\u00e3o foram expedidos, mas at\u00e9 o momento s\u00f3 um foi cumprido.&nbsp;<\/p>\n","protected":false},"excerpt":{"rendered":"<p>Elielton Magno de Menezes Gomes Junior&nbsp;foi preso na tarde desta quinta-feira (3) suspeito de participar da morte do engenheiro Fl\u00e1vio Rodrigues dos Santos, 42, encontrado morto ap\u00f3s deixar uma festa no condom\u00ednio Passaredo, na Ponta Negra. Elieton, foi preso dentro da TV A Cr\u00edtica enquanto estava dando uma entrevista. Ao todo, quatro mandados de pris\u00e3o [&hellip;]<\/p>\n","protected":false},"author":5,"featured_media":1357,"comment_status":"open","ping_status":"open","sticky":true,"template":"","format":"standard","meta":{"footnotes":""},"categories":[5],"tags":[],"class_list":["post-1356","post","type-post","status-publish","format-standard","has-post-thumbnail","hentry","category-policia"],"yoast_head":"<!-- This site is optimized with the Yoast SEO plugin v27.0 - https:\/\/yoast.com\/product\/yoast-seo-wordpress\/ -->\n<title>Preso primeiro suspeito de participar da morte de engenheiro em Manaus. - Portal Araras de Not\u00edcias<\/title>\n<meta name=\"robots\" content=\"index, follow, max-snippet:-1, max-image-preview:large, max-video-preview:-1\" \/>\n<link rel=\"canonical\" href=\"https:\/\/portalararasdenoticias.com.br\/?p=1356\" \/>\n<meta property=\"og:locale\" content=\"pt_BR\" \/>\n<meta property=\"og:type\" content=\"article\" \/>\n<meta property=\"og:title\" content=\"Preso primeiro suspeito de participar da morte de engenheiro em Manaus. - Portal Araras de Not\u00edcias\" \/>\n<meta property=\"og:description\" content=\"Elielton Magno de Menezes Gomes Junior&nbsp;foi preso na tarde desta quinta-feira (3) suspeito de participar da morte do engenheiro Fl\u00e1vio Rodrigues dos Santos, 42, encontrado morto ap\u00f3s deixar uma festa no condom\u00ednio Passaredo, na Ponta Negra. Elieton, foi preso dentro da TV A Cr\u00edtica enquanto estava dando uma entrevista. Ao todo, quatro mandados de pris\u00e3o [&hellip;]\" \/>\n<meta property=\"og:url\" content=\"https:\/\/portalararasdenoticias.com.br\/?p=1356\" \/>\n<meta property=\"og:site_name\" content=\"Portal Araras de Not\u00edcias\" \/>\n<meta property=\"article:published_time\" content=\"2019-10-04T11:43:18+00:00\" \/>\n<meta property=\"article:modified_time\" content=\"2019-10-04T11:43:20+00:00\" \/>\n<meta property=\"og:image\" content=\"https:\/\/portalararasdenoticias.com.br\/wp-content\/uploads\/2019\/10\/Suspeito_Morte_Engenheiro_00174353_0_201910031438.jpg\" \/>\n\t<meta property=\"og:image:width\" content=\"350\" \/>\n\t<meta property=\"og:image:height\" content=\"232\" \/>\n\t<meta property=\"og:image:type\" content=\"image\/jpeg\" \/>\n<meta name=\"author\" content=\"Portal Araras de Noticias\" \/>\n<meta name=\"twitter:card\" content=\"summary_large_image\" \/>\n<meta name=\"twitter:label1\" content=\"Escrito por\" \/>\n\t<meta name=\"twitter:data1\" content=\"Portal Araras de Noticias\" \/>\n<script type=\"application\/ld+json\" class=\"yoast-schema-graph\">{\"@context\":\"https:\/\/schema.org\",\"@graph\":[{\"@type\":\"Article\",\"@id\":\"https:\/\/portalararasdenoticias.com.br\/?p=1356#article\",\"isPartOf\":{\"@id\":\"https:\/\/portalararasdenoticias.com.br\/?p=1356\"},\"author\":{\"name\":\"Portal Araras de Noticias\",\"@id\":\"https:\/\/portalararasdenoticias.com.br\/#\/schema\/person\/a6190507efe29dea1049d60d05ed5c0a\"},\"headline\":\"Preso primeiro suspeito de participar da morte de engenheiro em Manaus.\",\"datePublished\":\"2019-10-04T11:43:18+00:00\",\"dateModified\":\"2019-10-04T11:43:20+00:00\",\"mainEntityOfPage\":{\"@id\":\"https:\/\/portalararasdenoticias.com.br\/?p=1356\"},\"wordCount\":82,\"commentCount\":0,\"image\":{\"@id\":\"https:\/\/portalararasdenoticias.com.br\/?p=1356#primaryimage\"},\"thumbnailUrl\":\"https:\/\/portalararasdenoticias.com.br\/wp-content\/uploads\/2019\/10\/Suspeito_Morte_Engenheiro_00174353_0_201910031438.jpg\",\"articleSection\":[\"Pol\u00edcia\"],\"inLanguage\":\"pt-BR\",\"potentialAction\":[{\"@type\":\"CommentAction\",\"name\":\"Comment\",\"target\":[\"https:\/\/portalararasdenoticias.com.br\/?p=1356#respond\"]}]},{\"@type\":\"WebPage\",\"@id\":\"https:\/\/portalararasdenoticias.com.br\/?p=1356\",\"url\":\"https:\/\/portalararasdenoticias.com.br\/?p=1356\",\"name\":\"Preso primeiro suspeito de participar da morte de engenheiro em Manaus. - Portal Araras de Not\u00edcias\",\"isPartOf\":{\"@id\":\"https:\/\/portalararasdenoticias.com.br\/#website\"},\"primaryImageOfPage\":{\"@id\":\"https:\/\/portalararasdenoticias.com.br\/?p=1356#primaryimage\"},\"image\":{\"@id\":\"https:\/\/portalararasdenoticias.com.br\/?p=1356#primaryimage\"},\"thumbnailUrl\":\"https:\/\/portalararasdenoticias.com.br\/wp-content\/uploads\/2019\/10\/Suspeito_Morte_Engenheiro_00174353_0_201910031438.jpg\",\"datePublished\":\"2019-10-04T11:43:18+00:00\",\"dateModified\":\"2019-10-04T11:43:20+00:00\",\"author\":{\"@id\":\"https:\/\/portalararasdenoticias.com.br\/#\/schema\/person\/a6190507efe29dea1049d60d05ed5c0a\"},\"breadcrumb\":{\"@id\":\"https:\/\/portalararasdenoticias.com.br\/?p=1356#breadcrumb\"},\"inLanguage\":\"pt-BR\",\"potentialAction\":[{\"@type\":\"ReadAction\",\"target\":[\"https:\/\/portalararasdenoticias.com.br\/?p=1356\"]}]},{\"@type\":\"ImageObject\",\"inLanguage\":\"pt-BR\",\"@id\":\"https:\/\/portalararasdenoticias.com.br\/?p=1356#primaryimage\",\"url\":\"https:\/\/portalararasdenoticias.com.br\/wp-content\/uploads\/2019\/10\/Suspeito_Morte_Engenheiro_00174353_0_201910031438.jpg\",\"contentUrl\":\"https:\/\/portalararasdenoticias.com.br\/wp-content\/uploads\/2019\/10\/Suspeito_Morte_Engenheiro_00174353_0_201910031438.jpg\",\"width\":350,\"height\":232},{\"@type\":\"BreadcrumbList\",\"@id\":\"https:\/\/portalararasdenoticias.com.br\/?p=1356#breadcrumb\",\"itemListElement\":[{\"@type\":\"ListItem\",\"position\":1,\"name\":\"In\u00edcio\",\"item\":\"https:\/\/portalararasdenoticias.com.br\/\"},{\"@type\":\"ListItem\",\"position\":2,\"name\":\"Preso primeiro suspeito de participar da morte de engenheiro em Manaus.\"}]},{\"@type\":\"WebSite\",\"@id\":\"https:\/\/portalararasdenoticias.com.br\/#website\",\"url\":\"https:\/\/portalararasdenoticias.com.br\/\",\"name\":\"Portal Araras de Not\u00edcias\",\"description\":\"O Seu Portal de Not\u00edcias\",\"potentialAction\":[{\"@type\":\"SearchAction\",\"target\":{\"@type\":\"EntryPoint\",\"urlTemplate\":\"https:\/\/portalararasdenoticias.com.br\/?s={search_term_string}\"},\"query-input\":{\"@type\":\"PropertyValueSpecification\",\"valueRequired\":true,\"valueName\":\"search_term_string\"}}],\"inLanguage\":\"pt-BR\"},{\"@type\":\"Person\",\"@id\":\"https:\/\/portalararasdenoticias.com.br\/#\/schema\/person\/a6190507efe29dea1049d60d05ed5c0a\",\"name\":\"Portal Araras de Noticias\",\"image\":{\"@type\":\"ImageObject\",\"inLanguage\":\"pt-BR\",\"@id\":\"https:\/\/portalararasdenoticias.com.br\/#\/schema\/person\/image\/\",\"url\":\"https:\/\/secure.gravatar.com\/avatar\/4df7c42bc08e78bc9b6e13086fafc161bdf01220657cd93de3d828ab6c60d469?s=96&d=mm&r=g\",\"contentUrl\":\"https:\/\/secure.gravatar.com\/avatar\/4df7c42bc08e78bc9b6e13086fafc161bdf01220657cd93de3d828ab6c60d469?s=96&d=mm&r=g\",\"caption\":\"Portal Araras de Noticias\"},\"sameAs\":[\"https:\/\/portalararasdenoticias.com.br\/\"],\"url\":\"https:\/\/portalararasdenoticias.com.br\/?author=5\"}]}<\/script>\n<!-- \/ Yoast SEO plugin. -->","yoast_head_json":{"title":"Preso primeiro suspeito de participar da morte de engenheiro em Manaus. - Portal Araras de Not\u00edcias","robots":{"index":"index","follow":"follow","max-snippet":"max-snippet:-1","max-image-preview":"max-image-preview:large","max-video-preview":"max-video-preview:-1"},"canonical":"https:\/\/portalararasdenoticias.com.br\/?p=1356","og_locale":"pt_BR","og_type":"article","og_title":"Preso primeiro suspeito de participar da morte de engenheiro em Manaus. - Portal Araras de Not\u00edcias","og_description":"Elielton Magno de Menezes Gomes Junior&nbsp;foi preso na tarde desta quinta-feira (3) suspeito de participar da morte do engenheiro Fl\u00e1vio Rodrigues dos Santos, 42, encontrado morto ap\u00f3s deixar uma festa no condom\u00ednio Passaredo, na Ponta Negra. Elieton, foi preso dentro da TV A Cr\u00edtica enquanto estava dando uma entrevista. Ao todo, quatro mandados de pris\u00e3o [&hellip;]","og_url":"https:\/\/portalararasdenoticias.com.br\/?p=1356","og_site_name":"Portal Araras de Not\u00edcias","article_published_time":"2019-10-04T11:43:18+00:00","article_modified_time":"2019-10-04T11:43:20+00:00","og_image":[{"width":350,"height":232,"url":"https:\/\/portalararasdenoticias.com.br\/wp-content\/uploads\/2019\/10\/Suspeito_Morte_Engenheiro_00174353_0_201910031438.jpg","type":"image\/jpeg"}],"author":"Portal Araras de Noticias","twitter_card":"summary_large_image","twitter_misc":{"Escrito por":"Portal Araras de Noticias"},"schema":{"@context":"https:\/\/schema.org","@graph":[{"@type":"Article","@id":"https:\/\/portalararasdenoticias.com.br\/?p=1356#article","isPartOf":{"@id":"https:\/\/portalararasdenoticias.com.br\/?p=1356"},"author":{"name":"Portal Araras de Noticias","@id":"https:\/\/portalararasdenoticias.com.br\/#\/schema\/person\/a6190507efe29dea1049d60d05ed5c0a"},"headline":"Preso primeiro suspeito de participar da morte de engenheiro em Manaus.","datePublished":"2019-10-04T11:43:18+00:00","dateModified":"2019-10-04T11:43:20+00:00","mainEntityOfPage":{"@id":"https:\/\/portalararasdenoticias.com.br\/?p=1356"},"wordCount":82,"commentCount":0,"image":{"@id":"https:\/\/portalararasdenoticias.com.br\/?p=1356#primaryimage"},"thumbnailUrl":"https:\/\/portalararasdenoticias.com.br\/wp-content\/uploads\/2019\/10\/Suspeito_Morte_Engenheiro_00174353_0_201910031438.jpg","articleSection":["Pol\u00edcia"],"inLanguage":"pt-BR","potentialAction":[{"@type":"CommentAction","name":"Comment","target":["https:\/\/portalararasdenoticias.com.br\/?p=1356#respond"]}]},{"@type":"WebPage","@id":"https:\/\/portalararasdenoticias.com.br\/?p=1356","url":"https:\/\/portalararasdenoticias.com.br\/?p=1356","name":"Preso primeiro suspeito de participar da morte de engenheiro em Manaus. - Portal Araras de Not\u00edcias","isPartOf":{"@id":"https:\/\/portalararasdenoticias.com.br\/#website"},"primaryImageOfPage":{"@id":"https:\/\/portalararasdenoticias.com.br\/?p=1356#primaryimage"},"image":{"@id":"https:\/\/portalararasdenoticias.com.br\/?p=1356#primaryimage"},"thumbnailUrl":"https:\/\/portalararasdenoticias.com.br\/wp-content\/uploads\/2019\/10\/Suspeito_Morte_Engenheiro_00174353_0_201910031438.jpg","datePublished":"2019-10-04T11:43:18+00:00","dateModified":"2019-10-04T11:43:20+00:00","author":{"@id":"https:\/\/portalararasdenoticias.com.br\/#\/schema\/person\/a6190507efe29dea1049d60d05ed5c0a"},"breadcrumb":{"@id":"https:\/\/portalararasdenoticias.com.br\/?p=1356#breadcrumb"},"inLanguage":"pt-BR","potentialAction":[{"@type":"ReadAction","target":["https:\/\/portalararasdenoticias.com.br\/?p=1356"]}]},{"@type":"ImageObject","inLanguage":"pt-BR","@id":"https:\/\/portalararasdenoticias.com.br\/?p=1356#primaryimage","url":"https:\/\/portalararasdenoticias.com.br\/wp-content\/uploads\/2019\/10\/Suspeito_Morte_Engenheiro_00174353_0_201910031438.jpg","contentUrl":"https:\/\/portalararasdenoticias.com.br\/wp-content\/uploads\/2019\/10\/Suspeito_Morte_Engenheiro_00174353_0_201910031438.jpg","width":350,"height":232},{"@type":"BreadcrumbList","@id":"https:\/\/portalararasdenoticias.com.br\/?p=1356#breadcrumb","itemListElement":[{"@type":"ListItem","position":1,"name":"In\u00edcio","item":"https:\/\/portalararasdenoticias.com.br\/"},{"@type":"ListItem","position":2,"name":"Preso primeiro suspeito de participar da morte de engenheiro em Manaus."}]},{"@type":"WebSite","@id":"https:\/\/portalararasdenoticias.com.br\/#website","url":"https:\/\/portalararasdenoticias.com.br\/","name":"Portal Araras de Not\u00edcias","description":"O Seu Portal de Not\u00edcias","potentialAction":[{"@type":"SearchAction","target":{"@type":"EntryPoint","urlTemplate":"https:\/\/portalararasdenoticias.com.br\/?s={search_term_string}"},"query-input":{"@type":"PropertyValueSpecification","valueRequired":true,"valueName":"search_term_string"}}],"inLanguage":"pt-BR"},{"@type":"Person","@id":"https:\/\/portalararasdenoticias.com.br\/#\/schema\/person\/a6190507efe29dea1049d60d05ed5c0a","name":"Portal Araras de Noticias","image":{"@type":"ImageObject","inLanguage":"pt-BR","@id":"https:\/\/portalararasdenoticias.com.br\/#\/schema\/person\/image\/","url":"https:\/\/secure.gravatar.com\/avatar\/4df7c42bc08e78bc9b6e13086fafc161bdf01220657cd93de3d828ab6c60d469?s=96&d=mm&r=g","contentUrl":"https:\/\/secure.gravatar.com\/avatar\/4df7c42bc08e78bc9b6e13086fafc161bdf01220657cd93de3d828ab6c60d469?s=96&d=mm&r=g","caption":"Portal Araras de Noticias"},"sameAs":["https:\/\/portalararasdenoticias.com.br\/"],"url":"https:\/\/portalararasdenoticias.com.br\/?author=5"}]}},"_links":{"self":[{"href":"https:\/\/portalararasdenoticias.com.br\/index.php?rest_route=\/wp\/v2\/posts\/1356","targetHints":{"allow":["GET"]}}],"collection":[{"href":"https:\/\/portalararasdenoticias.com.br\/index.php?rest_route=\/wp\/v2\/posts"}],"about":[{"href":"https:\/\/portalararasdenoticias.com.br\/index.php?rest_route=\/wp\/v2\/types\/post"}],"author":[{"embeddable":true,"href":"https:\/\/portalararasdenoticias.com.br\/index.php?rest_route=\/wp\/v2\/users\/5"}],"replies":[{"embeddable":true,"href":"https:\/\/portalararasdenoticias.com.br\/index.php?rest_route=%2Fwp%2Fv2%2Fcomments&post=1356"}],"version-history":[{"count":1,"href":"https:\/\/portalararasdenoticias.com.br\/index.php?rest_route=\/wp\/v2\/posts\/1356\/revisions"}],"predecessor-version":[{"id":1358,"href":"https:\/\/portalararasdenoticias.com.br\/index.php?rest_route=\/wp\/v2\/posts\/1356\/revisions\/1358"}],"wp:featuredmedia":[{"embeddable":true,"href":"https:\/\/portalararasdenoticias.com.br\/index.php?rest_route=\/wp\/v2\/media\/1357"}],"wp:attachment":[{"href":"https:\/\/portalararasdenoticias.com.br\/index.php?rest_route=%2Fwp%2Fv2%2Fmedia&parent=1356"}],"wp:term":[{"taxonomy":"category","embeddable":true,"href":"https:\/\/portalararasdenoticias.com.br\/index.php?rest_route=%2Fwp%2Fv2%2Fcategories&post=1356"},{"taxonomy":"post_tag","embeddable":true,"href":"https:\/\/portalararasdenoticias.com.br\/index.php?rest_route=%2Fwp%2Fv2%2Ftags&post=1356"}],"curies":[{"name":"wp","href":"https:\/\/api.w.org\/{rel}","templated":true}]}}