{"id":1359,"date":"2019-10-04T08:44:58","date_gmt":"2019-10-04T11:44:58","guid":{"rendered":"http:\/\/portalararasdenoticias.com.br\/?p=1359"},"modified":"2019-10-04T08:45:00","modified_gmt":"2019-10-04T11:45:00","slug":"policia-prende-mais-dois-suspeitos-de-envolvimento-na-morte-de-engenheiro-em-manaus","status":"publish","type":"post","link":"https:\/\/portalararasdenoticias.com.br\/?p=1359","title":{"rendered":"Pol\u00edcia prende mais dois suspeitos de envolvimento na morte de engenheiro em Manaus."},"content":{"rendered":"\n<figure class=\"wp-block-image\"><img loading=\"lazy\" decoding=\"async\" width=\"872\" height=\"581\" src=\"http:\/\/portalararasdenoticias.com.br\/wp-content\/uploads\/2019\/10\/show_WhatsApp_Image_2019-10-03_at_18.55.49_50DB9CEF-0AB4-476D-9C76-36ACCAA06C95.jpeg\" alt=\"\" class=\"wp-image-1360\" srcset=\"https:\/\/portalararasdenoticias.com.br\/wp-content\/uploads\/2019\/10\/show_WhatsApp_Image_2019-10-03_at_18.55.49_50DB9CEF-0AB4-476D-9C76-36ACCAA06C95.jpeg 872w, https:\/\/portalararasdenoticias.com.br\/wp-content\/uploads\/2019\/10\/show_WhatsApp_Image_2019-10-03_at_18.55.49_50DB9CEF-0AB4-476D-9C76-36ACCAA06C95-300x200.jpeg 300w, https:\/\/portalararasdenoticias.com.br\/wp-content\/uploads\/2019\/10\/show_WhatsApp_Image_2019-10-03_at_18.55.49_50DB9CEF-0AB4-476D-9C76-36ACCAA06C95-768x512.jpeg 768w\" sizes=\"auto, (max-width: 872px) 100vw, 872px\" \/><\/figure>\n\n\n\n<p>Jos\u00e9 Edvandro Martins de Souza J\u00fanior e Vit\u00f3rio Del Gato tamb\u00e9m\nforam preso nesta quinta-feira (3), suspeitos de envolvimento na&nbsp;<a href=\"https:\/\/www.acritica.com\/channels\/manaus\/news\/engenheiro-e-encontrado-morto-apos-festa-em-condominio-de-luxo-em-manaus\">morte do engenheiro\nFl\u00e1vio Rodrigues dos Santos<\/a>. Eles tamb\u00e9m estavam no Condom\u00ednio\nResidencial Passaredo, de onde a v\u00edtima teria sido sequestrada e,\nposteriormente, levada morta para um terreno no bairro Tarum\u00e3, Zona Oeste, na\nsegunda-feira (30).\n\nJos\u00e9 J\u00fanior foi preso\nna casa dele, situada na rua Barreirinha, bairro S\u00e3o Jos\u00e9, na Zona Leste de\nManaus. N\u00e3o h\u00e1 informa\u00e7\u00f5es sobre a pris\u00e3o de Vit\u00f3rio, que, at\u00e9 esta tarde\n\n\n\n<\/p>\n","protected":false},"excerpt":{"rendered":"<p>Jos\u00e9 Edvandro Martins de Souza J\u00fanior e Vit\u00f3rio Del Gato tamb\u00e9m foram preso nesta quinta-feira (3), suspeitos de envolvimento na&nbsp;morte do engenheiro Fl\u00e1vio Rodrigues dos Santos. Eles tamb\u00e9m estavam no Condom\u00ednio Residencial Passaredo, de onde a v\u00edtima teria sido sequestrada e, posteriormente, levada morta para um terreno no bairro Tarum\u00e3, Zona Oeste, na segunda-feira (30). [&hellip;]<\/p>\n","protected":false},"author":5,"featured_media":0,"comment_status":"open","ping_status":"open","sticky":false,"template":"","format":"standard","meta":{"footnotes":""},"categories":[34],"tags":[],"class_list":["post-1359","post","type-post","status-publish","format-standard","hentry","category-jornalismo"],"yoast_head":"<!-- This site is optimized with the Yoast SEO plugin v27.0 - https:\/\/yoast.com\/product\/yoast-seo-wordpress\/ -->\n<title>Pol\u00edcia prende mais dois suspeitos de envolvimento na morte de engenheiro em Manaus. - Portal Araras de Not\u00edcias<\/title>\n<meta name=\"robots\" content=\"index, follow, max-snippet:-1, max-image-preview:large, max-video-preview:-1\" \/>\n<link rel=\"canonical\" href=\"https:\/\/portalararasdenoticias.com.br\/?p=1359\" \/>\n<meta property=\"og:locale\" content=\"pt_BR\" \/>\n<meta property=\"og:type\" content=\"article\" \/>\n<meta property=\"og:title\" content=\"Pol\u00edcia prende mais dois suspeitos de envolvimento na morte de engenheiro em Manaus. - Portal Araras de Not\u00edcias\" \/>\n<meta property=\"og:description\" content=\"Jos\u00e9 Edvandro Martins de Souza J\u00fanior e Vit\u00f3rio Del Gato tamb\u00e9m foram preso nesta quinta-feira (3), suspeitos de envolvimento na&nbsp;morte do engenheiro Fl\u00e1vio Rodrigues dos Santos. Eles tamb\u00e9m estavam no Condom\u00ednio Residencial Passaredo, de onde a v\u00edtima teria sido sequestrada e, posteriormente, levada morta para um terreno no bairro Tarum\u00e3, Zona Oeste, na segunda-feira (30). [&hellip;]\" \/>\n<meta property=\"og:url\" content=\"https:\/\/portalararasdenoticias.com.br\/?p=1359\" \/>\n<meta property=\"og:site_name\" content=\"Portal Araras de Not\u00edcias\" \/>\n<meta property=\"article:published_time\" content=\"2019-10-04T11:44:58+00:00\" \/>\n<meta property=\"article:modified_time\" content=\"2019-10-04T11:45:00+00:00\" \/>\n<meta property=\"og:image\" content=\"http:\/\/portalararasdenoticias.com.br\/wp-content\/uploads\/2019\/10\/show_WhatsApp_Image_2019-10-03_at_18.55.49_50DB9CEF-0AB4-476D-9C76-36ACCAA06C95.jpeg\" \/>\n<meta name=\"author\" content=\"Portal Araras de Noticias\" \/>\n<meta name=\"twitter:card\" content=\"summary_large_image\" \/>\n<meta name=\"twitter:label1\" content=\"Escrito por\" \/>\n\t<meta name=\"twitter:data1\" content=\"Portal Araras de Noticias\" \/>\n<script type=\"application\/ld+json\" class=\"yoast-schema-graph\">{\"@context\":\"https:\/\/schema.org\",\"@graph\":[{\"@type\":\"Article\",\"@id\":\"https:\/\/portalararasdenoticias.com.br\/?p=1359#article\",\"isPartOf\":{\"@id\":\"https:\/\/portalararasdenoticias.com.br\/?p=1359\"},\"author\":{\"name\":\"Portal Araras de Noticias\",\"@id\":\"https:\/\/portalararasdenoticias.com.br\/#\/schema\/person\/a6190507efe29dea1049d60d05ed5c0a\"},\"headline\":\"Pol\u00edcia prende mais dois suspeitos de envolvimento na morte de engenheiro em Manaus.\",\"datePublished\":\"2019-10-04T11:44:58+00:00\",\"dateModified\":\"2019-10-04T11:45:00+00:00\",\"mainEntityOfPage\":{\"@id\":\"https:\/\/portalararasdenoticias.com.br\/?p=1359\"},\"wordCount\":113,\"commentCount\":0,\"image\":{\"@id\":\"https:\/\/portalararasdenoticias.com.br\/?p=1359#primaryimage\"},\"thumbnailUrl\":\"http:\/\/portalararasdenoticias.com.br\/wp-content\/uploads\/2019\/10\/show_WhatsApp_Image_2019-10-03_at_18.55.49_50DB9CEF-0AB4-476D-9C76-36ACCAA06C95.jpeg\",\"articleSection\":[\"jornalismo\"],\"inLanguage\":\"pt-BR\",\"potentialAction\":[{\"@type\":\"CommentAction\",\"name\":\"Comment\",\"target\":[\"https:\/\/portalararasdenoticias.com.br\/?p=1359#respond\"]}]},{\"@type\":\"WebPage\",\"@id\":\"https:\/\/portalararasdenoticias.com.br\/?p=1359\",\"url\":\"https:\/\/portalararasdenoticias.com.br\/?p=1359\",\"name\":\"Pol\u00edcia prende mais dois suspeitos de envolvimento na morte de engenheiro em Manaus. - Portal Araras de Not\u00edcias\",\"isPartOf\":{\"@id\":\"https:\/\/portalararasdenoticias.com.br\/#website\"},\"primaryImageOfPage\":{\"@id\":\"https:\/\/portalararasdenoticias.com.br\/?p=1359#primaryimage\"},\"image\":{\"@id\":\"https:\/\/portalararasdenoticias.com.br\/?p=1359#primaryimage\"},\"thumbnailUrl\":\"http:\/\/portalararasdenoticias.com.br\/wp-content\/uploads\/2019\/10\/show_WhatsApp_Image_2019-10-03_at_18.55.49_50DB9CEF-0AB4-476D-9C76-36ACCAA06C95.jpeg\",\"datePublished\":\"2019-10-04T11:44:58+00:00\",\"dateModified\":\"2019-10-04T11:45:00+00:00\",\"author\":{\"@id\":\"https:\/\/portalararasdenoticias.com.br\/#\/schema\/person\/a6190507efe29dea1049d60d05ed5c0a\"},\"breadcrumb\":{\"@id\":\"https:\/\/portalararasdenoticias.com.br\/?p=1359#breadcrumb\"},\"inLanguage\":\"pt-BR\",\"potentialAction\":[{\"@type\":\"ReadAction\",\"target\":[\"https:\/\/portalararasdenoticias.com.br\/?p=1359\"]}]},{\"@type\":\"ImageObject\",\"inLanguage\":\"pt-BR\",\"@id\":\"https:\/\/portalararasdenoticias.com.br\/?p=1359#primaryimage\",\"url\":\"https:\/\/portalararasdenoticias.com.br\/wp-content\/uploads\/2019\/10\/show_WhatsApp_Image_2019-10-03_at_18.55.49_50DB9CEF-0AB4-476D-9C76-36ACCAA06C95.jpeg\",\"contentUrl\":\"https:\/\/portalararasdenoticias.com.br\/wp-content\/uploads\/2019\/10\/show_WhatsApp_Image_2019-10-03_at_18.55.49_50DB9CEF-0AB4-476D-9C76-36ACCAA06C95.jpeg\",\"width\":872,\"height\":581},{\"@type\":\"BreadcrumbList\",\"@id\":\"https:\/\/portalararasdenoticias.com.br\/?p=1359#breadcrumb\",\"itemListElement\":[{\"@type\":\"ListItem\",\"position\":1,\"name\":\"In\u00edcio\",\"item\":\"https:\/\/portalararasdenoticias.com.br\/\"},{\"@type\":\"ListItem\",\"position\":2,\"name\":\"Pol\u00edcia prende mais dois suspeitos de envolvimento na morte de engenheiro em Manaus.\"}]},{\"@type\":\"WebSite\",\"@id\":\"https:\/\/portalararasdenoticias.com.br\/#website\",\"url\":\"https:\/\/portalararasdenoticias.com.br\/\",\"name\":\"Portal Araras de Not\u00edcias\",\"description\":\"O Seu Portal de Not\u00edcias\",\"potentialAction\":[{\"@type\":\"SearchAction\",\"target\":{\"@type\":\"EntryPoint\",\"urlTemplate\":\"https:\/\/portalararasdenoticias.com.br\/?s={search_term_string}\"},\"query-input\":{\"@type\":\"PropertyValueSpecification\",\"valueRequired\":true,\"valueName\":\"search_term_string\"}}],\"inLanguage\":\"pt-BR\"},{\"@type\":\"Person\",\"@id\":\"https:\/\/portalararasdenoticias.com.br\/#\/schema\/person\/a6190507efe29dea1049d60d05ed5c0a\",\"name\":\"Portal Araras de Noticias\",\"image\":{\"@type\":\"ImageObject\",\"inLanguage\":\"pt-BR\",\"@id\":\"https:\/\/portalararasdenoticias.com.br\/#\/schema\/person\/image\/\",\"url\":\"https:\/\/secure.gravatar.com\/avatar\/4df7c42bc08e78bc9b6e13086fafc161bdf01220657cd93de3d828ab6c60d469?s=96&d=mm&r=g\",\"contentUrl\":\"https:\/\/secure.gravatar.com\/avatar\/4df7c42bc08e78bc9b6e13086fafc161bdf01220657cd93de3d828ab6c60d469?s=96&d=mm&r=g\",\"caption\":\"Portal Araras de Noticias\"},\"sameAs\":[\"https:\/\/portalararasdenoticias.com.br\/\"],\"url\":\"https:\/\/portalararasdenoticias.com.br\/?author=5\"}]}<\/script>\n<!-- \/ Yoast SEO plugin. -->","yoast_head_json":{"title":"Pol\u00edcia prende mais dois suspeitos de envolvimento na morte de engenheiro em Manaus. - Portal Araras de Not\u00edcias","robots":{"index":"index","follow":"follow","max-snippet":"max-snippet:-1","max-image-preview":"max-image-preview:large","max-video-preview":"max-video-preview:-1"},"canonical":"https:\/\/portalararasdenoticias.com.br\/?p=1359","og_locale":"pt_BR","og_type":"article","og_title":"Pol\u00edcia prende mais dois suspeitos de envolvimento na morte de engenheiro em Manaus. - Portal Araras de Not\u00edcias","og_description":"Jos\u00e9 Edvandro Martins de Souza J\u00fanior e Vit\u00f3rio Del Gato tamb\u00e9m foram preso nesta quinta-feira (3), suspeitos de envolvimento na&nbsp;morte do engenheiro Fl\u00e1vio Rodrigues dos Santos. Eles tamb\u00e9m estavam no Condom\u00ednio Residencial Passaredo, de onde a v\u00edtima teria sido sequestrada e, posteriormente, levada morta para um terreno no bairro Tarum\u00e3, Zona Oeste, na segunda-feira (30). [&hellip;]","og_url":"https:\/\/portalararasdenoticias.com.br\/?p=1359","og_site_name":"Portal Araras de Not\u00edcias","article_published_time":"2019-10-04T11:44:58+00:00","article_modified_time":"2019-10-04T11:45:00+00:00","og_image":[{"url":"http:\/\/portalararasdenoticias.com.br\/wp-content\/uploads\/2019\/10\/show_WhatsApp_Image_2019-10-03_at_18.55.49_50DB9CEF-0AB4-476D-9C76-36ACCAA06C95.jpeg","type":"","width":"","height":""}],"author":"Portal Araras de Noticias","twitter_card":"summary_large_image","twitter_misc":{"Escrito por":"Portal Araras de Noticias"},"schema":{"@context":"https:\/\/schema.org","@graph":[{"@type":"Article","@id":"https:\/\/portalararasdenoticias.com.br\/?p=1359#article","isPartOf":{"@id":"https:\/\/portalararasdenoticias.com.br\/?p=1359"},"author":{"name":"Portal Araras de Noticias","@id":"https:\/\/portalararasdenoticias.com.br\/#\/schema\/person\/a6190507efe29dea1049d60d05ed5c0a"},"headline":"Pol\u00edcia prende mais dois suspeitos de envolvimento na morte de engenheiro em Manaus.","datePublished":"2019-10-04T11:44:58+00:00","dateModified":"2019-10-04T11:45:00+00:00","mainEntityOfPage":{"@id":"https:\/\/portalararasdenoticias.com.br\/?p=1359"},"wordCount":113,"commentCount":0,"image":{"@id":"https:\/\/portalararasdenoticias.com.br\/?p=1359#primaryimage"},"thumbnailUrl":"http:\/\/portalararasdenoticias.com.br\/wp-content\/uploads\/2019\/10\/show_WhatsApp_Image_2019-10-03_at_18.55.49_50DB9CEF-0AB4-476D-9C76-36ACCAA06C95.jpeg","articleSection":["jornalismo"],"inLanguage":"pt-BR","potentialAction":[{"@type":"CommentAction","name":"Comment","target":["https:\/\/portalararasdenoticias.com.br\/?p=1359#respond"]}]},{"@type":"WebPage","@id":"https:\/\/portalararasdenoticias.com.br\/?p=1359","url":"https:\/\/portalararasdenoticias.com.br\/?p=1359","name":"Pol\u00edcia prende mais dois suspeitos de envolvimento na morte de engenheiro em Manaus. - Portal Araras de Not\u00edcias","isPartOf":{"@id":"https:\/\/portalararasdenoticias.com.br\/#website"},"primaryImageOfPage":{"@id":"https:\/\/portalararasdenoticias.com.br\/?p=1359#primaryimage"},"image":{"@id":"https:\/\/portalararasdenoticias.com.br\/?p=1359#primaryimage"},"thumbnailUrl":"http:\/\/portalararasdenoticias.com.br\/wp-content\/uploads\/2019\/10\/show_WhatsApp_Image_2019-10-03_at_18.55.49_50DB9CEF-0AB4-476D-9C76-36ACCAA06C95.jpeg","datePublished":"2019-10-04T11:44:58+00:00","dateModified":"2019-10-04T11:45:00+00:00","author":{"@id":"https:\/\/portalararasdenoticias.com.br\/#\/schema\/person\/a6190507efe29dea1049d60d05ed5c0a"},"breadcrumb":{"@id":"https:\/\/portalararasdenoticias.com.br\/?p=1359#breadcrumb"},"inLanguage":"pt-BR","potentialAction":[{"@type":"ReadAction","target":["https:\/\/portalararasdenoticias.com.br\/?p=1359"]}]},{"@type":"ImageObject","inLanguage":"pt-BR","@id":"https:\/\/portalararasdenoticias.com.br\/?p=1359#primaryimage","url":"https:\/\/portalararasdenoticias.com.br\/wp-content\/uploads\/2019\/10\/show_WhatsApp_Image_2019-10-03_at_18.55.49_50DB9CEF-0AB4-476D-9C76-36ACCAA06C95.jpeg","contentUrl":"https:\/\/portalararasdenoticias.com.br\/wp-content\/uploads\/2019\/10\/show_WhatsApp_Image_2019-10-03_at_18.55.49_50DB9CEF-0AB4-476D-9C76-36ACCAA06C95.jpeg","width":872,"height":581},{"@type":"BreadcrumbList","@id":"https:\/\/portalararasdenoticias.com.br\/?p=1359#breadcrumb","itemListElement":[{"@type":"ListItem","position":1,"name":"In\u00edcio","item":"https:\/\/portalararasdenoticias.com.br\/"},{"@type":"ListItem","position":2,"name":"Pol\u00edcia prende mais dois suspeitos de envolvimento na morte de engenheiro em Manaus."}]},{"@type":"WebSite","@id":"https:\/\/portalararasdenoticias.com.br\/#website","url":"https:\/\/portalararasdenoticias.com.br\/","name":"Portal Araras de Not\u00edcias","description":"O Seu Portal de Not\u00edcias","potentialAction":[{"@type":"SearchAction","target":{"@type":"EntryPoint","urlTemplate":"https:\/\/portalararasdenoticias.com.br\/?s={search_term_string}"},"query-input":{"@type":"PropertyValueSpecification","valueRequired":true,"valueName":"search_term_string"}}],"inLanguage":"pt-BR"},{"@type":"Person","@id":"https:\/\/portalararasdenoticias.com.br\/#\/schema\/person\/a6190507efe29dea1049d60d05ed5c0a","name":"Portal Araras de Noticias","image":{"@type":"ImageObject","inLanguage":"pt-BR","@id":"https:\/\/portalararasdenoticias.com.br\/#\/schema\/person\/image\/","url":"https:\/\/secure.gravatar.com\/avatar\/4df7c42bc08e78bc9b6e13086fafc161bdf01220657cd93de3d828ab6c60d469?s=96&d=mm&r=g","contentUrl":"https:\/\/secure.gravatar.com\/avatar\/4df7c42bc08e78bc9b6e13086fafc161bdf01220657cd93de3d828ab6c60d469?s=96&d=mm&r=g","caption":"Portal Araras de Noticias"},"sameAs":["https:\/\/portalararasdenoticias.com.br\/"],"url":"https:\/\/portalararasdenoticias.com.br\/?author=5"}]}},"_links":{"self":[{"href":"https:\/\/portalararasdenoticias.com.br\/index.php?rest_route=\/wp\/v2\/posts\/1359","targetHints":{"allow":["GET"]}}],"collection":[{"href":"https:\/\/portalararasdenoticias.com.br\/index.php?rest_route=\/wp\/v2\/posts"}],"about":[{"href":"https:\/\/portalararasdenoticias.com.br\/index.php?rest_route=\/wp\/v2\/types\/post"}],"author":[{"embeddable":true,"href":"https:\/\/portalararasdenoticias.com.br\/index.php?rest_route=\/wp\/v2\/users\/5"}],"replies":[{"embeddable":true,"href":"https:\/\/portalararasdenoticias.com.br\/index.php?rest_route=%2Fwp%2Fv2%2Fcomments&post=1359"}],"version-history":[{"count":1,"href":"https:\/\/portalararasdenoticias.com.br\/index.php?rest_route=\/wp\/v2\/posts\/1359\/revisions"}],"predecessor-version":[{"id":1361,"href":"https:\/\/portalararasdenoticias.com.br\/index.php?rest_route=\/wp\/v2\/posts\/1359\/revisions\/1361"}],"wp:attachment":[{"href":"https:\/\/portalararasdenoticias.com.br\/index.php?rest_route=%2Fwp%2Fv2%2Fmedia&parent=1359"}],"wp:term":[{"taxonomy":"category","embeddable":true,"href":"https:\/\/portalararasdenoticias.com.br\/index.php?rest_route=%2Fwp%2Fv2%2Fcategories&post=1359"},{"taxonomy":"post_tag","embeddable":true,"href":"https:\/\/portalararasdenoticias.com.br\/index.php?rest_route=%2Fwp%2Fv2%2Ftags&post=1359"}],"curies":[{"name":"wp","href":"https:\/\/api.w.org\/{rel}","templated":true}]}}