{"id":1428,"date":"2019-10-16T22:04:42","date_gmt":"2019-10-17T01:04:42","guid":{"rendered":"http:\/\/portalararasdenoticias.com.br\/?p=1428"},"modified":"2019-10-16T22:04:44","modified_gmt":"2019-10-17T01:04:44","slug":"professor-assassinado-na-compensa-realizou-assalto-em-2016-na-tv-acritica-em-manaus","status":"publish","type":"post","link":"https:\/\/portalararasdenoticias.com.br\/?p=1428","title":{"rendered":"Professor assassinado na Compensa realizou assalto em 2016 na TV Acritica em Manaus."},"content":{"rendered":"\n<figure class=\"wp-block-image\"><img loading=\"lazy\" decoding=\"async\" width=\"696\" height=\"424\" src=\"http:\/\/portalararasdenoticias.com.br\/wp-content\/uploads\/2019\/10\/8E6BED18-59C6-4A61-A184-64EA05BE67B4-e1571235188482-696x424.jpeg\" alt=\"\" class=\"wp-image-1429\" srcset=\"https:\/\/portalararasdenoticias.com.br\/wp-content\/uploads\/2019\/10\/8E6BED18-59C6-4A61-A184-64EA05BE67B4-e1571235188482-696x424.jpeg 696w, https:\/\/portalararasdenoticias.com.br\/wp-content\/uploads\/2019\/10\/8E6BED18-59C6-4A61-A184-64EA05BE67B4-e1571235188482-696x424-300x183.jpeg 300w\" sizes=\"auto, (max-width: 696px) 100vw, 696px\" \/><\/figure>\n\n\n\n<figure class=\"wp-block-image\"><img loading=\"lazy\" decoding=\"async\" width=\"720\" height=\"380\" src=\"http:\/\/portalararasdenoticias.com.br\/wp-content\/uploads\/2019\/10\/WhatsApp-Image-2019-10-16-at-08.51.44.jpeg\" alt=\"\" class=\"wp-image-1430\" srcset=\"https:\/\/portalararasdenoticias.com.br\/wp-content\/uploads\/2019\/10\/WhatsApp-Image-2019-10-16-at-08.51.44.jpeg 720w, https:\/\/portalararasdenoticias.com.br\/wp-content\/uploads\/2019\/10\/WhatsApp-Image-2019-10-16-at-08.51.44-300x158.jpeg 300w\" sizes=\"auto, (max-width: 720px) 100vw, 720px\" \/><\/figure>\n\n\n\n<p>Manaus \u2013 O professor\nde f\u00edsica assassinado na bairro da Compensa essa manh\u00e3 de quarta-feira (16), j\u00e1\nfoi preso em 2016, ap\u00f3s invadir a empresa de televis\u00e3o Tv Acritica que fica na\nAvenida Andr\u00e9 Ara\u00fajo, bairro Aleixo.<\/p>\n\n\n\n<p>Diego\nLima era motorista quando deu apoio a fuga para os criminosos que levaram\ncelulares e aproximadamente R$ 1,7 mil, de funcion\u00e1rios da empresa.<\/p>\n\n\n\n<p><strong>Entenda o caso na \u00e9poca<\/strong><\/p>\n\n\n\n<p>A\nDelegacia Especializada em Roubos e Furtos (DERFD) prendeu na tarde desta\nquinta-feira (21) cincos envolvidos no jornal Acritica ocorrido no m\u00eas passado.<\/p>\n\n\n\n<p>Um\ndos suspeitos, na \u00e9poca, prestava servi\u00e7os terceirizados para a empresa.<\/p>\n\n\n\n<p>As\npris\u00f5es ocorreram nos bairros Centro e Compensa, na Zona Oeste de Manaus.\nGabriel de Souza Moreira, 19, foi quem planejou e passou as informa\u00e7\u00f5es sobre o\nmovimento na empresa para Leandro da Silva Barbosa, 19.<\/p>\n\n\n\n<p>Pedro\nAnt\u00f4nio Nascimento, 23, e Sergio do Nascimento Batista, 21, foram os que\nentraram na empresa armados e renderam os funcion\u00e1rios que estavam na parte de\nbaixo. Eles roubaram cerca de R$ 1,7 mil e celulares. Na fuga, ele usaram um\ncarro modelo Fiat Fiesta vermelho, que estava sendo dirigido por Diego Lima de\nAra\u00fajo, 33.<\/p>\n\n\n\n<p>De\nacordo com o delegado Adriano Felix, titular da DERFD, os suspeitos foram\nidentificados ap\u00f3s as an\u00e1lises do circuito interno de seguran\u00e7a da sede do\njornal. Ele tamb\u00e9m informou que Pedro e S\u00e9rgio s\u00e3o acostumados a praticar\nroubos pela cidade. Os cinco foram atuados por roubo majorado e associa\u00e7\u00e3o\ncriminosa.<\/p>\n","protected":false},"excerpt":{"rendered":"<p>Manaus \u2013 O professor de f\u00edsica assassinado na bairro da Compensa essa manh\u00e3 de quarta-feira (16), j\u00e1 foi preso em 2016, ap\u00f3s invadir a empresa de televis\u00e3o Tv Acritica que fica na Avenida Andr\u00e9 Ara\u00fajo, bairro Aleixo. Diego Lima era motorista quando deu apoio a fuga para os criminosos que levaram celulares e aproximadamente R$ [&hellip;]<\/p>\n","protected":false},"author":5,"featured_media":1429,"comment_status":"open","ping_status":"open","sticky":true,"template":"","format":"standard","meta":{"footnotes":""},"categories":[34],"tags":[],"class_list":["post-1428","post","type-post","status-publish","format-standard","has-post-thumbnail","hentry","category-jornalismo"],"yoast_head":"<!-- This site is optimized with the Yoast SEO plugin v27.0 - https:\/\/yoast.com\/product\/yoast-seo-wordpress\/ -->\n<title>Professor assassinado na Compensa realizou assalto em 2016 na TV Acritica em Manaus. - Portal Araras de Not\u00edcias<\/title>\n<meta name=\"robots\" content=\"index, follow, max-snippet:-1, max-image-preview:large, max-video-preview:-1\" \/>\n<link rel=\"canonical\" href=\"https:\/\/portalararasdenoticias.com.br\/?p=1428\" \/>\n<meta property=\"og:locale\" content=\"pt_BR\" \/>\n<meta property=\"og:type\" content=\"article\" \/>\n<meta property=\"og:title\" content=\"Professor assassinado na Compensa realizou assalto em 2016 na TV Acritica em Manaus. - Portal Araras de Not\u00edcias\" \/>\n<meta property=\"og:description\" content=\"Manaus \u2013 O professor de f\u00edsica assassinado na bairro da Compensa essa manh\u00e3 de quarta-feira (16), j\u00e1 foi preso em 2016, ap\u00f3s invadir a empresa de televis\u00e3o Tv Acritica que fica na Avenida Andr\u00e9 Ara\u00fajo, bairro Aleixo. Diego Lima era motorista quando deu apoio a fuga para os criminosos que levaram celulares e aproximadamente R$ [&hellip;]\" \/>\n<meta property=\"og:url\" content=\"https:\/\/portalararasdenoticias.com.br\/?p=1428\" \/>\n<meta property=\"og:site_name\" content=\"Portal Araras de Not\u00edcias\" \/>\n<meta property=\"article:published_time\" content=\"2019-10-17T01:04:42+00:00\" \/>\n<meta property=\"article:modified_time\" content=\"2019-10-17T01:04:44+00:00\" \/>\n<meta property=\"og:image\" content=\"https:\/\/portalararasdenoticias.com.br\/wp-content\/uploads\/2019\/10\/8E6BED18-59C6-4A61-A184-64EA05BE67B4-e1571235188482-696x424.jpeg\" \/>\n\t<meta property=\"og:image:width\" content=\"696\" \/>\n\t<meta property=\"og:image:height\" content=\"424\" \/>\n\t<meta property=\"og:image:type\" content=\"image\/jpeg\" \/>\n<meta name=\"author\" content=\"Portal Araras de Noticias\" \/>\n<meta name=\"twitter:card\" content=\"summary_large_image\" \/>\n<meta name=\"twitter:label1\" content=\"Escrito por\" \/>\n\t<meta name=\"twitter:data1\" content=\"Portal Araras de Noticias\" \/>\n\t<meta name=\"twitter:label2\" content=\"Est. tempo de leitura\" \/>\n\t<meta name=\"twitter:data2\" content=\"1 minuto\" \/>\n<script type=\"application\/ld+json\" class=\"yoast-schema-graph\">{\"@context\":\"https:\/\/schema.org\",\"@graph\":[{\"@type\":\"Article\",\"@id\":\"https:\/\/portalararasdenoticias.com.br\/?p=1428#article\",\"isPartOf\":{\"@id\":\"https:\/\/portalararasdenoticias.com.br\/?p=1428\"},\"author\":{\"name\":\"Portal Araras de Noticias\",\"@id\":\"https:\/\/portalararasdenoticias.com.br\/#\/schema\/person\/a6190507efe29dea1049d60d05ed5c0a\"},\"headline\":\"Professor assassinado na Compensa realizou assalto em 2016 na TV Acritica em Manaus.\",\"datePublished\":\"2019-10-17T01:04:42+00:00\",\"dateModified\":\"2019-10-17T01:04:44+00:00\",\"mainEntityOfPage\":{\"@id\":\"https:\/\/portalararasdenoticias.com.br\/?p=1428\"},\"wordCount\":262,\"commentCount\":0,\"image\":{\"@id\":\"https:\/\/portalararasdenoticias.com.br\/?p=1428#primaryimage\"},\"thumbnailUrl\":\"https:\/\/portalararasdenoticias.com.br\/wp-content\/uploads\/2019\/10\/8E6BED18-59C6-4A61-A184-64EA05BE67B4-e1571235188482-696x424.jpeg\",\"articleSection\":[\"jornalismo\"],\"inLanguage\":\"pt-BR\",\"potentialAction\":[{\"@type\":\"CommentAction\",\"name\":\"Comment\",\"target\":[\"https:\/\/portalararasdenoticias.com.br\/?p=1428#respond\"]}]},{\"@type\":\"WebPage\",\"@id\":\"https:\/\/portalararasdenoticias.com.br\/?p=1428\",\"url\":\"https:\/\/portalararasdenoticias.com.br\/?p=1428\",\"name\":\"Professor assassinado na Compensa realizou assalto em 2016 na TV Acritica em Manaus. - Portal Araras de Not\u00edcias\",\"isPartOf\":{\"@id\":\"https:\/\/portalararasdenoticias.com.br\/#website\"},\"primaryImageOfPage\":{\"@id\":\"https:\/\/portalararasdenoticias.com.br\/?p=1428#primaryimage\"},\"image\":{\"@id\":\"https:\/\/portalararasdenoticias.com.br\/?p=1428#primaryimage\"},\"thumbnailUrl\":\"https:\/\/portalararasdenoticias.com.br\/wp-content\/uploads\/2019\/10\/8E6BED18-59C6-4A61-A184-64EA05BE67B4-e1571235188482-696x424.jpeg\",\"datePublished\":\"2019-10-17T01:04:42+00:00\",\"dateModified\":\"2019-10-17T01:04:44+00:00\",\"author\":{\"@id\":\"https:\/\/portalararasdenoticias.com.br\/#\/schema\/person\/a6190507efe29dea1049d60d05ed5c0a\"},\"breadcrumb\":{\"@id\":\"https:\/\/portalararasdenoticias.com.br\/?p=1428#breadcrumb\"},\"inLanguage\":\"pt-BR\",\"potentialAction\":[{\"@type\":\"ReadAction\",\"target\":[\"https:\/\/portalararasdenoticias.com.br\/?p=1428\"]}]},{\"@type\":\"ImageObject\",\"inLanguage\":\"pt-BR\",\"@id\":\"https:\/\/portalararasdenoticias.com.br\/?p=1428#primaryimage\",\"url\":\"https:\/\/portalararasdenoticias.com.br\/wp-content\/uploads\/2019\/10\/8E6BED18-59C6-4A61-A184-64EA05BE67B4-e1571235188482-696x424.jpeg\",\"contentUrl\":\"https:\/\/portalararasdenoticias.com.br\/wp-content\/uploads\/2019\/10\/8E6BED18-59C6-4A61-A184-64EA05BE67B4-e1571235188482-696x424.jpeg\",\"width\":696,\"height\":424},{\"@type\":\"BreadcrumbList\",\"@id\":\"https:\/\/portalararasdenoticias.com.br\/?p=1428#breadcrumb\",\"itemListElement\":[{\"@type\":\"ListItem\",\"position\":1,\"name\":\"In\u00edcio\",\"item\":\"https:\/\/portalararasdenoticias.com.br\/\"},{\"@type\":\"ListItem\",\"position\":2,\"name\":\"Professor assassinado na Compensa realizou assalto em 2016 na TV Acritica em Manaus.\"}]},{\"@type\":\"WebSite\",\"@id\":\"https:\/\/portalararasdenoticias.com.br\/#website\",\"url\":\"https:\/\/portalararasdenoticias.com.br\/\",\"name\":\"Portal Araras de Not\u00edcias\",\"description\":\"O Seu Portal de Not\u00edcias\",\"potentialAction\":[{\"@type\":\"SearchAction\",\"target\":{\"@type\":\"EntryPoint\",\"urlTemplate\":\"https:\/\/portalararasdenoticias.com.br\/?s={search_term_string}\"},\"query-input\":{\"@type\":\"PropertyValueSpecification\",\"valueRequired\":true,\"valueName\":\"search_term_string\"}}],\"inLanguage\":\"pt-BR\"},{\"@type\":\"Person\",\"@id\":\"https:\/\/portalararasdenoticias.com.br\/#\/schema\/person\/a6190507efe29dea1049d60d05ed5c0a\",\"name\":\"Portal Araras de Noticias\",\"image\":{\"@type\":\"ImageObject\",\"inLanguage\":\"pt-BR\",\"@id\":\"https:\/\/portalararasdenoticias.com.br\/#\/schema\/person\/image\/\",\"url\":\"https:\/\/secure.gravatar.com\/avatar\/4df7c42bc08e78bc9b6e13086fafc161bdf01220657cd93de3d828ab6c60d469?s=96&d=mm&r=g\",\"contentUrl\":\"https:\/\/secure.gravatar.com\/avatar\/4df7c42bc08e78bc9b6e13086fafc161bdf01220657cd93de3d828ab6c60d469?s=96&d=mm&r=g\",\"caption\":\"Portal Araras de Noticias\"},\"sameAs\":[\"https:\/\/portalararasdenoticias.com.br\/\"],\"url\":\"https:\/\/portalararasdenoticias.com.br\/?author=5\"}]}<\/script>\n<!-- \/ Yoast SEO plugin. -->","yoast_head_json":{"title":"Professor assassinado na Compensa realizou assalto em 2016 na TV Acritica em Manaus. - Portal Araras de Not\u00edcias","robots":{"index":"index","follow":"follow","max-snippet":"max-snippet:-1","max-image-preview":"max-image-preview:large","max-video-preview":"max-video-preview:-1"},"canonical":"https:\/\/portalararasdenoticias.com.br\/?p=1428","og_locale":"pt_BR","og_type":"article","og_title":"Professor assassinado na Compensa realizou assalto em 2016 na TV Acritica em Manaus. - Portal Araras de Not\u00edcias","og_description":"Manaus \u2013 O professor de f\u00edsica assassinado na bairro da Compensa essa manh\u00e3 de quarta-feira (16), j\u00e1 foi preso em 2016, ap\u00f3s invadir a empresa de televis\u00e3o Tv Acritica que fica na Avenida Andr\u00e9 Ara\u00fajo, bairro Aleixo. Diego Lima era motorista quando deu apoio a fuga para os criminosos que levaram celulares e aproximadamente R$ [&hellip;]","og_url":"https:\/\/portalararasdenoticias.com.br\/?p=1428","og_site_name":"Portal Araras de Not\u00edcias","article_published_time":"2019-10-17T01:04:42+00:00","article_modified_time":"2019-10-17T01:04:44+00:00","og_image":[{"width":696,"height":424,"url":"https:\/\/portalararasdenoticias.com.br\/wp-content\/uploads\/2019\/10\/8E6BED18-59C6-4A61-A184-64EA05BE67B4-e1571235188482-696x424.jpeg","type":"image\/jpeg"}],"author":"Portal Araras de Noticias","twitter_card":"summary_large_image","twitter_misc":{"Escrito por":"Portal Araras de Noticias","Est. tempo de leitura":"1 minuto"},"schema":{"@context":"https:\/\/schema.org","@graph":[{"@type":"Article","@id":"https:\/\/portalararasdenoticias.com.br\/?p=1428#article","isPartOf":{"@id":"https:\/\/portalararasdenoticias.com.br\/?p=1428"},"author":{"name":"Portal Araras de Noticias","@id":"https:\/\/portalararasdenoticias.com.br\/#\/schema\/person\/a6190507efe29dea1049d60d05ed5c0a"},"headline":"Professor assassinado na Compensa realizou assalto em 2016 na TV Acritica em Manaus.","datePublished":"2019-10-17T01:04:42+00:00","dateModified":"2019-10-17T01:04:44+00:00","mainEntityOfPage":{"@id":"https:\/\/portalararasdenoticias.com.br\/?p=1428"},"wordCount":262,"commentCount":0,"image":{"@id":"https:\/\/portalararasdenoticias.com.br\/?p=1428#primaryimage"},"thumbnailUrl":"https:\/\/portalararasdenoticias.com.br\/wp-content\/uploads\/2019\/10\/8E6BED18-59C6-4A61-A184-64EA05BE67B4-e1571235188482-696x424.jpeg","articleSection":["jornalismo"],"inLanguage":"pt-BR","potentialAction":[{"@type":"CommentAction","name":"Comment","target":["https:\/\/portalararasdenoticias.com.br\/?p=1428#respond"]}]},{"@type":"WebPage","@id":"https:\/\/portalararasdenoticias.com.br\/?p=1428","url":"https:\/\/portalararasdenoticias.com.br\/?p=1428","name":"Professor assassinado na Compensa realizou assalto em 2016 na TV Acritica em Manaus. - Portal Araras de Not\u00edcias","isPartOf":{"@id":"https:\/\/portalararasdenoticias.com.br\/#website"},"primaryImageOfPage":{"@id":"https:\/\/portalararasdenoticias.com.br\/?p=1428#primaryimage"},"image":{"@id":"https:\/\/portalararasdenoticias.com.br\/?p=1428#primaryimage"},"thumbnailUrl":"https:\/\/portalararasdenoticias.com.br\/wp-content\/uploads\/2019\/10\/8E6BED18-59C6-4A61-A184-64EA05BE67B4-e1571235188482-696x424.jpeg","datePublished":"2019-10-17T01:04:42+00:00","dateModified":"2019-10-17T01:04:44+00:00","author":{"@id":"https:\/\/portalararasdenoticias.com.br\/#\/schema\/person\/a6190507efe29dea1049d60d05ed5c0a"},"breadcrumb":{"@id":"https:\/\/portalararasdenoticias.com.br\/?p=1428#breadcrumb"},"inLanguage":"pt-BR","potentialAction":[{"@type":"ReadAction","target":["https:\/\/portalararasdenoticias.com.br\/?p=1428"]}]},{"@type":"ImageObject","inLanguage":"pt-BR","@id":"https:\/\/portalararasdenoticias.com.br\/?p=1428#primaryimage","url":"https:\/\/portalararasdenoticias.com.br\/wp-content\/uploads\/2019\/10\/8E6BED18-59C6-4A61-A184-64EA05BE67B4-e1571235188482-696x424.jpeg","contentUrl":"https:\/\/portalararasdenoticias.com.br\/wp-content\/uploads\/2019\/10\/8E6BED18-59C6-4A61-A184-64EA05BE67B4-e1571235188482-696x424.jpeg","width":696,"height":424},{"@type":"BreadcrumbList","@id":"https:\/\/portalararasdenoticias.com.br\/?p=1428#breadcrumb","itemListElement":[{"@type":"ListItem","position":1,"name":"In\u00edcio","item":"https:\/\/portalararasdenoticias.com.br\/"},{"@type":"ListItem","position":2,"name":"Professor assassinado na Compensa realizou assalto em 2016 na TV Acritica em Manaus."}]},{"@type":"WebSite","@id":"https:\/\/portalararasdenoticias.com.br\/#website","url":"https:\/\/portalararasdenoticias.com.br\/","name":"Portal Araras de Not\u00edcias","description":"O Seu Portal de Not\u00edcias","potentialAction":[{"@type":"SearchAction","target":{"@type":"EntryPoint","urlTemplate":"https:\/\/portalararasdenoticias.com.br\/?s={search_term_string}"},"query-input":{"@type":"PropertyValueSpecification","valueRequired":true,"valueName":"search_term_string"}}],"inLanguage":"pt-BR"},{"@type":"Person","@id":"https:\/\/portalararasdenoticias.com.br\/#\/schema\/person\/a6190507efe29dea1049d60d05ed5c0a","name":"Portal Araras de Noticias","image":{"@type":"ImageObject","inLanguage":"pt-BR","@id":"https:\/\/portalararasdenoticias.com.br\/#\/schema\/person\/image\/","url":"https:\/\/secure.gravatar.com\/avatar\/4df7c42bc08e78bc9b6e13086fafc161bdf01220657cd93de3d828ab6c60d469?s=96&d=mm&r=g","contentUrl":"https:\/\/secure.gravatar.com\/avatar\/4df7c42bc08e78bc9b6e13086fafc161bdf01220657cd93de3d828ab6c60d469?s=96&d=mm&r=g","caption":"Portal Araras de Noticias"},"sameAs":["https:\/\/portalararasdenoticias.com.br\/"],"url":"https:\/\/portalararasdenoticias.com.br\/?author=5"}]}},"_links":{"self":[{"href":"https:\/\/portalararasdenoticias.com.br\/index.php?rest_route=\/wp\/v2\/posts\/1428","targetHints":{"allow":["GET"]}}],"collection":[{"href":"https:\/\/portalararasdenoticias.com.br\/index.php?rest_route=\/wp\/v2\/posts"}],"about":[{"href":"https:\/\/portalararasdenoticias.com.br\/index.php?rest_route=\/wp\/v2\/types\/post"}],"author":[{"embeddable":true,"href":"https:\/\/portalararasdenoticias.com.br\/index.php?rest_route=\/wp\/v2\/users\/5"}],"replies":[{"embeddable":true,"href":"https:\/\/portalararasdenoticias.com.br\/index.php?rest_route=%2Fwp%2Fv2%2Fcomments&post=1428"}],"version-history":[{"count":1,"href":"https:\/\/portalararasdenoticias.com.br\/index.php?rest_route=\/wp\/v2\/posts\/1428\/revisions"}],"predecessor-version":[{"id":1431,"href":"https:\/\/portalararasdenoticias.com.br\/index.php?rest_route=\/wp\/v2\/posts\/1428\/revisions\/1431"}],"wp:featuredmedia":[{"embeddable":true,"href":"https:\/\/portalararasdenoticias.com.br\/index.php?rest_route=\/wp\/v2\/media\/1429"}],"wp:attachment":[{"href":"https:\/\/portalararasdenoticias.com.br\/index.php?rest_route=%2Fwp%2Fv2%2Fmedia&parent=1428"}],"wp:term":[{"taxonomy":"category","embeddable":true,"href":"https:\/\/portalararasdenoticias.com.br\/index.php?rest_route=%2Fwp%2Fv2%2Fcategories&post=1428"},{"taxonomy":"post_tag","embeddable":true,"href":"https:\/\/portalararasdenoticias.com.br\/index.php?rest_route=%2Fwp%2Fv2%2Ftags&post=1428"}],"curies":[{"name":"wp","href":"https:\/\/api.w.org\/{rel}","templated":true}]}}