{"id":1553,"date":"2019-11-17T23:10:10","date_gmt":"2019-11-18T02:10:10","guid":{"rendered":"http:\/\/portalararasdenoticias.com.br\/?p=1553"},"modified":"2019-11-17T23:10:14","modified_gmt":"2019-11-18T02:10:14","slug":"criminosos-voltaram-ao-local-da-chacina-em-manaus-para-conferir-se-familia-morreu","status":"publish","type":"post","link":"https:\/\/portalararasdenoticias.com.br\/?p=1553","title":{"rendered":"Criminosos voltaram ao local da chacina em Manaus para \u2018conferir\u2019 se fam\u00edlia morreu."},"content":{"rendered":"\n<figure class=\"wp-block-image\"><img loading=\"lazy\" decoding=\"async\" width=\"298\" height=\"169\" src=\"http:\/\/portalararasdenoticias.com.br\/wp-content\/uploads\/2019\/11\/download-6.jpg\" alt=\"\" class=\"wp-image-1554\"\/><\/figure>\n\n\n\n<p><strong>Criminosos voltaram ao local da chacina em Manaus para \u2018conferir\u2019 se\nfam\u00edlia morreu.<\/strong><\/p>\n\n\n\n<p>Fam\u00edliares dos mortos ainda tem medo de que outro ataque aconte\u00e7a, isso\nporque segundo uma mulher que n\u00e3o quis se identificar, disse que ap\u00f3s o crime,\nsuas sobrinhas viram dois homens em uma moto se aproximarem da casa e gritarem:\n\u201cAinda tem algu\u00e9m vivo a\u00ed dentro dessa casa?\u201d, mas que elas se esconderam e\nforam embora.<br>\n<br>\n<\/p>\n\n\n\n<p>Um\ndos familiares que estava na casa no momento do crime, mas n\u00e3o foi atingido,\nretornou \u00e0 casa para buscar roupas de um dos netos e disse que n\u00e3o pretende\nmais permanecer no local.<\/p>\n","protected":false},"excerpt":{"rendered":"<p>Criminosos voltaram ao local da chacina em Manaus para \u2018conferir\u2019 se fam\u00edlia morreu. Fam\u00edliares dos mortos ainda tem medo de que outro ataque aconte\u00e7a, isso porque segundo uma mulher que n\u00e3o quis se identificar, disse que ap\u00f3s o crime, suas sobrinhas viram dois homens em uma moto se aproximarem da casa e gritarem: \u201cAinda tem [&hellip;]<\/p>\n","protected":false},"author":5,"featured_media":0,"comment_status":"open","ping_status":"open","sticky":false,"template":"","format":"standard","meta":{"footnotes":""},"categories":[34],"tags":[],"class_list":["post-1553","post","type-post","status-publish","format-standard","hentry","category-jornalismo"],"yoast_head":"<!-- This site is optimized with the Yoast SEO plugin v27.0 - https:\/\/yoast.com\/product\/yoast-seo-wordpress\/ -->\n<title>Criminosos voltaram ao local da chacina em Manaus para \u2018conferir\u2019 se fam\u00edlia morreu. - Portal Araras de Not\u00edcias<\/title>\n<meta name=\"robots\" content=\"index, follow, max-snippet:-1, max-image-preview:large, max-video-preview:-1\" \/>\n<link rel=\"canonical\" href=\"https:\/\/portalararasdenoticias.com.br\/?p=1553\" \/>\n<meta property=\"og:locale\" content=\"pt_BR\" \/>\n<meta property=\"og:type\" content=\"article\" \/>\n<meta property=\"og:title\" content=\"Criminosos voltaram ao local da chacina em Manaus para \u2018conferir\u2019 se fam\u00edlia morreu. - Portal Araras de Not\u00edcias\" \/>\n<meta property=\"og:description\" content=\"Criminosos voltaram ao local da chacina em Manaus para \u2018conferir\u2019 se fam\u00edlia morreu. Fam\u00edliares dos mortos ainda tem medo de que outro ataque aconte\u00e7a, isso porque segundo uma mulher que n\u00e3o quis se identificar, disse que ap\u00f3s o crime, suas sobrinhas viram dois homens em uma moto se aproximarem da casa e gritarem: \u201cAinda tem [&hellip;]\" \/>\n<meta property=\"og:url\" content=\"https:\/\/portalararasdenoticias.com.br\/?p=1553\" \/>\n<meta property=\"og:site_name\" content=\"Portal Araras de Not\u00edcias\" \/>\n<meta property=\"article:published_time\" content=\"2019-11-18T02:10:10+00:00\" \/>\n<meta property=\"article:modified_time\" content=\"2019-11-18T02:10:14+00:00\" \/>\n<meta property=\"og:image\" content=\"http:\/\/portalararasdenoticias.com.br\/wp-content\/uploads\/2019\/11\/download-6.jpg\" \/>\n<meta name=\"author\" content=\"Portal Araras de Noticias\" \/>\n<meta name=\"twitter:card\" content=\"summary_large_image\" \/>\n<meta name=\"twitter:label1\" content=\"Escrito por\" \/>\n\t<meta name=\"twitter:data1\" content=\"Portal Araras de Noticias\" \/>\n\t<meta name=\"twitter:label2\" content=\"Est. tempo de leitura\" \/>\n\t<meta name=\"twitter:data2\" content=\"1 minuto\" \/>\n<script type=\"application\/ld+json\" class=\"yoast-schema-graph\">{\"@context\":\"https:\/\/schema.org\",\"@graph\":[{\"@type\":\"Article\",\"@id\":\"https:\/\/portalararasdenoticias.com.br\/?p=1553#article\",\"isPartOf\":{\"@id\":\"https:\/\/portalararasdenoticias.com.br\/?p=1553\"},\"author\":{\"name\":\"Portal Araras de Noticias\",\"@id\":\"https:\/\/portalararasdenoticias.com.br\/#\/schema\/person\/a6190507efe29dea1049d60d05ed5c0a\"},\"headline\":\"Criminosos voltaram ao local da chacina em Manaus para \u2018conferir\u2019 se fam\u00edlia morreu.\",\"datePublished\":\"2019-11-18T02:10:10+00:00\",\"dateModified\":\"2019-11-18T02:10:14+00:00\",\"mainEntityOfPage\":{\"@id\":\"https:\/\/portalararasdenoticias.com.br\/?p=1553\"},\"wordCount\":124,\"commentCount\":0,\"image\":{\"@id\":\"https:\/\/portalararasdenoticias.com.br\/?p=1553#primaryimage\"},\"thumbnailUrl\":\"http:\/\/portalararasdenoticias.com.br\/wp-content\/uploads\/2019\/11\/download-6.jpg\",\"articleSection\":[\"jornalismo\"],\"inLanguage\":\"pt-BR\",\"potentialAction\":[{\"@type\":\"CommentAction\",\"name\":\"Comment\",\"target\":[\"https:\/\/portalararasdenoticias.com.br\/?p=1553#respond\"]}]},{\"@type\":\"WebPage\",\"@id\":\"https:\/\/portalararasdenoticias.com.br\/?p=1553\",\"url\":\"https:\/\/portalararasdenoticias.com.br\/?p=1553\",\"name\":\"Criminosos voltaram ao local da chacina em Manaus para \u2018conferir\u2019 se fam\u00edlia morreu. - Portal Araras de Not\u00edcias\",\"isPartOf\":{\"@id\":\"https:\/\/portalararasdenoticias.com.br\/#website\"},\"primaryImageOfPage\":{\"@id\":\"https:\/\/portalararasdenoticias.com.br\/?p=1553#primaryimage\"},\"image\":{\"@id\":\"https:\/\/portalararasdenoticias.com.br\/?p=1553#primaryimage\"},\"thumbnailUrl\":\"http:\/\/portalararasdenoticias.com.br\/wp-content\/uploads\/2019\/11\/download-6.jpg\",\"datePublished\":\"2019-11-18T02:10:10+00:00\",\"dateModified\":\"2019-11-18T02:10:14+00:00\",\"author\":{\"@id\":\"https:\/\/portalararasdenoticias.com.br\/#\/schema\/person\/a6190507efe29dea1049d60d05ed5c0a\"},\"breadcrumb\":{\"@id\":\"https:\/\/portalararasdenoticias.com.br\/?p=1553#breadcrumb\"},\"inLanguage\":\"pt-BR\",\"potentialAction\":[{\"@type\":\"ReadAction\",\"target\":[\"https:\/\/portalararasdenoticias.com.br\/?p=1553\"]}]},{\"@type\":\"ImageObject\",\"inLanguage\":\"pt-BR\",\"@id\":\"https:\/\/portalararasdenoticias.com.br\/?p=1553#primaryimage\",\"url\":\"https:\/\/portalararasdenoticias.com.br\/wp-content\/uploads\/2019\/11\/download-6.jpg\",\"contentUrl\":\"https:\/\/portalararasdenoticias.com.br\/wp-content\/uploads\/2019\/11\/download-6.jpg\",\"width\":298,\"height\":169},{\"@type\":\"BreadcrumbList\",\"@id\":\"https:\/\/portalararasdenoticias.com.br\/?p=1553#breadcrumb\",\"itemListElement\":[{\"@type\":\"ListItem\",\"position\":1,\"name\":\"In\u00edcio\",\"item\":\"https:\/\/portalararasdenoticias.com.br\/\"},{\"@type\":\"ListItem\",\"position\":2,\"name\":\"Criminosos voltaram ao local da chacina em Manaus para \u2018conferir\u2019 se fam\u00edlia morreu.\"}]},{\"@type\":\"WebSite\",\"@id\":\"https:\/\/portalararasdenoticias.com.br\/#website\",\"url\":\"https:\/\/portalararasdenoticias.com.br\/\",\"name\":\"Portal Araras de Not\u00edcias\",\"description\":\"O Seu Portal de Not\u00edcias\",\"potentialAction\":[{\"@type\":\"SearchAction\",\"target\":{\"@type\":\"EntryPoint\",\"urlTemplate\":\"https:\/\/portalararasdenoticias.com.br\/?s={search_term_string}\"},\"query-input\":{\"@type\":\"PropertyValueSpecification\",\"valueRequired\":true,\"valueName\":\"search_term_string\"}}],\"inLanguage\":\"pt-BR\"},{\"@type\":\"Person\",\"@id\":\"https:\/\/portalararasdenoticias.com.br\/#\/schema\/person\/a6190507efe29dea1049d60d05ed5c0a\",\"name\":\"Portal Araras de Noticias\",\"image\":{\"@type\":\"ImageObject\",\"inLanguage\":\"pt-BR\",\"@id\":\"https:\/\/portalararasdenoticias.com.br\/#\/schema\/person\/image\/\",\"url\":\"https:\/\/secure.gravatar.com\/avatar\/4df7c42bc08e78bc9b6e13086fafc161bdf01220657cd93de3d828ab6c60d469?s=96&d=mm&r=g\",\"contentUrl\":\"https:\/\/secure.gravatar.com\/avatar\/4df7c42bc08e78bc9b6e13086fafc161bdf01220657cd93de3d828ab6c60d469?s=96&d=mm&r=g\",\"caption\":\"Portal Araras de Noticias\"},\"sameAs\":[\"https:\/\/portalararasdenoticias.com.br\/\"],\"url\":\"https:\/\/portalararasdenoticias.com.br\/?author=5\"}]}<\/script>\n<!-- \/ Yoast SEO plugin. -->","yoast_head_json":{"title":"Criminosos voltaram ao local da chacina em Manaus para \u2018conferir\u2019 se fam\u00edlia morreu. - Portal Araras de Not\u00edcias","robots":{"index":"index","follow":"follow","max-snippet":"max-snippet:-1","max-image-preview":"max-image-preview:large","max-video-preview":"max-video-preview:-1"},"canonical":"https:\/\/portalararasdenoticias.com.br\/?p=1553","og_locale":"pt_BR","og_type":"article","og_title":"Criminosos voltaram ao local da chacina em Manaus para \u2018conferir\u2019 se fam\u00edlia morreu. - Portal Araras de Not\u00edcias","og_description":"Criminosos voltaram ao local da chacina em Manaus para \u2018conferir\u2019 se fam\u00edlia morreu. Fam\u00edliares dos mortos ainda tem medo de que outro ataque aconte\u00e7a, isso porque segundo uma mulher que n\u00e3o quis se identificar, disse que ap\u00f3s o crime, suas sobrinhas viram dois homens em uma moto se aproximarem da casa e gritarem: \u201cAinda tem [&hellip;]","og_url":"https:\/\/portalararasdenoticias.com.br\/?p=1553","og_site_name":"Portal Araras de Not\u00edcias","article_published_time":"2019-11-18T02:10:10+00:00","article_modified_time":"2019-11-18T02:10:14+00:00","og_image":[{"url":"http:\/\/portalararasdenoticias.com.br\/wp-content\/uploads\/2019\/11\/download-6.jpg","type":"","width":"","height":""}],"author":"Portal Araras de Noticias","twitter_card":"summary_large_image","twitter_misc":{"Escrito por":"Portal Araras de Noticias","Est. tempo de leitura":"1 minuto"},"schema":{"@context":"https:\/\/schema.org","@graph":[{"@type":"Article","@id":"https:\/\/portalararasdenoticias.com.br\/?p=1553#article","isPartOf":{"@id":"https:\/\/portalararasdenoticias.com.br\/?p=1553"},"author":{"name":"Portal Araras de Noticias","@id":"https:\/\/portalararasdenoticias.com.br\/#\/schema\/person\/a6190507efe29dea1049d60d05ed5c0a"},"headline":"Criminosos voltaram ao local da chacina em Manaus para \u2018conferir\u2019 se fam\u00edlia morreu.","datePublished":"2019-11-18T02:10:10+00:00","dateModified":"2019-11-18T02:10:14+00:00","mainEntityOfPage":{"@id":"https:\/\/portalararasdenoticias.com.br\/?p=1553"},"wordCount":124,"commentCount":0,"image":{"@id":"https:\/\/portalararasdenoticias.com.br\/?p=1553#primaryimage"},"thumbnailUrl":"http:\/\/portalararasdenoticias.com.br\/wp-content\/uploads\/2019\/11\/download-6.jpg","articleSection":["jornalismo"],"inLanguage":"pt-BR","potentialAction":[{"@type":"CommentAction","name":"Comment","target":["https:\/\/portalararasdenoticias.com.br\/?p=1553#respond"]}]},{"@type":"WebPage","@id":"https:\/\/portalararasdenoticias.com.br\/?p=1553","url":"https:\/\/portalararasdenoticias.com.br\/?p=1553","name":"Criminosos voltaram ao local da chacina em Manaus para \u2018conferir\u2019 se fam\u00edlia morreu. - Portal Araras de Not\u00edcias","isPartOf":{"@id":"https:\/\/portalararasdenoticias.com.br\/#website"},"primaryImageOfPage":{"@id":"https:\/\/portalararasdenoticias.com.br\/?p=1553#primaryimage"},"image":{"@id":"https:\/\/portalararasdenoticias.com.br\/?p=1553#primaryimage"},"thumbnailUrl":"http:\/\/portalararasdenoticias.com.br\/wp-content\/uploads\/2019\/11\/download-6.jpg","datePublished":"2019-11-18T02:10:10+00:00","dateModified":"2019-11-18T02:10:14+00:00","author":{"@id":"https:\/\/portalararasdenoticias.com.br\/#\/schema\/person\/a6190507efe29dea1049d60d05ed5c0a"},"breadcrumb":{"@id":"https:\/\/portalararasdenoticias.com.br\/?p=1553#breadcrumb"},"inLanguage":"pt-BR","potentialAction":[{"@type":"ReadAction","target":["https:\/\/portalararasdenoticias.com.br\/?p=1553"]}]},{"@type":"ImageObject","inLanguage":"pt-BR","@id":"https:\/\/portalararasdenoticias.com.br\/?p=1553#primaryimage","url":"https:\/\/portalararasdenoticias.com.br\/wp-content\/uploads\/2019\/11\/download-6.jpg","contentUrl":"https:\/\/portalararasdenoticias.com.br\/wp-content\/uploads\/2019\/11\/download-6.jpg","width":298,"height":169},{"@type":"BreadcrumbList","@id":"https:\/\/portalararasdenoticias.com.br\/?p=1553#breadcrumb","itemListElement":[{"@type":"ListItem","position":1,"name":"In\u00edcio","item":"https:\/\/portalararasdenoticias.com.br\/"},{"@type":"ListItem","position":2,"name":"Criminosos voltaram ao local da chacina em Manaus para \u2018conferir\u2019 se fam\u00edlia morreu."}]},{"@type":"WebSite","@id":"https:\/\/portalararasdenoticias.com.br\/#website","url":"https:\/\/portalararasdenoticias.com.br\/","name":"Portal Araras de Not\u00edcias","description":"O Seu Portal de Not\u00edcias","potentialAction":[{"@type":"SearchAction","target":{"@type":"EntryPoint","urlTemplate":"https:\/\/portalararasdenoticias.com.br\/?s={search_term_string}"},"query-input":{"@type":"PropertyValueSpecification","valueRequired":true,"valueName":"search_term_string"}}],"inLanguage":"pt-BR"},{"@type":"Person","@id":"https:\/\/portalararasdenoticias.com.br\/#\/schema\/person\/a6190507efe29dea1049d60d05ed5c0a","name":"Portal Araras de Noticias","image":{"@type":"ImageObject","inLanguage":"pt-BR","@id":"https:\/\/portalararasdenoticias.com.br\/#\/schema\/person\/image\/","url":"https:\/\/secure.gravatar.com\/avatar\/4df7c42bc08e78bc9b6e13086fafc161bdf01220657cd93de3d828ab6c60d469?s=96&d=mm&r=g","contentUrl":"https:\/\/secure.gravatar.com\/avatar\/4df7c42bc08e78bc9b6e13086fafc161bdf01220657cd93de3d828ab6c60d469?s=96&d=mm&r=g","caption":"Portal Araras de Noticias"},"sameAs":["https:\/\/portalararasdenoticias.com.br\/"],"url":"https:\/\/portalararasdenoticias.com.br\/?author=5"}]}},"_links":{"self":[{"href":"https:\/\/portalararasdenoticias.com.br\/index.php?rest_route=\/wp\/v2\/posts\/1553","targetHints":{"allow":["GET"]}}],"collection":[{"href":"https:\/\/portalararasdenoticias.com.br\/index.php?rest_route=\/wp\/v2\/posts"}],"about":[{"href":"https:\/\/portalararasdenoticias.com.br\/index.php?rest_route=\/wp\/v2\/types\/post"}],"author":[{"embeddable":true,"href":"https:\/\/portalararasdenoticias.com.br\/index.php?rest_route=\/wp\/v2\/users\/5"}],"replies":[{"embeddable":true,"href":"https:\/\/portalararasdenoticias.com.br\/index.php?rest_route=%2Fwp%2Fv2%2Fcomments&post=1553"}],"version-history":[{"count":1,"href":"https:\/\/portalararasdenoticias.com.br\/index.php?rest_route=\/wp\/v2\/posts\/1553\/revisions"}],"predecessor-version":[{"id":1555,"href":"https:\/\/portalararasdenoticias.com.br\/index.php?rest_route=\/wp\/v2\/posts\/1553\/revisions\/1555"}],"wp:attachment":[{"href":"https:\/\/portalararasdenoticias.com.br\/index.php?rest_route=%2Fwp%2Fv2%2Fmedia&parent=1553"}],"wp:term":[{"taxonomy":"category","embeddable":true,"href":"https:\/\/portalararasdenoticias.com.br\/index.php?rest_route=%2Fwp%2Fv2%2Fcategories&post=1553"},{"taxonomy":"post_tag","embeddable":true,"href":"https:\/\/portalararasdenoticias.com.br\/index.php?rest_route=%2Fwp%2Fv2%2Ftags&post=1553"}],"curies":[{"name":"wp","href":"https:\/\/api.w.org\/{rel}","templated":true}]}}