{"id":1570,"date":"2019-11-20T09:17:50","date_gmt":"2019-11-20T12:17:50","guid":{"rendered":"http:\/\/portalararasdenoticias.com.br\/?p=1570"},"modified":"2019-11-20T09:17:52","modified_gmt":"2019-11-20T12:17:52","slug":"dia-nacional-da-consciencia-negra-a-luta-continua","status":"publish","type":"post","link":"https:\/\/portalararasdenoticias.com.br\/?p=1570","title":{"rendered":"Dia Nacional da Consci\u00eancia Negra- a Luta continua!"},"content":{"rendered":"\n<figure class=\"wp-block-image\"><img loading=\"lazy\" decoding=\"async\" width=\"283\" height=\"178\" src=\"http:\/\/portalararasdenoticias.com.br\/wp-content\/uploads\/2019\/11\/images-1.jpg\" alt=\"\" class=\"wp-image-1571\"\/><\/figure>\n\n\n\n<figure class=\"wp-block-image\"><img loading=\"lazy\" decoding=\"async\" width=\"472\" height=\"332\" src=\"http:\/\/portalararasdenoticias.com.br\/wp-content\/uploads\/2019\/11\/8410140223_3cfe492621_z71138.jpg\" alt=\"\" class=\"wp-image-1572\" srcset=\"https:\/\/portalararasdenoticias.com.br\/wp-content\/uploads\/2019\/11\/8410140223_3cfe492621_z71138.jpg 472w, https:\/\/portalararasdenoticias.com.br\/wp-content\/uploads\/2019\/11\/8410140223_3cfe492621_z71138-300x211.jpg 300w\" sizes=\"auto, (max-width: 472px) 100vw, 472px\" \/><\/figure>\n\n\n\n<figure class=\"wp-block-image\"><img loading=\"lazy\" decoding=\"async\" width=\"1024\" height=\"576\" src=\"http:\/\/portalararasdenoticias.com.br\/wp-content\/uploads\/2019\/11\/consciencia-negra-zumbi-palmares-rj-20121120-01-original-1024x576.jpeg\" alt=\"\" class=\"wp-image-1573\" srcset=\"https:\/\/portalararasdenoticias.com.br\/wp-content\/uploads\/2019\/11\/consciencia-negra-zumbi-palmares-rj-20121120-01-original-1024x576.jpeg 1024w, https:\/\/portalararasdenoticias.com.br\/wp-content\/uploads\/2019\/11\/consciencia-negra-zumbi-palmares-rj-20121120-01-original-300x169.jpeg 300w, https:\/\/portalararasdenoticias.com.br\/wp-content\/uploads\/2019\/11\/consciencia-negra-zumbi-palmares-rj-20121120-01-original-768x432.jpeg 768w, https:\/\/portalararasdenoticias.com.br\/wp-content\/uploads\/2019\/11\/consciencia-negra-zumbi-palmares-rj-20121120-01-original.jpeg 1040w\" sizes=\"auto, (max-width: 1024px) 100vw, 1024px\" \/><\/figure>\n\n\n\n<figure class=\"wp-block-image\"><img loading=\"lazy\" decoding=\"async\" width=\"655\" height=\"393\" src=\"http:\/\/portalararasdenoticias.com.br\/wp-content\/uploads\/2019\/11\/negro-brasil_c.jpg\" alt=\"\" class=\"wp-image-1574\" srcset=\"https:\/\/portalararasdenoticias.com.br\/wp-content\/uploads\/2019\/11\/negro-brasil_c.jpg 655w, https:\/\/portalararasdenoticias.com.br\/wp-content\/uploads\/2019\/11\/negro-brasil_c-300x180.jpg 300w\" sizes=\"auto, (max-width: 655px) 100vw, 655px\" \/><\/figure>\n\n\n\n<p>Hoje, 20\/11, comemora-se o Dia\nNacional da Consci\u00eancia Negra. A data \u00e9 celebrada em mem\u00f3ria de Zumbi dos\nPalmares, um guerreiro e l\u00edder comunit\u00e1rio que lutou incansavelmente, contra a\nescravid\u00e3o no Brasil.<\/p>\n\n\n\n<p>Zumbi,\npalavra africana que significa \u201cespectro\u201d e \u201cfantasma\u201d, foi o \u00faltimo l\u00edder do\nQuilombo dos Palmares, considerado o maior quilombo do per\u00edodo colonial e\ncom uma popula\u00e7\u00e3o estimada em 30 mil habitantes.<\/p>\n\n\n\n<p>Palmares\nfoi uma comunidade formada por escravos negros que conseguiam escapar das\nfazendas, pris\u00f5es e senzalas. Ap\u00f3s 15 anos comandando o quilombo, contra a\nopress\u00e3o da Coroa Portuguesa, Zumbi foi capturado e morto em 20 de novembro de\n1695.<\/p>\n\n\n\n<p>S\u00e9culos\nmais tarde, o quilombo deu lugar \u00e0 cidade Uni\u00e3o dos Palmares, no estado de\nAlagoas, tamb\u00e9m conhecida por \u201cA Terra da Liberdade\u201d. A cidade \u00e9 considerada um\ns\u00edmbolo vivo de resist\u00eancia e seus descendentes preservam, at\u00e9 hoje, a hist\u00f3ria\ne a mem\u00f3ria de quem lutou at\u00e9 os \u00faltimos momentos de sua vida por liberdade:\nZumbi!<\/p>\n\n\n\n<p>Seguimos,\nportanto,&nbsp;<a href=\"https:\/\/www.facebook.com\/hashtag\/semprenaluta\">#semprenaluta<\/a>&nbsp;e com muita firmeza, o\ncaminho aberto e trilhado por Zumbi dos Palmares: Por uma sociedade mais justa e\ndo exerc\u00edcio da cidadania! Por respeito e direitos humanos ao povo negro!\nContra o retrocesso! Contra o racismo! Viva Zumbi!<\/p>\n","protected":false},"excerpt":{"rendered":"<p>Hoje, 20\/11, comemora-se o Dia Nacional da Consci\u00eancia Negra. A data \u00e9 celebrada em mem\u00f3ria de Zumbi dos Palmares, um guerreiro e l\u00edder comunit\u00e1rio que lutou incansavelmente, contra a escravid\u00e3o no Brasil. Zumbi, palavra africana que significa \u201cespectro\u201d e \u201cfantasma\u201d, foi o \u00faltimo l\u00edder do Quilombo dos Palmares, considerado o maior quilombo do per\u00edodo colonial [&hellip;]<\/p>\n","protected":false},"author":5,"featured_media":1573,"comment_status":"open","ping_status":"open","sticky":true,"template":"","format":"standard","meta":{"footnotes":""},"categories":[34],"tags":[],"class_list":["post-1570","post","type-post","status-publish","format-standard","has-post-thumbnail","hentry","category-jornalismo"],"yoast_head":"<!-- This site is optimized with the Yoast SEO plugin v27.0 - https:\/\/yoast.com\/product\/yoast-seo-wordpress\/ -->\n<title>Dia Nacional da Consci\u00eancia Negra- a Luta continua! - Portal Araras de Not\u00edcias<\/title>\n<meta name=\"robots\" content=\"index, follow, max-snippet:-1, max-image-preview:large, max-video-preview:-1\" \/>\n<link rel=\"canonical\" href=\"https:\/\/portalararasdenoticias.com.br\/?p=1570\" \/>\n<meta property=\"og:locale\" content=\"pt_BR\" \/>\n<meta property=\"og:type\" content=\"article\" \/>\n<meta property=\"og:title\" content=\"Dia Nacional da Consci\u00eancia Negra- a Luta continua! - Portal Araras de Not\u00edcias\" \/>\n<meta property=\"og:description\" content=\"Hoje, 20\/11, comemora-se o Dia Nacional da Consci\u00eancia Negra. A data \u00e9 celebrada em mem\u00f3ria de Zumbi dos Palmares, um guerreiro e l\u00edder comunit\u00e1rio que lutou incansavelmente, contra a escravid\u00e3o no Brasil. Zumbi, palavra africana que significa \u201cespectro\u201d e \u201cfantasma\u201d, foi o \u00faltimo l\u00edder do Quilombo dos Palmares, considerado o maior quilombo do per\u00edodo colonial [&hellip;]\" \/>\n<meta property=\"og:url\" content=\"https:\/\/portalararasdenoticias.com.br\/?p=1570\" \/>\n<meta property=\"og:site_name\" content=\"Portal Araras de Not\u00edcias\" \/>\n<meta property=\"article:published_time\" content=\"2019-11-20T12:17:50+00:00\" \/>\n<meta property=\"article:modified_time\" content=\"2019-11-20T12:17:52+00:00\" \/>\n<meta property=\"og:image\" content=\"https:\/\/portalararasdenoticias.com.br\/wp-content\/uploads\/2019\/11\/consciencia-negra-zumbi-palmares-rj-20121120-01-original.jpeg\" \/>\n\t<meta property=\"og:image:width\" content=\"1040\" \/>\n\t<meta property=\"og:image:height\" content=\"585\" \/>\n\t<meta property=\"og:image:type\" content=\"image\/jpeg\" \/>\n<meta name=\"author\" content=\"Portal Araras de Noticias\" \/>\n<meta name=\"twitter:card\" content=\"summary_large_image\" \/>\n<meta name=\"twitter:label1\" content=\"Escrito por\" \/>\n\t<meta name=\"twitter:data1\" content=\"Portal Araras de Noticias\" \/>\n\t<meta name=\"twitter:label2\" content=\"Est. tempo de leitura\" \/>\n\t<meta name=\"twitter:data2\" content=\"1 minuto\" \/>\n<script type=\"application\/ld+json\" class=\"yoast-schema-graph\">{\"@context\":\"https:\/\/schema.org\",\"@graph\":[{\"@type\":\"Article\",\"@id\":\"https:\/\/portalararasdenoticias.com.br\/?p=1570#article\",\"isPartOf\":{\"@id\":\"https:\/\/portalararasdenoticias.com.br\/?p=1570\"},\"author\":{\"name\":\"Portal Araras de Noticias\",\"@id\":\"https:\/\/portalararasdenoticias.com.br\/#\/schema\/person\/a6190507efe29dea1049d60d05ed5c0a\"},\"headline\":\"Dia Nacional da Consci\u00eancia Negra- a Luta continua!\",\"datePublished\":\"2019-11-20T12:17:50+00:00\",\"dateModified\":\"2019-11-20T12:17:52+00:00\",\"mainEntityOfPage\":{\"@id\":\"https:\/\/portalararasdenoticias.com.br\/?p=1570\"},\"wordCount\":223,\"commentCount\":0,\"image\":{\"@id\":\"https:\/\/portalararasdenoticias.com.br\/?p=1570#primaryimage\"},\"thumbnailUrl\":\"https:\/\/portalararasdenoticias.com.br\/wp-content\/uploads\/2019\/11\/consciencia-negra-zumbi-palmares-rj-20121120-01-original.jpeg\",\"articleSection\":[\"jornalismo\"],\"inLanguage\":\"pt-BR\",\"potentialAction\":[{\"@type\":\"CommentAction\",\"name\":\"Comment\",\"target\":[\"https:\/\/portalararasdenoticias.com.br\/?p=1570#respond\"]}]},{\"@type\":\"WebPage\",\"@id\":\"https:\/\/portalararasdenoticias.com.br\/?p=1570\",\"url\":\"https:\/\/portalararasdenoticias.com.br\/?p=1570\",\"name\":\"Dia Nacional da Consci\u00eancia Negra- a Luta continua! - Portal Araras de Not\u00edcias\",\"isPartOf\":{\"@id\":\"https:\/\/portalararasdenoticias.com.br\/#website\"},\"primaryImageOfPage\":{\"@id\":\"https:\/\/portalararasdenoticias.com.br\/?p=1570#primaryimage\"},\"image\":{\"@id\":\"https:\/\/portalararasdenoticias.com.br\/?p=1570#primaryimage\"},\"thumbnailUrl\":\"https:\/\/portalararasdenoticias.com.br\/wp-content\/uploads\/2019\/11\/consciencia-negra-zumbi-palmares-rj-20121120-01-original.jpeg\",\"datePublished\":\"2019-11-20T12:17:50+00:00\",\"dateModified\":\"2019-11-20T12:17:52+00:00\",\"author\":{\"@id\":\"https:\/\/portalararasdenoticias.com.br\/#\/schema\/person\/a6190507efe29dea1049d60d05ed5c0a\"},\"breadcrumb\":{\"@id\":\"https:\/\/portalararasdenoticias.com.br\/?p=1570#breadcrumb\"},\"inLanguage\":\"pt-BR\",\"potentialAction\":[{\"@type\":\"ReadAction\",\"target\":[\"https:\/\/portalararasdenoticias.com.br\/?p=1570\"]}]},{\"@type\":\"ImageObject\",\"inLanguage\":\"pt-BR\",\"@id\":\"https:\/\/portalararasdenoticias.com.br\/?p=1570#primaryimage\",\"url\":\"https:\/\/portalararasdenoticias.com.br\/wp-content\/uploads\/2019\/11\/consciencia-negra-zumbi-palmares-rj-20121120-01-original.jpeg\",\"contentUrl\":\"https:\/\/portalararasdenoticias.com.br\/wp-content\/uploads\/2019\/11\/consciencia-negra-zumbi-palmares-rj-20121120-01-original.jpeg\",\"width\":1040,\"height\":585},{\"@type\":\"BreadcrumbList\",\"@id\":\"https:\/\/portalararasdenoticias.com.br\/?p=1570#breadcrumb\",\"itemListElement\":[{\"@type\":\"ListItem\",\"position\":1,\"name\":\"In\u00edcio\",\"item\":\"https:\/\/portalararasdenoticias.com.br\/\"},{\"@type\":\"ListItem\",\"position\":2,\"name\":\"Dia Nacional da Consci\u00eancia Negra- a Luta continua!\"}]},{\"@type\":\"WebSite\",\"@id\":\"https:\/\/portalararasdenoticias.com.br\/#website\",\"url\":\"https:\/\/portalararasdenoticias.com.br\/\",\"name\":\"Portal Araras de Not\u00edcias\",\"description\":\"O Seu Portal de Not\u00edcias\",\"potentialAction\":[{\"@type\":\"SearchAction\",\"target\":{\"@type\":\"EntryPoint\",\"urlTemplate\":\"https:\/\/portalararasdenoticias.com.br\/?s={search_term_string}\"},\"query-input\":{\"@type\":\"PropertyValueSpecification\",\"valueRequired\":true,\"valueName\":\"search_term_string\"}}],\"inLanguage\":\"pt-BR\"},{\"@type\":\"Person\",\"@id\":\"https:\/\/portalararasdenoticias.com.br\/#\/schema\/person\/a6190507efe29dea1049d60d05ed5c0a\",\"name\":\"Portal Araras de Noticias\",\"image\":{\"@type\":\"ImageObject\",\"inLanguage\":\"pt-BR\",\"@id\":\"https:\/\/portalararasdenoticias.com.br\/#\/schema\/person\/image\/\",\"url\":\"https:\/\/secure.gravatar.com\/avatar\/4df7c42bc08e78bc9b6e13086fafc161bdf01220657cd93de3d828ab6c60d469?s=96&d=mm&r=g\",\"contentUrl\":\"https:\/\/secure.gravatar.com\/avatar\/4df7c42bc08e78bc9b6e13086fafc161bdf01220657cd93de3d828ab6c60d469?s=96&d=mm&r=g\",\"caption\":\"Portal Araras de Noticias\"},\"sameAs\":[\"https:\/\/portalararasdenoticias.com.br\/\"],\"url\":\"https:\/\/portalararasdenoticias.com.br\/?author=5\"}]}<\/script>\n<!-- \/ Yoast SEO plugin. -->","yoast_head_json":{"title":"Dia Nacional da Consci\u00eancia Negra- a Luta continua! - Portal Araras de Not\u00edcias","robots":{"index":"index","follow":"follow","max-snippet":"max-snippet:-1","max-image-preview":"max-image-preview:large","max-video-preview":"max-video-preview:-1"},"canonical":"https:\/\/portalararasdenoticias.com.br\/?p=1570","og_locale":"pt_BR","og_type":"article","og_title":"Dia Nacional da Consci\u00eancia Negra- a Luta continua! - Portal Araras de Not\u00edcias","og_description":"Hoje, 20\/11, comemora-se o Dia Nacional da Consci\u00eancia Negra. A data \u00e9 celebrada em mem\u00f3ria de Zumbi dos Palmares, um guerreiro e l\u00edder comunit\u00e1rio que lutou incansavelmente, contra a escravid\u00e3o no Brasil. Zumbi, palavra africana que significa \u201cespectro\u201d e \u201cfantasma\u201d, foi o \u00faltimo l\u00edder do Quilombo dos Palmares, considerado o maior quilombo do per\u00edodo colonial [&hellip;]","og_url":"https:\/\/portalararasdenoticias.com.br\/?p=1570","og_site_name":"Portal Araras de Not\u00edcias","article_published_time":"2019-11-20T12:17:50+00:00","article_modified_time":"2019-11-20T12:17:52+00:00","og_image":[{"width":1040,"height":585,"url":"https:\/\/portalararasdenoticias.com.br\/wp-content\/uploads\/2019\/11\/consciencia-negra-zumbi-palmares-rj-20121120-01-original.jpeg","type":"image\/jpeg"}],"author":"Portal Araras de Noticias","twitter_card":"summary_large_image","twitter_misc":{"Escrito por":"Portal Araras de Noticias","Est. tempo de leitura":"1 minuto"},"schema":{"@context":"https:\/\/schema.org","@graph":[{"@type":"Article","@id":"https:\/\/portalararasdenoticias.com.br\/?p=1570#article","isPartOf":{"@id":"https:\/\/portalararasdenoticias.com.br\/?p=1570"},"author":{"name":"Portal Araras de Noticias","@id":"https:\/\/portalararasdenoticias.com.br\/#\/schema\/person\/a6190507efe29dea1049d60d05ed5c0a"},"headline":"Dia Nacional da Consci\u00eancia Negra- a Luta continua!","datePublished":"2019-11-20T12:17:50+00:00","dateModified":"2019-11-20T12:17:52+00:00","mainEntityOfPage":{"@id":"https:\/\/portalararasdenoticias.com.br\/?p=1570"},"wordCount":223,"commentCount":0,"image":{"@id":"https:\/\/portalararasdenoticias.com.br\/?p=1570#primaryimage"},"thumbnailUrl":"https:\/\/portalararasdenoticias.com.br\/wp-content\/uploads\/2019\/11\/consciencia-negra-zumbi-palmares-rj-20121120-01-original.jpeg","articleSection":["jornalismo"],"inLanguage":"pt-BR","potentialAction":[{"@type":"CommentAction","name":"Comment","target":["https:\/\/portalararasdenoticias.com.br\/?p=1570#respond"]}]},{"@type":"WebPage","@id":"https:\/\/portalararasdenoticias.com.br\/?p=1570","url":"https:\/\/portalararasdenoticias.com.br\/?p=1570","name":"Dia Nacional da Consci\u00eancia Negra- a Luta continua! - Portal Araras de Not\u00edcias","isPartOf":{"@id":"https:\/\/portalararasdenoticias.com.br\/#website"},"primaryImageOfPage":{"@id":"https:\/\/portalararasdenoticias.com.br\/?p=1570#primaryimage"},"image":{"@id":"https:\/\/portalararasdenoticias.com.br\/?p=1570#primaryimage"},"thumbnailUrl":"https:\/\/portalararasdenoticias.com.br\/wp-content\/uploads\/2019\/11\/consciencia-negra-zumbi-palmares-rj-20121120-01-original.jpeg","datePublished":"2019-11-20T12:17:50+00:00","dateModified":"2019-11-20T12:17:52+00:00","author":{"@id":"https:\/\/portalararasdenoticias.com.br\/#\/schema\/person\/a6190507efe29dea1049d60d05ed5c0a"},"breadcrumb":{"@id":"https:\/\/portalararasdenoticias.com.br\/?p=1570#breadcrumb"},"inLanguage":"pt-BR","potentialAction":[{"@type":"ReadAction","target":["https:\/\/portalararasdenoticias.com.br\/?p=1570"]}]},{"@type":"ImageObject","inLanguage":"pt-BR","@id":"https:\/\/portalararasdenoticias.com.br\/?p=1570#primaryimage","url":"https:\/\/portalararasdenoticias.com.br\/wp-content\/uploads\/2019\/11\/consciencia-negra-zumbi-palmares-rj-20121120-01-original.jpeg","contentUrl":"https:\/\/portalararasdenoticias.com.br\/wp-content\/uploads\/2019\/11\/consciencia-negra-zumbi-palmares-rj-20121120-01-original.jpeg","width":1040,"height":585},{"@type":"BreadcrumbList","@id":"https:\/\/portalararasdenoticias.com.br\/?p=1570#breadcrumb","itemListElement":[{"@type":"ListItem","position":1,"name":"In\u00edcio","item":"https:\/\/portalararasdenoticias.com.br\/"},{"@type":"ListItem","position":2,"name":"Dia Nacional da Consci\u00eancia Negra- a Luta continua!"}]},{"@type":"WebSite","@id":"https:\/\/portalararasdenoticias.com.br\/#website","url":"https:\/\/portalararasdenoticias.com.br\/","name":"Portal Araras de Not\u00edcias","description":"O Seu Portal de Not\u00edcias","potentialAction":[{"@type":"SearchAction","target":{"@type":"EntryPoint","urlTemplate":"https:\/\/portalararasdenoticias.com.br\/?s={search_term_string}"},"query-input":{"@type":"PropertyValueSpecification","valueRequired":true,"valueName":"search_term_string"}}],"inLanguage":"pt-BR"},{"@type":"Person","@id":"https:\/\/portalararasdenoticias.com.br\/#\/schema\/person\/a6190507efe29dea1049d60d05ed5c0a","name":"Portal Araras de Noticias","image":{"@type":"ImageObject","inLanguage":"pt-BR","@id":"https:\/\/portalararasdenoticias.com.br\/#\/schema\/person\/image\/","url":"https:\/\/secure.gravatar.com\/avatar\/4df7c42bc08e78bc9b6e13086fafc161bdf01220657cd93de3d828ab6c60d469?s=96&d=mm&r=g","contentUrl":"https:\/\/secure.gravatar.com\/avatar\/4df7c42bc08e78bc9b6e13086fafc161bdf01220657cd93de3d828ab6c60d469?s=96&d=mm&r=g","caption":"Portal Araras de Noticias"},"sameAs":["https:\/\/portalararasdenoticias.com.br\/"],"url":"https:\/\/portalararasdenoticias.com.br\/?author=5"}]}},"_links":{"self":[{"href":"https:\/\/portalararasdenoticias.com.br\/index.php?rest_route=\/wp\/v2\/posts\/1570","targetHints":{"allow":["GET"]}}],"collection":[{"href":"https:\/\/portalararasdenoticias.com.br\/index.php?rest_route=\/wp\/v2\/posts"}],"about":[{"href":"https:\/\/portalararasdenoticias.com.br\/index.php?rest_route=\/wp\/v2\/types\/post"}],"author":[{"embeddable":true,"href":"https:\/\/portalararasdenoticias.com.br\/index.php?rest_route=\/wp\/v2\/users\/5"}],"replies":[{"embeddable":true,"href":"https:\/\/portalararasdenoticias.com.br\/index.php?rest_route=%2Fwp%2Fv2%2Fcomments&post=1570"}],"version-history":[{"count":1,"href":"https:\/\/portalararasdenoticias.com.br\/index.php?rest_route=\/wp\/v2\/posts\/1570\/revisions"}],"predecessor-version":[{"id":1575,"href":"https:\/\/portalararasdenoticias.com.br\/index.php?rest_route=\/wp\/v2\/posts\/1570\/revisions\/1575"}],"wp:featuredmedia":[{"embeddable":true,"href":"https:\/\/portalararasdenoticias.com.br\/index.php?rest_route=\/wp\/v2\/media\/1573"}],"wp:attachment":[{"href":"https:\/\/portalararasdenoticias.com.br\/index.php?rest_route=%2Fwp%2Fv2%2Fmedia&parent=1570"}],"wp:term":[{"taxonomy":"category","embeddable":true,"href":"https:\/\/portalararasdenoticias.com.br\/index.php?rest_route=%2Fwp%2Fv2%2Fcategories&post=1570"},{"taxonomy":"post_tag","embeddable":true,"href":"https:\/\/portalararasdenoticias.com.br\/index.php?rest_route=%2Fwp%2Fv2%2Ftags&post=1570"}],"curies":[{"name":"wp","href":"https:\/\/api.w.org\/{rel}","templated":true}]}}