{"id":1596,"date":"2019-11-28T08:18:19","date_gmt":"2019-11-28T11:18:19","guid":{"rendered":"http:\/\/portalararasdenoticias.com.br\/?p=1596"},"modified":"2019-11-28T08:18:21","modified_gmt":"2019-11-28T11:18:21","slug":"aviao-com-corpo-de-gugu-liberato-chega-ao-aeroporto-de-viracopos-o-corpo-do-apresentador-sera-velado-na-assembleia-legislativa-de-sao-paulo-e-o-enterro-acontecera-nesta-sexta-feira-29-no-cemiterio","status":"publish","type":"post","link":"https:\/\/portalararasdenoticias.com.br\/?p=1596","title":{"rendered":"Avi\u00e3o com corpo de Gugu Liberato chega ao aeroporto de Viracopos O corpo do apresentador ser\u00e1 velado na Assembleia Legislativa de S\u00e3o Paulo, e o enterro acontecer\u00e1 nesta sexta-feira (29) no cemit\u00e9rio Geths\u00eamani ."},"content":{"rendered":"\n<figure class=\"wp-block-image\"><img loading=\"lazy\" decoding=\"async\" width=\"660\" height=\"360\" src=\"http:\/\/portalararasdenoticias.com.br\/wp-content\/uploads\/2019\/11\/aviao-gugu-28112019063606751.jpeg\" alt=\"\" class=\"wp-image-1597\" srcset=\"https:\/\/portalararasdenoticias.com.br\/wp-content\/uploads\/2019\/11\/aviao-gugu-28112019063606751.jpeg 660w, https:\/\/portalararasdenoticias.com.br\/wp-content\/uploads\/2019\/11\/aviao-gugu-28112019063606751-300x164.jpeg 300w\" sizes=\"auto, (max-width: 660px) 100vw, 660px\" \/><\/figure>\n\n\n\n<figure class=\"wp-block-image\"><img loading=\"lazy\" decoding=\"async\" width=\"640\" height=\"406\" src=\"http:\/\/portalararasdenoticias.com.br\/wp-content\/uploads\/2019\/11\/GGGGGGGGGGGGGGGGGGGGGG.jpg\" alt=\"\" class=\"wp-image-1598\" srcset=\"https:\/\/portalararasdenoticias.com.br\/wp-content\/uploads\/2019\/11\/GGGGGGGGGGGGGGGGGGGGGG.jpg 640w, https:\/\/portalararasdenoticias.com.br\/wp-content\/uploads\/2019\/11\/GGGGGGGGGGGGGGGGGGGGGG-300x190.jpg 300w\" sizes=\"auto, (max-width: 640px) 100vw, 640px\" \/><\/figure>\n\n\n\n<p>O avi\u00e3o que trouxe o corpo do apresentador Gugu Liberato pousou\nno aeroporto de Viracopos, em Campinas, no interior de S\u00e3o Paulo, \u00e0s 6h desta\nquinta-feira. A aeronave, que tamb\u00e9m transportou familiares do comunicador,\ndeixou Orlando, nos Estados Unidos, na noite desta quarta-feira. O&nbsp;<a href=\"https:\/\/entretenimento.r7.com\/famosos-e-tv\/gugu-liberato-morre-aos-60-anos-nos-estados-unidos-22112019\"><strong>apresentador\nmorreu na \u00faltima sexta-feira ap\u00f3s sofrer uma queda em casa.&nbsp;<\/strong><\/a><\/p>\n\n\n\n<p><a href=\"https:\/\/entretenimento.r7.com\/famosos-e-tv\/velorio-de-gugu-liberato-sera-aberto-ao-publico-na-5-feira-as-12h-27112019\"><strong>O corpo de Gugu\nser\u00e1 velado, em caix\u00e3o aberto, na Assembleia Legislativa de S\u00e3o Paulo (Alesp<\/strong><\/a>),\nna zona sul de S\u00e3o Paulo. Batedores da Pol\u00edcia Militar v\u00e3o acompanhar o trajeto\nde Viracopos at\u00e9 a Assembleia Legislativa.&nbsp; A previs\u00e3o \u00e9 que o corpo\nchegue na Alesp por volta das 10h. Inicialmente somente familiares e amigos\nmais pr\u00f3ximos poder\u00e3o acompanhar o vel\u00f3rio. O p\u00fablico poder\u00e1 se despedir do\napresentador a partir do meio-dia e se estende at\u00e9 as 10h desta\nsexta-feira.&nbsp;<\/p>\n\n\n\n<figure><iframe><\/iframe><\/figure>\n\n\n\n<p><strong>\n\n\n\nVeja tamb\u00e9m:&nbsp;<a href=\"https:\/\/entretenimento.r7.com\/famosos-e-tv\/gugu-foi-disputado-pessoalmente-por-silvio-santos-e-roberto-marinho-22112019\">Gugu foi disputado\npessoalmente por Silvio e Roberto Marinho<\/a><\/strong><\/p>\n\n\n\n<figure><iframe width=\"1\" height=\"1\"><\/iframe><\/figure>\n\n\n\n<p>\n\n\n\nAo sair da Assembleia, o corpo seguir\u00e1 em carro aberto do Corpo de Bombeiros\nat\u00e9 o cemit\u00e9rio Geths\u00eamani, no Morumbi, zona oeste da capital paulista, em um\ntrajeto de cerca de 10 quil\u00f4metros. O enterrado acontecer\u00e1 nesta sexta-feira,\nao meio-dia.&nbsp;<\/p>\n\n\n\n<p><strong>ACIDENTE<\/strong><\/p>\n\n\n\n<figure><iframe src=\"https:\/\/imasdk.googleapis.com\/js\/core\/bridge3.353.0_en.html#goog_562442716\" allowfullscreen=\"\"><\/iframe><\/figure>\n\n\n\n<p>\n\n\n\nO apresentador Gugu Liberato, de 60 anos, morreu nesta sexta-feira (22), em\nOrlando, nos Estados Unidos. O comunicador da&nbsp;<strong>Record TV<\/strong>&nbsp;estava\ninternado desde quarta no hospital Orlando Health, quando sofreu uma queda em\ncasa e bateu a cabe\u00e7a.<\/p>\n\n\n\n<p>A informa\u00e7\u00e3o foi confirmada em\nnota assinada por familiares e funcion\u00e1rios de Gugu e divulgada pela assessoria\nde imprensa do apresentador.<\/p>\n\n\n\n<p>&#8220;Este \u00e9 um momento que\njamais imaginamos viver. Com profunda tristeza, familiares comunicam o\nfalecimento do pai, irm\u00e3o, filho, amigo, empres\u00e1rio, jornalista e apresentador\nAnt\u00f4nio Augusto Moraes Liberato (Gugu Liberato), aos 60 anos, em Orlando,\nFlorida, Estados Unidos&#8221;, diz o texto.<\/p>\n\n\n\n<p><strong>Gugu\nabriu espa\u00e7o para \u00c9 o Tchan, Mamonas Assassinas e Shakira<\/strong><\/p>\n\n\n\n\n\n<p>A carreira de Gugu Liberato, de mais de 30 anos na televis\u00e3o,\nsempre esteve ligada aos sucessos musicais. O apresentador,<strong><a href=\"http:\/\/entretenimento.r7.com\/famosos-e-tv\/gugu-liberato-morre-aos-60-anos-nos-estados-unidos-22112019\">&nbsp;que morreu\nnesta sexta-feira (22)<\/a><\/strong>, nos Estados Unidos, sempre recebeu nos palcos onde\ntrabalhou os nomes mais famosos do cen\u00e1rio musical. O apresentador ainda surfou\nem ondas internacionais, lan\u00e7ando as boy-bands Polegar e Domin\u00f3 ao estrelato<\/p>\n","protected":false},"excerpt":{"rendered":"<p>O avi\u00e3o que trouxe o corpo do apresentador Gugu Liberato pousou no aeroporto de Viracopos, em Campinas, no interior de S\u00e3o Paulo, \u00e0s 6h desta quinta-feira. A aeronave, que tamb\u00e9m transportou familiares do comunicador, deixou Orlando, nos Estados Unidos, na noite desta quarta-feira. O&nbsp;apresentador morreu na \u00faltima sexta-feira ap\u00f3s sofrer uma queda em casa.&nbsp; O [&hellip;]<\/p>\n","protected":false},"author":5,"featured_media":1597,"comment_status":"open","ping_status":"open","sticky":true,"template":"","format":"standard","meta":{"footnotes":""},"categories":[34],"tags":[],"class_list":["post-1596","post","type-post","status-publish","format-standard","has-post-thumbnail","hentry","category-jornalismo"],"yoast_head":"<!-- This site is optimized with the Yoast SEO plugin v27.0 - https:\/\/yoast.com\/product\/yoast-seo-wordpress\/ -->\n<title>Avi\u00e3o com corpo de Gugu Liberato chega ao aeroporto de Viracopos O corpo do apresentador ser\u00e1 velado na Assembleia Legislativa de S\u00e3o Paulo, e o enterro acontecer\u00e1 nesta sexta-feira (29) no cemit\u00e9rio Geths\u00eamani . - Portal Araras de Not\u00edcias<\/title>\n<meta name=\"robots\" content=\"index, follow, max-snippet:-1, max-image-preview:large, max-video-preview:-1\" \/>\n<link rel=\"canonical\" href=\"https:\/\/portalararasdenoticias.com.br\/?p=1596\" \/>\n<meta property=\"og:locale\" content=\"pt_BR\" \/>\n<meta property=\"og:type\" content=\"article\" \/>\n<meta property=\"og:title\" content=\"Avi\u00e3o com corpo de Gugu Liberato chega ao aeroporto de Viracopos O corpo do apresentador ser\u00e1 velado na Assembleia Legislativa de S\u00e3o Paulo, e o enterro acontecer\u00e1 nesta sexta-feira (29) no cemit\u00e9rio Geths\u00eamani . - Portal Araras de Not\u00edcias\" \/>\n<meta property=\"og:description\" content=\"O avi\u00e3o que trouxe o corpo do apresentador Gugu Liberato pousou no aeroporto de Viracopos, em Campinas, no interior de S\u00e3o Paulo, \u00e0s 6h desta quinta-feira. A aeronave, que tamb\u00e9m transportou familiares do comunicador, deixou Orlando, nos Estados Unidos, na noite desta quarta-feira. O&nbsp;apresentador morreu na \u00faltima sexta-feira ap\u00f3s sofrer uma queda em casa.&nbsp; O [&hellip;]\" \/>\n<meta property=\"og:url\" content=\"https:\/\/portalararasdenoticias.com.br\/?p=1596\" \/>\n<meta property=\"og:site_name\" content=\"Portal Araras de Not\u00edcias\" \/>\n<meta property=\"article:published_time\" content=\"2019-11-28T11:18:19+00:00\" \/>\n<meta property=\"article:modified_time\" content=\"2019-11-28T11:18:21+00:00\" \/>\n<meta property=\"og:image\" content=\"https:\/\/portalararasdenoticias.com.br\/wp-content\/uploads\/2019\/11\/aviao-gugu-28112019063606751.jpeg\" \/>\n\t<meta property=\"og:image:width\" content=\"660\" \/>\n\t<meta property=\"og:image:height\" content=\"360\" \/>\n\t<meta property=\"og:image:type\" content=\"image\/jpeg\" \/>\n<meta name=\"author\" content=\"Portal Araras de Noticias\" \/>\n<meta name=\"twitter:card\" content=\"summary_large_image\" \/>\n<meta name=\"twitter:label1\" content=\"Escrito por\" \/>\n\t<meta name=\"twitter:data1\" content=\"Portal Araras de Noticias\" \/>\n\t<meta name=\"twitter:label2\" content=\"Est. tempo de leitura\" \/>\n\t<meta name=\"twitter:data2\" content=\"2 minutos\" \/>\n<script type=\"application\/ld+json\" class=\"yoast-schema-graph\">{\"@context\":\"https:\/\/schema.org\",\"@graph\":[{\"@type\":\"Article\",\"@id\":\"https:\/\/portalararasdenoticias.com.br\/?p=1596#article\",\"isPartOf\":{\"@id\":\"https:\/\/portalararasdenoticias.com.br\/?p=1596\"},\"author\":{\"name\":\"Portal Araras de Noticias\",\"@id\":\"https:\/\/portalararasdenoticias.com.br\/#\/schema\/person\/a6190507efe29dea1049d60d05ed5c0a\"},\"headline\":\"Avi\u00e3o com corpo de Gugu Liberato chega ao aeroporto de Viracopos O corpo do apresentador ser\u00e1 velado na Assembleia Legislativa de S\u00e3o Paulo, e o enterro acontecer\u00e1 nesta sexta-feira (29) no cemit\u00e9rio Geths\u00eamani .\",\"datePublished\":\"2019-11-28T11:18:19+00:00\",\"dateModified\":\"2019-11-28T11:18:21+00:00\",\"mainEntityOfPage\":{\"@id\":\"https:\/\/portalararasdenoticias.com.br\/?p=1596\"},\"wordCount\":418,\"commentCount\":0,\"image\":{\"@id\":\"https:\/\/portalararasdenoticias.com.br\/?p=1596#primaryimage\"},\"thumbnailUrl\":\"https:\/\/portalararasdenoticias.com.br\/wp-content\/uploads\/2019\/11\/aviao-gugu-28112019063606751.jpeg\",\"articleSection\":[\"jornalismo\"],\"inLanguage\":\"pt-BR\",\"potentialAction\":[{\"@type\":\"CommentAction\",\"name\":\"Comment\",\"target\":[\"https:\/\/portalararasdenoticias.com.br\/?p=1596#respond\"]}]},{\"@type\":\"WebPage\",\"@id\":\"https:\/\/portalararasdenoticias.com.br\/?p=1596\",\"url\":\"https:\/\/portalararasdenoticias.com.br\/?p=1596\",\"name\":\"Avi\u00e3o com corpo de Gugu Liberato chega ao aeroporto de Viracopos O corpo do apresentador ser\u00e1 velado na Assembleia Legislativa de S\u00e3o Paulo, e o enterro acontecer\u00e1 nesta sexta-feira (29) no cemit\u00e9rio Geths\u00eamani . - Portal Araras de Not\u00edcias\",\"isPartOf\":{\"@id\":\"https:\/\/portalararasdenoticias.com.br\/#website\"},\"primaryImageOfPage\":{\"@id\":\"https:\/\/portalararasdenoticias.com.br\/?p=1596#primaryimage\"},\"image\":{\"@id\":\"https:\/\/portalararasdenoticias.com.br\/?p=1596#primaryimage\"},\"thumbnailUrl\":\"https:\/\/portalararasdenoticias.com.br\/wp-content\/uploads\/2019\/11\/aviao-gugu-28112019063606751.jpeg\",\"datePublished\":\"2019-11-28T11:18:19+00:00\",\"dateModified\":\"2019-11-28T11:18:21+00:00\",\"author\":{\"@id\":\"https:\/\/portalararasdenoticias.com.br\/#\/schema\/person\/a6190507efe29dea1049d60d05ed5c0a\"},\"breadcrumb\":{\"@id\":\"https:\/\/portalararasdenoticias.com.br\/?p=1596#breadcrumb\"},\"inLanguage\":\"pt-BR\",\"potentialAction\":[{\"@type\":\"ReadAction\",\"target\":[\"https:\/\/portalararasdenoticias.com.br\/?p=1596\"]}]},{\"@type\":\"ImageObject\",\"inLanguage\":\"pt-BR\",\"@id\":\"https:\/\/portalararasdenoticias.com.br\/?p=1596#primaryimage\",\"url\":\"https:\/\/portalararasdenoticias.com.br\/wp-content\/uploads\/2019\/11\/aviao-gugu-28112019063606751.jpeg\",\"contentUrl\":\"https:\/\/portalararasdenoticias.com.br\/wp-content\/uploads\/2019\/11\/aviao-gugu-28112019063606751.jpeg\",\"width\":660,\"height\":360},{\"@type\":\"BreadcrumbList\",\"@id\":\"https:\/\/portalararasdenoticias.com.br\/?p=1596#breadcrumb\",\"itemListElement\":[{\"@type\":\"ListItem\",\"position\":1,\"name\":\"In\u00edcio\",\"item\":\"https:\/\/portalararasdenoticias.com.br\/\"},{\"@type\":\"ListItem\",\"position\":2,\"name\":\"Avi\u00e3o com corpo de Gugu Liberato chega ao aeroporto de Viracopos O corpo do apresentador ser\u00e1 velado na Assembleia Legislativa de S\u00e3o Paulo, e o enterro acontecer\u00e1 nesta sexta-feira (29) no cemit\u00e9rio Geths\u00eamani .\"}]},{\"@type\":\"WebSite\",\"@id\":\"https:\/\/portalararasdenoticias.com.br\/#website\",\"url\":\"https:\/\/portalararasdenoticias.com.br\/\",\"name\":\"Portal Araras de Not\u00edcias\",\"description\":\"O Seu Portal de Not\u00edcias\",\"potentialAction\":[{\"@type\":\"SearchAction\",\"target\":{\"@type\":\"EntryPoint\",\"urlTemplate\":\"https:\/\/portalararasdenoticias.com.br\/?s={search_term_string}\"},\"query-input\":{\"@type\":\"PropertyValueSpecification\",\"valueRequired\":true,\"valueName\":\"search_term_string\"}}],\"inLanguage\":\"pt-BR\"},{\"@type\":\"Person\",\"@id\":\"https:\/\/portalararasdenoticias.com.br\/#\/schema\/person\/a6190507efe29dea1049d60d05ed5c0a\",\"name\":\"Portal Araras de Noticias\",\"image\":{\"@type\":\"ImageObject\",\"inLanguage\":\"pt-BR\",\"@id\":\"https:\/\/portalararasdenoticias.com.br\/#\/schema\/person\/image\/\",\"url\":\"https:\/\/secure.gravatar.com\/avatar\/4df7c42bc08e78bc9b6e13086fafc161bdf01220657cd93de3d828ab6c60d469?s=96&d=mm&r=g\",\"contentUrl\":\"https:\/\/secure.gravatar.com\/avatar\/4df7c42bc08e78bc9b6e13086fafc161bdf01220657cd93de3d828ab6c60d469?s=96&d=mm&r=g\",\"caption\":\"Portal Araras de Noticias\"},\"sameAs\":[\"https:\/\/portalararasdenoticias.com.br\/\"],\"url\":\"https:\/\/portalararasdenoticias.com.br\/?author=5\"}]}<\/script>\n<!-- \/ Yoast SEO plugin. -->","yoast_head_json":{"title":"Avi\u00e3o com corpo de Gugu Liberato chega ao aeroporto de Viracopos O corpo do apresentador ser\u00e1 velado na Assembleia Legislativa de S\u00e3o Paulo, e o enterro acontecer\u00e1 nesta sexta-feira (29) no cemit\u00e9rio Geths\u00eamani . - Portal Araras de Not\u00edcias","robots":{"index":"index","follow":"follow","max-snippet":"max-snippet:-1","max-image-preview":"max-image-preview:large","max-video-preview":"max-video-preview:-1"},"canonical":"https:\/\/portalararasdenoticias.com.br\/?p=1596","og_locale":"pt_BR","og_type":"article","og_title":"Avi\u00e3o com corpo de Gugu Liberato chega ao aeroporto de Viracopos O corpo do apresentador ser\u00e1 velado na Assembleia Legislativa de S\u00e3o Paulo, e o enterro acontecer\u00e1 nesta sexta-feira (29) no cemit\u00e9rio Geths\u00eamani . - Portal Araras de Not\u00edcias","og_description":"O avi\u00e3o que trouxe o corpo do apresentador Gugu Liberato pousou no aeroporto de Viracopos, em Campinas, no interior de S\u00e3o Paulo, \u00e0s 6h desta quinta-feira. A aeronave, que tamb\u00e9m transportou familiares do comunicador, deixou Orlando, nos Estados Unidos, na noite desta quarta-feira. O&nbsp;apresentador morreu na \u00faltima sexta-feira ap\u00f3s sofrer uma queda em casa.&nbsp; O [&hellip;]","og_url":"https:\/\/portalararasdenoticias.com.br\/?p=1596","og_site_name":"Portal Araras de Not\u00edcias","article_published_time":"2019-11-28T11:18:19+00:00","article_modified_time":"2019-11-28T11:18:21+00:00","og_image":[{"width":660,"height":360,"url":"https:\/\/portalararasdenoticias.com.br\/wp-content\/uploads\/2019\/11\/aviao-gugu-28112019063606751.jpeg","type":"image\/jpeg"}],"author":"Portal Araras de Noticias","twitter_card":"summary_large_image","twitter_misc":{"Escrito por":"Portal Araras de Noticias","Est. tempo de leitura":"2 minutos"},"schema":{"@context":"https:\/\/schema.org","@graph":[{"@type":"Article","@id":"https:\/\/portalararasdenoticias.com.br\/?p=1596#article","isPartOf":{"@id":"https:\/\/portalararasdenoticias.com.br\/?p=1596"},"author":{"name":"Portal Araras de Noticias","@id":"https:\/\/portalararasdenoticias.com.br\/#\/schema\/person\/a6190507efe29dea1049d60d05ed5c0a"},"headline":"Avi\u00e3o com corpo de Gugu Liberato chega ao aeroporto de Viracopos O corpo do apresentador ser\u00e1 velado na Assembleia Legislativa de S\u00e3o Paulo, e o enterro acontecer\u00e1 nesta sexta-feira (29) no cemit\u00e9rio Geths\u00eamani .","datePublished":"2019-11-28T11:18:19+00:00","dateModified":"2019-11-28T11:18:21+00:00","mainEntityOfPage":{"@id":"https:\/\/portalararasdenoticias.com.br\/?p=1596"},"wordCount":418,"commentCount":0,"image":{"@id":"https:\/\/portalararasdenoticias.com.br\/?p=1596#primaryimage"},"thumbnailUrl":"https:\/\/portalararasdenoticias.com.br\/wp-content\/uploads\/2019\/11\/aviao-gugu-28112019063606751.jpeg","articleSection":["jornalismo"],"inLanguage":"pt-BR","potentialAction":[{"@type":"CommentAction","name":"Comment","target":["https:\/\/portalararasdenoticias.com.br\/?p=1596#respond"]}]},{"@type":"WebPage","@id":"https:\/\/portalararasdenoticias.com.br\/?p=1596","url":"https:\/\/portalararasdenoticias.com.br\/?p=1596","name":"Avi\u00e3o com corpo de Gugu Liberato chega ao aeroporto de Viracopos O corpo do apresentador ser\u00e1 velado na Assembleia Legislativa de S\u00e3o Paulo, e o enterro acontecer\u00e1 nesta sexta-feira (29) no cemit\u00e9rio Geths\u00eamani . - Portal Araras de Not\u00edcias","isPartOf":{"@id":"https:\/\/portalararasdenoticias.com.br\/#website"},"primaryImageOfPage":{"@id":"https:\/\/portalararasdenoticias.com.br\/?p=1596#primaryimage"},"image":{"@id":"https:\/\/portalararasdenoticias.com.br\/?p=1596#primaryimage"},"thumbnailUrl":"https:\/\/portalararasdenoticias.com.br\/wp-content\/uploads\/2019\/11\/aviao-gugu-28112019063606751.jpeg","datePublished":"2019-11-28T11:18:19+00:00","dateModified":"2019-11-28T11:18:21+00:00","author":{"@id":"https:\/\/portalararasdenoticias.com.br\/#\/schema\/person\/a6190507efe29dea1049d60d05ed5c0a"},"breadcrumb":{"@id":"https:\/\/portalararasdenoticias.com.br\/?p=1596#breadcrumb"},"inLanguage":"pt-BR","potentialAction":[{"@type":"ReadAction","target":["https:\/\/portalararasdenoticias.com.br\/?p=1596"]}]},{"@type":"ImageObject","inLanguage":"pt-BR","@id":"https:\/\/portalararasdenoticias.com.br\/?p=1596#primaryimage","url":"https:\/\/portalararasdenoticias.com.br\/wp-content\/uploads\/2019\/11\/aviao-gugu-28112019063606751.jpeg","contentUrl":"https:\/\/portalararasdenoticias.com.br\/wp-content\/uploads\/2019\/11\/aviao-gugu-28112019063606751.jpeg","width":660,"height":360},{"@type":"BreadcrumbList","@id":"https:\/\/portalararasdenoticias.com.br\/?p=1596#breadcrumb","itemListElement":[{"@type":"ListItem","position":1,"name":"In\u00edcio","item":"https:\/\/portalararasdenoticias.com.br\/"},{"@type":"ListItem","position":2,"name":"Avi\u00e3o com corpo de Gugu Liberato chega ao aeroporto de Viracopos O corpo do apresentador ser\u00e1 velado na Assembleia Legislativa de S\u00e3o Paulo, e o enterro acontecer\u00e1 nesta sexta-feira (29) no cemit\u00e9rio Geths\u00eamani ."}]},{"@type":"WebSite","@id":"https:\/\/portalararasdenoticias.com.br\/#website","url":"https:\/\/portalararasdenoticias.com.br\/","name":"Portal Araras de Not\u00edcias","description":"O Seu Portal de Not\u00edcias","potentialAction":[{"@type":"SearchAction","target":{"@type":"EntryPoint","urlTemplate":"https:\/\/portalararasdenoticias.com.br\/?s={search_term_string}"},"query-input":{"@type":"PropertyValueSpecification","valueRequired":true,"valueName":"search_term_string"}}],"inLanguage":"pt-BR"},{"@type":"Person","@id":"https:\/\/portalararasdenoticias.com.br\/#\/schema\/person\/a6190507efe29dea1049d60d05ed5c0a","name":"Portal Araras de Noticias","image":{"@type":"ImageObject","inLanguage":"pt-BR","@id":"https:\/\/portalararasdenoticias.com.br\/#\/schema\/person\/image\/","url":"https:\/\/secure.gravatar.com\/avatar\/4df7c42bc08e78bc9b6e13086fafc161bdf01220657cd93de3d828ab6c60d469?s=96&d=mm&r=g","contentUrl":"https:\/\/secure.gravatar.com\/avatar\/4df7c42bc08e78bc9b6e13086fafc161bdf01220657cd93de3d828ab6c60d469?s=96&d=mm&r=g","caption":"Portal Araras de Noticias"},"sameAs":["https:\/\/portalararasdenoticias.com.br\/"],"url":"https:\/\/portalararasdenoticias.com.br\/?author=5"}]}},"_links":{"self":[{"href":"https:\/\/portalararasdenoticias.com.br\/index.php?rest_route=\/wp\/v2\/posts\/1596","targetHints":{"allow":["GET"]}}],"collection":[{"href":"https:\/\/portalararasdenoticias.com.br\/index.php?rest_route=\/wp\/v2\/posts"}],"about":[{"href":"https:\/\/portalararasdenoticias.com.br\/index.php?rest_route=\/wp\/v2\/types\/post"}],"author":[{"embeddable":true,"href":"https:\/\/portalararasdenoticias.com.br\/index.php?rest_route=\/wp\/v2\/users\/5"}],"replies":[{"embeddable":true,"href":"https:\/\/portalararasdenoticias.com.br\/index.php?rest_route=%2Fwp%2Fv2%2Fcomments&post=1596"}],"version-history":[{"count":1,"href":"https:\/\/portalararasdenoticias.com.br\/index.php?rest_route=\/wp\/v2\/posts\/1596\/revisions"}],"predecessor-version":[{"id":1599,"href":"https:\/\/portalararasdenoticias.com.br\/index.php?rest_route=\/wp\/v2\/posts\/1596\/revisions\/1599"}],"wp:featuredmedia":[{"embeddable":true,"href":"https:\/\/portalararasdenoticias.com.br\/index.php?rest_route=\/wp\/v2\/media\/1597"}],"wp:attachment":[{"href":"https:\/\/portalararasdenoticias.com.br\/index.php?rest_route=%2Fwp%2Fv2%2Fmedia&parent=1596"}],"wp:term":[{"taxonomy":"category","embeddable":true,"href":"https:\/\/portalararasdenoticias.com.br\/index.php?rest_route=%2Fwp%2Fv2%2Fcategories&post=1596"},{"taxonomy":"post_tag","embeddable":true,"href":"https:\/\/portalararasdenoticias.com.br\/index.php?rest_route=%2Fwp%2Fv2%2Ftags&post=1596"}],"curies":[{"name":"wp","href":"https:\/\/api.w.org\/{rel}","templated":true}]}}