{"id":1751,"date":"2020-01-25T00:13:11","date_gmt":"2020-01-25T03:13:11","guid":{"rendered":"http:\/\/portalararasdenoticias.com.br\/?p=1751"},"modified":"2020-01-25T00:13:12","modified_gmt":"2020-01-25T03:13:12","slug":"adolescente-e-assassinado-com-tres-tiros-em-parada-de-onibus-de-manaus","status":"publish","type":"post","link":"https:\/\/portalararasdenoticias.com.br\/?p=1751","title":{"rendered":"Adolescente \u00e9 assassinado com tr\u00eas tiros em parada de \u00f4nibus de Manaus."},"content":{"rendered":"\n<figure class=\"wp-block-image\"><img loading=\"lazy\" decoding=\"async\" width=\"540\" height=\"960\" src=\"http:\/\/portalararasdenoticias.com.br\/wp-content\/uploads\/2020\/01\/84015510_2572142612884917_5794841034781360128_o.jpg\" alt=\"\" class=\"wp-image-1752\" srcset=\"https:\/\/portalararasdenoticias.com.br\/wp-content\/uploads\/2020\/01\/84015510_2572142612884917_5794841034781360128_o.jpg 540w, https:\/\/portalararasdenoticias.com.br\/wp-content\/uploads\/2020\/01\/84015510_2572142612884917_5794841034781360128_o-169x300.jpg 169w\" sizes=\"auto, (max-width: 540px) 100vw, 540px\" \/><\/figure>\n\n\n\n<p>A suspeita inicial \u00e9 que o garoto foi\nv\u00edtima de um latroc\u00ednio &#8211; roubo seguido de morte<\/p>\n\n\n\n<p><strong>Manaus&nbsp;<\/strong>&#8211; Um adolescente identificado como Maicon Douglas\nBarros Dias, de 15 anos, foi assassinado com aproximadamente tr\u00eas tiros na\ncabe\u00e7a na noite desta sexta-feira (24). O crime aconteceu quando a v\u00edtima\nestava em uma parada de \u00f4nibus, nas proximidades do T4, avenida Camapu\u00e3, Zona\nLeste de Manaus.&nbsp;<\/p>\n\n\n\n<p>N\u00e3o h\u00e1 informa\u00e7\u00f5es sobre a motiva\u00e7\u00e3o do crime. A suspeita inicial \u00e9\nque o garoto foi v\u00edtima de um latroc\u00ednio &#8211; roubo seguido de morte. No entanto,\na pol\u00edcia n\u00e3o descarta a hip\u00f3tese de uma execu\u00e7\u00e3o.&nbsp;<\/p>\n\n\n\n<p>Conforme informa\u00e7\u00f5es de familiares repassadas \u00e0 pol\u00edcia, antes do\nassassinato, o adolescente estava em casa na companhia de uma jovem. Depois, a\nv\u00edtima seguiu para acompanhar a menina at\u00e9 a parada de \u00f4nibus, quando um carro,\nmodelo \u00f4nix, parou pr\u00f3ximo ao ponto de \u00f4nibus. Um dos ocupantes desceu e atirou\ncontra Maicon.&nbsp;<\/p>\n\n\n\n<p>A fam\u00edlia acredita que o suspeito atirou porque a v\u00edtima estava sem\nnada de valor no momento da abordagem. Maicon havia deixado o celular\ncarregando em casa.&nbsp;<\/p>\n","protected":false},"excerpt":{"rendered":"<p>A suspeita inicial \u00e9 que o garoto foi v\u00edtima de um latroc\u00ednio &#8211; roubo seguido de morte Manaus&nbsp;&#8211; Um adolescente identificado como Maicon Douglas Barros Dias, de 15 anos, foi assassinado com aproximadamente tr\u00eas tiros na cabe\u00e7a na noite desta sexta-feira (24). O crime aconteceu quando a v\u00edtima estava em uma parada de \u00f4nibus, nas [&hellip;]<\/p>\n","protected":false},"author":5,"featured_media":1752,"comment_status":"open","ping_status":"open","sticky":true,"template":"","format":"standard","meta":{"footnotes":""},"categories":[34],"tags":[],"class_list":["post-1751","post","type-post","status-publish","format-standard","has-post-thumbnail","hentry","category-jornalismo"],"yoast_head":"<!-- This site is optimized with the Yoast SEO plugin v27.0 - https:\/\/yoast.com\/product\/yoast-seo-wordpress\/ -->\n<title>Adolescente \u00e9 assassinado com tr\u00eas tiros em parada de \u00f4nibus de Manaus. - Portal Araras de Not\u00edcias<\/title>\n<meta name=\"robots\" content=\"index, follow, max-snippet:-1, max-image-preview:large, max-video-preview:-1\" \/>\n<link rel=\"canonical\" href=\"https:\/\/portalararasdenoticias.com.br\/?p=1751\" \/>\n<meta property=\"og:locale\" content=\"pt_BR\" \/>\n<meta property=\"og:type\" content=\"article\" \/>\n<meta property=\"og:title\" content=\"Adolescente \u00e9 assassinado com tr\u00eas tiros em parada de \u00f4nibus de Manaus. - Portal Araras de Not\u00edcias\" \/>\n<meta property=\"og:description\" content=\"A suspeita inicial \u00e9 que o garoto foi v\u00edtima de um latroc\u00ednio &#8211; roubo seguido de morte Manaus&nbsp;&#8211; Um adolescente identificado como Maicon Douglas Barros Dias, de 15 anos, foi assassinado com aproximadamente tr\u00eas tiros na cabe\u00e7a na noite desta sexta-feira (24). O crime aconteceu quando a v\u00edtima estava em uma parada de \u00f4nibus, nas [&hellip;]\" \/>\n<meta property=\"og:url\" content=\"https:\/\/portalararasdenoticias.com.br\/?p=1751\" \/>\n<meta property=\"og:site_name\" content=\"Portal Araras de Not\u00edcias\" \/>\n<meta property=\"article:published_time\" content=\"2020-01-25T03:13:11+00:00\" \/>\n<meta property=\"article:modified_time\" content=\"2020-01-25T03:13:12+00:00\" \/>\n<meta property=\"og:image\" content=\"https:\/\/portalararasdenoticias.com.br\/wp-content\/uploads\/2020\/01\/84015510_2572142612884917_5794841034781360128_o.jpg\" \/>\n\t<meta property=\"og:image:width\" content=\"540\" \/>\n\t<meta property=\"og:image:height\" content=\"960\" \/>\n\t<meta property=\"og:image:type\" content=\"image\/jpeg\" \/>\n<meta name=\"author\" content=\"Portal Araras de Noticias\" \/>\n<meta name=\"twitter:card\" content=\"summary_large_image\" \/>\n<meta name=\"twitter:label1\" content=\"Escrito por\" \/>\n\t<meta name=\"twitter:data1\" content=\"Portal Araras de Noticias\" \/>\n\t<meta name=\"twitter:label2\" content=\"Est. tempo de leitura\" \/>\n\t<meta name=\"twitter:data2\" content=\"1 minuto\" \/>\n<script type=\"application\/ld+json\" class=\"yoast-schema-graph\">{\"@context\":\"https:\/\/schema.org\",\"@graph\":[{\"@type\":\"Article\",\"@id\":\"https:\/\/portalararasdenoticias.com.br\/?p=1751#article\",\"isPartOf\":{\"@id\":\"https:\/\/portalararasdenoticias.com.br\/?p=1751\"},\"author\":{\"name\":\"Portal Araras de Noticias\",\"@id\":\"https:\/\/portalararasdenoticias.com.br\/#\/schema\/person\/a6190507efe29dea1049d60d05ed5c0a\"},\"headline\":\"Adolescente \u00e9 assassinado com tr\u00eas tiros em parada de \u00f4nibus de Manaus.\",\"datePublished\":\"2020-01-25T03:13:11+00:00\",\"dateModified\":\"2020-01-25T03:13:12+00:00\",\"mainEntityOfPage\":{\"@id\":\"https:\/\/portalararasdenoticias.com.br\/?p=1751\"},\"wordCount\":212,\"commentCount\":0,\"image\":{\"@id\":\"https:\/\/portalararasdenoticias.com.br\/?p=1751#primaryimage\"},\"thumbnailUrl\":\"https:\/\/portalararasdenoticias.com.br\/wp-content\/uploads\/2020\/01\/84015510_2572142612884917_5794841034781360128_o.jpg\",\"articleSection\":[\"jornalismo\"],\"inLanguage\":\"pt-BR\",\"potentialAction\":[{\"@type\":\"CommentAction\",\"name\":\"Comment\",\"target\":[\"https:\/\/portalararasdenoticias.com.br\/?p=1751#respond\"]}]},{\"@type\":\"WebPage\",\"@id\":\"https:\/\/portalararasdenoticias.com.br\/?p=1751\",\"url\":\"https:\/\/portalararasdenoticias.com.br\/?p=1751\",\"name\":\"Adolescente \u00e9 assassinado com tr\u00eas tiros em parada de \u00f4nibus de Manaus. - Portal Araras de Not\u00edcias\",\"isPartOf\":{\"@id\":\"https:\/\/portalararasdenoticias.com.br\/#website\"},\"primaryImageOfPage\":{\"@id\":\"https:\/\/portalararasdenoticias.com.br\/?p=1751#primaryimage\"},\"image\":{\"@id\":\"https:\/\/portalararasdenoticias.com.br\/?p=1751#primaryimage\"},\"thumbnailUrl\":\"https:\/\/portalararasdenoticias.com.br\/wp-content\/uploads\/2020\/01\/84015510_2572142612884917_5794841034781360128_o.jpg\",\"datePublished\":\"2020-01-25T03:13:11+00:00\",\"dateModified\":\"2020-01-25T03:13:12+00:00\",\"author\":{\"@id\":\"https:\/\/portalararasdenoticias.com.br\/#\/schema\/person\/a6190507efe29dea1049d60d05ed5c0a\"},\"breadcrumb\":{\"@id\":\"https:\/\/portalararasdenoticias.com.br\/?p=1751#breadcrumb\"},\"inLanguage\":\"pt-BR\",\"potentialAction\":[{\"@type\":\"ReadAction\",\"target\":[\"https:\/\/portalararasdenoticias.com.br\/?p=1751\"]}]},{\"@type\":\"ImageObject\",\"inLanguage\":\"pt-BR\",\"@id\":\"https:\/\/portalararasdenoticias.com.br\/?p=1751#primaryimage\",\"url\":\"https:\/\/portalararasdenoticias.com.br\/wp-content\/uploads\/2020\/01\/84015510_2572142612884917_5794841034781360128_o.jpg\",\"contentUrl\":\"https:\/\/portalararasdenoticias.com.br\/wp-content\/uploads\/2020\/01\/84015510_2572142612884917_5794841034781360128_o.jpg\",\"width\":540,\"height\":960},{\"@type\":\"BreadcrumbList\",\"@id\":\"https:\/\/portalararasdenoticias.com.br\/?p=1751#breadcrumb\",\"itemListElement\":[{\"@type\":\"ListItem\",\"position\":1,\"name\":\"In\u00edcio\",\"item\":\"https:\/\/portalararasdenoticias.com.br\/\"},{\"@type\":\"ListItem\",\"position\":2,\"name\":\"Adolescente \u00e9 assassinado com tr\u00eas tiros em parada de \u00f4nibus de Manaus.\"}]},{\"@type\":\"WebSite\",\"@id\":\"https:\/\/portalararasdenoticias.com.br\/#website\",\"url\":\"https:\/\/portalararasdenoticias.com.br\/\",\"name\":\"Portal Araras de Not\u00edcias\",\"description\":\"O Seu Portal de Not\u00edcias\",\"potentialAction\":[{\"@type\":\"SearchAction\",\"target\":{\"@type\":\"EntryPoint\",\"urlTemplate\":\"https:\/\/portalararasdenoticias.com.br\/?s={search_term_string}\"},\"query-input\":{\"@type\":\"PropertyValueSpecification\",\"valueRequired\":true,\"valueName\":\"search_term_string\"}}],\"inLanguage\":\"pt-BR\"},{\"@type\":\"Person\",\"@id\":\"https:\/\/portalararasdenoticias.com.br\/#\/schema\/person\/a6190507efe29dea1049d60d05ed5c0a\",\"name\":\"Portal Araras de Noticias\",\"image\":{\"@type\":\"ImageObject\",\"inLanguage\":\"pt-BR\",\"@id\":\"https:\/\/portalararasdenoticias.com.br\/#\/schema\/person\/image\/\",\"url\":\"https:\/\/secure.gravatar.com\/avatar\/4df7c42bc08e78bc9b6e13086fafc161bdf01220657cd93de3d828ab6c60d469?s=96&d=mm&r=g\",\"contentUrl\":\"https:\/\/secure.gravatar.com\/avatar\/4df7c42bc08e78bc9b6e13086fafc161bdf01220657cd93de3d828ab6c60d469?s=96&d=mm&r=g\",\"caption\":\"Portal Araras de Noticias\"},\"sameAs\":[\"https:\/\/portalararasdenoticias.com.br\/\"],\"url\":\"https:\/\/portalararasdenoticias.com.br\/?author=5\"}]}<\/script>\n<!-- \/ Yoast SEO plugin. -->","yoast_head_json":{"title":"Adolescente \u00e9 assassinado com tr\u00eas tiros em parada de \u00f4nibus de Manaus. - Portal Araras de Not\u00edcias","robots":{"index":"index","follow":"follow","max-snippet":"max-snippet:-1","max-image-preview":"max-image-preview:large","max-video-preview":"max-video-preview:-1"},"canonical":"https:\/\/portalararasdenoticias.com.br\/?p=1751","og_locale":"pt_BR","og_type":"article","og_title":"Adolescente \u00e9 assassinado com tr\u00eas tiros em parada de \u00f4nibus de Manaus. - Portal Araras de Not\u00edcias","og_description":"A suspeita inicial \u00e9 que o garoto foi v\u00edtima de um latroc\u00ednio &#8211; roubo seguido de morte Manaus&nbsp;&#8211; Um adolescente identificado como Maicon Douglas Barros Dias, de 15 anos, foi assassinado com aproximadamente tr\u00eas tiros na cabe\u00e7a na noite desta sexta-feira (24). O crime aconteceu quando a v\u00edtima estava em uma parada de \u00f4nibus, nas [&hellip;]","og_url":"https:\/\/portalararasdenoticias.com.br\/?p=1751","og_site_name":"Portal Araras de Not\u00edcias","article_published_time":"2020-01-25T03:13:11+00:00","article_modified_time":"2020-01-25T03:13:12+00:00","og_image":[{"width":540,"height":960,"url":"https:\/\/portalararasdenoticias.com.br\/wp-content\/uploads\/2020\/01\/84015510_2572142612884917_5794841034781360128_o.jpg","type":"image\/jpeg"}],"author":"Portal Araras de Noticias","twitter_card":"summary_large_image","twitter_misc":{"Escrito por":"Portal Araras de Noticias","Est. tempo de leitura":"1 minuto"},"schema":{"@context":"https:\/\/schema.org","@graph":[{"@type":"Article","@id":"https:\/\/portalararasdenoticias.com.br\/?p=1751#article","isPartOf":{"@id":"https:\/\/portalararasdenoticias.com.br\/?p=1751"},"author":{"name":"Portal Araras de Noticias","@id":"https:\/\/portalararasdenoticias.com.br\/#\/schema\/person\/a6190507efe29dea1049d60d05ed5c0a"},"headline":"Adolescente \u00e9 assassinado com tr\u00eas tiros em parada de \u00f4nibus de Manaus.","datePublished":"2020-01-25T03:13:11+00:00","dateModified":"2020-01-25T03:13:12+00:00","mainEntityOfPage":{"@id":"https:\/\/portalararasdenoticias.com.br\/?p=1751"},"wordCount":212,"commentCount":0,"image":{"@id":"https:\/\/portalararasdenoticias.com.br\/?p=1751#primaryimage"},"thumbnailUrl":"https:\/\/portalararasdenoticias.com.br\/wp-content\/uploads\/2020\/01\/84015510_2572142612884917_5794841034781360128_o.jpg","articleSection":["jornalismo"],"inLanguage":"pt-BR","potentialAction":[{"@type":"CommentAction","name":"Comment","target":["https:\/\/portalararasdenoticias.com.br\/?p=1751#respond"]}]},{"@type":"WebPage","@id":"https:\/\/portalararasdenoticias.com.br\/?p=1751","url":"https:\/\/portalararasdenoticias.com.br\/?p=1751","name":"Adolescente \u00e9 assassinado com tr\u00eas tiros em parada de \u00f4nibus de Manaus. - Portal Araras de Not\u00edcias","isPartOf":{"@id":"https:\/\/portalararasdenoticias.com.br\/#website"},"primaryImageOfPage":{"@id":"https:\/\/portalararasdenoticias.com.br\/?p=1751#primaryimage"},"image":{"@id":"https:\/\/portalararasdenoticias.com.br\/?p=1751#primaryimage"},"thumbnailUrl":"https:\/\/portalararasdenoticias.com.br\/wp-content\/uploads\/2020\/01\/84015510_2572142612884917_5794841034781360128_o.jpg","datePublished":"2020-01-25T03:13:11+00:00","dateModified":"2020-01-25T03:13:12+00:00","author":{"@id":"https:\/\/portalararasdenoticias.com.br\/#\/schema\/person\/a6190507efe29dea1049d60d05ed5c0a"},"breadcrumb":{"@id":"https:\/\/portalararasdenoticias.com.br\/?p=1751#breadcrumb"},"inLanguage":"pt-BR","potentialAction":[{"@type":"ReadAction","target":["https:\/\/portalararasdenoticias.com.br\/?p=1751"]}]},{"@type":"ImageObject","inLanguage":"pt-BR","@id":"https:\/\/portalararasdenoticias.com.br\/?p=1751#primaryimage","url":"https:\/\/portalararasdenoticias.com.br\/wp-content\/uploads\/2020\/01\/84015510_2572142612884917_5794841034781360128_o.jpg","contentUrl":"https:\/\/portalararasdenoticias.com.br\/wp-content\/uploads\/2020\/01\/84015510_2572142612884917_5794841034781360128_o.jpg","width":540,"height":960},{"@type":"BreadcrumbList","@id":"https:\/\/portalararasdenoticias.com.br\/?p=1751#breadcrumb","itemListElement":[{"@type":"ListItem","position":1,"name":"In\u00edcio","item":"https:\/\/portalararasdenoticias.com.br\/"},{"@type":"ListItem","position":2,"name":"Adolescente \u00e9 assassinado com tr\u00eas tiros em parada de \u00f4nibus de Manaus."}]},{"@type":"WebSite","@id":"https:\/\/portalararasdenoticias.com.br\/#website","url":"https:\/\/portalararasdenoticias.com.br\/","name":"Portal Araras de Not\u00edcias","description":"O Seu Portal de Not\u00edcias","potentialAction":[{"@type":"SearchAction","target":{"@type":"EntryPoint","urlTemplate":"https:\/\/portalararasdenoticias.com.br\/?s={search_term_string}"},"query-input":{"@type":"PropertyValueSpecification","valueRequired":true,"valueName":"search_term_string"}}],"inLanguage":"pt-BR"},{"@type":"Person","@id":"https:\/\/portalararasdenoticias.com.br\/#\/schema\/person\/a6190507efe29dea1049d60d05ed5c0a","name":"Portal Araras de Noticias","image":{"@type":"ImageObject","inLanguage":"pt-BR","@id":"https:\/\/portalararasdenoticias.com.br\/#\/schema\/person\/image\/","url":"https:\/\/secure.gravatar.com\/avatar\/4df7c42bc08e78bc9b6e13086fafc161bdf01220657cd93de3d828ab6c60d469?s=96&d=mm&r=g","contentUrl":"https:\/\/secure.gravatar.com\/avatar\/4df7c42bc08e78bc9b6e13086fafc161bdf01220657cd93de3d828ab6c60d469?s=96&d=mm&r=g","caption":"Portal Araras de Noticias"},"sameAs":["https:\/\/portalararasdenoticias.com.br\/"],"url":"https:\/\/portalararasdenoticias.com.br\/?author=5"}]}},"_links":{"self":[{"href":"https:\/\/portalararasdenoticias.com.br\/index.php?rest_route=\/wp\/v2\/posts\/1751","targetHints":{"allow":["GET"]}}],"collection":[{"href":"https:\/\/portalararasdenoticias.com.br\/index.php?rest_route=\/wp\/v2\/posts"}],"about":[{"href":"https:\/\/portalararasdenoticias.com.br\/index.php?rest_route=\/wp\/v2\/types\/post"}],"author":[{"embeddable":true,"href":"https:\/\/portalararasdenoticias.com.br\/index.php?rest_route=\/wp\/v2\/users\/5"}],"replies":[{"embeddable":true,"href":"https:\/\/portalararasdenoticias.com.br\/index.php?rest_route=%2Fwp%2Fv2%2Fcomments&post=1751"}],"version-history":[{"count":1,"href":"https:\/\/portalararasdenoticias.com.br\/index.php?rest_route=\/wp\/v2\/posts\/1751\/revisions"}],"predecessor-version":[{"id":1753,"href":"https:\/\/portalararasdenoticias.com.br\/index.php?rest_route=\/wp\/v2\/posts\/1751\/revisions\/1753"}],"wp:featuredmedia":[{"embeddable":true,"href":"https:\/\/portalararasdenoticias.com.br\/index.php?rest_route=\/wp\/v2\/media\/1752"}],"wp:attachment":[{"href":"https:\/\/portalararasdenoticias.com.br\/index.php?rest_route=%2Fwp%2Fv2%2Fmedia&parent=1751"}],"wp:term":[{"taxonomy":"category","embeddable":true,"href":"https:\/\/portalararasdenoticias.com.br\/index.php?rest_route=%2Fwp%2Fv2%2Fcategories&post=1751"},{"taxonomy":"post_tag","embeddable":true,"href":"https:\/\/portalararasdenoticias.com.br\/index.php?rest_route=%2Fwp%2Fv2%2Ftags&post=1751"}],"curies":[{"name":"wp","href":"https:\/\/api.w.org\/{rel}","templated":true}]}}