{"id":1757,"date":"2020-01-26T17:41:41","date_gmt":"2020-01-26T20:41:41","guid":{"rendered":"http:\/\/portalararasdenoticias.com.br\/?p=1757"},"modified":"2020-01-26T17:41:42","modified_gmt":"2020-01-26T20:41:42","slug":"morre-aos-69-anos-o-cantor-e-compositor-tunai","status":"publish","type":"post","link":"https:\/\/portalararasdenoticias.com.br\/?p=1757","title":{"rendered":"Morre aos 69 anos o cantor e compositor Tunai."},"content":{"rendered":"\n<figure class=\"wp-block-image\"><img loading=\"lazy\" decoding=\"async\" width=\"620\" height=\"520\" src=\"http:\/\/portalararasdenoticias.com.br\/wp-content\/uploads\/2020\/01\/tunai2.jpg\" alt=\"\" class=\"wp-image-1758\" srcset=\"https:\/\/portalararasdenoticias.com.br\/wp-content\/uploads\/2020\/01\/tunai2.jpg 620w, https:\/\/portalararasdenoticias.com.br\/wp-content\/uploads\/2020\/01\/tunai2-300x252.jpg 300w\" sizes=\"auto, (max-width: 620px) 100vw, 620px\" \/><\/figure>\n\n\n\n<p>A fam\u00edlia do artista acredita que ele possa ter\nsido v\u00edtima de um infarto<\/p>\n\n\n\n<p><strong>S\u00e3o Paulo<\/strong>&nbsp;\u2013 O cantor e compositor Tunai morreu na manh\u00e3 deste\ndomingo (26), em sua casa no Rio de Janeiro, informou a assessoria de imprensa\ndo m\u00fasico. O motivo ainda n\u00e3o foi confirmado, mas a fam\u00edlia acredita que Tunai\npossa ter sido v\u00edtima de um infarto.<\/p>\n\n\n\n<p>Nome\nimportante da MPB, Tunai era irm\u00e3o de Jo\u00e3o Bosco. Sua composi\u00e7\u00e3o mais famosa\nfoi \u2018Frisson\u2019, lan\u00e7ada em 1984. Al\u00e9m da carreira solo, que compreende 12\ndiscos, Tunai foi gravado por artistas como Elis Regina (\u2018As Apar\u00eancias\nEnganam\u2019, \u2018Agora T\u00e1\u2019, \u2018Saudade do Brasil\u2019, \u2018Lembre-se\u2019), Faf\u00e1 de Bel\u00e9m (\u2018Se Eu\nDisser\u2019) e Gal Costa (\u2018Olhos do Cora\u00e7\u00e3o\u2019, \u2018Eternamente\u2019).<\/p>\n\n\n\n<p>O vel\u00f3rio do cantor e\ncompositor ser\u00e1 realizado nesta segunda-feira (27), no Memorial do Carmo, na\nzona norte do Rio de Janeiro, a partir das 12h30. O corpo ser\u00e1 cremado \u00e0s\n15h30.<\/p>\n","protected":false},"excerpt":{"rendered":"<p>A fam\u00edlia do artista acredita que ele possa ter sido v\u00edtima de um infarto S\u00e3o Paulo&nbsp;\u2013 O cantor e compositor Tunai morreu na manh\u00e3 deste domingo (26), em sua casa no Rio de Janeiro, informou a assessoria de imprensa do m\u00fasico. O motivo ainda n\u00e3o foi confirmado, mas a fam\u00edlia acredita que Tunai possa ter [&hellip;]<\/p>\n","protected":false},"author":5,"featured_media":1758,"comment_status":"open","ping_status":"open","sticky":false,"template":"","format":"standard","meta":{"footnotes":""},"categories":[34],"tags":[],"class_list":["post-1757","post","type-post","status-publish","format-standard","has-post-thumbnail","hentry","category-jornalismo"],"yoast_head":"<!-- This site is optimized with the Yoast SEO plugin v27.0 - https:\/\/yoast.com\/product\/yoast-seo-wordpress\/ -->\n<title>Morre aos 69 anos o cantor e compositor Tunai. - Portal Araras de Not\u00edcias<\/title>\n<meta name=\"robots\" content=\"index, follow, max-snippet:-1, max-image-preview:large, max-video-preview:-1\" \/>\n<link rel=\"canonical\" href=\"https:\/\/portalararasdenoticias.com.br\/?p=1757\" \/>\n<meta property=\"og:locale\" content=\"pt_BR\" \/>\n<meta property=\"og:type\" content=\"article\" \/>\n<meta property=\"og:title\" content=\"Morre aos 69 anos o cantor e compositor Tunai. - Portal Araras de Not\u00edcias\" \/>\n<meta property=\"og:description\" content=\"A fam\u00edlia do artista acredita que ele possa ter sido v\u00edtima de um infarto S\u00e3o Paulo&nbsp;\u2013 O cantor e compositor Tunai morreu na manh\u00e3 deste domingo (26), em sua casa no Rio de Janeiro, informou a assessoria de imprensa do m\u00fasico. O motivo ainda n\u00e3o foi confirmado, mas a fam\u00edlia acredita que Tunai possa ter [&hellip;]\" \/>\n<meta property=\"og:url\" content=\"https:\/\/portalararasdenoticias.com.br\/?p=1757\" \/>\n<meta property=\"og:site_name\" content=\"Portal Araras de Not\u00edcias\" \/>\n<meta property=\"article:published_time\" content=\"2020-01-26T20:41:41+00:00\" \/>\n<meta property=\"article:modified_time\" content=\"2020-01-26T20:41:42+00:00\" \/>\n<meta property=\"og:image\" content=\"https:\/\/portalararasdenoticias.com.br\/wp-content\/uploads\/2020\/01\/tunai2.jpg\" \/>\n\t<meta property=\"og:image:width\" content=\"620\" \/>\n\t<meta property=\"og:image:height\" content=\"520\" \/>\n\t<meta property=\"og:image:type\" content=\"image\/jpeg\" \/>\n<meta name=\"author\" content=\"Portal Araras de Noticias\" \/>\n<meta name=\"twitter:card\" content=\"summary_large_image\" \/>\n<meta name=\"twitter:label1\" content=\"Escrito por\" \/>\n\t<meta name=\"twitter:data1\" content=\"Portal Araras de Noticias\" \/>\n\t<meta name=\"twitter:label2\" content=\"Est. tempo de leitura\" \/>\n\t<meta name=\"twitter:data2\" content=\"1 minuto\" \/>\n<script type=\"application\/ld+json\" class=\"yoast-schema-graph\">{\"@context\":\"https:\/\/schema.org\",\"@graph\":[{\"@type\":\"Article\",\"@id\":\"https:\/\/portalararasdenoticias.com.br\/?p=1757#article\",\"isPartOf\":{\"@id\":\"https:\/\/portalararasdenoticias.com.br\/?p=1757\"},\"author\":{\"name\":\"Portal Araras de Noticias\",\"@id\":\"https:\/\/portalararasdenoticias.com.br\/#\/schema\/person\/a6190507efe29dea1049d60d05ed5c0a\"},\"headline\":\"Morre aos 69 anos o cantor e compositor Tunai.\",\"datePublished\":\"2020-01-26T20:41:41+00:00\",\"dateModified\":\"2020-01-26T20:41:42+00:00\",\"mainEntityOfPage\":{\"@id\":\"https:\/\/portalararasdenoticias.com.br\/?p=1757\"},\"wordCount\":170,\"commentCount\":0,\"image\":{\"@id\":\"https:\/\/portalararasdenoticias.com.br\/?p=1757#primaryimage\"},\"thumbnailUrl\":\"https:\/\/portalararasdenoticias.com.br\/wp-content\/uploads\/2020\/01\/tunai2.jpg\",\"articleSection\":[\"jornalismo\"],\"inLanguage\":\"pt-BR\",\"potentialAction\":[{\"@type\":\"CommentAction\",\"name\":\"Comment\",\"target\":[\"https:\/\/portalararasdenoticias.com.br\/?p=1757#respond\"]}]},{\"@type\":\"WebPage\",\"@id\":\"https:\/\/portalararasdenoticias.com.br\/?p=1757\",\"url\":\"https:\/\/portalararasdenoticias.com.br\/?p=1757\",\"name\":\"Morre aos 69 anos o cantor e compositor Tunai. - Portal Araras de Not\u00edcias\",\"isPartOf\":{\"@id\":\"https:\/\/portalararasdenoticias.com.br\/#website\"},\"primaryImageOfPage\":{\"@id\":\"https:\/\/portalararasdenoticias.com.br\/?p=1757#primaryimage\"},\"image\":{\"@id\":\"https:\/\/portalararasdenoticias.com.br\/?p=1757#primaryimage\"},\"thumbnailUrl\":\"https:\/\/portalararasdenoticias.com.br\/wp-content\/uploads\/2020\/01\/tunai2.jpg\",\"datePublished\":\"2020-01-26T20:41:41+00:00\",\"dateModified\":\"2020-01-26T20:41:42+00:00\",\"author\":{\"@id\":\"https:\/\/portalararasdenoticias.com.br\/#\/schema\/person\/a6190507efe29dea1049d60d05ed5c0a\"},\"breadcrumb\":{\"@id\":\"https:\/\/portalararasdenoticias.com.br\/?p=1757#breadcrumb\"},\"inLanguage\":\"pt-BR\",\"potentialAction\":[{\"@type\":\"ReadAction\",\"target\":[\"https:\/\/portalararasdenoticias.com.br\/?p=1757\"]}]},{\"@type\":\"ImageObject\",\"inLanguage\":\"pt-BR\",\"@id\":\"https:\/\/portalararasdenoticias.com.br\/?p=1757#primaryimage\",\"url\":\"https:\/\/portalararasdenoticias.com.br\/wp-content\/uploads\/2020\/01\/tunai2.jpg\",\"contentUrl\":\"https:\/\/portalararasdenoticias.com.br\/wp-content\/uploads\/2020\/01\/tunai2.jpg\",\"width\":620,\"height\":520},{\"@type\":\"BreadcrumbList\",\"@id\":\"https:\/\/portalararasdenoticias.com.br\/?p=1757#breadcrumb\",\"itemListElement\":[{\"@type\":\"ListItem\",\"position\":1,\"name\":\"In\u00edcio\",\"item\":\"https:\/\/portalararasdenoticias.com.br\/\"},{\"@type\":\"ListItem\",\"position\":2,\"name\":\"Morre aos 69 anos o cantor e compositor Tunai.\"}]},{\"@type\":\"WebSite\",\"@id\":\"https:\/\/portalararasdenoticias.com.br\/#website\",\"url\":\"https:\/\/portalararasdenoticias.com.br\/\",\"name\":\"Portal Araras de Not\u00edcias\",\"description\":\"O Seu Portal de Not\u00edcias\",\"potentialAction\":[{\"@type\":\"SearchAction\",\"target\":{\"@type\":\"EntryPoint\",\"urlTemplate\":\"https:\/\/portalararasdenoticias.com.br\/?s={search_term_string}\"},\"query-input\":{\"@type\":\"PropertyValueSpecification\",\"valueRequired\":true,\"valueName\":\"search_term_string\"}}],\"inLanguage\":\"pt-BR\"},{\"@type\":\"Person\",\"@id\":\"https:\/\/portalararasdenoticias.com.br\/#\/schema\/person\/a6190507efe29dea1049d60d05ed5c0a\",\"name\":\"Portal Araras de Noticias\",\"image\":{\"@type\":\"ImageObject\",\"inLanguage\":\"pt-BR\",\"@id\":\"https:\/\/portalararasdenoticias.com.br\/#\/schema\/person\/image\/\",\"url\":\"https:\/\/secure.gravatar.com\/avatar\/4df7c42bc08e78bc9b6e13086fafc161bdf01220657cd93de3d828ab6c60d469?s=96&d=mm&r=g\",\"contentUrl\":\"https:\/\/secure.gravatar.com\/avatar\/4df7c42bc08e78bc9b6e13086fafc161bdf01220657cd93de3d828ab6c60d469?s=96&d=mm&r=g\",\"caption\":\"Portal Araras de Noticias\"},\"sameAs\":[\"https:\/\/portalararasdenoticias.com.br\/\"],\"url\":\"https:\/\/portalararasdenoticias.com.br\/?author=5\"}]}<\/script>\n<!-- \/ Yoast SEO plugin. -->","yoast_head_json":{"title":"Morre aos 69 anos o cantor e compositor Tunai. - Portal Araras de Not\u00edcias","robots":{"index":"index","follow":"follow","max-snippet":"max-snippet:-1","max-image-preview":"max-image-preview:large","max-video-preview":"max-video-preview:-1"},"canonical":"https:\/\/portalararasdenoticias.com.br\/?p=1757","og_locale":"pt_BR","og_type":"article","og_title":"Morre aos 69 anos o cantor e compositor Tunai. - Portal Araras de Not\u00edcias","og_description":"A fam\u00edlia do artista acredita que ele possa ter sido v\u00edtima de um infarto S\u00e3o Paulo&nbsp;\u2013 O cantor e compositor Tunai morreu na manh\u00e3 deste domingo (26), em sua casa no Rio de Janeiro, informou a assessoria de imprensa do m\u00fasico. O motivo ainda n\u00e3o foi confirmado, mas a fam\u00edlia acredita que Tunai possa ter [&hellip;]","og_url":"https:\/\/portalararasdenoticias.com.br\/?p=1757","og_site_name":"Portal Araras de Not\u00edcias","article_published_time":"2020-01-26T20:41:41+00:00","article_modified_time":"2020-01-26T20:41:42+00:00","og_image":[{"width":620,"height":520,"url":"https:\/\/portalararasdenoticias.com.br\/wp-content\/uploads\/2020\/01\/tunai2.jpg","type":"image\/jpeg"}],"author":"Portal Araras de Noticias","twitter_card":"summary_large_image","twitter_misc":{"Escrito por":"Portal Araras de Noticias","Est. tempo de leitura":"1 minuto"},"schema":{"@context":"https:\/\/schema.org","@graph":[{"@type":"Article","@id":"https:\/\/portalararasdenoticias.com.br\/?p=1757#article","isPartOf":{"@id":"https:\/\/portalararasdenoticias.com.br\/?p=1757"},"author":{"name":"Portal Araras de Noticias","@id":"https:\/\/portalararasdenoticias.com.br\/#\/schema\/person\/a6190507efe29dea1049d60d05ed5c0a"},"headline":"Morre aos 69 anos o cantor e compositor Tunai.","datePublished":"2020-01-26T20:41:41+00:00","dateModified":"2020-01-26T20:41:42+00:00","mainEntityOfPage":{"@id":"https:\/\/portalararasdenoticias.com.br\/?p=1757"},"wordCount":170,"commentCount":0,"image":{"@id":"https:\/\/portalararasdenoticias.com.br\/?p=1757#primaryimage"},"thumbnailUrl":"https:\/\/portalararasdenoticias.com.br\/wp-content\/uploads\/2020\/01\/tunai2.jpg","articleSection":["jornalismo"],"inLanguage":"pt-BR","potentialAction":[{"@type":"CommentAction","name":"Comment","target":["https:\/\/portalararasdenoticias.com.br\/?p=1757#respond"]}]},{"@type":"WebPage","@id":"https:\/\/portalararasdenoticias.com.br\/?p=1757","url":"https:\/\/portalararasdenoticias.com.br\/?p=1757","name":"Morre aos 69 anos o cantor e compositor Tunai. - Portal Araras de Not\u00edcias","isPartOf":{"@id":"https:\/\/portalararasdenoticias.com.br\/#website"},"primaryImageOfPage":{"@id":"https:\/\/portalararasdenoticias.com.br\/?p=1757#primaryimage"},"image":{"@id":"https:\/\/portalararasdenoticias.com.br\/?p=1757#primaryimage"},"thumbnailUrl":"https:\/\/portalararasdenoticias.com.br\/wp-content\/uploads\/2020\/01\/tunai2.jpg","datePublished":"2020-01-26T20:41:41+00:00","dateModified":"2020-01-26T20:41:42+00:00","author":{"@id":"https:\/\/portalararasdenoticias.com.br\/#\/schema\/person\/a6190507efe29dea1049d60d05ed5c0a"},"breadcrumb":{"@id":"https:\/\/portalararasdenoticias.com.br\/?p=1757#breadcrumb"},"inLanguage":"pt-BR","potentialAction":[{"@type":"ReadAction","target":["https:\/\/portalararasdenoticias.com.br\/?p=1757"]}]},{"@type":"ImageObject","inLanguage":"pt-BR","@id":"https:\/\/portalararasdenoticias.com.br\/?p=1757#primaryimage","url":"https:\/\/portalararasdenoticias.com.br\/wp-content\/uploads\/2020\/01\/tunai2.jpg","contentUrl":"https:\/\/portalararasdenoticias.com.br\/wp-content\/uploads\/2020\/01\/tunai2.jpg","width":620,"height":520},{"@type":"BreadcrumbList","@id":"https:\/\/portalararasdenoticias.com.br\/?p=1757#breadcrumb","itemListElement":[{"@type":"ListItem","position":1,"name":"In\u00edcio","item":"https:\/\/portalararasdenoticias.com.br\/"},{"@type":"ListItem","position":2,"name":"Morre aos 69 anos o cantor e compositor Tunai."}]},{"@type":"WebSite","@id":"https:\/\/portalararasdenoticias.com.br\/#website","url":"https:\/\/portalararasdenoticias.com.br\/","name":"Portal Araras de Not\u00edcias","description":"O Seu Portal de Not\u00edcias","potentialAction":[{"@type":"SearchAction","target":{"@type":"EntryPoint","urlTemplate":"https:\/\/portalararasdenoticias.com.br\/?s={search_term_string}"},"query-input":{"@type":"PropertyValueSpecification","valueRequired":true,"valueName":"search_term_string"}}],"inLanguage":"pt-BR"},{"@type":"Person","@id":"https:\/\/portalararasdenoticias.com.br\/#\/schema\/person\/a6190507efe29dea1049d60d05ed5c0a","name":"Portal Araras de Noticias","image":{"@type":"ImageObject","inLanguage":"pt-BR","@id":"https:\/\/portalararasdenoticias.com.br\/#\/schema\/person\/image\/","url":"https:\/\/secure.gravatar.com\/avatar\/4df7c42bc08e78bc9b6e13086fafc161bdf01220657cd93de3d828ab6c60d469?s=96&d=mm&r=g","contentUrl":"https:\/\/secure.gravatar.com\/avatar\/4df7c42bc08e78bc9b6e13086fafc161bdf01220657cd93de3d828ab6c60d469?s=96&d=mm&r=g","caption":"Portal Araras de Noticias"},"sameAs":["https:\/\/portalararasdenoticias.com.br\/"],"url":"https:\/\/portalararasdenoticias.com.br\/?author=5"}]}},"_links":{"self":[{"href":"https:\/\/portalararasdenoticias.com.br\/index.php?rest_route=\/wp\/v2\/posts\/1757","targetHints":{"allow":["GET"]}}],"collection":[{"href":"https:\/\/portalararasdenoticias.com.br\/index.php?rest_route=\/wp\/v2\/posts"}],"about":[{"href":"https:\/\/portalararasdenoticias.com.br\/index.php?rest_route=\/wp\/v2\/types\/post"}],"author":[{"embeddable":true,"href":"https:\/\/portalararasdenoticias.com.br\/index.php?rest_route=\/wp\/v2\/users\/5"}],"replies":[{"embeddable":true,"href":"https:\/\/portalararasdenoticias.com.br\/index.php?rest_route=%2Fwp%2Fv2%2Fcomments&post=1757"}],"version-history":[{"count":1,"href":"https:\/\/portalararasdenoticias.com.br\/index.php?rest_route=\/wp\/v2\/posts\/1757\/revisions"}],"predecessor-version":[{"id":1759,"href":"https:\/\/portalararasdenoticias.com.br\/index.php?rest_route=\/wp\/v2\/posts\/1757\/revisions\/1759"}],"wp:featuredmedia":[{"embeddable":true,"href":"https:\/\/portalararasdenoticias.com.br\/index.php?rest_route=\/wp\/v2\/media\/1758"}],"wp:attachment":[{"href":"https:\/\/portalararasdenoticias.com.br\/index.php?rest_route=%2Fwp%2Fv2%2Fmedia&parent=1757"}],"wp:term":[{"taxonomy":"category","embeddable":true,"href":"https:\/\/portalararasdenoticias.com.br\/index.php?rest_route=%2Fwp%2Fv2%2Fcategories&post=1757"},{"taxonomy":"post_tag","embeddable":true,"href":"https:\/\/portalararasdenoticias.com.br\/index.php?rest_route=%2Fwp%2Fv2%2Ftags&post=1757"}],"curies":[{"name":"wp","href":"https:\/\/api.w.org\/{rel}","templated":true}]}}