{"id":2033,"date":"2020-04-19T12:37:38","date_gmt":"2020-04-19T15:37:38","guid":{"rendered":"http:\/\/portalararasdenoticias.com.br\/?p=2033"},"modified":"2020-04-19T12:37:40","modified_gmt":"2020-04-19T15:37:40","slug":"elementos-presos-agora-no-6-distrito-policia-o-grupo-fera-prendeu-empresarios-policiais-e-funcionarios-da-prefeitura-de-manaus","status":"publish","type":"post","link":"https:\/\/portalararasdenoticias.com.br\/?p=2033","title":{"rendered":"Elementos  presos agora no 6\u00b0 distrito pol\u00edcia, o Grupo Fera prendeu empres\u00e1rios, policiais e funcion\u00e1rios da prefeitura de Manaus."},"content":{"rendered":"\n<figure class=\"wp-block-image\"><img loading=\"lazy\" decoding=\"async\" width=\"747\" height=\"485\" src=\"http:\/\/portalararasdenoticias.com.br\/wp-content\/uploads\/2020\/04\/94143922_142862983963790_7746065464995872768_n.jpg\" alt=\"\" class=\"wp-image-2034\" srcset=\"https:\/\/portalararasdenoticias.com.br\/wp-content\/uploads\/2020\/04\/94143922_142862983963790_7746065464995872768_n.jpg 747w, https:\/\/portalararasdenoticias.com.br\/wp-content\/uploads\/2020\/04\/94143922_142862983963790_7746065464995872768_n-300x195.jpg 300w\" sizes=\"auto, (max-width: 747px) 100vw, 747px\" \/><\/figure>\n\n\n\n<figure class=\"wp-block-image\"><img loading=\"lazy\" decoding=\"async\" width=\"720\" height=\"960\" src=\"http:\/\/portalararasdenoticias.com.br\/wp-content\/uploads\/2020\/04\/93794229_142861477297274_8924599903993200640_o.jpg\" alt=\"\" class=\"wp-image-2035\" srcset=\"https:\/\/portalararasdenoticias.com.br\/wp-content\/uploads\/2020\/04\/93794229_142861477297274_8924599903993200640_o.jpg 720w, https:\/\/portalararasdenoticias.com.br\/wp-content\/uploads\/2020\/04\/93794229_142861477297274_8924599903993200640_o-225x300.jpg 225w\" sizes=\"auto, (max-width: 720px) 100vw, 720px\" \/><\/figure>\n\n\n\n<figure class=\"wp-block-image\"><img loading=\"lazy\" decoding=\"async\" width=\"960\" height=\"502\" src=\"http:\/\/portalararasdenoticias.com.br\/wp-content\/uploads\/2020\/04\/94516325_142863007297121_8857783613165404160_o.jpg\" alt=\"\" class=\"wp-image-2036\" srcset=\"https:\/\/portalararasdenoticias.com.br\/wp-content\/uploads\/2020\/04\/94516325_142863007297121_8857783613165404160_o.jpg 960w, https:\/\/portalararasdenoticias.com.br\/wp-content\/uploads\/2020\/04\/94516325_142863007297121_8857783613165404160_o-300x157.jpg 300w, https:\/\/portalararasdenoticias.com.br\/wp-content\/uploads\/2020\/04\/94516325_142863007297121_8857783613165404160_o-768x402.jpg 768w\" sizes=\"auto, (max-width: 960px) 100vw, 960px\" \/><\/figure>\n","protected":false},"excerpt":{"rendered":"","protected":false},"author":5,"featured_media":2034,"comment_status":"open","ping_status":"open","sticky":false,"template":"","format":"standard","meta":{"footnotes":""},"categories":[34],"tags":[],"class_list":["post-2033","post","type-post","status-publish","format-standard","has-post-thumbnail","hentry","category-jornalismo"],"yoast_head":"<!-- This site is optimized with the Yoast SEO plugin v27.0 - https:\/\/yoast.com\/product\/yoast-seo-wordpress\/ -->\n<title>Elementos presos agora no 6\u00b0 distrito pol\u00edcia, o Grupo Fera prendeu empres\u00e1rios, policiais e funcion\u00e1rios da prefeitura de Manaus. - Portal Araras de Not\u00edcias<\/title>\n<meta name=\"robots\" content=\"index, follow, max-snippet:-1, max-image-preview:large, max-video-preview:-1\" \/>\n<link rel=\"canonical\" href=\"https:\/\/portalararasdenoticias.com.br\/?p=2033\" \/>\n<meta property=\"og:locale\" content=\"pt_BR\" \/>\n<meta property=\"og:type\" content=\"article\" \/>\n<meta property=\"og:title\" content=\"Elementos presos agora no 6\u00b0 distrito pol\u00edcia, o Grupo Fera prendeu empres\u00e1rios, policiais e funcion\u00e1rios da prefeitura de Manaus. - Portal Araras de Not\u00edcias\" \/>\n<meta property=\"og:url\" content=\"https:\/\/portalararasdenoticias.com.br\/?p=2033\" \/>\n<meta property=\"og:site_name\" content=\"Portal Araras de Not\u00edcias\" \/>\n<meta property=\"article:published_time\" content=\"2020-04-19T15:37:38+00:00\" \/>\n<meta property=\"article:modified_time\" content=\"2020-04-19T15:37:40+00:00\" \/>\n<meta property=\"og:image\" content=\"https:\/\/portalararasdenoticias.com.br\/wp-content\/uploads\/2020\/04\/94143922_142862983963790_7746065464995872768_n.jpg\" \/>\n\t<meta property=\"og:image:width\" content=\"747\" \/>\n\t<meta property=\"og:image:height\" content=\"485\" \/>\n\t<meta property=\"og:image:type\" content=\"image\/jpeg\" \/>\n<meta name=\"author\" content=\"Portal Araras de Noticias\" \/>\n<meta name=\"twitter:card\" content=\"summary_large_image\" \/>\n<meta name=\"twitter:label1\" content=\"Escrito por\" \/>\n\t<meta name=\"twitter:data1\" content=\"Portal Araras de Noticias\" \/>\n<script type=\"application\/ld+json\" class=\"yoast-schema-graph\">{\"@context\":\"https:\/\/schema.org\",\"@graph\":[{\"@type\":\"Article\",\"@id\":\"https:\/\/portalararasdenoticias.com.br\/?p=2033#article\",\"isPartOf\":{\"@id\":\"https:\/\/portalararasdenoticias.com.br\/?p=2033\"},\"author\":{\"name\":\"Portal Araras de Noticias\",\"@id\":\"https:\/\/portalararasdenoticias.com.br\/#\/schema\/person\/a6190507efe29dea1049d60d05ed5c0a\"},\"headline\":\"Elementos presos agora no 6\u00b0 distrito pol\u00edcia, o Grupo Fera prendeu empres\u00e1rios, policiais e funcion\u00e1rios da prefeitura de Manaus.\",\"datePublished\":\"2020-04-19T15:37:38+00:00\",\"dateModified\":\"2020-04-19T15:37:40+00:00\",\"mainEntityOfPage\":{\"@id\":\"https:\/\/portalararasdenoticias.com.br\/?p=2033\"},\"wordCount\":21,\"commentCount\":0,\"image\":{\"@id\":\"https:\/\/portalararasdenoticias.com.br\/?p=2033#primaryimage\"},\"thumbnailUrl\":\"https:\/\/portalararasdenoticias.com.br\/wp-content\/uploads\/2020\/04\/94143922_142862983963790_7746065464995872768_n.jpg\",\"articleSection\":[\"jornalismo\"],\"inLanguage\":\"pt-BR\",\"potentialAction\":[{\"@type\":\"CommentAction\",\"name\":\"Comment\",\"target\":[\"https:\/\/portalararasdenoticias.com.br\/?p=2033#respond\"]}]},{\"@type\":\"WebPage\",\"@id\":\"https:\/\/portalararasdenoticias.com.br\/?p=2033\",\"url\":\"https:\/\/portalararasdenoticias.com.br\/?p=2033\",\"name\":\"Elementos presos agora no 6\u00b0 distrito pol\u00edcia, o Grupo Fera prendeu empres\u00e1rios, policiais e funcion\u00e1rios da prefeitura de Manaus. - Portal Araras de Not\u00edcias\",\"isPartOf\":{\"@id\":\"https:\/\/portalararasdenoticias.com.br\/#website\"},\"primaryImageOfPage\":{\"@id\":\"https:\/\/portalararasdenoticias.com.br\/?p=2033#primaryimage\"},\"image\":{\"@id\":\"https:\/\/portalararasdenoticias.com.br\/?p=2033#primaryimage\"},\"thumbnailUrl\":\"https:\/\/portalararasdenoticias.com.br\/wp-content\/uploads\/2020\/04\/94143922_142862983963790_7746065464995872768_n.jpg\",\"datePublished\":\"2020-04-19T15:37:38+00:00\",\"dateModified\":\"2020-04-19T15:37:40+00:00\",\"author\":{\"@id\":\"https:\/\/portalararasdenoticias.com.br\/#\/schema\/person\/a6190507efe29dea1049d60d05ed5c0a\"},\"breadcrumb\":{\"@id\":\"https:\/\/portalararasdenoticias.com.br\/?p=2033#breadcrumb\"},\"inLanguage\":\"pt-BR\",\"potentialAction\":[{\"@type\":\"ReadAction\",\"target\":[\"https:\/\/portalararasdenoticias.com.br\/?p=2033\"]}]},{\"@type\":\"ImageObject\",\"inLanguage\":\"pt-BR\",\"@id\":\"https:\/\/portalararasdenoticias.com.br\/?p=2033#primaryimage\",\"url\":\"https:\/\/portalararasdenoticias.com.br\/wp-content\/uploads\/2020\/04\/94143922_142862983963790_7746065464995872768_n.jpg\",\"contentUrl\":\"https:\/\/portalararasdenoticias.com.br\/wp-content\/uploads\/2020\/04\/94143922_142862983963790_7746065464995872768_n.jpg\",\"width\":747,\"height\":485},{\"@type\":\"BreadcrumbList\",\"@id\":\"https:\/\/portalararasdenoticias.com.br\/?p=2033#breadcrumb\",\"itemListElement\":[{\"@type\":\"ListItem\",\"position\":1,\"name\":\"In\u00edcio\",\"item\":\"https:\/\/portalararasdenoticias.com.br\/\"},{\"@type\":\"ListItem\",\"position\":2,\"name\":\"Elementos presos agora no 6\u00b0 distrito pol\u00edcia, o Grupo Fera prendeu empres\u00e1rios, policiais e funcion\u00e1rios da prefeitura de Manaus.\"}]},{\"@type\":\"WebSite\",\"@id\":\"https:\/\/portalararasdenoticias.com.br\/#website\",\"url\":\"https:\/\/portalararasdenoticias.com.br\/\",\"name\":\"Portal Araras de Not\u00edcias\",\"description\":\"O Seu Portal de Not\u00edcias\",\"potentialAction\":[{\"@type\":\"SearchAction\",\"target\":{\"@type\":\"EntryPoint\",\"urlTemplate\":\"https:\/\/portalararasdenoticias.com.br\/?s={search_term_string}\"},\"query-input\":{\"@type\":\"PropertyValueSpecification\",\"valueRequired\":true,\"valueName\":\"search_term_string\"}}],\"inLanguage\":\"pt-BR\"},{\"@type\":\"Person\",\"@id\":\"https:\/\/portalararasdenoticias.com.br\/#\/schema\/person\/a6190507efe29dea1049d60d05ed5c0a\",\"name\":\"Portal Araras de Noticias\",\"image\":{\"@type\":\"ImageObject\",\"inLanguage\":\"pt-BR\",\"@id\":\"https:\/\/portalararasdenoticias.com.br\/#\/schema\/person\/image\/\",\"url\":\"https:\/\/secure.gravatar.com\/avatar\/4df7c42bc08e78bc9b6e13086fafc161bdf01220657cd93de3d828ab6c60d469?s=96&d=mm&r=g\",\"contentUrl\":\"https:\/\/secure.gravatar.com\/avatar\/4df7c42bc08e78bc9b6e13086fafc161bdf01220657cd93de3d828ab6c60d469?s=96&d=mm&r=g\",\"caption\":\"Portal Araras de Noticias\"},\"sameAs\":[\"https:\/\/portalararasdenoticias.com.br\/\"],\"url\":\"https:\/\/portalararasdenoticias.com.br\/?author=5\"}]}<\/script>\n<!-- \/ Yoast SEO plugin. -->","yoast_head_json":{"title":"Elementos presos agora no 6\u00b0 distrito pol\u00edcia, o Grupo Fera prendeu empres\u00e1rios, policiais e funcion\u00e1rios da prefeitura de Manaus. - Portal Araras de Not\u00edcias","robots":{"index":"index","follow":"follow","max-snippet":"max-snippet:-1","max-image-preview":"max-image-preview:large","max-video-preview":"max-video-preview:-1"},"canonical":"https:\/\/portalararasdenoticias.com.br\/?p=2033","og_locale":"pt_BR","og_type":"article","og_title":"Elementos presos agora no 6\u00b0 distrito pol\u00edcia, o Grupo Fera prendeu empres\u00e1rios, policiais e funcion\u00e1rios da prefeitura de Manaus. - Portal Araras de Not\u00edcias","og_url":"https:\/\/portalararasdenoticias.com.br\/?p=2033","og_site_name":"Portal Araras de Not\u00edcias","article_published_time":"2020-04-19T15:37:38+00:00","article_modified_time":"2020-04-19T15:37:40+00:00","og_image":[{"width":747,"height":485,"url":"https:\/\/portalararasdenoticias.com.br\/wp-content\/uploads\/2020\/04\/94143922_142862983963790_7746065464995872768_n.jpg","type":"image\/jpeg"}],"author":"Portal Araras de Noticias","twitter_card":"summary_large_image","twitter_misc":{"Escrito por":"Portal Araras de Noticias"},"schema":{"@context":"https:\/\/schema.org","@graph":[{"@type":"Article","@id":"https:\/\/portalararasdenoticias.com.br\/?p=2033#article","isPartOf":{"@id":"https:\/\/portalararasdenoticias.com.br\/?p=2033"},"author":{"name":"Portal Araras de Noticias","@id":"https:\/\/portalararasdenoticias.com.br\/#\/schema\/person\/a6190507efe29dea1049d60d05ed5c0a"},"headline":"Elementos presos agora no 6\u00b0 distrito pol\u00edcia, o Grupo Fera prendeu empres\u00e1rios, policiais e funcion\u00e1rios da prefeitura de Manaus.","datePublished":"2020-04-19T15:37:38+00:00","dateModified":"2020-04-19T15:37:40+00:00","mainEntityOfPage":{"@id":"https:\/\/portalararasdenoticias.com.br\/?p=2033"},"wordCount":21,"commentCount":0,"image":{"@id":"https:\/\/portalararasdenoticias.com.br\/?p=2033#primaryimage"},"thumbnailUrl":"https:\/\/portalararasdenoticias.com.br\/wp-content\/uploads\/2020\/04\/94143922_142862983963790_7746065464995872768_n.jpg","articleSection":["jornalismo"],"inLanguage":"pt-BR","potentialAction":[{"@type":"CommentAction","name":"Comment","target":["https:\/\/portalararasdenoticias.com.br\/?p=2033#respond"]}]},{"@type":"WebPage","@id":"https:\/\/portalararasdenoticias.com.br\/?p=2033","url":"https:\/\/portalararasdenoticias.com.br\/?p=2033","name":"Elementos presos agora no 6\u00b0 distrito pol\u00edcia, o Grupo Fera prendeu empres\u00e1rios, policiais e funcion\u00e1rios da prefeitura de Manaus. - Portal Araras de Not\u00edcias","isPartOf":{"@id":"https:\/\/portalararasdenoticias.com.br\/#website"},"primaryImageOfPage":{"@id":"https:\/\/portalararasdenoticias.com.br\/?p=2033#primaryimage"},"image":{"@id":"https:\/\/portalararasdenoticias.com.br\/?p=2033#primaryimage"},"thumbnailUrl":"https:\/\/portalararasdenoticias.com.br\/wp-content\/uploads\/2020\/04\/94143922_142862983963790_7746065464995872768_n.jpg","datePublished":"2020-04-19T15:37:38+00:00","dateModified":"2020-04-19T15:37:40+00:00","author":{"@id":"https:\/\/portalararasdenoticias.com.br\/#\/schema\/person\/a6190507efe29dea1049d60d05ed5c0a"},"breadcrumb":{"@id":"https:\/\/portalararasdenoticias.com.br\/?p=2033#breadcrumb"},"inLanguage":"pt-BR","potentialAction":[{"@type":"ReadAction","target":["https:\/\/portalararasdenoticias.com.br\/?p=2033"]}]},{"@type":"ImageObject","inLanguage":"pt-BR","@id":"https:\/\/portalararasdenoticias.com.br\/?p=2033#primaryimage","url":"https:\/\/portalararasdenoticias.com.br\/wp-content\/uploads\/2020\/04\/94143922_142862983963790_7746065464995872768_n.jpg","contentUrl":"https:\/\/portalararasdenoticias.com.br\/wp-content\/uploads\/2020\/04\/94143922_142862983963790_7746065464995872768_n.jpg","width":747,"height":485},{"@type":"BreadcrumbList","@id":"https:\/\/portalararasdenoticias.com.br\/?p=2033#breadcrumb","itemListElement":[{"@type":"ListItem","position":1,"name":"In\u00edcio","item":"https:\/\/portalararasdenoticias.com.br\/"},{"@type":"ListItem","position":2,"name":"Elementos presos agora no 6\u00b0 distrito pol\u00edcia, o Grupo Fera prendeu empres\u00e1rios, policiais e funcion\u00e1rios da prefeitura de Manaus."}]},{"@type":"WebSite","@id":"https:\/\/portalararasdenoticias.com.br\/#website","url":"https:\/\/portalararasdenoticias.com.br\/","name":"Portal Araras de Not\u00edcias","description":"O Seu Portal de Not\u00edcias","potentialAction":[{"@type":"SearchAction","target":{"@type":"EntryPoint","urlTemplate":"https:\/\/portalararasdenoticias.com.br\/?s={search_term_string}"},"query-input":{"@type":"PropertyValueSpecification","valueRequired":true,"valueName":"search_term_string"}}],"inLanguage":"pt-BR"},{"@type":"Person","@id":"https:\/\/portalararasdenoticias.com.br\/#\/schema\/person\/a6190507efe29dea1049d60d05ed5c0a","name":"Portal Araras de Noticias","image":{"@type":"ImageObject","inLanguage":"pt-BR","@id":"https:\/\/portalararasdenoticias.com.br\/#\/schema\/person\/image\/","url":"https:\/\/secure.gravatar.com\/avatar\/4df7c42bc08e78bc9b6e13086fafc161bdf01220657cd93de3d828ab6c60d469?s=96&d=mm&r=g","contentUrl":"https:\/\/secure.gravatar.com\/avatar\/4df7c42bc08e78bc9b6e13086fafc161bdf01220657cd93de3d828ab6c60d469?s=96&d=mm&r=g","caption":"Portal Araras de Noticias"},"sameAs":["https:\/\/portalararasdenoticias.com.br\/"],"url":"https:\/\/portalararasdenoticias.com.br\/?author=5"}]}},"_links":{"self":[{"href":"https:\/\/portalararasdenoticias.com.br\/index.php?rest_route=\/wp\/v2\/posts\/2033","targetHints":{"allow":["GET"]}}],"collection":[{"href":"https:\/\/portalararasdenoticias.com.br\/index.php?rest_route=\/wp\/v2\/posts"}],"about":[{"href":"https:\/\/portalararasdenoticias.com.br\/index.php?rest_route=\/wp\/v2\/types\/post"}],"author":[{"embeddable":true,"href":"https:\/\/portalararasdenoticias.com.br\/index.php?rest_route=\/wp\/v2\/users\/5"}],"replies":[{"embeddable":true,"href":"https:\/\/portalararasdenoticias.com.br\/index.php?rest_route=%2Fwp%2Fv2%2Fcomments&post=2033"}],"version-history":[{"count":1,"href":"https:\/\/portalararasdenoticias.com.br\/index.php?rest_route=\/wp\/v2\/posts\/2033\/revisions"}],"predecessor-version":[{"id":2037,"href":"https:\/\/portalararasdenoticias.com.br\/index.php?rest_route=\/wp\/v2\/posts\/2033\/revisions\/2037"}],"wp:featuredmedia":[{"embeddable":true,"href":"https:\/\/portalararasdenoticias.com.br\/index.php?rest_route=\/wp\/v2\/media\/2034"}],"wp:attachment":[{"href":"https:\/\/portalararasdenoticias.com.br\/index.php?rest_route=%2Fwp%2Fv2%2Fmedia&parent=2033"}],"wp:term":[{"taxonomy":"category","embeddable":true,"href":"https:\/\/portalararasdenoticias.com.br\/index.php?rest_route=%2Fwp%2Fv2%2Fcategories&post=2033"},{"taxonomy":"post_tag","embeddable":true,"href":"https:\/\/portalararasdenoticias.com.br\/index.php?rest_route=%2Fwp%2Fv2%2Ftags&post=2033"}],"curies":[{"name":"wp","href":"https:\/\/api.w.org\/{rel}","templated":true}]}}