{"id":2234,"date":"2020-06-21T09:38:07","date_gmt":"2020-06-21T12:38:07","guid":{"rendered":"http:\/\/portalararasdenoticias.com.br\/?p=2234"},"modified":"2020-06-21T09:38:08","modified_gmt":"2020-06-21T12:38:08","slug":"o-brasil-ora-pela-jornalista-da-record-tv-apos-ser-internada-as-pressas-precisei-ate-de-morfina-carla-cecato","status":"publish","type":"post","link":"https:\/\/portalararasdenoticias.com.br\/?p=2234","title":{"rendered":"O Brasil ora pela jornalista da Record TV, ap\u00f3s ser internada \u00e0s pressas: \u201cPrecisei at\u00e9 de morfina\u201d Carla Cecato."},"content":{"rendered":"\n<figure class=\"wp-block-image\"><img loading=\"lazy\" decoding=\"async\" width=\"1024\" height=\"570\" src=\"http:\/\/portalararasdenoticias.com.br\/wp-content\/uploads\/2020\/06\/carla-cecato-record-tv-estafa-insonia-1024x570.jpg\" alt=\"\" class=\"wp-image-2235\" srcset=\"https:\/\/portalararasdenoticias.com.br\/wp-content\/uploads\/2020\/06\/carla-cecato-record-tv-estafa-insonia-1024x570.jpg 1024w, https:\/\/portalararasdenoticias.com.br\/wp-content\/uploads\/2020\/06\/carla-cecato-record-tv-estafa-insonia-300x167.jpg 300w, https:\/\/portalararasdenoticias.com.br\/wp-content\/uploads\/2020\/06\/carla-cecato-record-tv-estafa-insonia-768x428.jpg 768w, https:\/\/portalararasdenoticias.com.br\/wp-content\/uploads\/2020\/06\/carla-cecato-record-tv-estafa-insonia.jpg 1598w\" sizes=\"auto, (max-width: 1024px) 100vw, 1024px\" \/><\/figure>\n\n\n\n<figure class=\"wp-block-image\"><img loading=\"lazy\" decoding=\"async\" width=\"720\" height=\"405\" src=\"http:\/\/portalararasdenoticias.com.br\/wp-content\/uploads\/2020\/06\/Carla-Cecato-e1592683925787.jpg\" alt=\"\" class=\"wp-image-2236\" srcset=\"https:\/\/portalararasdenoticias.com.br\/wp-content\/uploads\/2020\/06\/Carla-Cecato-e1592683925787.jpg 720w, https:\/\/portalararasdenoticias.com.br\/wp-content\/uploads\/2020\/06\/Carla-Cecato-e1592683925787-300x169.jpg 300w\" sizes=\"auto, (max-width: 720px) 100vw, 720px\" \/><\/figure>\n\n\n\n<p>Os telespectadores da Record TV foram surpreendidos com a\naus\u00eancia da Jornalista&nbsp;<strong>Carla Cecato,&nbsp;<\/strong>no canal, e logo\nap\u00f3s, ficaram sabendo que a comunicadora estaria internada. Carla Cecato fez\nuso de sua rede social neste s\u00e1bado, dia 20 e dividiu&nbsp; com seus f\u00e3s e\nseguidores, a afli\u00e7\u00e3o que viveu nos \u00faltimos dias.<\/p>\n\n\n\n<p>A profissional do jornalismo, contratada da emissora da Record\nTV, contou em atrav\u00e9s do post que voc~e pode conferir aqui abaixo, que foi\ninternada com urg\u00eancia ap\u00f3s sentir dores insuport\u00e1veis no abd\u00f4men.<\/p>\n\n\n\n<p>Ela conta\nainda que as dores s\u00f3 aumentavam, chegando ao ponto de precisar usar at\u00e9\nmorfina, isso tudo quase resultou numa cirurgia.<\/p>\n\n\n\n<p>Ap\u00f3s desabafo da jornalista, f\u00e3s ficaram preocupados pela\nsitua\u00e7\u00e3o, pois os m\u00e9dicos viram uma h\u00e9rnia atrav\u00e9s da tomografia, mas minutos\nantes da cirurgia, repetiram o exame e a h\u00e9rnia havia desaparecido, ela conta\nagradecida, mas permanece em observa\u00e7\u00e3o e todos oram para que ela se recupere\n100% e retorne ao trabalho, onde faz o que mais ama e com muita compet\u00eancia.<\/p>\n\n\n\n<h2 class=\"wp-block-heading\">Todos contra a covid-19<\/h2>\n\n\n\n<p>Para combater\no v\u00edrus \u00e9 de fundamental import\u00e2ncia seguir \u00e0 risca as orienta\u00e7\u00f5es da\nOrganiza\u00e7\u00e3o da Sa\u00fade, portanto fique em casa e se proteja, se precisar sair,\nuse a m\u00e1scara de prote\u00e7\u00e3o e mantenha o distanciamento social.<\/p>\n","protected":false},"excerpt":{"rendered":"<p>Os telespectadores da Record TV foram surpreendidos com a aus\u00eancia da Jornalista&nbsp;Carla Cecato,&nbsp;no canal, e logo ap\u00f3s, ficaram sabendo que a comunicadora estaria internada. Carla Cecato fez uso de sua rede social neste s\u00e1bado, dia 20 e dividiu&nbsp; com seus f\u00e3s e seguidores, a afli\u00e7\u00e3o que viveu nos \u00faltimos dias. A profissional do jornalismo, contratada [&hellip;]<\/p>\n","protected":false},"author":5,"featured_media":2236,"comment_status":"open","ping_status":"open","sticky":true,"template":"","format":"standard","meta":{"footnotes":""},"categories":[34],"tags":[],"class_list":["post-2234","post","type-post","status-publish","format-standard","has-post-thumbnail","hentry","category-jornalismo"],"yoast_head":"<!-- This site is optimized with the Yoast SEO plugin v27.0 - https:\/\/yoast.com\/product\/yoast-seo-wordpress\/ -->\n<title>O Brasil ora pela jornalista da Record TV, ap\u00f3s ser internada \u00e0s pressas: \u201cPrecisei at\u00e9 de morfina\u201d Carla Cecato. - Portal Araras de Not\u00edcias<\/title>\n<meta name=\"robots\" content=\"index, follow, max-snippet:-1, max-image-preview:large, max-video-preview:-1\" \/>\n<link rel=\"canonical\" href=\"https:\/\/portalararasdenoticias.com.br\/?p=2234\" \/>\n<meta property=\"og:locale\" content=\"pt_BR\" \/>\n<meta property=\"og:type\" content=\"article\" \/>\n<meta property=\"og:title\" content=\"O Brasil ora pela jornalista da Record TV, ap\u00f3s ser internada \u00e0s pressas: \u201cPrecisei at\u00e9 de morfina\u201d Carla Cecato. - Portal Araras de Not\u00edcias\" \/>\n<meta property=\"og:description\" content=\"Os telespectadores da Record TV foram surpreendidos com a aus\u00eancia da Jornalista&nbsp;Carla Cecato,&nbsp;no canal, e logo ap\u00f3s, ficaram sabendo que a comunicadora estaria internada. Carla Cecato fez uso de sua rede social neste s\u00e1bado, dia 20 e dividiu&nbsp; com seus f\u00e3s e seguidores, a afli\u00e7\u00e3o que viveu nos \u00faltimos dias. A profissional do jornalismo, contratada [&hellip;]\" \/>\n<meta property=\"og:url\" content=\"https:\/\/portalararasdenoticias.com.br\/?p=2234\" \/>\n<meta property=\"og:site_name\" content=\"Portal Araras de Not\u00edcias\" \/>\n<meta property=\"article:published_time\" content=\"2020-06-21T12:38:07+00:00\" \/>\n<meta property=\"article:modified_time\" content=\"2020-06-21T12:38:08+00:00\" \/>\n<meta property=\"og:image\" content=\"https:\/\/portalararasdenoticias.com.br\/wp-content\/uploads\/2020\/06\/Carla-Cecato-e1592683925787.jpg\" \/>\n\t<meta property=\"og:image:width\" content=\"720\" \/>\n\t<meta property=\"og:image:height\" content=\"405\" \/>\n\t<meta property=\"og:image:type\" content=\"image\/jpeg\" \/>\n<meta name=\"author\" content=\"Portal Araras de Noticias\" \/>\n<meta name=\"twitter:card\" content=\"summary_large_image\" \/>\n<meta name=\"twitter:label1\" content=\"Escrito por\" \/>\n\t<meta name=\"twitter:data1\" content=\"Portal Araras de Noticias\" \/>\n\t<meta name=\"twitter:label2\" content=\"Est. tempo de leitura\" \/>\n\t<meta name=\"twitter:data2\" content=\"1 minuto\" \/>\n<script type=\"application\/ld+json\" class=\"yoast-schema-graph\">{\"@context\":\"https:\/\/schema.org\",\"@graph\":[{\"@type\":\"Article\",\"@id\":\"https:\/\/portalararasdenoticias.com.br\/?p=2234#article\",\"isPartOf\":{\"@id\":\"https:\/\/portalararasdenoticias.com.br\/?p=2234\"},\"author\":{\"name\":\"Portal Araras de Noticias\",\"@id\":\"https:\/\/portalararasdenoticias.com.br\/#\/schema\/person\/a6190507efe29dea1049d60d05ed5c0a\"},\"headline\":\"O Brasil ora pela jornalista da Record TV, ap\u00f3s ser internada \u00e0s pressas: \u201cPrecisei at\u00e9 de morfina\u201d Carla Cecato.\",\"datePublished\":\"2020-06-21T12:38:07+00:00\",\"dateModified\":\"2020-06-21T12:38:08+00:00\",\"mainEntityOfPage\":{\"@id\":\"https:\/\/portalararasdenoticias.com.br\/?p=2234\"},\"wordCount\":254,\"commentCount\":0,\"image\":{\"@id\":\"https:\/\/portalararasdenoticias.com.br\/?p=2234#primaryimage\"},\"thumbnailUrl\":\"https:\/\/portalararasdenoticias.com.br\/wp-content\/uploads\/2020\/06\/Carla-Cecato-e1592683925787.jpg\",\"articleSection\":[\"jornalismo\"],\"inLanguage\":\"pt-BR\",\"potentialAction\":[{\"@type\":\"CommentAction\",\"name\":\"Comment\",\"target\":[\"https:\/\/portalararasdenoticias.com.br\/?p=2234#respond\"]}]},{\"@type\":\"WebPage\",\"@id\":\"https:\/\/portalararasdenoticias.com.br\/?p=2234\",\"url\":\"https:\/\/portalararasdenoticias.com.br\/?p=2234\",\"name\":\"O Brasil ora pela jornalista da Record TV, ap\u00f3s ser internada \u00e0s pressas: \u201cPrecisei at\u00e9 de morfina\u201d Carla Cecato. - Portal Araras de Not\u00edcias\",\"isPartOf\":{\"@id\":\"https:\/\/portalararasdenoticias.com.br\/#website\"},\"primaryImageOfPage\":{\"@id\":\"https:\/\/portalararasdenoticias.com.br\/?p=2234#primaryimage\"},\"image\":{\"@id\":\"https:\/\/portalararasdenoticias.com.br\/?p=2234#primaryimage\"},\"thumbnailUrl\":\"https:\/\/portalararasdenoticias.com.br\/wp-content\/uploads\/2020\/06\/Carla-Cecato-e1592683925787.jpg\",\"datePublished\":\"2020-06-21T12:38:07+00:00\",\"dateModified\":\"2020-06-21T12:38:08+00:00\",\"author\":{\"@id\":\"https:\/\/portalararasdenoticias.com.br\/#\/schema\/person\/a6190507efe29dea1049d60d05ed5c0a\"},\"breadcrumb\":{\"@id\":\"https:\/\/portalararasdenoticias.com.br\/?p=2234#breadcrumb\"},\"inLanguage\":\"pt-BR\",\"potentialAction\":[{\"@type\":\"ReadAction\",\"target\":[\"https:\/\/portalararasdenoticias.com.br\/?p=2234\"]}]},{\"@type\":\"ImageObject\",\"inLanguage\":\"pt-BR\",\"@id\":\"https:\/\/portalararasdenoticias.com.br\/?p=2234#primaryimage\",\"url\":\"https:\/\/portalararasdenoticias.com.br\/wp-content\/uploads\/2020\/06\/Carla-Cecato-e1592683925787.jpg\",\"contentUrl\":\"https:\/\/portalararasdenoticias.com.br\/wp-content\/uploads\/2020\/06\/Carla-Cecato-e1592683925787.jpg\",\"width\":720,\"height\":405},{\"@type\":\"BreadcrumbList\",\"@id\":\"https:\/\/portalararasdenoticias.com.br\/?p=2234#breadcrumb\",\"itemListElement\":[{\"@type\":\"ListItem\",\"position\":1,\"name\":\"In\u00edcio\",\"item\":\"https:\/\/portalararasdenoticias.com.br\/\"},{\"@type\":\"ListItem\",\"position\":2,\"name\":\"O Brasil ora pela jornalista da Record TV, ap\u00f3s ser internada \u00e0s pressas: \u201cPrecisei at\u00e9 de morfina\u201d Carla Cecato.\"}]},{\"@type\":\"WebSite\",\"@id\":\"https:\/\/portalararasdenoticias.com.br\/#website\",\"url\":\"https:\/\/portalararasdenoticias.com.br\/\",\"name\":\"Portal Araras de Not\u00edcias\",\"description\":\"O Seu Portal de Not\u00edcias\",\"potentialAction\":[{\"@type\":\"SearchAction\",\"target\":{\"@type\":\"EntryPoint\",\"urlTemplate\":\"https:\/\/portalararasdenoticias.com.br\/?s={search_term_string}\"},\"query-input\":{\"@type\":\"PropertyValueSpecification\",\"valueRequired\":true,\"valueName\":\"search_term_string\"}}],\"inLanguage\":\"pt-BR\"},{\"@type\":\"Person\",\"@id\":\"https:\/\/portalararasdenoticias.com.br\/#\/schema\/person\/a6190507efe29dea1049d60d05ed5c0a\",\"name\":\"Portal Araras de Noticias\",\"image\":{\"@type\":\"ImageObject\",\"inLanguage\":\"pt-BR\",\"@id\":\"https:\/\/portalararasdenoticias.com.br\/#\/schema\/person\/image\/\",\"url\":\"https:\/\/secure.gravatar.com\/avatar\/4df7c42bc08e78bc9b6e13086fafc161bdf01220657cd93de3d828ab6c60d469?s=96&d=mm&r=g\",\"contentUrl\":\"https:\/\/secure.gravatar.com\/avatar\/4df7c42bc08e78bc9b6e13086fafc161bdf01220657cd93de3d828ab6c60d469?s=96&d=mm&r=g\",\"caption\":\"Portal Araras de Noticias\"},\"sameAs\":[\"https:\/\/portalararasdenoticias.com.br\/\"],\"url\":\"https:\/\/portalararasdenoticias.com.br\/?author=5\"}]}<\/script>\n<!-- \/ Yoast SEO plugin. -->","yoast_head_json":{"title":"O Brasil ora pela jornalista da Record TV, ap\u00f3s ser internada \u00e0s pressas: \u201cPrecisei at\u00e9 de morfina\u201d Carla Cecato. - Portal Araras de Not\u00edcias","robots":{"index":"index","follow":"follow","max-snippet":"max-snippet:-1","max-image-preview":"max-image-preview:large","max-video-preview":"max-video-preview:-1"},"canonical":"https:\/\/portalararasdenoticias.com.br\/?p=2234","og_locale":"pt_BR","og_type":"article","og_title":"O Brasil ora pela jornalista da Record TV, ap\u00f3s ser internada \u00e0s pressas: \u201cPrecisei at\u00e9 de morfina\u201d Carla Cecato. - Portal Araras de Not\u00edcias","og_description":"Os telespectadores da Record TV foram surpreendidos com a aus\u00eancia da Jornalista&nbsp;Carla Cecato,&nbsp;no canal, e logo ap\u00f3s, ficaram sabendo que a comunicadora estaria internada. Carla Cecato fez uso de sua rede social neste s\u00e1bado, dia 20 e dividiu&nbsp; com seus f\u00e3s e seguidores, a afli\u00e7\u00e3o que viveu nos \u00faltimos dias. A profissional do jornalismo, contratada [&hellip;]","og_url":"https:\/\/portalararasdenoticias.com.br\/?p=2234","og_site_name":"Portal Araras de Not\u00edcias","article_published_time":"2020-06-21T12:38:07+00:00","article_modified_time":"2020-06-21T12:38:08+00:00","og_image":[{"width":720,"height":405,"url":"https:\/\/portalararasdenoticias.com.br\/wp-content\/uploads\/2020\/06\/Carla-Cecato-e1592683925787.jpg","type":"image\/jpeg"}],"author":"Portal Araras de Noticias","twitter_card":"summary_large_image","twitter_misc":{"Escrito por":"Portal Araras de Noticias","Est. tempo de leitura":"1 minuto"},"schema":{"@context":"https:\/\/schema.org","@graph":[{"@type":"Article","@id":"https:\/\/portalararasdenoticias.com.br\/?p=2234#article","isPartOf":{"@id":"https:\/\/portalararasdenoticias.com.br\/?p=2234"},"author":{"name":"Portal Araras de Noticias","@id":"https:\/\/portalararasdenoticias.com.br\/#\/schema\/person\/a6190507efe29dea1049d60d05ed5c0a"},"headline":"O Brasil ora pela jornalista da Record TV, ap\u00f3s ser internada \u00e0s pressas: \u201cPrecisei at\u00e9 de morfina\u201d Carla Cecato.","datePublished":"2020-06-21T12:38:07+00:00","dateModified":"2020-06-21T12:38:08+00:00","mainEntityOfPage":{"@id":"https:\/\/portalararasdenoticias.com.br\/?p=2234"},"wordCount":254,"commentCount":0,"image":{"@id":"https:\/\/portalararasdenoticias.com.br\/?p=2234#primaryimage"},"thumbnailUrl":"https:\/\/portalararasdenoticias.com.br\/wp-content\/uploads\/2020\/06\/Carla-Cecato-e1592683925787.jpg","articleSection":["jornalismo"],"inLanguage":"pt-BR","potentialAction":[{"@type":"CommentAction","name":"Comment","target":["https:\/\/portalararasdenoticias.com.br\/?p=2234#respond"]}]},{"@type":"WebPage","@id":"https:\/\/portalararasdenoticias.com.br\/?p=2234","url":"https:\/\/portalararasdenoticias.com.br\/?p=2234","name":"O Brasil ora pela jornalista da Record TV, ap\u00f3s ser internada \u00e0s pressas: \u201cPrecisei at\u00e9 de morfina\u201d Carla Cecato. - Portal Araras de Not\u00edcias","isPartOf":{"@id":"https:\/\/portalararasdenoticias.com.br\/#website"},"primaryImageOfPage":{"@id":"https:\/\/portalararasdenoticias.com.br\/?p=2234#primaryimage"},"image":{"@id":"https:\/\/portalararasdenoticias.com.br\/?p=2234#primaryimage"},"thumbnailUrl":"https:\/\/portalararasdenoticias.com.br\/wp-content\/uploads\/2020\/06\/Carla-Cecato-e1592683925787.jpg","datePublished":"2020-06-21T12:38:07+00:00","dateModified":"2020-06-21T12:38:08+00:00","author":{"@id":"https:\/\/portalararasdenoticias.com.br\/#\/schema\/person\/a6190507efe29dea1049d60d05ed5c0a"},"breadcrumb":{"@id":"https:\/\/portalararasdenoticias.com.br\/?p=2234#breadcrumb"},"inLanguage":"pt-BR","potentialAction":[{"@type":"ReadAction","target":["https:\/\/portalararasdenoticias.com.br\/?p=2234"]}]},{"@type":"ImageObject","inLanguage":"pt-BR","@id":"https:\/\/portalararasdenoticias.com.br\/?p=2234#primaryimage","url":"https:\/\/portalararasdenoticias.com.br\/wp-content\/uploads\/2020\/06\/Carla-Cecato-e1592683925787.jpg","contentUrl":"https:\/\/portalararasdenoticias.com.br\/wp-content\/uploads\/2020\/06\/Carla-Cecato-e1592683925787.jpg","width":720,"height":405},{"@type":"BreadcrumbList","@id":"https:\/\/portalararasdenoticias.com.br\/?p=2234#breadcrumb","itemListElement":[{"@type":"ListItem","position":1,"name":"In\u00edcio","item":"https:\/\/portalararasdenoticias.com.br\/"},{"@type":"ListItem","position":2,"name":"O Brasil ora pela jornalista da Record TV, ap\u00f3s ser internada \u00e0s pressas: \u201cPrecisei at\u00e9 de morfina\u201d Carla Cecato."}]},{"@type":"WebSite","@id":"https:\/\/portalararasdenoticias.com.br\/#website","url":"https:\/\/portalararasdenoticias.com.br\/","name":"Portal Araras de Not\u00edcias","description":"O Seu Portal de Not\u00edcias","potentialAction":[{"@type":"SearchAction","target":{"@type":"EntryPoint","urlTemplate":"https:\/\/portalararasdenoticias.com.br\/?s={search_term_string}"},"query-input":{"@type":"PropertyValueSpecification","valueRequired":true,"valueName":"search_term_string"}}],"inLanguage":"pt-BR"},{"@type":"Person","@id":"https:\/\/portalararasdenoticias.com.br\/#\/schema\/person\/a6190507efe29dea1049d60d05ed5c0a","name":"Portal Araras de Noticias","image":{"@type":"ImageObject","inLanguage":"pt-BR","@id":"https:\/\/portalararasdenoticias.com.br\/#\/schema\/person\/image\/","url":"https:\/\/secure.gravatar.com\/avatar\/4df7c42bc08e78bc9b6e13086fafc161bdf01220657cd93de3d828ab6c60d469?s=96&d=mm&r=g","contentUrl":"https:\/\/secure.gravatar.com\/avatar\/4df7c42bc08e78bc9b6e13086fafc161bdf01220657cd93de3d828ab6c60d469?s=96&d=mm&r=g","caption":"Portal Araras de Noticias"},"sameAs":["https:\/\/portalararasdenoticias.com.br\/"],"url":"https:\/\/portalararasdenoticias.com.br\/?author=5"}]}},"_links":{"self":[{"href":"https:\/\/portalararasdenoticias.com.br\/index.php?rest_route=\/wp\/v2\/posts\/2234","targetHints":{"allow":["GET"]}}],"collection":[{"href":"https:\/\/portalararasdenoticias.com.br\/index.php?rest_route=\/wp\/v2\/posts"}],"about":[{"href":"https:\/\/portalararasdenoticias.com.br\/index.php?rest_route=\/wp\/v2\/types\/post"}],"author":[{"embeddable":true,"href":"https:\/\/portalararasdenoticias.com.br\/index.php?rest_route=\/wp\/v2\/users\/5"}],"replies":[{"embeddable":true,"href":"https:\/\/portalararasdenoticias.com.br\/index.php?rest_route=%2Fwp%2Fv2%2Fcomments&post=2234"}],"version-history":[{"count":1,"href":"https:\/\/portalararasdenoticias.com.br\/index.php?rest_route=\/wp\/v2\/posts\/2234\/revisions"}],"predecessor-version":[{"id":2237,"href":"https:\/\/portalararasdenoticias.com.br\/index.php?rest_route=\/wp\/v2\/posts\/2234\/revisions\/2237"}],"wp:featuredmedia":[{"embeddable":true,"href":"https:\/\/portalararasdenoticias.com.br\/index.php?rest_route=\/wp\/v2\/media\/2236"}],"wp:attachment":[{"href":"https:\/\/portalararasdenoticias.com.br\/index.php?rest_route=%2Fwp%2Fv2%2Fmedia&parent=2234"}],"wp:term":[{"taxonomy":"category","embeddable":true,"href":"https:\/\/portalararasdenoticias.com.br\/index.php?rest_route=%2Fwp%2Fv2%2Fcategories&post=2234"},{"taxonomy":"post_tag","embeddable":true,"href":"https:\/\/portalararasdenoticias.com.br\/index.php?rest_route=%2Fwp%2Fv2%2Ftags&post=2234"}],"curies":[{"name":"wp","href":"https:\/\/api.w.org\/{rel}","templated":true}]}}