{"id":2273,"date":"2020-07-05T22:45:38","date_gmt":"2020-07-06T01:45:38","guid":{"rendered":"http:\/\/portalararasdenoticias.com.br\/?p=2273"},"modified":"2020-07-05T22:45:40","modified_gmt":"2020-07-06T01:45:40","slug":"secretaria-de-comunicacao-do-am-daniela-assayag-pede-exoneracao-apos-denuncias-na-cpi-da-saude-e-operacao-sangria","status":"publish","type":"post","link":"https:\/\/portalararasdenoticias.com.br\/?p=2273","title":{"rendered":"Secret\u00e1ria de comunica\u00e7\u00e3o do AM, Daniela Assayag, pede exonera\u00e7\u00e3o ap\u00f3s den\u00fancias na CPI da Sa\u00fade e Opera\u00e7\u00e3o Sangria."},"content":{"rendered":"\n<figure class=\"wp-block-image\"><img loading=\"lazy\" decoding=\"async\" width=\"800\" height=\"440\" src=\"http:\/\/portalararasdenoticias.com.br\/wp-content\/uploads\/2020\/07\/ENTREVISTA.jpg\" alt=\"\" class=\"wp-image-2274\" srcset=\"https:\/\/portalararasdenoticias.com.br\/wp-content\/uploads\/2020\/07\/ENTREVISTA.jpg 800w, https:\/\/portalararasdenoticias.com.br\/wp-content\/uploads\/2020\/07\/ENTREVISTA-300x165.jpg 300w, https:\/\/portalararasdenoticias.com.br\/wp-content\/uploads\/2020\/07\/ENTREVISTA-768x422.jpg 768w\" sizes=\"auto, (max-width: 800px) 100vw, 800px\" \/><\/figure>\n\n\n\n<p>A Secret\u00e1ria de Comunica\u00e7\u00e3o do Amazonas, Daniela Assayag, entregou hoje \u00e0 tarde ao governador Wilson Lima (PSC) pedido de exonera\u00e7\u00e3o do cargo. O pedido de demiss\u00e3o ocorreu na esteira de uma s\u00e9rie de reportagens que mostraram que Daniela sabia que a empresa do marido, o m\u00e9dico e empres\u00e1rio Luiz Carlos Avelino J\u00fanior, participou do esquema de venda de respiradores n\u00e3o-indicados ao tratamento da covid-19 ao governo do Amazonas.<\/p>\n\n\n\n<h2 class=\"wp-block-heading\">Confira o pedido na\n\u00edntegra:<\/h2>\n\n\n\n<p><em>Solicito \u00e0 V.Sa. a minha\nexonera\u00e7\u00e3o do cargo de Secret\u00e1ria de Comunica\u00e7\u00e3o do Governo do Estado do\nAmazonas, a partir da data de hoje, 05 de julho de 2020, em virtude dos\nacontecimentos que emergiram na \u00faltima semana expondo situa\u00e7\u00f5es em que a lisura\nde meus atos enquanto Secret\u00e1ria de Comunica\u00e7\u00e3o deste Governo est\u00e1 sendo\nquestionada.<\/em><\/p>\n\n\n\n<p><em>Acredito que minha sa\u00edda da Secretaria de Comunica\u00e7\u00e3o permitir\u00e1\nque a apura\u00e7\u00e3o dos fatos possa se realizar com seriedade e profundidade. E que\nsejam esclarecidas as ila\u00e7\u00f5es sobre atitudes e comportamentos n\u00e3o condizentes\ncom a minha pr\u00e1tica profissional.<\/em><\/p>\n\n\n\n<p><em>Reafirmo a certeza de ter\nexercido o meu papel com todos os requisitos t\u00e9cnicos e \u00e9ticos exigidos no\ncumprimento de minha fun\u00e7\u00e3o frente \u00e0 Secretaria de Comunica\u00e7\u00e3o deste Governo.\nEspero que minha atitude represente, mais uma vez, meus princ\u00edpios de lutar\npela apura\u00e7\u00e3o dos fatos com veracidade e justi\u00e7a&#8221;.<\/em><\/p>\n\n\n\n<p>Daniela Assayag possui mais de 24 anos\nde carreira na \u00e1rea de comunica\u00e7\u00e3o e jornalismo. Ela se formou em Jornalismo\npela Universidade Federal do Amazonas (Ufam), em 2001, e cursou especializa\u00e7\u00f5es\nna \u00e1rea da comunica\u00e7\u00e3o em institui\u00e7\u00f5es como Funda\u00e7\u00e3o Oswaldo Cruz (Fiocruz) e\nISE Business School.<\/p>\n\n\n\n<p>Em 2014, Daniela Assayag ficou\nrespons\u00e1vel pela ger\u00eancia de jornalismo de um grupo de comunica\u00e7\u00e3o do Estado. O\ngrupo era o mesmo onde trabalhava o governador Wilson Lima, que, na \u00e9poca, era\napresentador de um telejornal.<\/p>\n\n\n\n<p>Em 2019, Daniela Assayag tomou posse\ncomo secret\u00e1ria de Comunica\u00e7\u00e3o do Estado.<\/p>\n","protected":false},"excerpt":{"rendered":"<p>A Secret\u00e1ria de Comunica\u00e7\u00e3o do Amazonas, Daniela Assayag, entregou hoje \u00e0 tarde ao governador Wilson Lima (PSC) pedido de exonera\u00e7\u00e3o do cargo. O pedido de demiss\u00e3o ocorreu na esteira de uma s\u00e9rie de reportagens que mostraram que Daniela sabia que a empresa do marido, o m\u00e9dico e empres\u00e1rio Luiz Carlos Avelino J\u00fanior, participou do esquema [&hellip;]<\/p>\n","protected":false},"author":5,"featured_media":2274,"comment_status":"open","ping_status":"open","sticky":true,"template":"","format":"standard","meta":{"footnotes":""},"categories":[34],"tags":[],"class_list":["post-2273","post","type-post","status-publish","format-standard","has-post-thumbnail","hentry","category-jornalismo"],"yoast_head":"<!-- This site is optimized with the Yoast SEO plugin v27.0 - https:\/\/yoast.com\/product\/yoast-seo-wordpress\/ -->\n<title>Secret\u00e1ria de comunica\u00e7\u00e3o do AM, Daniela Assayag, pede exonera\u00e7\u00e3o ap\u00f3s den\u00fancias na CPI da Sa\u00fade e Opera\u00e7\u00e3o Sangria. - Portal Araras de Not\u00edcias<\/title>\n<meta name=\"robots\" content=\"index, follow, max-snippet:-1, max-image-preview:large, max-video-preview:-1\" \/>\n<link rel=\"canonical\" href=\"https:\/\/portalararasdenoticias.com.br\/?p=2273\" \/>\n<meta property=\"og:locale\" content=\"pt_BR\" \/>\n<meta property=\"og:type\" content=\"article\" \/>\n<meta property=\"og:title\" content=\"Secret\u00e1ria de comunica\u00e7\u00e3o do AM, Daniela Assayag, pede exonera\u00e7\u00e3o ap\u00f3s den\u00fancias na CPI da Sa\u00fade e Opera\u00e7\u00e3o Sangria. - Portal Araras de Not\u00edcias\" \/>\n<meta property=\"og:description\" content=\"A Secret\u00e1ria de Comunica\u00e7\u00e3o do Amazonas, Daniela Assayag, entregou hoje \u00e0 tarde ao governador Wilson Lima (PSC) pedido de exonera\u00e7\u00e3o do cargo. O pedido de demiss\u00e3o ocorreu na esteira de uma s\u00e9rie de reportagens que mostraram que Daniela sabia que a empresa do marido, o m\u00e9dico e empres\u00e1rio Luiz Carlos Avelino J\u00fanior, participou do esquema [&hellip;]\" \/>\n<meta property=\"og:url\" content=\"https:\/\/portalararasdenoticias.com.br\/?p=2273\" \/>\n<meta property=\"og:site_name\" content=\"Portal Araras de Not\u00edcias\" \/>\n<meta property=\"article:published_time\" content=\"2020-07-06T01:45:38+00:00\" \/>\n<meta property=\"article:modified_time\" content=\"2020-07-06T01:45:40+00:00\" \/>\n<meta property=\"og:image\" content=\"https:\/\/portalararasdenoticias.com.br\/wp-content\/uploads\/2020\/07\/ENTREVISTA.jpg\" \/>\n\t<meta property=\"og:image:width\" content=\"800\" \/>\n\t<meta property=\"og:image:height\" content=\"440\" \/>\n\t<meta property=\"og:image:type\" content=\"image\/jpeg\" \/>\n<meta name=\"author\" content=\"Portal Araras de Noticias\" \/>\n<meta name=\"twitter:card\" content=\"summary_large_image\" \/>\n<meta name=\"twitter:label1\" content=\"Escrito por\" \/>\n\t<meta name=\"twitter:data1\" content=\"Portal Araras de Noticias\" \/>\n\t<meta name=\"twitter:label2\" content=\"Est. tempo de leitura\" \/>\n\t<meta name=\"twitter:data2\" content=\"2 minutos\" \/>\n<script type=\"application\/ld+json\" class=\"yoast-schema-graph\">{\"@context\":\"https:\/\/schema.org\",\"@graph\":[{\"@type\":\"Article\",\"@id\":\"https:\/\/portalararasdenoticias.com.br\/?p=2273#article\",\"isPartOf\":{\"@id\":\"https:\/\/portalararasdenoticias.com.br\/?p=2273\"},\"author\":{\"name\":\"Portal Araras de Noticias\",\"@id\":\"https:\/\/portalararasdenoticias.com.br\/#\/schema\/person\/a6190507efe29dea1049d60d05ed5c0a\"},\"headline\":\"Secret\u00e1ria de comunica\u00e7\u00e3o do AM, Daniela Assayag, pede exonera\u00e7\u00e3o ap\u00f3s den\u00fancias na CPI da Sa\u00fade e Opera\u00e7\u00e3o Sangria.\",\"datePublished\":\"2020-07-06T01:45:38+00:00\",\"dateModified\":\"2020-07-06T01:45:40+00:00\",\"mainEntityOfPage\":{\"@id\":\"https:\/\/portalararasdenoticias.com.br\/?p=2273\"},\"wordCount\":364,\"commentCount\":0,\"image\":{\"@id\":\"https:\/\/portalararasdenoticias.com.br\/?p=2273#primaryimage\"},\"thumbnailUrl\":\"https:\/\/portalararasdenoticias.com.br\/wp-content\/uploads\/2020\/07\/ENTREVISTA.jpg\",\"articleSection\":[\"jornalismo\"],\"inLanguage\":\"pt-BR\",\"potentialAction\":[{\"@type\":\"CommentAction\",\"name\":\"Comment\",\"target\":[\"https:\/\/portalararasdenoticias.com.br\/?p=2273#respond\"]}]},{\"@type\":\"WebPage\",\"@id\":\"https:\/\/portalararasdenoticias.com.br\/?p=2273\",\"url\":\"https:\/\/portalararasdenoticias.com.br\/?p=2273\",\"name\":\"Secret\u00e1ria de comunica\u00e7\u00e3o do AM, Daniela Assayag, pede exonera\u00e7\u00e3o ap\u00f3s den\u00fancias na CPI da Sa\u00fade e Opera\u00e7\u00e3o Sangria. - Portal Araras de Not\u00edcias\",\"isPartOf\":{\"@id\":\"https:\/\/portalararasdenoticias.com.br\/#website\"},\"primaryImageOfPage\":{\"@id\":\"https:\/\/portalararasdenoticias.com.br\/?p=2273#primaryimage\"},\"image\":{\"@id\":\"https:\/\/portalararasdenoticias.com.br\/?p=2273#primaryimage\"},\"thumbnailUrl\":\"https:\/\/portalararasdenoticias.com.br\/wp-content\/uploads\/2020\/07\/ENTREVISTA.jpg\",\"datePublished\":\"2020-07-06T01:45:38+00:00\",\"dateModified\":\"2020-07-06T01:45:40+00:00\",\"author\":{\"@id\":\"https:\/\/portalararasdenoticias.com.br\/#\/schema\/person\/a6190507efe29dea1049d60d05ed5c0a\"},\"breadcrumb\":{\"@id\":\"https:\/\/portalararasdenoticias.com.br\/?p=2273#breadcrumb\"},\"inLanguage\":\"pt-BR\",\"potentialAction\":[{\"@type\":\"ReadAction\",\"target\":[\"https:\/\/portalararasdenoticias.com.br\/?p=2273\"]}]},{\"@type\":\"ImageObject\",\"inLanguage\":\"pt-BR\",\"@id\":\"https:\/\/portalararasdenoticias.com.br\/?p=2273#primaryimage\",\"url\":\"https:\/\/portalararasdenoticias.com.br\/wp-content\/uploads\/2020\/07\/ENTREVISTA.jpg\",\"contentUrl\":\"https:\/\/portalararasdenoticias.com.br\/wp-content\/uploads\/2020\/07\/ENTREVISTA.jpg\",\"width\":800,\"height\":440},{\"@type\":\"BreadcrumbList\",\"@id\":\"https:\/\/portalararasdenoticias.com.br\/?p=2273#breadcrumb\",\"itemListElement\":[{\"@type\":\"ListItem\",\"position\":1,\"name\":\"In\u00edcio\",\"item\":\"https:\/\/portalararasdenoticias.com.br\/\"},{\"@type\":\"ListItem\",\"position\":2,\"name\":\"Secret\u00e1ria de comunica\u00e7\u00e3o do AM, Daniela Assayag, pede exonera\u00e7\u00e3o ap\u00f3s den\u00fancias na CPI da Sa\u00fade e Opera\u00e7\u00e3o Sangria.\"}]},{\"@type\":\"WebSite\",\"@id\":\"https:\/\/portalararasdenoticias.com.br\/#website\",\"url\":\"https:\/\/portalararasdenoticias.com.br\/\",\"name\":\"Portal Araras de Not\u00edcias\",\"description\":\"O Seu Portal de Not\u00edcias\",\"potentialAction\":[{\"@type\":\"SearchAction\",\"target\":{\"@type\":\"EntryPoint\",\"urlTemplate\":\"https:\/\/portalararasdenoticias.com.br\/?s={search_term_string}\"},\"query-input\":{\"@type\":\"PropertyValueSpecification\",\"valueRequired\":true,\"valueName\":\"search_term_string\"}}],\"inLanguage\":\"pt-BR\"},{\"@type\":\"Person\",\"@id\":\"https:\/\/portalararasdenoticias.com.br\/#\/schema\/person\/a6190507efe29dea1049d60d05ed5c0a\",\"name\":\"Portal Araras de Noticias\",\"image\":{\"@type\":\"ImageObject\",\"inLanguage\":\"pt-BR\",\"@id\":\"https:\/\/portalararasdenoticias.com.br\/#\/schema\/person\/image\/\",\"url\":\"https:\/\/secure.gravatar.com\/avatar\/4df7c42bc08e78bc9b6e13086fafc161bdf01220657cd93de3d828ab6c60d469?s=96&d=mm&r=g\",\"contentUrl\":\"https:\/\/secure.gravatar.com\/avatar\/4df7c42bc08e78bc9b6e13086fafc161bdf01220657cd93de3d828ab6c60d469?s=96&d=mm&r=g\",\"caption\":\"Portal Araras de Noticias\"},\"sameAs\":[\"https:\/\/portalararasdenoticias.com.br\/\"],\"url\":\"https:\/\/portalararasdenoticias.com.br\/?author=5\"}]}<\/script>\n<!-- \/ Yoast SEO plugin. -->","yoast_head_json":{"title":"Secret\u00e1ria de comunica\u00e7\u00e3o do AM, Daniela Assayag, pede exonera\u00e7\u00e3o ap\u00f3s den\u00fancias na CPI da Sa\u00fade e Opera\u00e7\u00e3o Sangria. - Portal Araras de Not\u00edcias","robots":{"index":"index","follow":"follow","max-snippet":"max-snippet:-1","max-image-preview":"max-image-preview:large","max-video-preview":"max-video-preview:-1"},"canonical":"https:\/\/portalararasdenoticias.com.br\/?p=2273","og_locale":"pt_BR","og_type":"article","og_title":"Secret\u00e1ria de comunica\u00e7\u00e3o do AM, Daniela Assayag, pede exonera\u00e7\u00e3o ap\u00f3s den\u00fancias na CPI da Sa\u00fade e Opera\u00e7\u00e3o Sangria. - Portal Araras de Not\u00edcias","og_description":"A Secret\u00e1ria de Comunica\u00e7\u00e3o do Amazonas, Daniela Assayag, entregou hoje \u00e0 tarde ao governador Wilson Lima (PSC) pedido de exonera\u00e7\u00e3o do cargo. O pedido de demiss\u00e3o ocorreu na esteira de uma s\u00e9rie de reportagens que mostraram que Daniela sabia que a empresa do marido, o m\u00e9dico e empres\u00e1rio Luiz Carlos Avelino J\u00fanior, participou do esquema [&hellip;]","og_url":"https:\/\/portalararasdenoticias.com.br\/?p=2273","og_site_name":"Portal Araras de Not\u00edcias","article_published_time":"2020-07-06T01:45:38+00:00","article_modified_time":"2020-07-06T01:45:40+00:00","og_image":[{"width":800,"height":440,"url":"https:\/\/portalararasdenoticias.com.br\/wp-content\/uploads\/2020\/07\/ENTREVISTA.jpg","type":"image\/jpeg"}],"author":"Portal Araras de Noticias","twitter_card":"summary_large_image","twitter_misc":{"Escrito por":"Portal Araras de Noticias","Est. tempo de leitura":"2 minutos"},"schema":{"@context":"https:\/\/schema.org","@graph":[{"@type":"Article","@id":"https:\/\/portalararasdenoticias.com.br\/?p=2273#article","isPartOf":{"@id":"https:\/\/portalararasdenoticias.com.br\/?p=2273"},"author":{"name":"Portal Araras de Noticias","@id":"https:\/\/portalararasdenoticias.com.br\/#\/schema\/person\/a6190507efe29dea1049d60d05ed5c0a"},"headline":"Secret\u00e1ria de comunica\u00e7\u00e3o do AM, Daniela Assayag, pede exonera\u00e7\u00e3o ap\u00f3s den\u00fancias na CPI da Sa\u00fade e Opera\u00e7\u00e3o Sangria.","datePublished":"2020-07-06T01:45:38+00:00","dateModified":"2020-07-06T01:45:40+00:00","mainEntityOfPage":{"@id":"https:\/\/portalararasdenoticias.com.br\/?p=2273"},"wordCount":364,"commentCount":0,"image":{"@id":"https:\/\/portalararasdenoticias.com.br\/?p=2273#primaryimage"},"thumbnailUrl":"https:\/\/portalararasdenoticias.com.br\/wp-content\/uploads\/2020\/07\/ENTREVISTA.jpg","articleSection":["jornalismo"],"inLanguage":"pt-BR","potentialAction":[{"@type":"CommentAction","name":"Comment","target":["https:\/\/portalararasdenoticias.com.br\/?p=2273#respond"]}]},{"@type":"WebPage","@id":"https:\/\/portalararasdenoticias.com.br\/?p=2273","url":"https:\/\/portalararasdenoticias.com.br\/?p=2273","name":"Secret\u00e1ria de comunica\u00e7\u00e3o do AM, Daniela Assayag, pede exonera\u00e7\u00e3o ap\u00f3s den\u00fancias na CPI da Sa\u00fade e Opera\u00e7\u00e3o Sangria. - Portal Araras de Not\u00edcias","isPartOf":{"@id":"https:\/\/portalararasdenoticias.com.br\/#website"},"primaryImageOfPage":{"@id":"https:\/\/portalararasdenoticias.com.br\/?p=2273#primaryimage"},"image":{"@id":"https:\/\/portalararasdenoticias.com.br\/?p=2273#primaryimage"},"thumbnailUrl":"https:\/\/portalararasdenoticias.com.br\/wp-content\/uploads\/2020\/07\/ENTREVISTA.jpg","datePublished":"2020-07-06T01:45:38+00:00","dateModified":"2020-07-06T01:45:40+00:00","author":{"@id":"https:\/\/portalararasdenoticias.com.br\/#\/schema\/person\/a6190507efe29dea1049d60d05ed5c0a"},"breadcrumb":{"@id":"https:\/\/portalararasdenoticias.com.br\/?p=2273#breadcrumb"},"inLanguage":"pt-BR","potentialAction":[{"@type":"ReadAction","target":["https:\/\/portalararasdenoticias.com.br\/?p=2273"]}]},{"@type":"ImageObject","inLanguage":"pt-BR","@id":"https:\/\/portalararasdenoticias.com.br\/?p=2273#primaryimage","url":"https:\/\/portalararasdenoticias.com.br\/wp-content\/uploads\/2020\/07\/ENTREVISTA.jpg","contentUrl":"https:\/\/portalararasdenoticias.com.br\/wp-content\/uploads\/2020\/07\/ENTREVISTA.jpg","width":800,"height":440},{"@type":"BreadcrumbList","@id":"https:\/\/portalararasdenoticias.com.br\/?p=2273#breadcrumb","itemListElement":[{"@type":"ListItem","position":1,"name":"In\u00edcio","item":"https:\/\/portalararasdenoticias.com.br\/"},{"@type":"ListItem","position":2,"name":"Secret\u00e1ria de comunica\u00e7\u00e3o do AM, Daniela Assayag, pede exonera\u00e7\u00e3o ap\u00f3s den\u00fancias na CPI da Sa\u00fade e Opera\u00e7\u00e3o Sangria."}]},{"@type":"WebSite","@id":"https:\/\/portalararasdenoticias.com.br\/#website","url":"https:\/\/portalararasdenoticias.com.br\/","name":"Portal Araras de Not\u00edcias","description":"O Seu Portal de Not\u00edcias","potentialAction":[{"@type":"SearchAction","target":{"@type":"EntryPoint","urlTemplate":"https:\/\/portalararasdenoticias.com.br\/?s={search_term_string}"},"query-input":{"@type":"PropertyValueSpecification","valueRequired":true,"valueName":"search_term_string"}}],"inLanguage":"pt-BR"},{"@type":"Person","@id":"https:\/\/portalararasdenoticias.com.br\/#\/schema\/person\/a6190507efe29dea1049d60d05ed5c0a","name":"Portal Araras de Noticias","image":{"@type":"ImageObject","inLanguage":"pt-BR","@id":"https:\/\/portalararasdenoticias.com.br\/#\/schema\/person\/image\/","url":"https:\/\/secure.gravatar.com\/avatar\/4df7c42bc08e78bc9b6e13086fafc161bdf01220657cd93de3d828ab6c60d469?s=96&d=mm&r=g","contentUrl":"https:\/\/secure.gravatar.com\/avatar\/4df7c42bc08e78bc9b6e13086fafc161bdf01220657cd93de3d828ab6c60d469?s=96&d=mm&r=g","caption":"Portal Araras de Noticias"},"sameAs":["https:\/\/portalararasdenoticias.com.br\/"],"url":"https:\/\/portalararasdenoticias.com.br\/?author=5"}]}},"_links":{"self":[{"href":"https:\/\/portalararasdenoticias.com.br\/index.php?rest_route=\/wp\/v2\/posts\/2273","targetHints":{"allow":["GET"]}}],"collection":[{"href":"https:\/\/portalararasdenoticias.com.br\/index.php?rest_route=\/wp\/v2\/posts"}],"about":[{"href":"https:\/\/portalararasdenoticias.com.br\/index.php?rest_route=\/wp\/v2\/types\/post"}],"author":[{"embeddable":true,"href":"https:\/\/portalararasdenoticias.com.br\/index.php?rest_route=\/wp\/v2\/users\/5"}],"replies":[{"embeddable":true,"href":"https:\/\/portalararasdenoticias.com.br\/index.php?rest_route=%2Fwp%2Fv2%2Fcomments&post=2273"}],"version-history":[{"count":1,"href":"https:\/\/portalararasdenoticias.com.br\/index.php?rest_route=\/wp\/v2\/posts\/2273\/revisions"}],"predecessor-version":[{"id":2275,"href":"https:\/\/portalararasdenoticias.com.br\/index.php?rest_route=\/wp\/v2\/posts\/2273\/revisions\/2275"}],"wp:featuredmedia":[{"embeddable":true,"href":"https:\/\/portalararasdenoticias.com.br\/index.php?rest_route=\/wp\/v2\/media\/2274"}],"wp:attachment":[{"href":"https:\/\/portalararasdenoticias.com.br\/index.php?rest_route=%2Fwp%2Fv2%2Fmedia&parent=2273"}],"wp:term":[{"taxonomy":"category","embeddable":true,"href":"https:\/\/portalararasdenoticias.com.br\/index.php?rest_route=%2Fwp%2Fv2%2Fcategories&post=2273"},{"taxonomy":"post_tag","embeddable":true,"href":"https:\/\/portalararasdenoticias.com.br\/index.php?rest_route=%2Fwp%2Fv2%2Ftags&post=2273"}],"curies":[{"name":"wp","href":"https:\/\/api.w.org\/{rel}","templated":true}]}}