{"id":2282,"date":"2020-07-10T21:16:42","date_gmt":"2020-07-11T00:16:42","guid":{"rendered":"http:\/\/portalararasdenoticias.com.br\/?p=2282"},"modified":"2020-07-10T21:16:43","modified_gmt":"2020-07-11T00:16:43","slug":"ja-esta-preso-davide-o-bandido-que-arrastou-idosa-com-o-carro-ao-reagir-a-tentativa-de-assalto-em-manaus","status":"publish","type":"post","link":"https:\/\/portalararasdenoticias.com.br\/?p=2282","title":{"rendered":"J\u00e1 esta preso Davide o bandido que arrastou Idosa com o carro ao reagir a tentativa de assalto em Manaus."},"content":{"rendered":"\n<figure class=\"wp-block-image\"><img loading=\"lazy\" decoding=\"async\" width=\"780\" height=\"534\" src=\"http:\/\/portalararasdenoticias.com.br\/wp-content\/uploads\/2020\/07\/WhatsApp-Image-2020-07-10-at-19.25.19.jpeg\" alt=\"\" class=\"wp-image-2283\" srcset=\"https:\/\/portalararasdenoticias.com.br\/wp-content\/uploads\/2020\/07\/WhatsApp-Image-2020-07-10-at-19.25.19.jpeg 780w, https:\/\/portalararasdenoticias.com.br\/wp-content\/uploads\/2020\/07\/WhatsApp-Image-2020-07-10-at-19.25.19-300x205.jpeg 300w, https:\/\/portalararasdenoticias.com.br\/wp-content\/uploads\/2020\/07\/WhatsApp-Image-2020-07-10-at-19.25.19-768x526.jpeg 768w\" sizes=\"auto, (max-width: 780px) 100vw, 780px\" \/><\/figure>\n\n\n\n<figure class=\"wp-block-image\"><img loading=\"lazy\" decoding=\"async\" width=\"680\" height=\"482\" src=\"http:\/\/portalararasdenoticias.com.br\/wp-content\/uploads\/2020\/07\/portaldoholanda-1003589-imagem.jpg\" alt=\"\" class=\"wp-image-2284\" srcset=\"https:\/\/portalararasdenoticias.com.br\/wp-content\/uploads\/2020\/07\/portaldoholanda-1003589-imagem.jpg 680w, https:\/\/portalararasdenoticias.com.br\/wp-content\/uploads\/2020\/07\/portaldoholanda-1003589-imagem-300x213.jpg 300w\" sizes=\"auto, (max-width: 680px) 100vw, 680px\" \/><\/figure>\n\n\n\n<figure class=\"wp-block-image\"><img loading=\"lazy\" decoding=\"async\" width=\"600\" height=\"400\" src=\"http:\/\/portalararasdenoticias.com.br\/wp-content\/uploads\/2020\/07\/img-2160.jpg\" alt=\"\" class=\"wp-image-2285\" srcset=\"https:\/\/portalararasdenoticias.com.br\/wp-content\/uploads\/2020\/07\/img-2160.jpg 600w, https:\/\/portalararasdenoticias.com.br\/wp-content\/uploads\/2020\/07\/img-2160-300x200.jpg 300w\" sizes=\"auto, (max-width: 600px) 100vw, 600px\" \/><\/figure>\n\n\n\n<figure class=\"wp-block-image\"><img loading=\"lazy\" decoding=\"async\" width=\"984\" height=\"656\" src=\"http:\/\/portalararasdenoticias.com.br\/wp-content\/uploads\/2020\/07\/img-2171.jpg\" alt=\"\" class=\"wp-image-2286\" srcset=\"https:\/\/portalararasdenoticias.com.br\/wp-content\/uploads\/2020\/07\/img-2171.jpg 984w, https:\/\/portalararasdenoticias.com.br\/wp-content\/uploads\/2020\/07\/img-2171-300x200.jpg 300w, https:\/\/portalararasdenoticias.com.br\/wp-content\/uploads\/2020\/07\/img-2171-768x512.jpg 768w\" sizes=\"auto, (max-width: 984px) 100vw, 984px\" \/><\/figure>\n\n\n\n<figure class=\"wp-block-image\"><img loading=\"lazy\" decoding=\"async\" width=\"600\" height=\"400\" src=\"http:\/\/portalararasdenoticias.com.br\/wp-content\/uploads\/2020\/07\/img-2166.jpg\" alt=\"\" class=\"wp-image-2287\" srcset=\"https:\/\/portalararasdenoticias.com.br\/wp-content\/uploads\/2020\/07\/img-2166.jpg 600w, https:\/\/portalararasdenoticias.com.br\/wp-content\/uploads\/2020\/07\/img-2166-300x200.jpg 300w\" sizes=\"auto, (max-width: 600px) 100vw, 600px\" \/><\/figure>\n\n\n\n<p>Uma idosa de 68 anos foi arrastada por um carro dirigido\npor&nbsp; criminosos no bairro Tancredo Neves, na Zona Leste. Ela reagiu a uma\ntentativa de assalto que ocorreu na \u00faltima quarta-feira (8), e deixou moradores\nrevoltados.<\/p>\n\n\n\n<p>Na\nocasi\u00e3o, a mulher caminhava pela rua quando foi fechada pelo carro dos bandidos\nque estavam \u00e0 espera de uma v\u00edtima. Eles a atacaram e tentaram arrancar a bolsa\ndela, mas a senhora segurou e eles sa\u00edram aceleraram o carro a arrastando por\nalguns metros.<\/p>\n\n\n\n<p>Moradoras\nflagraram a cena por uma c\u00e2mera de seguran\u00e7a e correram para ajud\u00e1-la. Uma\ndelas chega a briga com os criminosos que est\u00e3o apenas com os bra\u00e7os pra fora\ndo carro.<\/p>\n\n\n\n<p>Ap\u00f3s\nalguns instantes, eles desistem e soltam a bolsa e a idosa, a v\u00edtima sofreu\nescoria\u00e7\u00f5es pelas pernas e foi socorrida, ela passa bem.<\/p>\n","protected":false},"excerpt":{"rendered":"<p>Uma idosa de 68 anos foi arrastada por um carro dirigido por&nbsp; criminosos no bairro Tancredo Neves, na Zona Leste. Ela reagiu a uma tentativa de assalto que ocorreu na \u00faltima quarta-feira (8), e deixou moradores revoltados. Na ocasi\u00e3o, a mulher caminhava pela rua quando foi fechada pelo carro dos bandidos que estavam \u00e0 espera [&hellip;]<\/p>\n","protected":false},"author":5,"featured_media":2283,"comment_status":"open","ping_status":"open","sticky":true,"template":"","format":"standard","meta":{"footnotes":""},"categories":[34],"tags":[],"class_list":["post-2282","post","type-post","status-publish","format-standard","has-post-thumbnail","hentry","category-jornalismo"],"yoast_head":"<!-- This site is optimized with the Yoast SEO plugin v27.0 - https:\/\/yoast.com\/product\/yoast-seo-wordpress\/ -->\n<title>J\u00e1 esta preso Davide o bandido que arrastou Idosa com o carro ao reagir a tentativa de assalto em Manaus. - Portal Araras de Not\u00edcias<\/title>\n<meta name=\"robots\" content=\"index, follow, max-snippet:-1, max-image-preview:large, max-video-preview:-1\" \/>\n<link rel=\"canonical\" href=\"https:\/\/portalararasdenoticias.com.br\/?p=2282\" \/>\n<meta property=\"og:locale\" content=\"pt_BR\" \/>\n<meta property=\"og:type\" content=\"article\" \/>\n<meta property=\"og:title\" content=\"J\u00e1 esta preso Davide o bandido que arrastou Idosa com o carro ao reagir a tentativa de assalto em Manaus. - Portal Araras de Not\u00edcias\" \/>\n<meta property=\"og:description\" content=\"Uma idosa de 68 anos foi arrastada por um carro dirigido por&nbsp; criminosos no bairro Tancredo Neves, na Zona Leste. Ela reagiu a uma tentativa de assalto que ocorreu na \u00faltima quarta-feira (8), e deixou moradores revoltados. Na ocasi\u00e3o, a mulher caminhava pela rua quando foi fechada pelo carro dos bandidos que estavam \u00e0 espera [&hellip;]\" \/>\n<meta property=\"og:url\" content=\"https:\/\/portalararasdenoticias.com.br\/?p=2282\" \/>\n<meta property=\"og:site_name\" content=\"Portal Araras de Not\u00edcias\" \/>\n<meta property=\"article:published_time\" content=\"2020-07-11T00:16:42+00:00\" \/>\n<meta property=\"article:modified_time\" content=\"2020-07-11T00:16:43+00:00\" \/>\n<meta property=\"og:image\" content=\"https:\/\/portalararasdenoticias.com.br\/wp-content\/uploads\/2020\/07\/WhatsApp-Image-2020-07-10-at-19.25.19.jpeg\" \/>\n\t<meta property=\"og:image:width\" content=\"780\" \/>\n\t<meta property=\"og:image:height\" content=\"534\" \/>\n\t<meta property=\"og:image:type\" content=\"image\/jpeg\" \/>\n<meta name=\"author\" content=\"Portal Araras de Noticias\" \/>\n<meta name=\"twitter:card\" content=\"summary_large_image\" \/>\n<meta name=\"twitter:label1\" content=\"Escrito por\" \/>\n\t<meta name=\"twitter:data1\" content=\"Portal Araras de Noticias\" \/>\n\t<meta name=\"twitter:label2\" content=\"Est. tempo de leitura\" \/>\n\t<meta name=\"twitter:data2\" content=\"1 minuto\" \/>\n<script type=\"application\/ld+json\" class=\"yoast-schema-graph\">{\"@context\":\"https:\/\/schema.org\",\"@graph\":[{\"@type\":\"Article\",\"@id\":\"https:\/\/portalararasdenoticias.com.br\/?p=2282#article\",\"isPartOf\":{\"@id\":\"https:\/\/portalararasdenoticias.com.br\/?p=2282\"},\"author\":{\"name\":\"Portal Araras de Noticias\",\"@id\":\"https:\/\/portalararasdenoticias.com.br\/#\/schema\/person\/a6190507efe29dea1049d60d05ed5c0a\"},\"headline\":\"J\u00e1 esta preso Davide o bandido que arrastou Idosa com o carro ao reagir a tentativa de assalto em Manaus.\",\"datePublished\":\"2020-07-11T00:16:42+00:00\",\"dateModified\":\"2020-07-11T00:16:43+00:00\",\"mainEntityOfPage\":{\"@id\":\"https:\/\/portalararasdenoticias.com.br\/?p=2282\"},\"wordCount\":166,\"commentCount\":0,\"image\":{\"@id\":\"https:\/\/portalararasdenoticias.com.br\/?p=2282#primaryimage\"},\"thumbnailUrl\":\"https:\/\/portalararasdenoticias.com.br\/wp-content\/uploads\/2020\/07\/WhatsApp-Image-2020-07-10-at-19.25.19.jpeg\",\"articleSection\":[\"jornalismo\"],\"inLanguage\":\"pt-BR\",\"potentialAction\":[{\"@type\":\"CommentAction\",\"name\":\"Comment\",\"target\":[\"https:\/\/portalararasdenoticias.com.br\/?p=2282#respond\"]}]},{\"@type\":\"WebPage\",\"@id\":\"https:\/\/portalararasdenoticias.com.br\/?p=2282\",\"url\":\"https:\/\/portalararasdenoticias.com.br\/?p=2282\",\"name\":\"J\u00e1 esta preso Davide o bandido que arrastou Idosa com o carro ao reagir a tentativa de assalto em Manaus. - Portal Araras de Not\u00edcias\",\"isPartOf\":{\"@id\":\"https:\/\/portalararasdenoticias.com.br\/#website\"},\"primaryImageOfPage\":{\"@id\":\"https:\/\/portalararasdenoticias.com.br\/?p=2282#primaryimage\"},\"image\":{\"@id\":\"https:\/\/portalararasdenoticias.com.br\/?p=2282#primaryimage\"},\"thumbnailUrl\":\"https:\/\/portalararasdenoticias.com.br\/wp-content\/uploads\/2020\/07\/WhatsApp-Image-2020-07-10-at-19.25.19.jpeg\",\"datePublished\":\"2020-07-11T00:16:42+00:00\",\"dateModified\":\"2020-07-11T00:16:43+00:00\",\"author\":{\"@id\":\"https:\/\/portalararasdenoticias.com.br\/#\/schema\/person\/a6190507efe29dea1049d60d05ed5c0a\"},\"breadcrumb\":{\"@id\":\"https:\/\/portalararasdenoticias.com.br\/?p=2282#breadcrumb\"},\"inLanguage\":\"pt-BR\",\"potentialAction\":[{\"@type\":\"ReadAction\",\"target\":[\"https:\/\/portalararasdenoticias.com.br\/?p=2282\"]}]},{\"@type\":\"ImageObject\",\"inLanguage\":\"pt-BR\",\"@id\":\"https:\/\/portalararasdenoticias.com.br\/?p=2282#primaryimage\",\"url\":\"https:\/\/portalararasdenoticias.com.br\/wp-content\/uploads\/2020\/07\/WhatsApp-Image-2020-07-10-at-19.25.19.jpeg\",\"contentUrl\":\"https:\/\/portalararasdenoticias.com.br\/wp-content\/uploads\/2020\/07\/WhatsApp-Image-2020-07-10-at-19.25.19.jpeg\",\"width\":780,\"height\":534},{\"@type\":\"BreadcrumbList\",\"@id\":\"https:\/\/portalararasdenoticias.com.br\/?p=2282#breadcrumb\",\"itemListElement\":[{\"@type\":\"ListItem\",\"position\":1,\"name\":\"In\u00edcio\",\"item\":\"https:\/\/portalararasdenoticias.com.br\/\"},{\"@type\":\"ListItem\",\"position\":2,\"name\":\"J\u00e1 esta preso Davide o bandido que arrastou Idosa com o carro ao reagir a tentativa de assalto em Manaus.\"}]},{\"@type\":\"WebSite\",\"@id\":\"https:\/\/portalararasdenoticias.com.br\/#website\",\"url\":\"https:\/\/portalararasdenoticias.com.br\/\",\"name\":\"Portal Araras de Not\u00edcias\",\"description\":\"O Seu Portal de Not\u00edcias\",\"potentialAction\":[{\"@type\":\"SearchAction\",\"target\":{\"@type\":\"EntryPoint\",\"urlTemplate\":\"https:\/\/portalararasdenoticias.com.br\/?s={search_term_string}\"},\"query-input\":{\"@type\":\"PropertyValueSpecification\",\"valueRequired\":true,\"valueName\":\"search_term_string\"}}],\"inLanguage\":\"pt-BR\"},{\"@type\":\"Person\",\"@id\":\"https:\/\/portalararasdenoticias.com.br\/#\/schema\/person\/a6190507efe29dea1049d60d05ed5c0a\",\"name\":\"Portal Araras de Noticias\",\"image\":{\"@type\":\"ImageObject\",\"inLanguage\":\"pt-BR\",\"@id\":\"https:\/\/portalararasdenoticias.com.br\/#\/schema\/person\/image\/\",\"url\":\"https:\/\/secure.gravatar.com\/avatar\/4df7c42bc08e78bc9b6e13086fafc161bdf01220657cd93de3d828ab6c60d469?s=96&d=mm&r=g\",\"contentUrl\":\"https:\/\/secure.gravatar.com\/avatar\/4df7c42bc08e78bc9b6e13086fafc161bdf01220657cd93de3d828ab6c60d469?s=96&d=mm&r=g\",\"caption\":\"Portal Araras de Noticias\"},\"sameAs\":[\"https:\/\/portalararasdenoticias.com.br\/\"],\"url\":\"https:\/\/portalararasdenoticias.com.br\/?author=5\"}]}<\/script>\n<!-- \/ Yoast SEO plugin. -->","yoast_head_json":{"title":"J\u00e1 esta preso Davide o bandido que arrastou Idosa com o carro ao reagir a tentativa de assalto em Manaus. - Portal Araras de Not\u00edcias","robots":{"index":"index","follow":"follow","max-snippet":"max-snippet:-1","max-image-preview":"max-image-preview:large","max-video-preview":"max-video-preview:-1"},"canonical":"https:\/\/portalararasdenoticias.com.br\/?p=2282","og_locale":"pt_BR","og_type":"article","og_title":"J\u00e1 esta preso Davide o bandido que arrastou Idosa com o carro ao reagir a tentativa de assalto em Manaus. - Portal Araras de Not\u00edcias","og_description":"Uma idosa de 68 anos foi arrastada por um carro dirigido por&nbsp; criminosos no bairro Tancredo Neves, na Zona Leste. Ela reagiu a uma tentativa de assalto que ocorreu na \u00faltima quarta-feira (8), e deixou moradores revoltados. Na ocasi\u00e3o, a mulher caminhava pela rua quando foi fechada pelo carro dos bandidos que estavam \u00e0 espera [&hellip;]","og_url":"https:\/\/portalararasdenoticias.com.br\/?p=2282","og_site_name":"Portal Araras de Not\u00edcias","article_published_time":"2020-07-11T00:16:42+00:00","article_modified_time":"2020-07-11T00:16:43+00:00","og_image":[{"width":780,"height":534,"url":"https:\/\/portalararasdenoticias.com.br\/wp-content\/uploads\/2020\/07\/WhatsApp-Image-2020-07-10-at-19.25.19.jpeg","type":"image\/jpeg"}],"author":"Portal Araras de Noticias","twitter_card":"summary_large_image","twitter_misc":{"Escrito por":"Portal Araras de Noticias","Est. tempo de leitura":"1 minuto"},"schema":{"@context":"https:\/\/schema.org","@graph":[{"@type":"Article","@id":"https:\/\/portalararasdenoticias.com.br\/?p=2282#article","isPartOf":{"@id":"https:\/\/portalararasdenoticias.com.br\/?p=2282"},"author":{"name":"Portal Araras de Noticias","@id":"https:\/\/portalararasdenoticias.com.br\/#\/schema\/person\/a6190507efe29dea1049d60d05ed5c0a"},"headline":"J\u00e1 esta preso Davide o bandido que arrastou Idosa com o carro ao reagir a tentativa de assalto em Manaus.","datePublished":"2020-07-11T00:16:42+00:00","dateModified":"2020-07-11T00:16:43+00:00","mainEntityOfPage":{"@id":"https:\/\/portalararasdenoticias.com.br\/?p=2282"},"wordCount":166,"commentCount":0,"image":{"@id":"https:\/\/portalararasdenoticias.com.br\/?p=2282#primaryimage"},"thumbnailUrl":"https:\/\/portalararasdenoticias.com.br\/wp-content\/uploads\/2020\/07\/WhatsApp-Image-2020-07-10-at-19.25.19.jpeg","articleSection":["jornalismo"],"inLanguage":"pt-BR","potentialAction":[{"@type":"CommentAction","name":"Comment","target":["https:\/\/portalararasdenoticias.com.br\/?p=2282#respond"]}]},{"@type":"WebPage","@id":"https:\/\/portalararasdenoticias.com.br\/?p=2282","url":"https:\/\/portalararasdenoticias.com.br\/?p=2282","name":"J\u00e1 esta preso Davide o bandido que arrastou Idosa com o carro ao reagir a tentativa de assalto em Manaus. - Portal Araras de Not\u00edcias","isPartOf":{"@id":"https:\/\/portalararasdenoticias.com.br\/#website"},"primaryImageOfPage":{"@id":"https:\/\/portalararasdenoticias.com.br\/?p=2282#primaryimage"},"image":{"@id":"https:\/\/portalararasdenoticias.com.br\/?p=2282#primaryimage"},"thumbnailUrl":"https:\/\/portalararasdenoticias.com.br\/wp-content\/uploads\/2020\/07\/WhatsApp-Image-2020-07-10-at-19.25.19.jpeg","datePublished":"2020-07-11T00:16:42+00:00","dateModified":"2020-07-11T00:16:43+00:00","author":{"@id":"https:\/\/portalararasdenoticias.com.br\/#\/schema\/person\/a6190507efe29dea1049d60d05ed5c0a"},"breadcrumb":{"@id":"https:\/\/portalararasdenoticias.com.br\/?p=2282#breadcrumb"},"inLanguage":"pt-BR","potentialAction":[{"@type":"ReadAction","target":["https:\/\/portalararasdenoticias.com.br\/?p=2282"]}]},{"@type":"ImageObject","inLanguage":"pt-BR","@id":"https:\/\/portalararasdenoticias.com.br\/?p=2282#primaryimage","url":"https:\/\/portalararasdenoticias.com.br\/wp-content\/uploads\/2020\/07\/WhatsApp-Image-2020-07-10-at-19.25.19.jpeg","contentUrl":"https:\/\/portalararasdenoticias.com.br\/wp-content\/uploads\/2020\/07\/WhatsApp-Image-2020-07-10-at-19.25.19.jpeg","width":780,"height":534},{"@type":"BreadcrumbList","@id":"https:\/\/portalararasdenoticias.com.br\/?p=2282#breadcrumb","itemListElement":[{"@type":"ListItem","position":1,"name":"In\u00edcio","item":"https:\/\/portalararasdenoticias.com.br\/"},{"@type":"ListItem","position":2,"name":"J\u00e1 esta preso Davide o bandido que arrastou Idosa com o carro ao reagir a tentativa de assalto em Manaus."}]},{"@type":"WebSite","@id":"https:\/\/portalararasdenoticias.com.br\/#website","url":"https:\/\/portalararasdenoticias.com.br\/","name":"Portal Araras de Not\u00edcias","description":"O Seu Portal de Not\u00edcias","potentialAction":[{"@type":"SearchAction","target":{"@type":"EntryPoint","urlTemplate":"https:\/\/portalararasdenoticias.com.br\/?s={search_term_string}"},"query-input":{"@type":"PropertyValueSpecification","valueRequired":true,"valueName":"search_term_string"}}],"inLanguage":"pt-BR"},{"@type":"Person","@id":"https:\/\/portalararasdenoticias.com.br\/#\/schema\/person\/a6190507efe29dea1049d60d05ed5c0a","name":"Portal Araras de Noticias","image":{"@type":"ImageObject","inLanguage":"pt-BR","@id":"https:\/\/portalararasdenoticias.com.br\/#\/schema\/person\/image\/","url":"https:\/\/secure.gravatar.com\/avatar\/4df7c42bc08e78bc9b6e13086fafc161bdf01220657cd93de3d828ab6c60d469?s=96&d=mm&r=g","contentUrl":"https:\/\/secure.gravatar.com\/avatar\/4df7c42bc08e78bc9b6e13086fafc161bdf01220657cd93de3d828ab6c60d469?s=96&d=mm&r=g","caption":"Portal Araras de Noticias"},"sameAs":["https:\/\/portalararasdenoticias.com.br\/"],"url":"https:\/\/portalararasdenoticias.com.br\/?author=5"}]}},"_links":{"self":[{"href":"https:\/\/portalararasdenoticias.com.br\/index.php?rest_route=\/wp\/v2\/posts\/2282","targetHints":{"allow":["GET"]}}],"collection":[{"href":"https:\/\/portalararasdenoticias.com.br\/index.php?rest_route=\/wp\/v2\/posts"}],"about":[{"href":"https:\/\/portalararasdenoticias.com.br\/index.php?rest_route=\/wp\/v2\/types\/post"}],"author":[{"embeddable":true,"href":"https:\/\/portalararasdenoticias.com.br\/index.php?rest_route=\/wp\/v2\/users\/5"}],"replies":[{"embeddable":true,"href":"https:\/\/portalararasdenoticias.com.br\/index.php?rest_route=%2Fwp%2Fv2%2Fcomments&post=2282"}],"version-history":[{"count":1,"href":"https:\/\/portalararasdenoticias.com.br\/index.php?rest_route=\/wp\/v2\/posts\/2282\/revisions"}],"predecessor-version":[{"id":2288,"href":"https:\/\/portalararasdenoticias.com.br\/index.php?rest_route=\/wp\/v2\/posts\/2282\/revisions\/2288"}],"wp:featuredmedia":[{"embeddable":true,"href":"https:\/\/portalararasdenoticias.com.br\/index.php?rest_route=\/wp\/v2\/media\/2283"}],"wp:attachment":[{"href":"https:\/\/portalararasdenoticias.com.br\/index.php?rest_route=%2Fwp%2Fv2%2Fmedia&parent=2282"}],"wp:term":[{"taxonomy":"category","embeddable":true,"href":"https:\/\/portalararasdenoticias.com.br\/index.php?rest_route=%2Fwp%2Fv2%2Fcategories&post=2282"},{"taxonomy":"post_tag","embeddable":true,"href":"https:\/\/portalararasdenoticias.com.br\/index.php?rest_route=%2Fwp%2Fv2%2Ftags&post=2282"}],"curies":[{"name":"wp","href":"https:\/\/api.w.org\/{rel}","templated":true}]}}