{"id":2289,"date":"2020-07-10T21:20:39","date_gmt":"2020-07-11T00:20:39","guid":{"rendered":"http:\/\/portalararasdenoticias.com.br\/?p=2289"},"modified":"2020-07-10T21:20:41","modified_gmt":"2020-07-11T00:20:41","slug":"vem-sentir-a-emocao-do-maior-festival-folclorico-do-mundo-dias-6-7-e-8-de-novembro-parintins-vai-fazer-o-coracao-bater-mais-forte","status":"publish","type":"post","link":"https:\/\/portalararasdenoticias.com.br\/?p=2289","title":{"rendered":"Vem sentir a emo\u00e7\u00e3o do maior festival folcl\u00f3rico do mundo. Dias 6, 7 e 8 de novembro, Parintins vai fazer o cora\u00e7\u00e3o bater mais forte."},"content":{"rendered":"\n<figure class=\"wp-block-image\"><img loading=\"lazy\" decoding=\"async\" width=\"512\" height=\"341\" src=\"http:\/\/portalararasdenoticias.com.br\/wp-content\/uploads\/2020\/07\/unnamed.jpg\" alt=\"\" class=\"wp-image-2290\" srcset=\"https:\/\/portalararasdenoticias.com.br\/wp-content\/uploads\/2020\/07\/unnamed.jpg 512w, https:\/\/portalararasdenoticias.com.br\/wp-content\/uploads\/2020\/07\/unnamed-300x200.jpg 300w\" sizes=\"auto, (max-width: 512px) 100vw, 512px\" \/><\/figure>\n\n\n\n<p>A saudade vai dar\nlugar \u00e0 alegria. Vamos brincar, mas com sa\u00fade e responsabilidade, cumprindo os\nprotocolos de seguran\u00e7a sanit\u00e1ria. No evento vai ter aferi\u00e7\u00e3o de temperatura,\ndisponibilidade de \u00e1lcool em gel e distribui\u00e7\u00e3o de m\u00e1scaras para todas as\npessoas. E no Bumb\u00f3dromo, deixe o espet\u00e1culo do Boi Garantido tomar conta de\nvoc\u00ea. Acesse festivaldeparintins.com.br e saiba mais. Sinta Parintins!<\/p>\n","protected":false},"excerpt":{"rendered":"<p>A saudade vai dar lugar \u00e0 alegria. Vamos brincar, mas com sa\u00fade e responsabilidade, cumprindo os protocolos de seguran\u00e7a sanit\u00e1ria. No evento vai ter aferi\u00e7\u00e3o de temperatura, disponibilidade de \u00e1lcool em gel e distribui\u00e7\u00e3o de m\u00e1scaras para todas as pessoas. E no Bumb\u00f3dromo, deixe o espet\u00e1culo do Boi Garantido tomar conta de voc\u00ea. Acesse festivaldeparintins.com.br [&hellip;]<\/p>\n","protected":false},"author":5,"featured_media":0,"comment_status":"open","ping_status":"open","sticky":false,"template":"","format":"standard","meta":{"footnotes":""},"categories":[34],"tags":[],"class_list":["post-2289","post","type-post","status-publish","format-standard","hentry","category-jornalismo"],"yoast_head":"<!-- This site is optimized with the Yoast SEO plugin v27.0 - https:\/\/yoast.com\/product\/yoast-seo-wordpress\/ -->\n<title>Vem sentir a emo\u00e7\u00e3o do maior festival folcl\u00f3rico do mundo. Dias 6, 7 e 8 de novembro, Parintins vai fazer o cora\u00e7\u00e3o bater mais forte. - Portal Araras de Not\u00edcias<\/title>\n<meta name=\"robots\" content=\"index, follow, max-snippet:-1, max-image-preview:large, max-video-preview:-1\" \/>\n<link rel=\"canonical\" href=\"https:\/\/portalararasdenoticias.com.br\/?p=2289\" \/>\n<meta property=\"og:locale\" content=\"pt_BR\" \/>\n<meta property=\"og:type\" content=\"article\" \/>\n<meta property=\"og:title\" content=\"Vem sentir a emo\u00e7\u00e3o do maior festival folcl\u00f3rico do mundo. Dias 6, 7 e 8 de novembro, Parintins vai fazer o cora\u00e7\u00e3o bater mais forte. - Portal Araras de Not\u00edcias\" \/>\n<meta property=\"og:description\" content=\"A saudade vai dar lugar \u00e0 alegria. Vamos brincar, mas com sa\u00fade e responsabilidade, cumprindo os protocolos de seguran\u00e7a sanit\u00e1ria. No evento vai ter aferi\u00e7\u00e3o de temperatura, disponibilidade de \u00e1lcool em gel e distribui\u00e7\u00e3o de m\u00e1scaras para todas as pessoas. E no Bumb\u00f3dromo, deixe o espet\u00e1culo do Boi Garantido tomar conta de voc\u00ea. Acesse festivaldeparintins.com.br [&hellip;]\" \/>\n<meta property=\"og:url\" content=\"https:\/\/portalararasdenoticias.com.br\/?p=2289\" \/>\n<meta property=\"og:site_name\" content=\"Portal Araras de Not\u00edcias\" \/>\n<meta property=\"article:published_time\" content=\"2020-07-11T00:20:39+00:00\" \/>\n<meta property=\"article:modified_time\" content=\"2020-07-11T00:20:41+00:00\" \/>\n<meta property=\"og:image\" content=\"http:\/\/portalararasdenoticias.com.br\/wp-content\/uploads\/2020\/07\/unnamed.jpg\" \/>\n<meta name=\"author\" content=\"Portal Araras de Noticias\" \/>\n<meta name=\"twitter:card\" content=\"summary_large_image\" \/>\n<meta name=\"twitter:label1\" content=\"Escrito por\" \/>\n\t<meta name=\"twitter:data1\" content=\"Portal Araras de Noticias\" \/>\n<script type=\"application\/ld+json\" class=\"yoast-schema-graph\">{\"@context\":\"https:\/\/schema.org\",\"@graph\":[{\"@type\":\"Article\",\"@id\":\"https:\/\/portalararasdenoticias.com.br\/?p=2289#article\",\"isPartOf\":{\"@id\":\"https:\/\/portalararasdenoticias.com.br\/?p=2289\"},\"author\":{\"name\":\"Portal Araras de Noticias\",\"@id\":\"https:\/\/portalararasdenoticias.com.br\/#\/schema\/person\/a6190507efe29dea1049d60d05ed5c0a\"},\"headline\":\"Vem sentir a emo\u00e7\u00e3o do maior festival folcl\u00f3rico do mundo. Dias 6, 7 e 8 de novembro, Parintins vai fazer o cora\u00e7\u00e3o bater mais forte.\",\"datePublished\":\"2020-07-11T00:20:39+00:00\",\"dateModified\":\"2020-07-11T00:20:41+00:00\",\"mainEntityOfPage\":{\"@id\":\"https:\/\/portalararasdenoticias.com.br\/?p=2289\"},\"wordCount\":94,\"commentCount\":0,\"image\":{\"@id\":\"https:\/\/portalararasdenoticias.com.br\/?p=2289#primaryimage\"},\"thumbnailUrl\":\"http:\/\/portalararasdenoticias.com.br\/wp-content\/uploads\/2020\/07\/unnamed.jpg\",\"articleSection\":[\"jornalismo\"],\"inLanguage\":\"pt-BR\",\"potentialAction\":[{\"@type\":\"CommentAction\",\"name\":\"Comment\",\"target\":[\"https:\/\/portalararasdenoticias.com.br\/?p=2289#respond\"]}]},{\"@type\":\"WebPage\",\"@id\":\"https:\/\/portalararasdenoticias.com.br\/?p=2289\",\"url\":\"https:\/\/portalararasdenoticias.com.br\/?p=2289\",\"name\":\"Vem sentir a emo\u00e7\u00e3o do maior festival folcl\u00f3rico do mundo. Dias 6, 7 e 8 de novembro, Parintins vai fazer o cora\u00e7\u00e3o bater mais forte. - Portal Araras de Not\u00edcias\",\"isPartOf\":{\"@id\":\"https:\/\/portalararasdenoticias.com.br\/#website\"},\"primaryImageOfPage\":{\"@id\":\"https:\/\/portalararasdenoticias.com.br\/?p=2289#primaryimage\"},\"image\":{\"@id\":\"https:\/\/portalararasdenoticias.com.br\/?p=2289#primaryimage\"},\"thumbnailUrl\":\"http:\/\/portalararasdenoticias.com.br\/wp-content\/uploads\/2020\/07\/unnamed.jpg\",\"datePublished\":\"2020-07-11T00:20:39+00:00\",\"dateModified\":\"2020-07-11T00:20:41+00:00\",\"author\":{\"@id\":\"https:\/\/portalararasdenoticias.com.br\/#\/schema\/person\/a6190507efe29dea1049d60d05ed5c0a\"},\"breadcrumb\":{\"@id\":\"https:\/\/portalararasdenoticias.com.br\/?p=2289#breadcrumb\"},\"inLanguage\":\"pt-BR\",\"potentialAction\":[{\"@type\":\"ReadAction\",\"target\":[\"https:\/\/portalararasdenoticias.com.br\/?p=2289\"]}]},{\"@type\":\"ImageObject\",\"inLanguage\":\"pt-BR\",\"@id\":\"https:\/\/portalararasdenoticias.com.br\/?p=2289#primaryimage\",\"url\":\"https:\/\/portalararasdenoticias.com.br\/wp-content\/uploads\/2020\/07\/unnamed.jpg\",\"contentUrl\":\"https:\/\/portalararasdenoticias.com.br\/wp-content\/uploads\/2020\/07\/unnamed.jpg\",\"width\":512,\"height\":341},{\"@type\":\"BreadcrumbList\",\"@id\":\"https:\/\/portalararasdenoticias.com.br\/?p=2289#breadcrumb\",\"itemListElement\":[{\"@type\":\"ListItem\",\"position\":1,\"name\":\"In\u00edcio\",\"item\":\"https:\/\/portalararasdenoticias.com.br\/\"},{\"@type\":\"ListItem\",\"position\":2,\"name\":\"Vem sentir a emo\u00e7\u00e3o do maior festival folcl\u00f3rico do mundo. Dias 6, 7 e 8 de novembro, Parintins vai fazer o cora\u00e7\u00e3o bater mais forte.\"}]},{\"@type\":\"WebSite\",\"@id\":\"https:\/\/portalararasdenoticias.com.br\/#website\",\"url\":\"https:\/\/portalararasdenoticias.com.br\/\",\"name\":\"Portal Araras de Not\u00edcias\",\"description\":\"O Seu Portal de Not\u00edcias\",\"potentialAction\":[{\"@type\":\"SearchAction\",\"target\":{\"@type\":\"EntryPoint\",\"urlTemplate\":\"https:\/\/portalararasdenoticias.com.br\/?s={search_term_string}\"},\"query-input\":{\"@type\":\"PropertyValueSpecification\",\"valueRequired\":true,\"valueName\":\"search_term_string\"}}],\"inLanguage\":\"pt-BR\"},{\"@type\":\"Person\",\"@id\":\"https:\/\/portalararasdenoticias.com.br\/#\/schema\/person\/a6190507efe29dea1049d60d05ed5c0a\",\"name\":\"Portal Araras de Noticias\",\"image\":{\"@type\":\"ImageObject\",\"inLanguage\":\"pt-BR\",\"@id\":\"https:\/\/portalararasdenoticias.com.br\/#\/schema\/person\/image\/\",\"url\":\"https:\/\/secure.gravatar.com\/avatar\/4df7c42bc08e78bc9b6e13086fafc161bdf01220657cd93de3d828ab6c60d469?s=96&d=mm&r=g\",\"contentUrl\":\"https:\/\/secure.gravatar.com\/avatar\/4df7c42bc08e78bc9b6e13086fafc161bdf01220657cd93de3d828ab6c60d469?s=96&d=mm&r=g\",\"caption\":\"Portal Araras de Noticias\"},\"sameAs\":[\"https:\/\/portalararasdenoticias.com.br\/\"],\"url\":\"https:\/\/portalararasdenoticias.com.br\/?author=5\"}]}<\/script>\n<!-- \/ Yoast SEO plugin. -->","yoast_head_json":{"title":"Vem sentir a emo\u00e7\u00e3o do maior festival folcl\u00f3rico do mundo. Dias 6, 7 e 8 de novembro, Parintins vai fazer o cora\u00e7\u00e3o bater mais forte. - Portal Araras de Not\u00edcias","robots":{"index":"index","follow":"follow","max-snippet":"max-snippet:-1","max-image-preview":"max-image-preview:large","max-video-preview":"max-video-preview:-1"},"canonical":"https:\/\/portalararasdenoticias.com.br\/?p=2289","og_locale":"pt_BR","og_type":"article","og_title":"Vem sentir a emo\u00e7\u00e3o do maior festival folcl\u00f3rico do mundo. Dias 6, 7 e 8 de novembro, Parintins vai fazer o cora\u00e7\u00e3o bater mais forte. - Portal Araras de Not\u00edcias","og_description":"A saudade vai dar lugar \u00e0 alegria. Vamos brincar, mas com sa\u00fade e responsabilidade, cumprindo os protocolos de seguran\u00e7a sanit\u00e1ria. No evento vai ter aferi\u00e7\u00e3o de temperatura, disponibilidade de \u00e1lcool em gel e distribui\u00e7\u00e3o de m\u00e1scaras para todas as pessoas. E no Bumb\u00f3dromo, deixe o espet\u00e1culo do Boi Garantido tomar conta de voc\u00ea. Acesse festivaldeparintins.com.br [&hellip;]","og_url":"https:\/\/portalararasdenoticias.com.br\/?p=2289","og_site_name":"Portal Araras de Not\u00edcias","article_published_time":"2020-07-11T00:20:39+00:00","article_modified_time":"2020-07-11T00:20:41+00:00","og_image":[{"url":"http:\/\/portalararasdenoticias.com.br\/wp-content\/uploads\/2020\/07\/unnamed.jpg","type":"","width":"","height":""}],"author":"Portal Araras de Noticias","twitter_card":"summary_large_image","twitter_misc":{"Escrito por":"Portal Araras de Noticias"},"schema":{"@context":"https:\/\/schema.org","@graph":[{"@type":"Article","@id":"https:\/\/portalararasdenoticias.com.br\/?p=2289#article","isPartOf":{"@id":"https:\/\/portalararasdenoticias.com.br\/?p=2289"},"author":{"name":"Portal Araras de Noticias","@id":"https:\/\/portalararasdenoticias.com.br\/#\/schema\/person\/a6190507efe29dea1049d60d05ed5c0a"},"headline":"Vem sentir a emo\u00e7\u00e3o do maior festival folcl\u00f3rico do mundo. Dias 6, 7 e 8 de novembro, Parintins vai fazer o cora\u00e7\u00e3o bater mais forte.","datePublished":"2020-07-11T00:20:39+00:00","dateModified":"2020-07-11T00:20:41+00:00","mainEntityOfPage":{"@id":"https:\/\/portalararasdenoticias.com.br\/?p=2289"},"wordCount":94,"commentCount":0,"image":{"@id":"https:\/\/portalararasdenoticias.com.br\/?p=2289#primaryimage"},"thumbnailUrl":"http:\/\/portalararasdenoticias.com.br\/wp-content\/uploads\/2020\/07\/unnamed.jpg","articleSection":["jornalismo"],"inLanguage":"pt-BR","potentialAction":[{"@type":"CommentAction","name":"Comment","target":["https:\/\/portalararasdenoticias.com.br\/?p=2289#respond"]}]},{"@type":"WebPage","@id":"https:\/\/portalararasdenoticias.com.br\/?p=2289","url":"https:\/\/portalararasdenoticias.com.br\/?p=2289","name":"Vem sentir a emo\u00e7\u00e3o do maior festival folcl\u00f3rico do mundo. Dias 6, 7 e 8 de novembro, Parintins vai fazer o cora\u00e7\u00e3o bater mais forte. - Portal Araras de Not\u00edcias","isPartOf":{"@id":"https:\/\/portalararasdenoticias.com.br\/#website"},"primaryImageOfPage":{"@id":"https:\/\/portalararasdenoticias.com.br\/?p=2289#primaryimage"},"image":{"@id":"https:\/\/portalararasdenoticias.com.br\/?p=2289#primaryimage"},"thumbnailUrl":"http:\/\/portalararasdenoticias.com.br\/wp-content\/uploads\/2020\/07\/unnamed.jpg","datePublished":"2020-07-11T00:20:39+00:00","dateModified":"2020-07-11T00:20:41+00:00","author":{"@id":"https:\/\/portalararasdenoticias.com.br\/#\/schema\/person\/a6190507efe29dea1049d60d05ed5c0a"},"breadcrumb":{"@id":"https:\/\/portalararasdenoticias.com.br\/?p=2289#breadcrumb"},"inLanguage":"pt-BR","potentialAction":[{"@type":"ReadAction","target":["https:\/\/portalararasdenoticias.com.br\/?p=2289"]}]},{"@type":"ImageObject","inLanguage":"pt-BR","@id":"https:\/\/portalararasdenoticias.com.br\/?p=2289#primaryimage","url":"https:\/\/portalararasdenoticias.com.br\/wp-content\/uploads\/2020\/07\/unnamed.jpg","contentUrl":"https:\/\/portalararasdenoticias.com.br\/wp-content\/uploads\/2020\/07\/unnamed.jpg","width":512,"height":341},{"@type":"BreadcrumbList","@id":"https:\/\/portalararasdenoticias.com.br\/?p=2289#breadcrumb","itemListElement":[{"@type":"ListItem","position":1,"name":"In\u00edcio","item":"https:\/\/portalararasdenoticias.com.br\/"},{"@type":"ListItem","position":2,"name":"Vem sentir a emo\u00e7\u00e3o do maior festival folcl\u00f3rico do mundo. Dias 6, 7 e 8 de novembro, Parintins vai fazer o cora\u00e7\u00e3o bater mais forte."}]},{"@type":"WebSite","@id":"https:\/\/portalararasdenoticias.com.br\/#website","url":"https:\/\/portalararasdenoticias.com.br\/","name":"Portal Araras de Not\u00edcias","description":"O Seu Portal de Not\u00edcias","potentialAction":[{"@type":"SearchAction","target":{"@type":"EntryPoint","urlTemplate":"https:\/\/portalararasdenoticias.com.br\/?s={search_term_string}"},"query-input":{"@type":"PropertyValueSpecification","valueRequired":true,"valueName":"search_term_string"}}],"inLanguage":"pt-BR"},{"@type":"Person","@id":"https:\/\/portalararasdenoticias.com.br\/#\/schema\/person\/a6190507efe29dea1049d60d05ed5c0a","name":"Portal Araras de Noticias","image":{"@type":"ImageObject","inLanguage":"pt-BR","@id":"https:\/\/portalararasdenoticias.com.br\/#\/schema\/person\/image\/","url":"https:\/\/secure.gravatar.com\/avatar\/4df7c42bc08e78bc9b6e13086fafc161bdf01220657cd93de3d828ab6c60d469?s=96&d=mm&r=g","contentUrl":"https:\/\/secure.gravatar.com\/avatar\/4df7c42bc08e78bc9b6e13086fafc161bdf01220657cd93de3d828ab6c60d469?s=96&d=mm&r=g","caption":"Portal Araras de Noticias"},"sameAs":["https:\/\/portalararasdenoticias.com.br\/"],"url":"https:\/\/portalararasdenoticias.com.br\/?author=5"}]}},"_links":{"self":[{"href":"https:\/\/portalararasdenoticias.com.br\/index.php?rest_route=\/wp\/v2\/posts\/2289","targetHints":{"allow":["GET"]}}],"collection":[{"href":"https:\/\/portalararasdenoticias.com.br\/index.php?rest_route=\/wp\/v2\/posts"}],"about":[{"href":"https:\/\/portalararasdenoticias.com.br\/index.php?rest_route=\/wp\/v2\/types\/post"}],"author":[{"embeddable":true,"href":"https:\/\/portalararasdenoticias.com.br\/index.php?rest_route=\/wp\/v2\/users\/5"}],"replies":[{"embeddable":true,"href":"https:\/\/portalararasdenoticias.com.br\/index.php?rest_route=%2Fwp%2Fv2%2Fcomments&post=2289"}],"version-history":[{"count":1,"href":"https:\/\/portalararasdenoticias.com.br\/index.php?rest_route=\/wp\/v2\/posts\/2289\/revisions"}],"predecessor-version":[{"id":2291,"href":"https:\/\/portalararasdenoticias.com.br\/index.php?rest_route=\/wp\/v2\/posts\/2289\/revisions\/2291"}],"wp:attachment":[{"href":"https:\/\/portalararasdenoticias.com.br\/index.php?rest_route=%2Fwp%2Fv2%2Fmedia&parent=2289"}],"wp:term":[{"taxonomy":"category","embeddable":true,"href":"https:\/\/portalararasdenoticias.com.br\/index.php?rest_route=%2Fwp%2Fv2%2Fcategories&post=2289"},{"taxonomy":"post_tag","embeddable":true,"href":"https:\/\/portalararasdenoticias.com.br\/index.php?rest_route=%2Fwp%2Fv2%2Ftags&post=2289"}],"curies":[{"name":"wp","href":"https:\/\/api.w.org\/{rel}","templated":true}]}}