{"id":2334,"date":"2020-08-13T02:18:12","date_gmt":"2020-08-13T05:18:12","guid":{"rendered":"http:\/\/portalararasdenoticias.com.br\/?p=2334"},"modified":"2025-03-24T09:00:44","modified_gmt":"2025-03-24T12:00:44","slug":"a-amazonense-vivian-amorim-sera-a-apresentadora-da-live-embaixador-na-amazonia","status":"publish","type":"post","link":"https:\/\/portalararasdenoticias.com.br\/?p=2334","title":{"rendered":"A amazonense Vivian Amorim ser\u00e1 a apresentadora da live &#8220;Embaixador na Amaz\u00f4nia&#8221;"},"content":{"rendered":"\n<p>A amazonense Vivian Amorim ser\u00e1 a apresentadora da live &#8220;Embaixador na Amaz\u00f4nia&#8221;, que ir\u00e1 arrecadar doa\u00e7\u00f5es para o projeto &#8221;Vidas Ind\u00edgenas Importam&#8221;<\/p>\n\n\n\n<p>A live &#8221;Embaixador na Amaz\u00f4nia&#8221; acontece, a partir das 17h30 (hor\u00e1rio local), no pr\u00f3ximo domingo (16). O megaevento ser\u00e1 transmitido pelo Youtube e pelas redes sociais da F\u00e1brica de O O Embaixador na Amazonia Gustava Lima&#8230;&#8230;Eventos, e promete muitas surpresas.<\/p>\n\n\n\n<p>Uma delas ser\u00e1 a estrutura da live. Gustavo Lima ir\u00e1 performar o show em um palco, que est\u00e1 sendo montado nas \u00e1guas do Rio Negro, em uma balsa que imita o formato de uma vit\u00f3ria-r\u00e9gia. O local ser\u00e1 de dif\u00edcil acesso ao p\u00fablico e somente poder\u00e1 assistir pelas plataformas da f\u00e1brica de eventos.<\/p>\n\n\n\n<figure class=\"wp-block-image size-large\"><img loading=\"lazy\" decoding=\"async\" width=\"480\" height=\"568\" src=\"http:\/\/portalararasdenoticias.com.br\/wp-content\/uploads\/2020\/08\/117651921_3194195460671327_1451063937856189082_n.jpg\" alt=\"\" class=\"wp-image-2335\" srcset=\"https:\/\/portalararasdenoticias.com.br\/wp-content\/uploads\/2020\/08\/117651921_3194195460671327_1451063937856189082_n.jpg 480w, https:\/\/portalararasdenoticias.com.br\/wp-content\/uploads\/2020\/08\/117651921_3194195460671327_1451063937856189082_n-254x300.jpg 254w\" sizes=\"auto, (max-width: 480px) 100vw, 480px\" \/><\/figure>\n\n\n\n<figure class=\"wp-block-image size-large\"><img loading=\"lazy\" decoding=\"async\" width=\"720\" height=\"540\" src=\"http:\/\/portalararasdenoticias.com.br\/wp-content\/uploads\/2020\/08\/117337544_4265793260157243_4565432101011254696_n.jpg\" alt=\"\" class=\"wp-image-2336\" srcset=\"https:\/\/portalararasdenoticias.com.br\/wp-content\/uploads\/2020\/08\/117337544_4265793260157243_4565432101011254696_n.jpg 720w, https:\/\/portalararasdenoticias.com.br\/wp-content\/uploads\/2020\/08\/117337544_4265793260157243_4565432101011254696_n-300x225.jpg 300w\" sizes=\"auto, (max-width: 720px) 100vw, 720px\" \/><\/figure>\n\n\n\n<figure class=\"wp-block-image size-large\"><img loading=\"lazy\" decoding=\"async\" width=\"720\" height=\"540\" src=\"http:\/\/portalararasdenoticias.com.br\/wp-content\/uploads\/2020\/08\/117442167_4265793016823934_8583782442781022231_n.jpg\" alt=\"\" class=\"wp-image-2337\" srcset=\"https:\/\/portalararasdenoticias.com.br\/wp-content\/uploads\/2020\/08\/117442167_4265793016823934_8583782442781022231_n.jpg 720w, https:\/\/portalararasdenoticias.com.br\/wp-content\/uploads\/2020\/08\/117442167_4265793016823934_8583782442781022231_n-300x225.jpg 300w\" sizes=\"auto, (max-width: 720px) 100vw, 720px\" \/><\/figure>\n\n\n\n<p><\/p>\n","protected":false},"excerpt":{"rendered":"<p>A amazonense Vivian Amorim ser\u00e1 a apresentadora da live &#8220;Embaixador na Amaz\u00f4nia&#8221;, que ir\u00e1 arrecadar doa\u00e7\u00f5es para o projeto &#8221;Vidas Ind\u00edgenas Importam&#8221; A live &#8221;Embaixador na Amaz\u00f4nia&#8221; acontece, a partir das 17h30 (hor\u00e1rio local), no pr\u00f3ximo domingo (16). O megaevento ser\u00e1 transmitido pelo Youtube e pelas redes sociais da F\u00e1brica de O O Embaixador na [&hellip;]<\/p>\n","protected":false},"author":5,"featured_media":2335,"comment_status":"open","ping_status":"open","sticky":true,"template":"","format":"standard","meta":{"footnotes":""},"categories":[],"tags":[],"class_list":["post-2334","post","type-post","status-publish","format-standard","has-post-thumbnail","hentry"],"yoast_head":"<!-- This site is optimized with the Yoast SEO plugin v27.0 - https:\/\/yoast.com\/product\/yoast-seo-wordpress\/ -->\n<title>A amazonense Vivian Amorim ser\u00e1 a apresentadora da live &quot;Embaixador na Amaz\u00f4nia&quot; - Portal Araras de Not\u00edcias<\/title>\n<meta name=\"robots\" content=\"index, follow, max-snippet:-1, max-image-preview:large, max-video-preview:-1\" \/>\n<link rel=\"canonical\" href=\"https:\/\/portalararasdenoticias.com.br\/?p=2334\" \/>\n<meta property=\"og:locale\" content=\"pt_BR\" \/>\n<meta property=\"og:type\" content=\"article\" \/>\n<meta property=\"og:title\" content=\"A amazonense Vivian Amorim ser\u00e1 a apresentadora da live &quot;Embaixador na Amaz\u00f4nia&quot; - Portal Araras de Not\u00edcias\" \/>\n<meta property=\"og:description\" content=\"A amazonense Vivian Amorim ser\u00e1 a apresentadora da live &#8220;Embaixador na Amaz\u00f4nia&#8221;, que ir\u00e1 arrecadar doa\u00e7\u00f5es para o projeto &#8221;Vidas Ind\u00edgenas Importam&#8221; A live &#8221;Embaixador na Amaz\u00f4nia&#8221; acontece, a partir das 17h30 (hor\u00e1rio local), no pr\u00f3ximo domingo (16). O megaevento ser\u00e1 transmitido pelo Youtube e pelas redes sociais da F\u00e1brica de O O Embaixador na [&hellip;]\" \/>\n<meta property=\"og:url\" content=\"https:\/\/portalararasdenoticias.com.br\/?p=2334\" \/>\n<meta property=\"og:site_name\" content=\"Portal Araras de Not\u00edcias\" \/>\n<meta property=\"article:published_time\" content=\"2020-08-13T05:18:12+00:00\" \/>\n<meta property=\"article:modified_time\" content=\"2025-03-24T12:00:44+00:00\" \/>\n<meta property=\"og:image\" content=\"https:\/\/portalararasdenoticias.com.br\/wp-content\/uploads\/2020\/08\/117651921_3194195460671327_1451063937856189082_n.jpg\" \/>\n\t<meta property=\"og:image:width\" content=\"480\" \/>\n\t<meta property=\"og:image:height\" content=\"568\" \/>\n\t<meta property=\"og:image:type\" content=\"image\/jpeg\" \/>\n<meta name=\"author\" content=\"Portal Araras de Noticias\" \/>\n<meta name=\"twitter:card\" content=\"summary_large_image\" \/>\n<meta name=\"twitter:label1\" content=\"Escrito por\" \/>\n\t<meta name=\"twitter:data1\" content=\"Portal Araras de Noticias\" \/>\n\t<meta name=\"twitter:label2\" content=\"Est. tempo de leitura\" \/>\n\t<meta name=\"twitter:data2\" content=\"1 minuto\" \/>\n<script type=\"application\/ld+json\" class=\"yoast-schema-graph\">{\"@context\":\"https:\/\/schema.org\",\"@graph\":[{\"@type\":\"Article\",\"@id\":\"https:\/\/portalararasdenoticias.com.br\/?p=2334#article\",\"isPartOf\":{\"@id\":\"https:\/\/portalararasdenoticias.com.br\/?p=2334\"},\"author\":{\"name\":\"Portal Araras de Noticias\",\"@id\":\"https:\/\/portalararasdenoticias.com.br\/#\/schema\/person\/a6190507efe29dea1049d60d05ed5c0a\"},\"headline\":\"A amazonense Vivian Amorim ser\u00e1 a apresentadora da live &#8220;Embaixador na Amaz\u00f4nia&#8221;\",\"datePublished\":\"2020-08-13T05:18:12+00:00\",\"dateModified\":\"2025-03-24T12:00:44+00:00\",\"mainEntityOfPage\":{\"@id\":\"https:\/\/portalararasdenoticias.com.br\/?p=2334\"},\"wordCount\":140,\"commentCount\":0,\"image\":{\"@id\":\"https:\/\/portalararasdenoticias.com.br\/?p=2334#primaryimage\"},\"thumbnailUrl\":\"https:\/\/portalararasdenoticias.com.br\/wp-content\/uploads\/2020\/08\/117651921_3194195460671327_1451063937856189082_n.jpg\",\"inLanguage\":\"pt-BR\",\"potentialAction\":[{\"@type\":\"CommentAction\",\"name\":\"Comment\",\"target\":[\"https:\/\/portalararasdenoticias.com.br\/?p=2334#respond\"]}]},{\"@type\":\"WebPage\",\"@id\":\"https:\/\/portalararasdenoticias.com.br\/?p=2334\",\"url\":\"https:\/\/portalararasdenoticias.com.br\/?p=2334\",\"name\":\"A amazonense Vivian Amorim ser\u00e1 a apresentadora da live \\\"Embaixador na Amaz\u00f4nia\\\" - Portal Araras de Not\u00edcias\",\"isPartOf\":{\"@id\":\"https:\/\/portalararasdenoticias.com.br\/#website\"},\"primaryImageOfPage\":{\"@id\":\"https:\/\/portalararasdenoticias.com.br\/?p=2334#primaryimage\"},\"image\":{\"@id\":\"https:\/\/portalararasdenoticias.com.br\/?p=2334#primaryimage\"},\"thumbnailUrl\":\"https:\/\/portalararasdenoticias.com.br\/wp-content\/uploads\/2020\/08\/117651921_3194195460671327_1451063937856189082_n.jpg\",\"datePublished\":\"2020-08-13T05:18:12+00:00\",\"dateModified\":\"2025-03-24T12:00:44+00:00\",\"author\":{\"@id\":\"https:\/\/portalararasdenoticias.com.br\/#\/schema\/person\/a6190507efe29dea1049d60d05ed5c0a\"},\"breadcrumb\":{\"@id\":\"https:\/\/portalararasdenoticias.com.br\/?p=2334#breadcrumb\"},\"inLanguage\":\"pt-BR\",\"potentialAction\":[{\"@type\":\"ReadAction\",\"target\":[\"https:\/\/portalararasdenoticias.com.br\/?p=2334\"]}]},{\"@type\":\"ImageObject\",\"inLanguage\":\"pt-BR\",\"@id\":\"https:\/\/portalararasdenoticias.com.br\/?p=2334#primaryimage\",\"url\":\"https:\/\/portalararasdenoticias.com.br\/wp-content\/uploads\/2020\/08\/117651921_3194195460671327_1451063937856189082_n.jpg\",\"contentUrl\":\"https:\/\/portalararasdenoticias.com.br\/wp-content\/uploads\/2020\/08\/117651921_3194195460671327_1451063937856189082_n.jpg\",\"width\":480,\"height\":568},{\"@type\":\"BreadcrumbList\",\"@id\":\"https:\/\/portalararasdenoticias.com.br\/?p=2334#breadcrumb\",\"itemListElement\":[{\"@type\":\"ListItem\",\"position\":1,\"name\":\"In\u00edcio\",\"item\":\"https:\/\/portalararasdenoticias.com.br\/\"},{\"@type\":\"ListItem\",\"position\":2,\"name\":\"A amazonense Vivian Amorim ser\u00e1 a apresentadora da live &#8220;Embaixador na Amaz\u00f4nia&#8221;\"}]},{\"@type\":\"WebSite\",\"@id\":\"https:\/\/portalararasdenoticias.com.br\/#website\",\"url\":\"https:\/\/portalararasdenoticias.com.br\/\",\"name\":\"Portal Araras de Not\u00edcias\",\"description\":\"O Seu Portal de Not\u00edcias\",\"potentialAction\":[{\"@type\":\"SearchAction\",\"target\":{\"@type\":\"EntryPoint\",\"urlTemplate\":\"https:\/\/portalararasdenoticias.com.br\/?s={search_term_string}\"},\"query-input\":{\"@type\":\"PropertyValueSpecification\",\"valueRequired\":true,\"valueName\":\"search_term_string\"}}],\"inLanguage\":\"pt-BR\"},{\"@type\":\"Person\",\"@id\":\"https:\/\/portalararasdenoticias.com.br\/#\/schema\/person\/a6190507efe29dea1049d60d05ed5c0a\",\"name\":\"Portal Araras de Noticias\",\"image\":{\"@type\":\"ImageObject\",\"inLanguage\":\"pt-BR\",\"@id\":\"https:\/\/portalararasdenoticias.com.br\/#\/schema\/person\/image\/\",\"url\":\"https:\/\/secure.gravatar.com\/avatar\/4df7c42bc08e78bc9b6e13086fafc161bdf01220657cd93de3d828ab6c60d469?s=96&d=mm&r=g\",\"contentUrl\":\"https:\/\/secure.gravatar.com\/avatar\/4df7c42bc08e78bc9b6e13086fafc161bdf01220657cd93de3d828ab6c60d469?s=96&d=mm&r=g\",\"caption\":\"Portal Araras de Noticias\"},\"sameAs\":[\"https:\/\/portalararasdenoticias.com.br\/\"],\"url\":\"https:\/\/portalararasdenoticias.com.br\/?author=5\"}]}<\/script>\n<!-- \/ Yoast SEO plugin. -->","yoast_head_json":{"title":"A amazonense Vivian Amorim ser\u00e1 a apresentadora da live \"Embaixador na Amaz\u00f4nia\" - Portal Araras de Not\u00edcias","robots":{"index":"index","follow":"follow","max-snippet":"max-snippet:-1","max-image-preview":"max-image-preview:large","max-video-preview":"max-video-preview:-1"},"canonical":"https:\/\/portalararasdenoticias.com.br\/?p=2334","og_locale":"pt_BR","og_type":"article","og_title":"A amazonense Vivian Amorim ser\u00e1 a apresentadora da live \"Embaixador na Amaz\u00f4nia\" - Portal Araras de Not\u00edcias","og_description":"A amazonense Vivian Amorim ser\u00e1 a apresentadora da live &#8220;Embaixador na Amaz\u00f4nia&#8221;, que ir\u00e1 arrecadar doa\u00e7\u00f5es para o projeto &#8221;Vidas Ind\u00edgenas Importam&#8221; A live &#8221;Embaixador na Amaz\u00f4nia&#8221; acontece, a partir das 17h30 (hor\u00e1rio local), no pr\u00f3ximo domingo (16). O megaevento ser\u00e1 transmitido pelo Youtube e pelas redes sociais da F\u00e1brica de O O Embaixador na [&hellip;]","og_url":"https:\/\/portalararasdenoticias.com.br\/?p=2334","og_site_name":"Portal Araras de Not\u00edcias","article_published_time":"2020-08-13T05:18:12+00:00","article_modified_time":"2025-03-24T12:00:44+00:00","og_image":[{"width":480,"height":568,"url":"https:\/\/portalararasdenoticias.com.br\/wp-content\/uploads\/2020\/08\/117651921_3194195460671327_1451063937856189082_n.jpg","type":"image\/jpeg"}],"author":"Portal Araras de Noticias","twitter_card":"summary_large_image","twitter_misc":{"Escrito por":"Portal Araras de Noticias","Est. tempo de leitura":"1 minuto"},"schema":{"@context":"https:\/\/schema.org","@graph":[{"@type":"Article","@id":"https:\/\/portalararasdenoticias.com.br\/?p=2334#article","isPartOf":{"@id":"https:\/\/portalararasdenoticias.com.br\/?p=2334"},"author":{"name":"Portal Araras de Noticias","@id":"https:\/\/portalararasdenoticias.com.br\/#\/schema\/person\/a6190507efe29dea1049d60d05ed5c0a"},"headline":"A amazonense Vivian Amorim ser\u00e1 a apresentadora da live &#8220;Embaixador na Amaz\u00f4nia&#8221;","datePublished":"2020-08-13T05:18:12+00:00","dateModified":"2025-03-24T12:00:44+00:00","mainEntityOfPage":{"@id":"https:\/\/portalararasdenoticias.com.br\/?p=2334"},"wordCount":140,"commentCount":0,"image":{"@id":"https:\/\/portalararasdenoticias.com.br\/?p=2334#primaryimage"},"thumbnailUrl":"https:\/\/portalararasdenoticias.com.br\/wp-content\/uploads\/2020\/08\/117651921_3194195460671327_1451063937856189082_n.jpg","inLanguage":"pt-BR","potentialAction":[{"@type":"CommentAction","name":"Comment","target":["https:\/\/portalararasdenoticias.com.br\/?p=2334#respond"]}]},{"@type":"WebPage","@id":"https:\/\/portalararasdenoticias.com.br\/?p=2334","url":"https:\/\/portalararasdenoticias.com.br\/?p=2334","name":"A amazonense Vivian Amorim ser\u00e1 a apresentadora da live \"Embaixador na Amaz\u00f4nia\" - Portal Araras de Not\u00edcias","isPartOf":{"@id":"https:\/\/portalararasdenoticias.com.br\/#website"},"primaryImageOfPage":{"@id":"https:\/\/portalararasdenoticias.com.br\/?p=2334#primaryimage"},"image":{"@id":"https:\/\/portalararasdenoticias.com.br\/?p=2334#primaryimage"},"thumbnailUrl":"https:\/\/portalararasdenoticias.com.br\/wp-content\/uploads\/2020\/08\/117651921_3194195460671327_1451063937856189082_n.jpg","datePublished":"2020-08-13T05:18:12+00:00","dateModified":"2025-03-24T12:00:44+00:00","author":{"@id":"https:\/\/portalararasdenoticias.com.br\/#\/schema\/person\/a6190507efe29dea1049d60d05ed5c0a"},"breadcrumb":{"@id":"https:\/\/portalararasdenoticias.com.br\/?p=2334#breadcrumb"},"inLanguage":"pt-BR","potentialAction":[{"@type":"ReadAction","target":["https:\/\/portalararasdenoticias.com.br\/?p=2334"]}]},{"@type":"ImageObject","inLanguage":"pt-BR","@id":"https:\/\/portalararasdenoticias.com.br\/?p=2334#primaryimage","url":"https:\/\/portalararasdenoticias.com.br\/wp-content\/uploads\/2020\/08\/117651921_3194195460671327_1451063937856189082_n.jpg","contentUrl":"https:\/\/portalararasdenoticias.com.br\/wp-content\/uploads\/2020\/08\/117651921_3194195460671327_1451063937856189082_n.jpg","width":480,"height":568},{"@type":"BreadcrumbList","@id":"https:\/\/portalararasdenoticias.com.br\/?p=2334#breadcrumb","itemListElement":[{"@type":"ListItem","position":1,"name":"In\u00edcio","item":"https:\/\/portalararasdenoticias.com.br\/"},{"@type":"ListItem","position":2,"name":"A amazonense Vivian Amorim ser\u00e1 a apresentadora da live &#8220;Embaixador na Amaz\u00f4nia&#8221;"}]},{"@type":"WebSite","@id":"https:\/\/portalararasdenoticias.com.br\/#website","url":"https:\/\/portalararasdenoticias.com.br\/","name":"Portal Araras de Not\u00edcias","description":"O Seu Portal de Not\u00edcias","potentialAction":[{"@type":"SearchAction","target":{"@type":"EntryPoint","urlTemplate":"https:\/\/portalararasdenoticias.com.br\/?s={search_term_string}"},"query-input":{"@type":"PropertyValueSpecification","valueRequired":true,"valueName":"search_term_string"}}],"inLanguage":"pt-BR"},{"@type":"Person","@id":"https:\/\/portalararasdenoticias.com.br\/#\/schema\/person\/a6190507efe29dea1049d60d05ed5c0a","name":"Portal Araras de Noticias","image":{"@type":"ImageObject","inLanguage":"pt-BR","@id":"https:\/\/portalararasdenoticias.com.br\/#\/schema\/person\/image\/","url":"https:\/\/secure.gravatar.com\/avatar\/4df7c42bc08e78bc9b6e13086fafc161bdf01220657cd93de3d828ab6c60d469?s=96&d=mm&r=g","contentUrl":"https:\/\/secure.gravatar.com\/avatar\/4df7c42bc08e78bc9b6e13086fafc161bdf01220657cd93de3d828ab6c60d469?s=96&d=mm&r=g","caption":"Portal Araras de Noticias"},"sameAs":["https:\/\/portalararasdenoticias.com.br\/"],"url":"https:\/\/portalararasdenoticias.com.br\/?author=5"}]}},"_links":{"self":[{"href":"https:\/\/portalararasdenoticias.com.br\/index.php?rest_route=\/wp\/v2\/posts\/2334","targetHints":{"allow":["GET"]}}],"collection":[{"href":"https:\/\/portalararasdenoticias.com.br\/index.php?rest_route=\/wp\/v2\/posts"}],"about":[{"href":"https:\/\/portalararasdenoticias.com.br\/index.php?rest_route=\/wp\/v2\/types\/post"}],"author":[{"embeddable":true,"href":"https:\/\/portalararasdenoticias.com.br\/index.php?rest_route=\/wp\/v2\/users\/5"}],"replies":[{"embeddable":true,"href":"https:\/\/portalararasdenoticias.com.br\/index.php?rest_route=%2Fwp%2Fv2%2Fcomments&post=2334"}],"version-history":[{"count":1,"href":"https:\/\/portalararasdenoticias.com.br\/index.php?rest_route=\/wp\/v2\/posts\/2334\/revisions"}],"predecessor-version":[{"id":2338,"href":"https:\/\/portalararasdenoticias.com.br\/index.php?rest_route=\/wp\/v2\/posts\/2334\/revisions\/2338"}],"wp:featuredmedia":[{"embeddable":true,"href":"https:\/\/portalararasdenoticias.com.br\/index.php?rest_route=\/wp\/v2\/media\/2335"}],"wp:attachment":[{"href":"https:\/\/portalararasdenoticias.com.br\/index.php?rest_route=%2Fwp%2Fv2%2Fmedia&parent=2334"}],"wp:term":[{"taxonomy":"category","embeddable":true,"href":"https:\/\/portalararasdenoticias.com.br\/index.php?rest_route=%2Fwp%2Fv2%2Fcategories&post=2334"},{"taxonomy":"post_tag","embeddable":true,"href":"https:\/\/portalararasdenoticias.com.br\/index.php?rest_route=%2Fwp%2Fv2%2Ftags&post=2334"}],"curies":[{"name":"wp","href":"https:\/\/api.w.org\/{rel}","templated":true}]}}