{"id":2511,"date":"2021-01-20T00:21:54","date_gmt":"2021-01-20T03:21:54","guid":{"rendered":"http:\/\/portalararasdenoticias.com.br\/?p=2511"},"modified":"2021-01-20T00:21:55","modified_gmt":"2021-01-20T03:21:55","slug":"morre-dono-do-bar-chapao-o-empresario-anor-zacarias-em-parintins-am","status":"publish","type":"post","link":"https:\/\/portalararasdenoticias.com.br\/?p=2511","title":{"rendered":"Morre dono do bar Chap\u00e3o, o empresario Anor Zacarias em Parintins AM."},"content":{"rendered":"\n<p>O Bar do Chap\u00e3o \u00e9 conhecido n\u00e3o s\u00f3 em Parintins, mas tamb\u00e9m pelos visitantes da terra do boi bumb\u00e1<\/p>\n\n\n\n<p>Morreu hoje em Parintins o empres\u00e1rio Anoar Zacarias (79). O manauara escolheu a terra do Festival de Caprichoso e Garantido, para construir sua vida familiar e empreendedora. A cidade se despede de uma das pessoas ilustres do Amazonas.<\/p>\n\n\n\n<p>Em Parintins ele foi dono do famoso Bar Chap\u00e3o, onde no per\u00edodo do Festival Folcl\u00f3rico o local era um dos palcos de toadas dos bumb\u00e1s da Ilha<\/p>\n\n\n\n<p>O Bar Chap\u00e3o, portanto, \u00e9 conhecido n\u00e3o s\u00f3 pelos parintinenses, mas tamb\u00e9m pelos visitantes que iam a Parintins brincar o dois pra l\u00e1 e dois pra c\u00e1.<\/p>\n\n\n\n<p>Na p\u00e1gina da prefeitura de Parintins, o prefeito da cidade, Bi Garcia, divulgou nota de pesar pela partida de Anoar Zacarias:<\/p>\n\n\n\n<p><em>\u201cRecebi com muita tristeza a not\u00edcia do falecimento do meu amigo Anoar Zacarias, 79 anos, nascido em Manaus e adotado por Parintins como filho ilustre de nossa terra.<\/em><\/p>\n\n\n\n<p><em>Durante a sua juventude, conheceu o carinho de nossa cidade em um trabalho realizado como t\u00e9cnico na antiga Celetramazon. Aqui constituiu fam\u00edlia, foi um comerciante bastante conhecido atrav\u00e9s do seu famoso Bar Chap\u00e3o. Exerceu por v\u00e1rios anos o grau de vener\u00e1vel da Loja Ma\u00e7\u00f4nica Uni\u00e3o, Paz e Trabalho. Um homem trabalhador,&nbsp; apaixonado pela nossa cultura, tendo \u00e0 frente o seu Boi Caprichoso.<\/em><\/p>\n\n\n\n<p><em>Perdi um grande amigo que me acompanhava h\u00e1 anos e vibrava com as&nbsp; nossas conquistas. Deixo a minha solidariedade aos filhos Lana, Munira, Sida e Diego, extensivo a todos os familiares e amigos, pedindo a Deus o conforto necess\u00e1rio a todos<\/em>.\u201d<\/p>\n","protected":false},"excerpt":{"rendered":"<p>O Bar do Chap\u00e3o \u00e9 conhecido n\u00e3o s\u00f3 em Parintins, mas tamb\u00e9m pelos visitantes da terra do boi bumb\u00e1 Morreu hoje em Parintins o empres\u00e1rio Anoar Zacarias (79). O manauara escolheu a terra do Festival de Caprichoso e Garantido, para construir sua vida familiar e empreendedora. A cidade se despede de uma das pessoas ilustres [&hellip;]<\/p>\n","protected":false},"author":5,"featured_media":2512,"comment_status":"open","ping_status":"open","sticky":false,"template":"","format":"standard","meta":{"footnotes":""},"categories":[34],"tags":[],"class_list":["post-2511","post","type-post","status-publish","format-standard","has-post-thumbnail","hentry","category-jornalismo"],"yoast_head":"<!-- This site is optimized with the Yoast SEO plugin v27.0 - https:\/\/yoast.com\/product\/yoast-seo-wordpress\/ -->\n<title>Morre dono do bar Chap\u00e3o, o empresario Anor Zacarias em Parintins AM. - Portal Araras de Not\u00edcias<\/title>\n<meta name=\"robots\" content=\"index, follow, max-snippet:-1, max-image-preview:large, max-video-preview:-1\" \/>\n<link rel=\"canonical\" href=\"https:\/\/portalararasdenoticias.com.br\/?p=2511\" \/>\n<meta property=\"og:locale\" content=\"pt_BR\" \/>\n<meta property=\"og:type\" content=\"article\" \/>\n<meta property=\"og:title\" content=\"Morre dono do bar Chap\u00e3o, o empresario Anor Zacarias em Parintins AM. - Portal Araras de Not\u00edcias\" \/>\n<meta property=\"og:description\" content=\"O Bar do Chap\u00e3o \u00e9 conhecido n\u00e3o s\u00f3 em Parintins, mas tamb\u00e9m pelos visitantes da terra do boi bumb\u00e1 Morreu hoje em Parintins o empres\u00e1rio Anoar Zacarias (79). O manauara escolheu a terra do Festival de Caprichoso e Garantido, para construir sua vida familiar e empreendedora. A cidade se despede de uma das pessoas ilustres [&hellip;]\" \/>\n<meta property=\"og:url\" content=\"https:\/\/portalararasdenoticias.com.br\/?p=2511\" \/>\n<meta property=\"og:site_name\" content=\"Portal Araras de Not\u00edcias\" \/>\n<meta property=\"article:published_time\" content=\"2021-01-20T03:21:54+00:00\" \/>\n<meta property=\"article:modified_time\" content=\"2021-01-20T03:21:55+00:00\" \/>\n<meta property=\"og:image\" content=\"https:\/\/portalararasdenoticias.com.br\/wp-content\/uploads\/2021\/01\/safe_image-1.jpg\" \/>\n\t<meta property=\"og:image:width\" content=\"500\" \/>\n\t<meta property=\"og:image:height\" content=\"260\" \/>\n\t<meta property=\"og:image:type\" content=\"image\/jpeg\" \/>\n<meta name=\"author\" content=\"Portal Araras de Noticias\" \/>\n<meta name=\"twitter:card\" content=\"summary_large_image\" \/>\n<meta name=\"twitter:label1\" content=\"Escrito por\" \/>\n\t<meta name=\"twitter:data1\" content=\"Portal Araras de Noticias\" \/>\n\t<meta name=\"twitter:label2\" content=\"Est. tempo de leitura\" \/>\n\t<meta name=\"twitter:data2\" content=\"1 minuto\" \/>\n<script type=\"application\/ld+json\" class=\"yoast-schema-graph\">{\"@context\":\"https:\/\/schema.org\",\"@graph\":[{\"@type\":\"Article\",\"@id\":\"https:\/\/portalararasdenoticias.com.br\/?p=2511#article\",\"isPartOf\":{\"@id\":\"https:\/\/portalararasdenoticias.com.br\/?p=2511\"},\"author\":{\"name\":\"Portal Araras de Noticias\",\"@id\":\"https:\/\/portalararasdenoticias.com.br\/#\/schema\/person\/a6190507efe29dea1049d60d05ed5c0a\"},\"headline\":\"Morre dono do bar Chap\u00e3o, o empresario Anor Zacarias em Parintins AM.\",\"datePublished\":\"2021-01-20T03:21:54+00:00\",\"dateModified\":\"2021-01-20T03:21:55+00:00\",\"mainEntityOfPage\":{\"@id\":\"https:\/\/portalararasdenoticias.com.br\/?p=2511\"},\"wordCount\":295,\"commentCount\":0,\"image\":{\"@id\":\"https:\/\/portalararasdenoticias.com.br\/?p=2511#primaryimage\"},\"thumbnailUrl\":\"https:\/\/portalararasdenoticias.com.br\/wp-content\/uploads\/2021\/01\/safe_image-1.jpg\",\"articleSection\":[\"jornalismo\"],\"inLanguage\":\"pt-BR\",\"potentialAction\":[{\"@type\":\"CommentAction\",\"name\":\"Comment\",\"target\":[\"https:\/\/portalararasdenoticias.com.br\/?p=2511#respond\"]}]},{\"@type\":\"WebPage\",\"@id\":\"https:\/\/portalararasdenoticias.com.br\/?p=2511\",\"url\":\"https:\/\/portalararasdenoticias.com.br\/?p=2511\",\"name\":\"Morre dono do bar Chap\u00e3o, o empresario Anor Zacarias em Parintins AM. - Portal Araras de Not\u00edcias\",\"isPartOf\":{\"@id\":\"https:\/\/portalararasdenoticias.com.br\/#website\"},\"primaryImageOfPage\":{\"@id\":\"https:\/\/portalararasdenoticias.com.br\/?p=2511#primaryimage\"},\"image\":{\"@id\":\"https:\/\/portalararasdenoticias.com.br\/?p=2511#primaryimage\"},\"thumbnailUrl\":\"https:\/\/portalararasdenoticias.com.br\/wp-content\/uploads\/2021\/01\/safe_image-1.jpg\",\"datePublished\":\"2021-01-20T03:21:54+00:00\",\"dateModified\":\"2021-01-20T03:21:55+00:00\",\"author\":{\"@id\":\"https:\/\/portalararasdenoticias.com.br\/#\/schema\/person\/a6190507efe29dea1049d60d05ed5c0a\"},\"breadcrumb\":{\"@id\":\"https:\/\/portalararasdenoticias.com.br\/?p=2511#breadcrumb\"},\"inLanguage\":\"pt-BR\",\"potentialAction\":[{\"@type\":\"ReadAction\",\"target\":[\"https:\/\/portalararasdenoticias.com.br\/?p=2511\"]}]},{\"@type\":\"ImageObject\",\"inLanguage\":\"pt-BR\",\"@id\":\"https:\/\/portalararasdenoticias.com.br\/?p=2511#primaryimage\",\"url\":\"https:\/\/portalararasdenoticias.com.br\/wp-content\/uploads\/2021\/01\/safe_image-1.jpg\",\"contentUrl\":\"https:\/\/portalararasdenoticias.com.br\/wp-content\/uploads\/2021\/01\/safe_image-1.jpg\",\"width\":500,\"height\":260},{\"@type\":\"BreadcrumbList\",\"@id\":\"https:\/\/portalararasdenoticias.com.br\/?p=2511#breadcrumb\",\"itemListElement\":[{\"@type\":\"ListItem\",\"position\":1,\"name\":\"In\u00edcio\",\"item\":\"https:\/\/portalararasdenoticias.com.br\/\"},{\"@type\":\"ListItem\",\"position\":2,\"name\":\"Morre dono do bar Chap\u00e3o, o empresario Anor Zacarias em Parintins AM.\"}]},{\"@type\":\"WebSite\",\"@id\":\"https:\/\/portalararasdenoticias.com.br\/#website\",\"url\":\"https:\/\/portalararasdenoticias.com.br\/\",\"name\":\"Portal Araras de Not\u00edcias\",\"description\":\"O Seu Portal de Not\u00edcias\",\"potentialAction\":[{\"@type\":\"SearchAction\",\"target\":{\"@type\":\"EntryPoint\",\"urlTemplate\":\"https:\/\/portalararasdenoticias.com.br\/?s={search_term_string}\"},\"query-input\":{\"@type\":\"PropertyValueSpecification\",\"valueRequired\":true,\"valueName\":\"search_term_string\"}}],\"inLanguage\":\"pt-BR\"},{\"@type\":\"Person\",\"@id\":\"https:\/\/portalararasdenoticias.com.br\/#\/schema\/person\/a6190507efe29dea1049d60d05ed5c0a\",\"name\":\"Portal Araras de Noticias\",\"image\":{\"@type\":\"ImageObject\",\"inLanguage\":\"pt-BR\",\"@id\":\"https:\/\/portalararasdenoticias.com.br\/#\/schema\/person\/image\/\",\"url\":\"https:\/\/secure.gravatar.com\/avatar\/4df7c42bc08e78bc9b6e13086fafc161bdf01220657cd93de3d828ab6c60d469?s=96&d=mm&r=g\",\"contentUrl\":\"https:\/\/secure.gravatar.com\/avatar\/4df7c42bc08e78bc9b6e13086fafc161bdf01220657cd93de3d828ab6c60d469?s=96&d=mm&r=g\",\"caption\":\"Portal Araras de Noticias\"},\"sameAs\":[\"https:\/\/portalararasdenoticias.com.br\/\"],\"url\":\"https:\/\/portalararasdenoticias.com.br\/?author=5\"}]}<\/script>\n<!-- \/ Yoast SEO plugin. -->","yoast_head_json":{"title":"Morre dono do bar Chap\u00e3o, o empresario Anor Zacarias em Parintins AM. - Portal Araras de Not\u00edcias","robots":{"index":"index","follow":"follow","max-snippet":"max-snippet:-1","max-image-preview":"max-image-preview:large","max-video-preview":"max-video-preview:-1"},"canonical":"https:\/\/portalararasdenoticias.com.br\/?p=2511","og_locale":"pt_BR","og_type":"article","og_title":"Morre dono do bar Chap\u00e3o, o empresario Anor Zacarias em Parintins AM. - Portal Araras de Not\u00edcias","og_description":"O Bar do Chap\u00e3o \u00e9 conhecido n\u00e3o s\u00f3 em Parintins, mas tamb\u00e9m pelos visitantes da terra do boi bumb\u00e1 Morreu hoje em Parintins o empres\u00e1rio Anoar Zacarias (79). O manauara escolheu a terra do Festival de Caprichoso e Garantido, para construir sua vida familiar e empreendedora. A cidade se despede de uma das pessoas ilustres [&hellip;]","og_url":"https:\/\/portalararasdenoticias.com.br\/?p=2511","og_site_name":"Portal Araras de Not\u00edcias","article_published_time":"2021-01-20T03:21:54+00:00","article_modified_time":"2021-01-20T03:21:55+00:00","og_image":[{"width":500,"height":260,"url":"https:\/\/portalararasdenoticias.com.br\/wp-content\/uploads\/2021\/01\/safe_image-1.jpg","type":"image\/jpeg"}],"author":"Portal Araras de Noticias","twitter_card":"summary_large_image","twitter_misc":{"Escrito por":"Portal Araras de Noticias","Est. tempo de leitura":"1 minuto"},"schema":{"@context":"https:\/\/schema.org","@graph":[{"@type":"Article","@id":"https:\/\/portalararasdenoticias.com.br\/?p=2511#article","isPartOf":{"@id":"https:\/\/portalararasdenoticias.com.br\/?p=2511"},"author":{"name":"Portal Araras de Noticias","@id":"https:\/\/portalararasdenoticias.com.br\/#\/schema\/person\/a6190507efe29dea1049d60d05ed5c0a"},"headline":"Morre dono do bar Chap\u00e3o, o empresario Anor Zacarias em Parintins AM.","datePublished":"2021-01-20T03:21:54+00:00","dateModified":"2021-01-20T03:21:55+00:00","mainEntityOfPage":{"@id":"https:\/\/portalararasdenoticias.com.br\/?p=2511"},"wordCount":295,"commentCount":0,"image":{"@id":"https:\/\/portalararasdenoticias.com.br\/?p=2511#primaryimage"},"thumbnailUrl":"https:\/\/portalararasdenoticias.com.br\/wp-content\/uploads\/2021\/01\/safe_image-1.jpg","articleSection":["jornalismo"],"inLanguage":"pt-BR","potentialAction":[{"@type":"CommentAction","name":"Comment","target":["https:\/\/portalararasdenoticias.com.br\/?p=2511#respond"]}]},{"@type":"WebPage","@id":"https:\/\/portalararasdenoticias.com.br\/?p=2511","url":"https:\/\/portalararasdenoticias.com.br\/?p=2511","name":"Morre dono do bar Chap\u00e3o, o empresario Anor Zacarias em Parintins AM. - Portal Araras de Not\u00edcias","isPartOf":{"@id":"https:\/\/portalararasdenoticias.com.br\/#website"},"primaryImageOfPage":{"@id":"https:\/\/portalararasdenoticias.com.br\/?p=2511#primaryimage"},"image":{"@id":"https:\/\/portalararasdenoticias.com.br\/?p=2511#primaryimage"},"thumbnailUrl":"https:\/\/portalararasdenoticias.com.br\/wp-content\/uploads\/2021\/01\/safe_image-1.jpg","datePublished":"2021-01-20T03:21:54+00:00","dateModified":"2021-01-20T03:21:55+00:00","author":{"@id":"https:\/\/portalararasdenoticias.com.br\/#\/schema\/person\/a6190507efe29dea1049d60d05ed5c0a"},"breadcrumb":{"@id":"https:\/\/portalararasdenoticias.com.br\/?p=2511#breadcrumb"},"inLanguage":"pt-BR","potentialAction":[{"@type":"ReadAction","target":["https:\/\/portalararasdenoticias.com.br\/?p=2511"]}]},{"@type":"ImageObject","inLanguage":"pt-BR","@id":"https:\/\/portalararasdenoticias.com.br\/?p=2511#primaryimage","url":"https:\/\/portalararasdenoticias.com.br\/wp-content\/uploads\/2021\/01\/safe_image-1.jpg","contentUrl":"https:\/\/portalararasdenoticias.com.br\/wp-content\/uploads\/2021\/01\/safe_image-1.jpg","width":500,"height":260},{"@type":"BreadcrumbList","@id":"https:\/\/portalararasdenoticias.com.br\/?p=2511#breadcrumb","itemListElement":[{"@type":"ListItem","position":1,"name":"In\u00edcio","item":"https:\/\/portalararasdenoticias.com.br\/"},{"@type":"ListItem","position":2,"name":"Morre dono do bar Chap\u00e3o, o empresario Anor Zacarias em Parintins AM."}]},{"@type":"WebSite","@id":"https:\/\/portalararasdenoticias.com.br\/#website","url":"https:\/\/portalararasdenoticias.com.br\/","name":"Portal Araras de Not\u00edcias","description":"O Seu Portal de Not\u00edcias","potentialAction":[{"@type":"SearchAction","target":{"@type":"EntryPoint","urlTemplate":"https:\/\/portalararasdenoticias.com.br\/?s={search_term_string}"},"query-input":{"@type":"PropertyValueSpecification","valueRequired":true,"valueName":"search_term_string"}}],"inLanguage":"pt-BR"},{"@type":"Person","@id":"https:\/\/portalararasdenoticias.com.br\/#\/schema\/person\/a6190507efe29dea1049d60d05ed5c0a","name":"Portal Araras de Noticias","image":{"@type":"ImageObject","inLanguage":"pt-BR","@id":"https:\/\/portalararasdenoticias.com.br\/#\/schema\/person\/image\/","url":"https:\/\/secure.gravatar.com\/avatar\/4df7c42bc08e78bc9b6e13086fafc161bdf01220657cd93de3d828ab6c60d469?s=96&d=mm&r=g","contentUrl":"https:\/\/secure.gravatar.com\/avatar\/4df7c42bc08e78bc9b6e13086fafc161bdf01220657cd93de3d828ab6c60d469?s=96&d=mm&r=g","caption":"Portal Araras de Noticias"},"sameAs":["https:\/\/portalararasdenoticias.com.br\/"],"url":"https:\/\/portalararasdenoticias.com.br\/?author=5"}]}},"_links":{"self":[{"href":"https:\/\/portalararasdenoticias.com.br\/index.php?rest_route=\/wp\/v2\/posts\/2511","targetHints":{"allow":["GET"]}}],"collection":[{"href":"https:\/\/portalararasdenoticias.com.br\/index.php?rest_route=\/wp\/v2\/posts"}],"about":[{"href":"https:\/\/portalararasdenoticias.com.br\/index.php?rest_route=\/wp\/v2\/types\/post"}],"author":[{"embeddable":true,"href":"https:\/\/portalararasdenoticias.com.br\/index.php?rest_route=\/wp\/v2\/users\/5"}],"replies":[{"embeddable":true,"href":"https:\/\/portalararasdenoticias.com.br\/index.php?rest_route=%2Fwp%2Fv2%2Fcomments&post=2511"}],"version-history":[{"count":1,"href":"https:\/\/portalararasdenoticias.com.br\/index.php?rest_route=\/wp\/v2\/posts\/2511\/revisions"}],"predecessor-version":[{"id":2513,"href":"https:\/\/portalararasdenoticias.com.br\/index.php?rest_route=\/wp\/v2\/posts\/2511\/revisions\/2513"}],"wp:featuredmedia":[{"embeddable":true,"href":"https:\/\/portalararasdenoticias.com.br\/index.php?rest_route=\/wp\/v2\/media\/2512"}],"wp:attachment":[{"href":"https:\/\/portalararasdenoticias.com.br\/index.php?rest_route=%2Fwp%2Fv2%2Fmedia&parent=2511"}],"wp:term":[{"taxonomy":"category","embeddable":true,"href":"https:\/\/portalararasdenoticias.com.br\/index.php?rest_route=%2Fwp%2Fv2%2Fcategories&post=2511"},{"taxonomy":"post_tag","embeddable":true,"href":"https:\/\/portalararasdenoticias.com.br\/index.php?rest_route=%2Fwp%2Fv2%2Ftags&post=2511"}],"curies":[{"name":"wp","href":"https:\/\/api.w.org\/{rel}","templated":true}]}}