{"id":2570,"date":"2021-01-30T19:01:52","date_gmt":"2021-01-30T22:01:52","guid":{"rendered":"http:\/\/portalararasdenoticias.com.br\/?p=2570"},"modified":"2021-01-30T19:01:54","modified_gmt":"2021-01-30T22:01:54","slug":"cabine-de-radio-da-arena-castelao-pega-fogo-na-manha-deste-sabado-em-fortaleza-30","status":"publish","type":"post","link":"https:\/\/portalararasdenoticias.com.br\/?p=2570","title":{"rendered":"Cabine de r\u00e1dio da Arena Castel\u00e3o pega fogo na manh\u00e3 deste s\u00e1bado em Fortaleza (30)."},"content":{"rendered":"\n<h2 class=\"wp-block-heading\">Duas equipes do Corpo de Bombeiros est\u00e3o no local tentando conter as chamas<\/h2>\n\n\n\n<p>Uma&nbsp;<strong>cabine de r\u00e1dio<\/strong>&nbsp;da Arena Castel\u00e3o, em Fortaleza,&nbsp;<strong>pegou fogo&nbsp;<\/strong>na manh\u00e3 deste s\u00e1bado (30), segundo informa\u00e7\u00f5es confirmadas pelo Tenente Dutra, do&nbsp;<strong>Corpo de Bombeiros.<\/strong>&nbsp;Duas guarni\u00e7\u00f5es das companhias dos bairros Jos\u00e9 Walter e Messejana foram ao local para debelar as chamas. O inc\u00eandio foi totalmente controlado \u00e0s 12h43.&nbsp;<strong>N\u00e3o h\u00e1 feridos.&nbsp;<\/strong><\/p>\n\n\n\n<p>Em nota, a&nbsp;Secretaria do Esporte e Juventude (Sejuv) informa que a prov\u00e1vel causa do inc\u00eandio foi um&nbsp;curto-circuito.&nbsp;&#8220;A \u00e1rea das cabines de r\u00e1dio est\u00e1 isolada, e o ocorrido ser\u00e1 apurado em laudo t\u00e9cnico da Per\u00edcia Forense do Cear\u00e1&#8221;, complementa.&nbsp;<\/p>\n\n\n\n<p>Ainda conforme o Tenente Dutra, o inc\u00eandio foi relatado \u00e0 Coordenadoria Integrada de Opera\u00e7\u00f5es de Seguran\u00e7a (Ciops) por volta de 10h12, tendo os bombeiros sido acionados um minuto depois da liga\u00e7\u00e3o telef\u00f4nica.&nbsp;<\/p>\n\n\n\n<p>\u201cNeste momento, \u00e0s 11h05, encontram-se no local, tr\u00eas guarni\u00e7\u00f5es de combate a inc\u00eandio, uma guarni\u00e7\u00e3o de busca e salvamento, uma guarni\u00e7\u00e3o de atendimento pr\u00e9-hospitalar, um tanque caminh\u00e3o-pipa e a escada magirus, al\u00e9m do coordenador de opera\u00e7\u00f5es\u201d, detalhou Dutra.&nbsp;<\/p>\n\n\n\n<p><strong>\u00c0s 11h32, &#8220;as guarni\u00e7\u00f5es no local confinaram o fogo&#8221;,&nbsp;<\/strong>o que impede que as chamas passem para outros setores da Arena Castel\u00e3o. &#8220;O fogo sem acesso, agora est\u00e1 sendo telhado, mas o&nbsp;<strong>vento a 24 km\/hora dificulta<\/strong>&#8220;, revelou o tenente ao&nbsp;<em>Di\u00e1rio do Nordeste.&nbsp;<\/em><\/p>\n\n\n\n<p>Tr\u00eas equipes do Servi\u00e7o de Atendimento M\u00f3vel de Urg\u00eancia (Samu) tamb\u00e9m acompanharam a ocorr\u00eancia, mas&nbsp;<strong>n\u00e3o h\u00e1&nbsp; feridos<\/strong>. O diretor do Samu Fortaleza, Frederico Arnaud, comunicou \u00e0 reportagem que os profissionais de sa\u00fade foram ao local para avaliar &#8220;riscos&#8221;.<\/p>\n\n\n\n<p>&#8220;Alguns funcion\u00e1rios que tentaram tomar alguma atitude inicialmente podem ter inalado fuma\u00e7a, mas n\u00e3o h\u00e1 ningu\u00e9m grave. Dois carros foram deslocados e um ficou em observa\u00e7\u00e3o\u201d, afirmou Arnaud.&nbsp;<\/p>\n\n\n\n<figure class=\"wp-block-image size-large\"><img loading=\"lazy\" decoding=\"async\" width=\"1024\" height=\"576\" src=\"http:\/\/portalararasdenoticias.com.br\/wp-content\/uploads\/2021\/01\/WhatsApp-Image-2021-01-30-at-11.03.11-1024x576.jpeg\" alt=\"\" class=\"wp-image-2572\" srcset=\"https:\/\/portalararasdenoticias.com.br\/wp-content\/uploads\/2021\/01\/WhatsApp-Image-2021-01-30-at-11.03.11-1024x576.jpeg 1024w, https:\/\/portalararasdenoticias.com.br\/wp-content\/uploads\/2021\/01\/WhatsApp-Image-2021-01-30-at-11.03.11-300x169.jpeg 300w, https:\/\/portalararasdenoticias.com.br\/wp-content\/uploads\/2021\/01\/WhatsApp-Image-2021-01-30-at-11.03.11-768x432.jpeg 768w, https:\/\/portalararasdenoticias.com.br\/wp-content\/uploads\/2021\/01\/WhatsApp-Image-2021-01-30-at-11.03.11.jpeg 1280w\" sizes=\"auto, (max-width: 1024px) 100vw, 1024px\" \/><\/figure>\n","protected":false},"excerpt":{"rendered":"<p>Duas equipes do Corpo de Bombeiros est\u00e3o no local tentando conter as chamas Uma&nbsp;cabine de r\u00e1dio&nbsp;da Arena Castel\u00e3o, em Fortaleza,&nbsp;pegou fogo&nbsp;na manh\u00e3 deste s\u00e1bado (30), segundo informa\u00e7\u00f5es confirmadas pelo Tenente Dutra, do&nbsp;Corpo de Bombeiros.&nbsp;Duas guarni\u00e7\u00f5es das companhias dos bairros Jos\u00e9 Walter e Messejana foram ao local para debelar as chamas. O inc\u00eandio foi totalmente controlado [&hellip;]<\/p>\n","protected":false},"author":5,"featured_media":2571,"comment_status":"open","ping_status":"open","sticky":true,"template":"","format":"standard","meta":{"footnotes":""},"categories":[34],"tags":[],"class_list":["post-2570","post","type-post","status-publish","format-standard","has-post-thumbnail","hentry","category-jornalismo"],"yoast_head":"<!-- This site is optimized with the Yoast SEO plugin v27.0 - https:\/\/yoast.com\/product\/yoast-seo-wordpress\/ -->\n<title>Cabine de r\u00e1dio da Arena Castel\u00e3o pega fogo na manh\u00e3 deste s\u00e1bado em Fortaleza (30). - Portal Araras de Not\u00edcias<\/title>\n<meta name=\"robots\" content=\"index, follow, max-snippet:-1, max-image-preview:large, max-video-preview:-1\" \/>\n<link rel=\"canonical\" href=\"https:\/\/portalararasdenoticias.com.br\/?p=2570\" \/>\n<meta property=\"og:locale\" content=\"pt_BR\" \/>\n<meta property=\"og:type\" content=\"article\" \/>\n<meta property=\"og:title\" content=\"Cabine de r\u00e1dio da Arena Castel\u00e3o pega fogo na manh\u00e3 deste s\u00e1bado em Fortaleza (30). - Portal Araras de Not\u00edcias\" \/>\n<meta property=\"og:description\" content=\"Duas equipes do Corpo de Bombeiros est\u00e3o no local tentando conter as chamas Uma&nbsp;cabine de r\u00e1dio&nbsp;da Arena Castel\u00e3o, em Fortaleza,&nbsp;pegou fogo&nbsp;na manh\u00e3 deste s\u00e1bado (30), segundo informa\u00e7\u00f5es confirmadas pelo Tenente Dutra, do&nbsp;Corpo de Bombeiros.&nbsp;Duas guarni\u00e7\u00f5es das companhias dos bairros Jos\u00e9 Walter e Messejana foram ao local para debelar as chamas. O inc\u00eandio foi totalmente controlado [&hellip;]\" \/>\n<meta property=\"og:url\" content=\"https:\/\/portalararasdenoticias.com.br\/?p=2570\" \/>\n<meta property=\"og:site_name\" content=\"Portal Araras de Not\u00edcias\" \/>\n<meta property=\"article:published_time\" content=\"2021-01-30T22:01:52+00:00\" \/>\n<meta property=\"article:modified_time\" content=\"2021-01-30T22:01:54+00:00\" \/>\n<meta property=\"og:image\" content=\"https:\/\/portalararasdenoticias.com.br\/wp-content\/uploads\/2021\/01\/image.jpg\" \/>\n\t<meta property=\"og:image:width\" content=\"1031\" \/>\n\t<meta property=\"og:image:height\" content=\"630\" \/>\n\t<meta property=\"og:image:type\" content=\"image\/jpeg\" \/>\n<meta name=\"author\" content=\"Portal Araras de Noticias\" \/>\n<meta name=\"twitter:card\" content=\"summary_large_image\" \/>\n<meta name=\"twitter:label1\" content=\"Escrito por\" \/>\n\t<meta name=\"twitter:data1\" content=\"Portal Araras de Noticias\" \/>\n\t<meta name=\"twitter:label2\" content=\"Est. tempo de leitura\" \/>\n\t<meta name=\"twitter:data2\" content=\"2 minutos\" \/>\n<script type=\"application\/ld+json\" class=\"yoast-schema-graph\">{\"@context\":\"https:\/\/schema.org\",\"@graph\":[{\"@type\":\"Article\",\"@id\":\"https:\/\/portalararasdenoticias.com.br\/?p=2570#article\",\"isPartOf\":{\"@id\":\"https:\/\/portalararasdenoticias.com.br\/?p=2570\"},\"author\":{\"name\":\"Portal Araras de Noticias\",\"@id\":\"https:\/\/portalararasdenoticias.com.br\/#\/schema\/person\/a6190507efe29dea1049d60d05ed5c0a\"},\"headline\":\"Cabine de r\u00e1dio da Arena Castel\u00e3o pega fogo na manh\u00e3 deste s\u00e1bado em Fortaleza (30).\",\"datePublished\":\"2021-01-30T22:01:52+00:00\",\"dateModified\":\"2021-01-30T22:01:54+00:00\",\"mainEntityOfPage\":{\"@id\":\"https:\/\/portalararasdenoticias.com.br\/?p=2570\"},\"wordCount\":366,\"commentCount\":0,\"image\":{\"@id\":\"https:\/\/portalararasdenoticias.com.br\/?p=2570#primaryimage\"},\"thumbnailUrl\":\"https:\/\/portalararasdenoticias.com.br\/wp-content\/uploads\/2021\/01\/image.jpg\",\"articleSection\":[\"jornalismo\"],\"inLanguage\":\"pt-BR\",\"potentialAction\":[{\"@type\":\"CommentAction\",\"name\":\"Comment\",\"target\":[\"https:\/\/portalararasdenoticias.com.br\/?p=2570#respond\"]}]},{\"@type\":\"WebPage\",\"@id\":\"https:\/\/portalararasdenoticias.com.br\/?p=2570\",\"url\":\"https:\/\/portalararasdenoticias.com.br\/?p=2570\",\"name\":\"Cabine de r\u00e1dio da Arena Castel\u00e3o pega fogo na manh\u00e3 deste s\u00e1bado em Fortaleza (30). - Portal Araras de Not\u00edcias\",\"isPartOf\":{\"@id\":\"https:\/\/portalararasdenoticias.com.br\/#website\"},\"primaryImageOfPage\":{\"@id\":\"https:\/\/portalararasdenoticias.com.br\/?p=2570#primaryimage\"},\"image\":{\"@id\":\"https:\/\/portalararasdenoticias.com.br\/?p=2570#primaryimage\"},\"thumbnailUrl\":\"https:\/\/portalararasdenoticias.com.br\/wp-content\/uploads\/2021\/01\/image.jpg\",\"datePublished\":\"2021-01-30T22:01:52+00:00\",\"dateModified\":\"2021-01-30T22:01:54+00:00\",\"author\":{\"@id\":\"https:\/\/portalararasdenoticias.com.br\/#\/schema\/person\/a6190507efe29dea1049d60d05ed5c0a\"},\"breadcrumb\":{\"@id\":\"https:\/\/portalararasdenoticias.com.br\/?p=2570#breadcrumb\"},\"inLanguage\":\"pt-BR\",\"potentialAction\":[{\"@type\":\"ReadAction\",\"target\":[\"https:\/\/portalararasdenoticias.com.br\/?p=2570\"]}]},{\"@type\":\"ImageObject\",\"inLanguage\":\"pt-BR\",\"@id\":\"https:\/\/portalararasdenoticias.com.br\/?p=2570#primaryimage\",\"url\":\"https:\/\/portalararasdenoticias.com.br\/wp-content\/uploads\/2021\/01\/image.jpg\",\"contentUrl\":\"https:\/\/portalararasdenoticias.com.br\/wp-content\/uploads\/2021\/01\/image.jpg\",\"width\":1031,\"height\":630},{\"@type\":\"BreadcrumbList\",\"@id\":\"https:\/\/portalararasdenoticias.com.br\/?p=2570#breadcrumb\",\"itemListElement\":[{\"@type\":\"ListItem\",\"position\":1,\"name\":\"In\u00edcio\",\"item\":\"https:\/\/portalararasdenoticias.com.br\/\"},{\"@type\":\"ListItem\",\"position\":2,\"name\":\"Cabine de r\u00e1dio da Arena Castel\u00e3o pega fogo na manh\u00e3 deste s\u00e1bado em Fortaleza (30).\"}]},{\"@type\":\"WebSite\",\"@id\":\"https:\/\/portalararasdenoticias.com.br\/#website\",\"url\":\"https:\/\/portalararasdenoticias.com.br\/\",\"name\":\"Portal Araras de Not\u00edcias\",\"description\":\"O Seu Portal de Not\u00edcias\",\"potentialAction\":[{\"@type\":\"SearchAction\",\"target\":{\"@type\":\"EntryPoint\",\"urlTemplate\":\"https:\/\/portalararasdenoticias.com.br\/?s={search_term_string}\"},\"query-input\":{\"@type\":\"PropertyValueSpecification\",\"valueRequired\":true,\"valueName\":\"search_term_string\"}}],\"inLanguage\":\"pt-BR\"},{\"@type\":\"Person\",\"@id\":\"https:\/\/portalararasdenoticias.com.br\/#\/schema\/person\/a6190507efe29dea1049d60d05ed5c0a\",\"name\":\"Portal Araras de Noticias\",\"image\":{\"@type\":\"ImageObject\",\"inLanguage\":\"pt-BR\",\"@id\":\"https:\/\/portalararasdenoticias.com.br\/#\/schema\/person\/image\/\",\"url\":\"https:\/\/secure.gravatar.com\/avatar\/4df7c42bc08e78bc9b6e13086fafc161bdf01220657cd93de3d828ab6c60d469?s=96&d=mm&r=g\",\"contentUrl\":\"https:\/\/secure.gravatar.com\/avatar\/4df7c42bc08e78bc9b6e13086fafc161bdf01220657cd93de3d828ab6c60d469?s=96&d=mm&r=g\",\"caption\":\"Portal Araras de Noticias\"},\"sameAs\":[\"https:\/\/portalararasdenoticias.com.br\/\"],\"url\":\"https:\/\/portalararasdenoticias.com.br\/?author=5\"}]}<\/script>\n<!-- \/ Yoast SEO plugin. -->","yoast_head_json":{"title":"Cabine de r\u00e1dio da Arena Castel\u00e3o pega fogo na manh\u00e3 deste s\u00e1bado em Fortaleza (30). - Portal Araras de Not\u00edcias","robots":{"index":"index","follow":"follow","max-snippet":"max-snippet:-1","max-image-preview":"max-image-preview:large","max-video-preview":"max-video-preview:-1"},"canonical":"https:\/\/portalararasdenoticias.com.br\/?p=2570","og_locale":"pt_BR","og_type":"article","og_title":"Cabine de r\u00e1dio da Arena Castel\u00e3o pega fogo na manh\u00e3 deste s\u00e1bado em Fortaleza (30). - Portal Araras de Not\u00edcias","og_description":"Duas equipes do Corpo de Bombeiros est\u00e3o no local tentando conter as chamas Uma&nbsp;cabine de r\u00e1dio&nbsp;da Arena Castel\u00e3o, em Fortaleza,&nbsp;pegou fogo&nbsp;na manh\u00e3 deste s\u00e1bado (30), segundo informa\u00e7\u00f5es confirmadas pelo Tenente Dutra, do&nbsp;Corpo de Bombeiros.&nbsp;Duas guarni\u00e7\u00f5es das companhias dos bairros Jos\u00e9 Walter e Messejana foram ao local para debelar as chamas. O inc\u00eandio foi totalmente controlado [&hellip;]","og_url":"https:\/\/portalararasdenoticias.com.br\/?p=2570","og_site_name":"Portal Araras de Not\u00edcias","article_published_time":"2021-01-30T22:01:52+00:00","article_modified_time":"2021-01-30T22:01:54+00:00","og_image":[{"width":1031,"height":630,"url":"https:\/\/portalararasdenoticias.com.br\/wp-content\/uploads\/2021\/01\/image.jpg","type":"image\/jpeg"}],"author":"Portal Araras de Noticias","twitter_card":"summary_large_image","twitter_misc":{"Escrito por":"Portal Araras de Noticias","Est. tempo de leitura":"2 minutos"},"schema":{"@context":"https:\/\/schema.org","@graph":[{"@type":"Article","@id":"https:\/\/portalararasdenoticias.com.br\/?p=2570#article","isPartOf":{"@id":"https:\/\/portalararasdenoticias.com.br\/?p=2570"},"author":{"name":"Portal Araras de Noticias","@id":"https:\/\/portalararasdenoticias.com.br\/#\/schema\/person\/a6190507efe29dea1049d60d05ed5c0a"},"headline":"Cabine de r\u00e1dio da Arena Castel\u00e3o pega fogo na manh\u00e3 deste s\u00e1bado em Fortaleza (30).","datePublished":"2021-01-30T22:01:52+00:00","dateModified":"2021-01-30T22:01:54+00:00","mainEntityOfPage":{"@id":"https:\/\/portalararasdenoticias.com.br\/?p=2570"},"wordCount":366,"commentCount":0,"image":{"@id":"https:\/\/portalararasdenoticias.com.br\/?p=2570#primaryimage"},"thumbnailUrl":"https:\/\/portalararasdenoticias.com.br\/wp-content\/uploads\/2021\/01\/image.jpg","articleSection":["jornalismo"],"inLanguage":"pt-BR","potentialAction":[{"@type":"CommentAction","name":"Comment","target":["https:\/\/portalararasdenoticias.com.br\/?p=2570#respond"]}]},{"@type":"WebPage","@id":"https:\/\/portalararasdenoticias.com.br\/?p=2570","url":"https:\/\/portalararasdenoticias.com.br\/?p=2570","name":"Cabine de r\u00e1dio da Arena Castel\u00e3o pega fogo na manh\u00e3 deste s\u00e1bado em Fortaleza (30). - Portal Araras de Not\u00edcias","isPartOf":{"@id":"https:\/\/portalararasdenoticias.com.br\/#website"},"primaryImageOfPage":{"@id":"https:\/\/portalararasdenoticias.com.br\/?p=2570#primaryimage"},"image":{"@id":"https:\/\/portalararasdenoticias.com.br\/?p=2570#primaryimage"},"thumbnailUrl":"https:\/\/portalararasdenoticias.com.br\/wp-content\/uploads\/2021\/01\/image.jpg","datePublished":"2021-01-30T22:01:52+00:00","dateModified":"2021-01-30T22:01:54+00:00","author":{"@id":"https:\/\/portalararasdenoticias.com.br\/#\/schema\/person\/a6190507efe29dea1049d60d05ed5c0a"},"breadcrumb":{"@id":"https:\/\/portalararasdenoticias.com.br\/?p=2570#breadcrumb"},"inLanguage":"pt-BR","potentialAction":[{"@type":"ReadAction","target":["https:\/\/portalararasdenoticias.com.br\/?p=2570"]}]},{"@type":"ImageObject","inLanguage":"pt-BR","@id":"https:\/\/portalararasdenoticias.com.br\/?p=2570#primaryimage","url":"https:\/\/portalararasdenoticias.com.br\/wp-content\/uploads\/2021\/01\/image.jpg","contentUrl":"https:\/\/portalararasdenoticias.com.br\/wp-content\/uploads\/2021\/01\/image.jpg","width":1031,"height":630},{"@type":"BreadcrumbList","@id":"https:\/\/portalararasdenoticias.com.br\/?p=2570#breadcrumb","itemListElement":[{"@type":"ListItem","position":1,"name":"In\u00edcio","item":"https:\/\/portalararasdenoticias.com.br\/"},{"@type":"ListItem","position":2,"name":"Cabine de r\u00e1dio da Arena Castel\u00e3o pega fogo na manh\u00e3 deste s\u00e1bado em Fortaleza (30)."}]},{"@type":"WebSite","@id":"https:\/\/portalararasdenoticias.com.br\/#website","url":"https:\/\/portalararasdenoticias.com.br\/","name":"Portal Araras de Not\u00edcias","description":"O Seu Portal de Not\u00edcias","potentialAction":[{"@type":"SearchAction","target":{"@type":"EntryPoint","urlTemplate":"https:\/\/portalararasdenoticias.com.br\/?s={search_term_string}"},"query-input":{"@type":"PropertyValueSpecification","valueRequired":true,"valueName":"search_term_string"}}],"inLanguage":"pt-BR"},{"@type":"Person","@id":"https:\/\/portalararasdenoticias.com.br\/#\/schema\/person\/a6190507efe29dea1049d60d05ed5c0a","name":"Portal Araras de Noticias","image":{"@type":"ImageObject","inLanguage":"pt-BR","@id":"https:\/\/portalararasdenoticias.com.br\/#\/schema\/person\/image\/","url":"https:\/\/secure.gravatar.com\/avatar\/4df7c42bc08e78bc9b6e13086fafc161bdf01220657cd93de3d828ab6c60d469?s=96&d=mm&r=g","contentUrl":"https:\/\/secure.gravatar.com\/avatar\/4df7c42bc08e78bc9b6e13086fafc161bdf01220657cd93de3d828ab6c60d469?s=96&d=mm&r=g","caption":"Portal Araras de Noticias"},"sameAs":["https:\/\/portalararasdenoticias.com.br\/"],"url":"https:\/\/portalararasdenoticias.com.br\/?author=5"}]}},"_links":{"self":[{"href":"https:\/\/portalararasdenoticias.com.br\/index.php?rest_route=\/wp\/v2\/posts\/2570","targetHints":{"allow":["GET"]}}],"collection":[{"href":"https:\/\/portalararasdenoticias.com.br\/index.php?rest_route=\/wp\/v2\/posts"}],"about":[{"href":"https:\/\/portalararasdenoticias.com.br\/index.php?rest_route=\/wp\/v2\/types\/post"}],"author":[{"embeddable":true,"href":"https:\/\/portalararasdenoticias.com.br\/index.php?rest_route=\/wp\/v2\/users\/5"}],"replies":[{"embeddable":true,"href":"https:\/\/portalararasdenoticias.com.br\/index.php?rest_route=%2Fwp%2Fv2%2Fcomments&post=2570"}],"version-history":[{"count":1,"href":"https:\/\/portalararasdenoticias.com.br\/index.php?rest_route=\/wp\/v2\/posts\/2570\/revisions"}],"predecessor-version":[{"id":2573,"href":"https:\/\/portalararasdenoticias.com.br\/index.php?rest_route=\/wp\/v2\/posts\/2570\/revisions\/2573"}],"wp:featuredmedia":[{"embeddable":true,"href":"https:\/\/portalararasdenoticias.com.br\/index.php?rest_route=\/wp\/v2\/media\/2571"}],"wp:attachment":[{"href":"https:\/\/portalararasdenoticias.com.br\/index.php?rest_route=%2Fwp%2Fv2%2Fmedia&parent=2570"}],"wp:term":[{"taxonomy":"category","embeddable":true,"href":"https:\/\/portalararasdenoticias.com.br\/index.php?rest_route=%2Fwp%2Fv2%2Fcategories&post=2570"},{"taxonomy":"post_tag","embeddable":true,"href":"https:\/\/portalararasdenoticias.com.br\/index.php?rest_route=%2Fwp%2Fv2%2Ftags&post=2570"}],"curies":[{"name":"wp","href":"https:\/\/api.w.org\/{rel}","templated":true}]}}