{"id":2889,"date":"2021-05-05T01:44:13","date_gmt":"2021-05-05T04:44:13","guid":{"rendered":"http:\/\/portalararasdenoticias.com.br\/?p=2889"},"modified":"2021-05-05T01:44:14","modified_gmt":"2021-05-05T04:44:14","slug":"identificadas-as-criancas-mortas-em-atentado-a-creche-em-sc","status":"publish","type":"post","link":"https:\/\/portalararasdenoticias.com.br\/?p=2889","title":{"rendered":"Identificadas as crian\u00e7as mortas em atentado a creche em SC."},"content":{"rendered":"\n<p>As tr\u00eas crian\u00e7as mortas tinham quase a mesma idade e eram colegas; confira as idades e identifica\u00e7\u00e3o das v\u00edtimas.<\/p>\n\n\n\n<figure class=\"wp-block-image size-large\"><img loading=\"lazy\" decoding=\"async\" width=\"720\" height=\"477\" src=\"http:\/\/portalararasdenoticias.com.br\/wp-content\/uploads\/2021\/05\/182802338_2643577872608416_3619163328876518365_n.jpg\" alt=\"\" class=\"wp-image-2890\" srcset=\"https:\/\/portalararasdenoticias.com.br\/wp-content\/uploads\/2021\/05\/182802338_2643577872608416_3619163328876518365_n.jpg 720w, https:\/\/portalararasdenoticias.com.br\/wp-content\/uploads\/2021\/05\/182802338_2643577872608416_3619163328876518365_n-300x199.jpg 300w\" sizes=\"auto, (max-width: 720px) 100vw, 720px\" \/><\/figure>\n\n\n\n<p>No final da tarde desta ter\u00e7a-feira, 4 de maio, foram confirmadas as identifica\u00e7\u00f5es das tr\u00eas crian\u00e7as mortas em um atentado na cidade de Saudades, no Oeste de Santa Catarina.<\/p>\n\n\n\n<p>Sarah Luiza Mahle Sehn, de 1 ano e 7 meses, Murilo Massing, de 1 ano e 9 meses, e Anna Bela Fernandes de Barros, de 1 ano e 8 meses, foram os alunos mortos no ataque cometido por um jovem de 18 anos.<\/p>\n\n\n\n<p>Al\u00e9m das crian\u00e7as, foram mortas a professora Keli Adriane Aniecevski de 30 anos e a agente educacional Mirla Renner, de 20 anos.<\/p>\n\n\n\n<p>O assassino invadiu a Escola Infantil Pr\u00f3-Inf\u00e2ncia Aquarela e com o uso de um fac\u00e3o, matou as tr\u00eas crian\u00e7as menores de dois anos, uma professora e uma educadora infantil.<\/p>\n\n\n\n<p>Ap\u00f3s o crime, ele usou a arma branca, uma adaga semelhante a uma espada, para tentar o suic\u00eddio. De acordo com a Pol\u00edcia Civil de Santa Catarina, ele desferiu golpes contra o pr\u00f3prio pesco\u00e7o, abd\u00f4men e t\u00f3rax.Assim que os ataques come\u00e7aram, as demais professoras da escola se trancaram em outras salas com os seus alunos, muitos ainda beb\u00eas. Sem conseguir atacar outros alunos, o assassino passou a desferir golpes de fac\u00e3o contra si pr\u00f3prio, provavelmente na tentativa de cometer suic\u00eddio.<\/p>\n\n\n\n<p>Quando a Pol\u00edcia chegou ao local, por volta das 10h da manh\u00e3, o jovem estava desacordado e foi levado em estado grav\u00edssimo para um hospital da regi\u00e3o. O crime chocou a comunidade com menos de 10 mil habitantes, localizada na regi\u00e3o de Chapec\u00f3, a cerca de 600km da capital Florian\u00f3polis.<\/p>\n","protected":false},"excerpt":{"rendered":"<p>As tr\u00eas crian\u00e7as mortas tinham quase a mesma idade e eram colegas; confira as idades e identifica\u00e7\u00e3o das v\u00edtimas. No final da tarde desta ter\u00e7a-feira, 4 de maio, foram confirmadas as identifica\u00e7\u00f5es das tr\u00eas crian\u00e7as mortas em um atentado na cidade de Saudades, no Oeste de Santa Catarina. Sarah Luiza Mahle Sehn, de 1 ano [&hellip;]<\/p>\n","protected":false},"author":5,"featured_media":0,"comment_status":"open","ping_status":"open","sticky":false,"template":"","format":"standard","meta":{"footnotes":""},"categories":[34],"tags":[],"class_list":["post-2889","post","type-post","status-publish","format-standard","hentry","category-jornalismo"],"yoast_head":"<!-- This site is optimized with the Yoast SEO plugin v27.0 - https:\/\/yoast.com\/product\/yoast-seo-wordpress\/ -->\n<title>Identificadas as crian\u00e7as mortas em atentado a creche em SC. - Portal Araras de Not\u00edcias<\/title>\n<meta name=\"robots\" content=\"index, follow, max-snippet:-1, max-image-preview:large, max-video-preview:-1\" \/>\n<link rel=\"canonical\" href=\"https:\/\/portalararasdenoticias.com.br\/?p=2889\" \/>\n<meta property=\"og:locale\" content=\"pt_BR\" \/>\n<meta property=\"og:type\" content=\"article\" \/>\n<meta property=\"og:title\" content=\"Identificadas as crian\u00e7as mortas em atentado a creche em SC. - Portal Araras de Not\u00edcias\" \/>\n<meta property=\"og:description\" content=\"As tr\u00eas crian\u00e7as mortas tinham quase a mesma idade e eram colegas; confira as idades e identifica\u00e7\u00e3o das v\u00edtimas. No final da tarde desta ter\u00e7a-feira, 4 de maio, foram confirmadas as identifica\u00e7\u00f5es das tr\u00eas crian\u00e7as mortas em um atentado na cidade de Saudades, no Oeste de Santa Catarina. Sarah Luiza Mahle Sehn, de 1 ano [&hellip;]\" \/>\n<meta property=\"og:url\" content=\"https:\/\/portalararasdenoticias.com.br\/?p=2889\" \/>\n<meta property=\"og:site_name\" content=\"Portal Araras de Not\u00edcias\" \/>\n<meta property=\"article:published_time\" content=\"2021-05-05T04:44:13+00:00\" \/>\n<meta property=\"article:modified_time\" content=\"2021-05-05T04:44:14+00:00\" \/>\n<meta property=\"og:image\" content=\"http:\/\/portalararasdenoticias.com.br\/wp-content\/uploads\/2021\/05\/182802338_2643577872608416_3619163328876518365_n.jpg\" \/>\n<meta name=\"author\" content=\"Portal Araras de Noticias\" \/>\n<meta name=\"twitter:card\" content=\"summary_large_image\" \/>\n<meta name=\"twitter:label1\" content=\"Escrito por\" \/>\n\t<meta name=\"twitter:data1\" content=\"Portal Araras de Noticias\" \/>\n\t<meta name=\"twitter:label2\" content=\"Est. tempo de leitura\" \/>\n\t<meta name=\"twitter:data2\" content=\"1 minuto\" \/>\n<script type=\"application\/ld+json\" class=\"yoast-schema-graph\">{\"@context\":\"https:\/\/schema.org\",\"@graph\":[{\"@type\":\"Article\",\"@id\":\"https:\/\/portalararasdenoticias.com.br\/?p=2889#article\",\"isPartOf\":{\"@id\":\"https:\/\/portalararasdenoticias.com.br\/?p=2889\"},\"author\":{\"name\":\"Portal Araras de Noticias\",\"@id\":\"https:\/\/portalararasdenoticias.com.br\/#\/schema\/person\/a6190507efe29dea1049d60d05ed5c0a\"},\"headline\":\"Identificadas as crian\u00e7as mortas em atentado a creche em SC.\",\"datePublished\":\"2021-05-05T04:44:13+00:00\",\"dateModified\":\"2021-05-05T04:44:14+00:00\",\"mainEntityOfPage\":{\"@id\":\"https:\/\/portalararasdenoticias.com.br\/?p=2889\"},\"wordCount\":305,\"commentCount\":0,\"image\":{\"@id\":\"https:\/\/portalararasdenoticias.com.br\/?p=2889#primaryimage\"},\"thumbnailUrl\":\"http:\/\/portalararasdenoticias.com.br\/wp-content\/uploads\/2021\/05\/182802338_2643577872608416_3619163328876518365_n.jpg\",\"articleSection\":[\"jornalismo\"],\"inLanguage\":\"pt-BR\",\"potentialAction\":[{\"@type\":\"CommentAction\",\"name\":\"Comment\",\"target\":[\"https:\/\/portalararasdenoticias.com.br\/?p=2889#respond\"]}]},{\"@type\":\"WebPage\",\"@id\":\"https:\/\/portalararasdenoticias.com.br\/?p=2889\",\"url\":\"https:\/\/portalararasdenoticias.com.br\/?p=2889\",\"name\":\"Identificadas as crian\u00e7as mortas em atentado a creche em SC. - Portal Araras de Not\u00edcias\",\"isPartOf\":{\"@id\":\"https:\/\/portalararasdenoticias.com.br\/#website\"},\"primaryImageOfPage\":{\"@id\":\"https:\/\/portalararasdenoticias.com.br\/?p=2889#primaryimage\"},\"image\":{\"@id\":\"https:\/\/portalararasdenoticias.com.br\/?p=2889#primaryimage\"},\"thumbnailUrl\":\"http:\/\/portalararasdenoticias.com.br\/wp-content\/uploads\/2021\/05\/182802338_2643577872608416_3619163328876518365_n.jpg\",\"datePublished\":\"2021-05-05T04:44:13+00:00\",\"dateModified\":\"2021-05-05T04:44:14+00:00\",\"author\":{\"@id\":\"https:\/\/portalararasdenoticias.com.br\/#\/schema\/person\/a6190507efe29dea1049d60d05ed5c0a\"},\"breadcrumb\":{\"@id\":\"https:\/\/portalararasdenoticias.com.br\/?p=2889#breadcrumb\"},\"inLanguage\":\"pt-BR\",\"potentialAction\":[{\"@type\":\"ReadAction\",\"target\":[\"https:\/\/portalararasdenoticias.com.br\/?p=2889\"]}]},{\"@type\":\"ImageObject\",\"inLanguage\":\"pt-BR\",\"@id\":\"https:\/\/portalararasdenoticias.com.br\/?p=2889#primaryimage\",\"url\":\"https:\/\/portalararasdenoticias.com.br\/wp-content\/uploads\/2021\/05\/182802338_2643577872608416_3619163328876518365_n.jpg\",\"contentUrl\":\"https:\/\/portalararasdenoticias.com.br\/wp-content\/uploads\/2021\/05\/182802338_2643577872608416_3619163328876518365_n.jpg\",\"width\":720,\"height\":477},{\"@type\":\"BreadcrumbList\",\"@id\":\"https:\/\/portalararasdenoticias.com.br\/?p=2889#breadcrumb\",\"itemListElement\":[{\"@type\":\"ListItem\",\"position\":1,\"name\":\"In\u00edcio\",\"item\":\"https:\/\/portalararasdenoticias.com.br\/\"},{\"@type\":\"ListItem\",\"position\":2,\"name\":\"Identificadas as crian\u00e7as mortas em atentado a creche em SC.\"}]},{\"@type\":\"WebSite\",\"@id\":\"https:\/\/portalararasdenoticias.com.br\/#website\",\"url\":\"https:\/\/portalararasdenoticias.com.br\/\",\"name\":\"Portal Araras de Not\u00edcias\",\"description\":\"O Seu Portal de Not\u00edcias\",\"potentialAction\":[{\"@type\":\"SearchAction\",\"target\":{\"@type\":\"EntryPoint\",\"urlTemplate\":\"https:\/\/portalararasdenoticias.com.br\/?s={search_term_string}\"},\"query-input\":{\"@type\":\"PropertyValueSpecification\",\"valueRequired\":true,\"valueName\":\"search_term_string\"}}],\"inLanguage\":\"pt-BR\"},{\"@type\":\"Person\",\"@id\":\"https:\/\/portalararasdenoticias.com.br\/#\/schema\/person\/a6190507efe29dea1049d60d05ed5c0a\",\"name\":\"Portal Araras de Noticias\",\"image\":{\"@type\":\"ImageObject\",\"inLanguage\":\"pt-BR\",\"@id\":\"https:\/\/portalararasdenoticias.com.br\/#\/schema\/person\/image\/\",\"url\":\"https:\/\/secure.gravatar.com\/avatar\/4df7c42bc08e78bc9b6e13086fafc161bdf01220657cd93de3d828ab6c60d469?s=96&d=mm&r=g\",\"contentUrl\":\"https:\/\/secure.gravatar.com\/avatar\/4df7c42bc08e78bc9b6e13086fafc161bdf01220657cd93de3d828ab6c60d469?s=96&d=mm&r=g\",\"caption\":\"Portal Araras de Noticias\"},\"sameAs\":[\"https:\/\/portalararasdenoticias.com.br\/\"],\"url\":\"https:\/\/portalararasdenoticias.com.br\/?author=5\"}]}<\/script>\n<!-- \/ Yoast SEO plugin. -->","yoast_head_json":{"title":"Identificadas as crian\u00e7as mortas em atentado a creche em SC. - Portal Araras de Not\u00edcias","robots":{"index":"index","follow":"follow","max-snippet":"max-snippet:-1","max-image-preview":"max-image-preview:large","max-video-preview":"max-video-preview:-1"},"canonical":"https:\/\/portalararasdenoticias.com.br\/?p=2889","og_locale":"pt_BR","og_type":"article","og_title":"Identificadas as crian\u00e7as mortas em atentado a creche em SC. - Portal Araras de Not\u00edcias","og_description":"As tr\u00eas crian\u00e7as mortas tinham quase a mesma idade e eram colegas; confira as idades e identifica\u00e7\u00e3o das v\u00edtimas. No final da tarde desta ter\u00e7a-feira, 4 de maio, foram confirmadas as identifica\u00e7\u00f5es das tr\u00eas crian\u00e7as mortas em um atentado na cidade de Saudades, no Oeste de Santa Catarina. Sarah Luiza Mahle Sehn, de 1 ano [&hellip;]","og_url":"https:\/\/portalararasdenoticias.com.br\/?p=2889","og_site_name":"Portal Araras de Not\u00edcias","article_published_time":"2021-05-05T04:44:13+00:00","article_modified_time":"2021-05-05T04:44:14+00:00","og_image":[{"url":"http:\/\/portalararasdenoticias.com.br\/wp-content\/uploads\/2021\/05\/182802338_2643577872608416_3619163328876518365_n.jpg","type":"","width":"","height":""}],"author":"Portal Araras de Noticias","twitter_card":"summary_large_image","twitter_misc":{"Escrito por":"Portal Araras de Noticias","Est. tempo de leitura":"1 minuto"},"schema":{"@context":"https:\/\/schema.org","@graph":[{"@type":"Article","@id":"https:\/\/portalararasdenoticias.com.br\/?p=2889#article","isPartOf":{"@id":"https:\/\/portalararasdenoticias.com.br\/?p=2889"},"author":{"name":"Portal Araras de Noticias","@id":"https:\/\/portalararasdenoticias.com.br\/#\/schema\/person\/a6190507efe29dea1049d60d05ed5c0a"},"headline":"Identificadas as crian\u00e7as mortas em atentado a creche em SC.","datePublished":"2021-05-05T04:44:13+00:00","dateModified":"2021-05-05T04:44:14+00:00","mainEntityOfPage":{"@id":"https:\/\/portalararasdenoticias.com.br\/?p=2889"},"wordCount":305,"commentCount":0,"image":{"@id":"https:\/\/portalararasdenoticias.com.br\/?p=2889#primaryimage"},"thumbnailUrl":"http:\/\/portalararasdenoticias.com.br\/wp-content\/uploads\/2021\/05\/182802338_2643577872608416_3619163328876518365_n.jpg","articleSection":["jornalismo"],"inLanguage":"pt-BR","potentialAction":[{"@type":"CommentAction","name":"Comment","target":["https:\/\/portalararasdenoticias.com.br\/?p=2889#respond"]}]},{"@type":"WebPage","@id":"https:\/\/portalararasdenoticias.com.br\/?p=2889","url":"https:\/\/portalararasdenoticias.com.br\/?p=2889","name":"Identificadas as crian\u00e7as mortas em atentado a creche em SC. - Portal Araras de Not\u00edcias","isPartOf":{"@id":"https:\/\/portalararasdenoticias.com.br\/#website"},"primaryImageOfPage":{"@id":"https:\/\/portalararasdenoticias.com.br\/?p=2889#primaryimage"},"image":{"@id":"https:\/\/portalararasdenoticias.com.br\/?p=2889#primaryimage"},"thumbnailUrl":"http:\/\/portalararasdenoticias.com.br\/wp-content\/uploads\/2021\/05\/182802338_2643577872608416_3619163328876518365_n.jpg","datePublished":"2021-05-05T04:44:13+00:00","dateModified":"2021-05-05T04:44:14+00:00","author":{"@id":"https:\/\/portalararasdenoticias.com.br\/#\/schema\/person\/a6190507efe29dea1049d60d05ed5c0a"},"breadcrumb":{"@id":"https:\/\/portalararasdenoticias.com.br\/?p=2889#breadcrumb"},"inLanguage":"pt-BR","potentialAction":[{"@type":"ReadAction","target":["https:\/\/portalararasdenoticias.com.br\/?p=2889"]}]},{"@type":"ImageObject","inLanguage":"pt-BR","@id":"https:\/\/portalararasdenoticias.com.br\/?p=2889#primaryimage","url":"https:\/\/portalararasdenoticias.com.br\/wp-content\/uploads\/2021\/05\/182802338_2643577872608416_3619163328876518365_n.jpg","contentUrl":"https:\/\/portalararasdenoticias.com.br\/wp-content\/uploads\/2021\/05\/182802338_2643577872608416_3619163328876518365_n.jpg","width":720,"height":477},{"@type":"BreadcrumbList","@id":"https:\/\/portalararasdenoticias.com.br\/?p=2889#breadcrumb","itemListElement":[{"@type":"ListItem","position":1,"name":"In\u00edcio","item":"https:\/\/portalararasdenoticias.com.br\/"},{"@type":"ListItem","position":2,"name":"Identificadas as crian\u00e7as mortas em atentado a creche em SC."}]},{"@type":"WebSite","@id":"https:\/\/portalararasdenoticias.com.br\/#website","url":"https:\/\/portalararasdenoticias.com.br\/","name":"Portal Araras de Not\u00edcias","description":"O Seu Portal de Not\u00edcias","potentialAction":[{"@type":"SearchAction","target":{"@type":"EntryPoint","urlTemplate":"https:\/\/portalararasdenoticias.com.br\/?s={search_term_string}"},"query-input":{"@type":"PropertyValueSpecification","valueRequired":true,"valueName":"search_term_string"}}],"inLanguage":"pt-BR"},{"@type":"Person","@id":"https:\/\/portalararasdenoticias.com.br\/#\/schema\/person\/a6190507efe29dea1049d60d05ed5c0a","name":"Portal Araras de Noticias","image":{"@type":"ImageObject","inLanguage":"pt-BR","@id":"https:\/\/portalararasdenoticias.com.br\/#\/schema\/person\/image\/","url":"https:\/\/secure.gravatar.com\/avatar\/4df7c42bc08e78bc9b6e13086fafc161bdf01220657cd93de3d828ab6c60d469?s=96&d=mm&r=g","contentUrl":"https:\/\/secure.gravatar.com\/avatar\/4df7c42bc08e78bc9b6e13086fafc161bdf01220657cd93de3d828ab6c60d469?s=96&d=mm&r=g","caption":"Portal Araras de Noticias"},"sameAs":["https:\/\/portalararasdenoticias.com.br\/"],"url":"https:\/\/portalararasdenoticias.com.br\/?author=5"}]}},"_links":{"self":[{"href":"https:\/\/portalararasdenoticias.com.br\/index.php?rest_route=\/wp\/v2\/posts\/2889","targetHints":{"allow":["GET"]}}],"collection":[{"href":"https:\/\/portalararasdenoticias.com.br\/index.php?rest_route=\/wp\/v2\/posts"}],"about":[{"href":"https:\/\/portalararasdenoticias.com.br\/index.php?rest_route=\/wp\/v2\/types\/post"}],"author":[{"embeddable":true,"href":"https:\/\/portalararasdenoticias.com.br\/index.php?rest_route=\/wp\/v2\/users\/5"}],"replies":[{"embeddable":true,"href":"https:\/\/portalararasdenoticias.com.br\/index.php?rest_route=%2Fwp%2Fv2%2Fcomments&post=2889"}],"version-history":[{"count":1,"href":"https:\/\/portalararasdenoticias.com.br\/index.php?rest_route=\/wp\/v2\/posts\/2889\/revisions"}],"predecessor-version":[{"id":2891,"href":"https:\/\/portalararasdenoticias.com.br\/index.php?rest_route=\/wp\/v2\/posts\/2889\/revisions\/2891"}],"wp:attachment":[{"href":"https:\/\/portalararasdenoticias.com.br\/index.php?rest_route=%2Fwp%2Fv2%2Fmedia&parent=2889"}],"wp:term":[{"taxonomy":"category","embeddable":true,"href":"https:\/\/portalararasdenoticias.com.br\/index.php?rest_route=%2Fwp%2Fv2%2Fcategories&post=2889"},{"taxonomy":"post_tag","embeddable":true,"href":"https:\/\/portalararasdenoticias.com.br\/index.php?rest_route=%2Fwp%2Fv2%2Ftags&post=2889"}],"curies":[{"name":"wp","href":"https:\/\/api.w.org\/{rel}","templated":true}]}}