{"id":2912,"date":"2021-05-16T00:20:17","date_gmt":"2021-05-16T03:20:17","guid":{"rendered":"http:\/\/portalararasdenoticias.com.br\/?p=2912"},"modified":"2021-05-16T00:20:18","modified_gmt":"2021-05-16T03:20:18","slug":"apresentadora-carla-cecato-e-demitida-apos-16-anos-na-record","status":"publish","type":"post","link":"https:\/\/portalararasdenoticias.com.br\/?p=2912","title":{"rendered":"Apresentadora Carla Cecato \u00e9 demitida ap\u00f3s 16 anos na Record."},"content":{"rendered":"\n<p>A jornalista comandava o jornal &#8216;Fala Brasil&#8217; aos s\u00e1bados desde 2009<\/p>\n\n\n\n<p><strong>Carla Cecato<\/strong>, jornalista e apresentadora, teria sido demitida por<strong>&nbsp;e-mail<\/strong>&nbsp;da Rede Record na \u00faltima quinta-feira (13), conforme informa\u00e7\u00f5es do portal Not\u00edcias da TV. Ela, que comandava o jornal &#8216;Fala Brasil&#8217; aos s\u00e1bados, teria recebido o comunicado para comparecer formalmente \u00e0 empresa.<\/p>\n\n\n\n<p>Apesar dos rumores, Cecato n\u00e3o comentou sobre quais as circunst\u00e2ncias do&nbsp;<strong>desligamento<\/strong>, mas confirmou a sa\u00edda. A carreira na emissora, inclusive, era longa, j\u00e1 somando o total de 16 anos como contratada.<\/p>\n\n\n\n<p>Ainda segundo a publica\u00e7\u00e3o do site, o e-mail comunicou a demiss\u00e3o e a suspens\u00e3o da&nbsp;<strong>conta corporativa<\/strong>&nbsp;da apresentadora. No entanto, o processo s\u00f3 teria sido oficializado pela chefia imediata nas depend\u00eancias da emissora.<\/p>\n\n\n\n<h2 class=\"wp-block-heading\"><strong>ANOS COMO REP\u00d3RTER<\/strong><\/h2>\n\n\n\n<p>Carla come\u00e7ou o trabalho na Record ainda em 2005, quando fazia&nbsp;<strong>reportagens&nbsp;<\/strong>para os programas &#8216;Rep\u00f3rter Record&#8217;, &#8216;C\u00e2mera Record&#8217; e &#8216;Domingo Espetacular&#8217;.&nbsp;<\/p>\n\n\n\n<p>J\u00e1 em 2009, a jornalista foi designada \u00e0s edi\u00e7\u00f5es de s\u00e1bado do&nbsp;<strong>&#8216;Fala Brasil&#8217;<\/strong>, programa que \u00e9 comandado por Mariana Godoy e Sergio Aguir entre segunda e sexta.&nbsp;<\/p>\n\n\n\n<figure class=\"wp-block-gallery columns-1 is-cropped wp-block-gallery-1 is-layout-flex wp-block-gallery-is-layout-flex\"><ul class=\"blocks-gallery-grid\"><li class=\"blocks-gallery-item\"><figure><img loading=\"lazy\" decoding=\"async\" width=\"868\" height=\"644\" src=\"http:\/\/portalararasdenoticias.com.br\/wp-content\/uploads\/2021\/05\/carlarecord-868x644-1.jpg\" alt=\"\" data-id=\"2913\" data-full-url=\"http:\/\/portalararasdenoticias.com.br\/wp-content\/uploads\/2021\/05\/carlarecord-868x644-1.jpg\" data-link=\"http:\/\/portalararasdenoticias.com.br\/?attachment_id=2913\" class=\"wp-image-2913\" srcset=\"https:\/\/portalararasdenoticias.com.br\/wp-content\/uploads\/2021\/05\/carlarecord-868x644-1.jpg 868w, https:\/\/portalararasdenoticias.com.br\/wp-content\/uploads\/2021\/05\/carlarecord-868x644-1-300x223.jpg 300w, https:\/\/portalararasdenoticias.com.br\/wp-content\/uploads\/2021\/05\/carlarecord-868x644-1-768x570.jpg 768w\" sizes=\"auto, (max-width: 868px) 100vw, 868px\" \/><\/figure><\/li><\/ul><\/figure>\n","protected":false},"excerpt":{"rendered":"<p>A jornalista comandava o jornal &#8216;Fala Brasil&#8217; aos s\u00e1bados desde 2009 Carla Cecato, jornalista e apresentadora, teria sido demitida por&nbsp;e-mail&nbsp;da Rede Record na \u00faltima quinta-feira (13), conforme informa\u00e7\u00f5es do portal Not\u00edcias da TV. Ela, que comandava o jornal &#8216;Fala Brasil&#8217; aos s\u00e1bados, teria recebido o comunicado para comparecer formalmente \u00e0 empresa. Apesar dos rumores, Cecato [&hellip;]<\/p>\n","protected":false},"author":5,"featured_media":2914,"comment_status":"open","ping_status":"open","sticky":true,"template":"","format":"standard","meta":{"footnotes":""},"categories":[34],"tags":[],"class_list":["post-2912","post","type-post","status-publish","format-standard","has-post-thumbnail","hentry","category-jornalismo"],"yoast_head":"<!-- This site is optimized with the Yoast SEO plugin v27.0 - https:\/\/yoast.com\/product\/yoast-seo-wordpress\/ -->\n<title>Apresentadora Carla Cecato \u00e9 demitida ap\u00f3s 16 anos na Record. - Portal Araras de Not\u00edcias<\/title>\n<meta name=\"robots\" content=\"index, follow, max-snippet:-1, max-image-preview:large, max-video-preview:-1\" \/>\n<link rel=\"canonical\" href=\"https:\/\/portalararasdenoticias.com.br\/?p=2912\" \/>\n<meta property=\"og:locale\" content=\"pt_BR\" \/>\n<meta property=\"og:type\" content=\"article\" \/>\n<meta property=\"og:title\" content=\"Apresentadora Carla Cecato \u00e9 demitida ap\u00f3s 16 anos na Record. - Portal Araras de Not\u00edcias\" \/>\n<meta property=\"og:description\" content=\"A jornalista comandava o jornal &#8216;Fala Brasil&#8217; aos s\u00e1bados desde 2009 Carla Cecato, jornalista e apresentadora, teria sido demitida por&nbsp;e-mail&nbsp;da Rede Record na \u00faltima quinta-feira (13), conforme informa\u00e7\u00f5es do portal Not\u00edcias da TV. Ela, que comandava o jornal &#8216;Fala Brasil&#8217; aos s\u00e1bados, teria recebido o comunicado para comparecer formalmente \u00e0 empresa. Apesar dos rumores, Cecato [&hellip;]\" \/>\n<meta property=\"og:url\" content=\"https:\/\/portalararasdenoticias.com.br\/?p=2912\" \/>\n<meta property=\"og:site_name\" content=\"Portal Araras de Not\u00edcias\" \/>\n<meta property=\"article:published_time\" content=\"2021-05-16T03:20:17+00:00\" \/>\n<meta property=\"article:modified_time\" content=\"2021-05-16T03:20:18+00:00\" \/>\n<meta property=\"og:image\" content=\"https:\/\/portalararasdenoticias.com.br\/wp-content\/uploads\/2021\/05\/carlarecord-868x644-2.jpg\" \/>\n\t<meta property=\"og:image:width\" content=\"868\" \/>\n\t<meta property=\"og:image:height\" content=\"644\" \/>\n\t<meta property=\"og:image:type\" content=\"image\/jpeg\" \/>\n<meta name=\"author\" content=\"Portal Araras de Noticias\" \/>\n<meta name=\"twitter:card\" content=\"summary_large_image\" \/>\n<meta name=\"twitter:label1\" content=\"Escrito por\" \/>\n\t<meta name=\"twitter:data1\" content=\"Portal Araras de Noticias\" \/>\n\t<meta name=\"twitter:label2\" content=\"Est. tempo de leitura\" \/>\n\t<meta name=\"twitter:data2\" content=\"1 minuto\" \/>\n<script type=\"application\/ld+json\" class=\"yoast-schema-graph\">{\"@context\":\"https:\/\/schema.org\",\"@graph\":[{\"@type\":\"Article\",\"@id\":\"https:\/\/portalararasdenoticias.com.br\/?p=2912#article\",\"isPartOf\":{\"@id\":\"https:\/\/portalararasdenoticias.com.br\/?p=2912\"},\"author\":{\"name\":\"Portal Araras de Noticias\",\"@id\":\"https:\/\/portalararasdenoticias.com.br\/#\/schema\/person\/a6190507efe29dea1049d60d05ed5c0a\"},\"headline\":\"Apresentadora Carla Cecato \u00e9 demitida ap\u00f3s 16 anos na Record.\",\"datePublished\":\"2021-05-16T03:20:17+00:00\",\"dateModified\":\"2021-05-16T03:20:18+00:00\",\"mainEntityOfPage\":{\"@id\":\"https:\/\/portalararasdenoticias.com.br\/?p=2912\"},\"wordCount\":201,\"commentCount\":0,\"image\":{\"@id\":\"https:\/\/portalararasdenoticias.com.br\/?p=2912#primaryimage\"},\"thumbnailUrl\":\"https:\/\/portalararasdenoticias.com.br\/wp-content\/uploads\/2021\/05\/carlarecord-868x644-2.jpg\",\"articleSection\":[\"jornalismo\"],\"inLanguage\":\"pt-BR\",\"potentialAction\":[{\"@type\":\"CommentAction\",\"name\":\"Comment\",\"target\":[\"https:\/\/portalararasdenoticias.com.br\/?p=2912#respond\"]}]},{\"@type\":\"WebPage\",\"@id\":\"https:\/\/portalararasdenoticias.com.br\/?p=2912\",\"url\":\"https:\/\/portalararasdenoticias.com.br\/?p=2912\",\"name\":\"Apresentadora Carla Cecato \u00e9 demitida ap\u00f3s 16 anos na Record. - Portal Araras de Not\u00edcias\",\"isPartOf\":{\"@id\":\"https:\/\/portalararasdenoticias.com.br\/#website\"},\"primaryImageOfPage\":{\"@id\":\"https:\/\/portalararasdenoticias.com.br\/?p=2912#primaryimage\"},\"image\":{\"@id\":\"https:\/\/portalararasdenoticias.com.br\/?p=2912#primaryimage\"},\"thumbnailUrl\":\"https:\/\/portalararasdenoticias.com.br\/wp-content\/uploads\/2021\/05\/carlarecord-868x644-2.jpg\",\"datePublished\":\"2021-05-16T03:20:17+00:00\",\"dateModified\":\"2021-05-16T03:20:18+00:00\",\"author\":{\"@id\":\"https:\/\/portalararasdenoticias.com.br\/#\/schema\/person\/a6190507efe29dea1049d60d05ed5c0a\"},\"breadcrumb\":{\"@id\":\"https:\/\/portalararasdenoticias.com.br\/?p=2912#breadcrumb\"},\"inLanguage\":\"pt-BR\",\"potentialAction\":[{\"@type\":\"ReadAction\",\"target\":[\"https:\/\/portalararasdenoticias.com.br\/?p=2912\"]}]},{\"@type\":\"ImageObject\",\"inLanguage\":\"pt-BR\",\"@id\":\"https:\/\/portalararasdenoticias.com.br\/?p=2912#primaryimage\",\"url\":\"https:\/\/portalararasdenoticias.com.br\/wp-content\/uploads\/2021\/05\/carlarecord-868x644-2.jpg\",\"contentUrl\":\"https:\/\/portalararasdenoticias.com.br\/wp-content\/uploads\/2021\/05\/carlarecord-868x644-2.jpg\",\"width\":868,\"height\":644},{\"@type\":\"BreadcrumbList\",\"@id\":\"https:\/\/portalararasdenoticias.com.br\/?p=2912#breadcrumb\",\"itemListElement\":[{\"@type\":\"ListItem\",\"position\":1,\"name\":\"In\u00edcio\",\"item\":\"https:\/\/portalararasdenoticias.com.br\/\"},{\"@type\":\"ListItem\",\"position\":2,\"name\":\"Apresentadora Carla Cecato \u00e9 demitida ap\u00f3s 16 anos na Record.\"}]},{\"@type\":\"WebSite\",\"@id\":\"https:\/\/portalararasdenoticias.com.br\/#website\",\"url\":\"https:\/\/portalararasdenoticias.com.br\/\",\"name\":\"Portal Araras de Not\u00edcias\",\"description\":\"O Seu Portal de Not\u00edcias\",\"potentialAction\":[{\"@type\":\"SearchAction\",\"target\":{\"@type\":\"EntryPoint\",\"urlTemplate\":\"https:\/\/portalararasdenoticias.com.br\/?s={search_term_string}\"},\"query-input\":{\"@type\":\"PropertyValueSpecification\",\"valueRequired\":true,\"valueName\":\"search_term_string\"}}],\"inLanguage\":\"pt-BR\"},{\"@type\":\"Person\",\"@id\":\"https:\/\/portalararasdenoticias.com.br\/#\/schema\/person\/a6190507efe29dea1049d60d05ed5c0a\",\"name\":\"Portal Araras de Noticias\",\"image\":{\"@type\":\"ImageObject\",\"inLanguage\":\"pt-BR\",\"@id\":\"https:\/\/portalararasdenoticias.com.br\/#\/schema\/person\/image\/\",\"url\":\"https:\/\/secure.gravatar.com\/avatar\/4df7c42bc08e78bc9b6e13086fafc161bdf01220657cd93de3d828ab6c60d469?s=96&d=mm&r=g\",\"contentUrl\":\"https:\/\/secure.gravatar.com\/avatar\/4df7c42bc08e78bc9b6e13086fafc161bdf01220657cd93de3d828ab6c60d469?s=96&d=mm&r=g\",\"caption\":\"Portal Araras de Noticias\"},\"sameAs\":[\"https:\/\/portalararasdenoticias.com.br\/\"],\"url\":\"https:\/\/portalararasdenoticias.com.br\/?author=5\"}]}<\/script>\n<!-- \/ Yoast SEO plugin. -->","yoast_head_json":{"title":"Apresentadora Carla Cecato \u00e9 demitida ap\u00f3s 16 anos na Record. - Portal Araras de Not\u00edcias","robots":{"index":"index","follow":"follow","max-snippet":"max-snippet:-1","max-image-preview":"max-image-preview:large","max-video-preview":"max-video-preview:-1"},"canonical":"https:\/\/portalararasdenoticias.com.br\/?p=2912","og_locale":"pt_BR","og_type":"article","og_title":"Apresentadora Carla Cecato \u00e9 demitida ap\u00f3s 16 anos na Record. - Portal Araras de Not\u00edcias","og_description":"A jornalista comandava o jornal &#8216;Fala Brasil&#8217; aos s\u00e1bados desde 2009 Carla Cecato, jornalista e apresentadora, teria sido demitida por&nbsp;e-mail&nbsp;da Rede Record na \u00faltima quinta-feira (13), conforme informa\u00e7\u00f5es do portal Not\u00edcias da TV. Ela, que comandava o jornal &#8216;Fala Brasil&#8217; aos s\u00e1bados, teria recebido o comunicado para comparecer formalmente \u00e0 empresa. Apesar dos rumores, Cecato [&hellip;]","og_url":"https:\/\/portalararasdenoticias.com.br\/?p=2912","og_site_name":"Portal Araras de Not\u00edcias","article_published_time":"2021-05-16T03:20:17+00:00","article_modified_time":"2021-05-16T03:20:18+00:00","og_image":[{"width":868,"height":644,"url":"https:\/\/portalararasdenoticias.com.br\/wp-content\/uploads\/2021\/05\/carlarecord-868x644-2.jpg","type":"image\/jpeg"}],"author":"Portal Araras de Noticias","twitter_card":"summary_large_image","twitter_misc":{"Escrito por":"Portal Araras de Noticias","Est. tempo de leitura":"1 minuto"},"schema":{"@context":"https:\/\/schema.org","@graph":[{"@type":"Article","@id":"https:\/\/portalararasdenoticias.com.br\/?p=2912#article","isPartOf":{"@id":"https:\/\/portalararasdenoticias.com.br\/?p=2912"},"author":{"name":"Portal Araras de Noticias","@id":"https:\/\/portalararasdenoticias.com.br\/#\/schema\/person\/a6190507efe29dea1049d60d05ed5c0a"},"headline":"Apresentadora Carla Cecato \u00e9 demitida ap\u00f3s 16 anos na Record.","datePublished":"2021-05-16T03:20:17+00:00","dateModified":"2021-05-16T03:20:18+00:00","mainEntityOfPage":{"@id":"https:\/\/portalararasdenoticias.com.br\/?p=2912"},"wordCount":201,"commentCount":0,"image":{"@id":"https:\/\/portalararasdenoticias.com.br\/?p=2912#primaryimage"},"thumbnailUrl":"https:\/\/portalararasdenoticias.com.br\/wp-content\/uploads\/2021\/05\/carlarecord-868x644-2.jpg","articleSection":["jornalismo"],"inLanguage":"pt-BR","potentialAction":[{"@type":"CommentAction","name":"Comment","target":["https:\/\/portalararasdenoticias.com.br\/?p=2912#respond"]}]},{"@type":"WebPage","@id":"https:\/\/portalararasdenoticias.com.br\/?p=2912","url":"https:\/\/portalararasdenoticias.com.br\/?p=2912","name":"Apresentadora Carla Cecato \u00e9 demitida ap\u00f3s 16 anos na Record. - Portal Araras de Not\u00edcias","isPartOf":{"@id":"https:\/\/portalararasdenoticias.com.br\/#website"},"primaryImageOfPage":{"@id":"https:\/\/portalararasdenoticias.com.br\/?p=2912#primaryimage"},"image":{"@id":"https:\/\/portalararasdenoticias.com.br\/?p=2912#primaryimage"},"thumbnailUrl":"https:\/\/portalararasdenoticias.com.br\/wp-content\/uploads\/2021\/05\/carlarecord-868x644-2.jpg","datePublished":"2021-05-16T03:20:17+00:00","dateModified":"2021-05-16T03:20:18+00:00","author":{"@id":"https:\/\/portalararasdenoticias.com.br\/#\/schema\/person\/a6190507efe29dea1049d60d05ed5c0a"},"breadcrumb":{"@id":"https:\/\/portalararasdenoticias.com.br\/?p=2912#breadcrumb"},"inLanguage":"pt-BR","potentialAction":[{"@type":"ReadAction","target":["https:\/\/portalararasdenoticias.com.br\/?p=2912"]}]},{"@type":"ImageObject","inLanguage":"pt-BR","@id":"https:\/\/portalararasdenoticias.com.br\/?p=2912#primaryimage","url":"https:\/\/portalararasdenoticias.com.br\/wp-content\/uploads\/2021\/05\/carlarecord-868x644-2.jpg","contentUrl":"https:\/\/portalararasdenoticias.com.br\/wp-content\/uploads\/2021\/05\/carlarecord-868x644-2.jpg","width":868,"height":644},{"@type":"BreadcrumbList","@id":"https:\/\/portalararasdenoticias.com.br\/?p=2912#breadcrumb","itemListElement":[{"@type":"ListItem","position":1,"name":"In\u00edcio","item":"https:\/\/portalararasdenoticias.com.br\/"},{"@type":"ListItem","position":2,"name":"Apresentadora Carla Cecato \u00e9 demitida ap\u00f3s 16 anos na Record."}]},{"@type":"WebSite","@id":"https:\/\/portalararasdenoticias.com.br\/#website","url":"https:\/\/portalararasdenoticias.com.br\/","name":"Portal Araras de Not\u00edcias","description":"O Seu Portal de Not\u00edcias","potentialAction":[{"@type":"SearchAction","target":{"@type":"EntryPoint","urlTemplate":"https:\/\/portalararasdenoticias.com.br\/?s={search_term_string}"},"query-input":{"@type":"PropertyValueSpecification","valueRequired":true,"valueName":"search_term_string"}}],"inLanguage":"pt-BR"},{"@type":"Person","@id":"https:\/\/portalararasdenoticias.com.br\/#\/schema\/person\/a6190507efe29dea1049d60d05ed5c0a","name":"Portal Araras de Noticias","image":{"@type":"ImageObject","inLanguage":"pt-BR","@id":"https:\/\/portalararasdenoticias.com.br\/#\/schema\/person\/image\/","url":"https:\/\/secure.gravatar.com\/avatar\/4df7c42bc08e78bc9b6e13086fafc161bdf01220657cd93de3d828ab6c60d469?s=96&d=mm&r=g","contentUrl":"https:\/\/secure.gravatar.com\/avatar\/4df7c42bc08e78bc9b6e13086fafc161bdf01220657cd93de3d828ab6c60d469?s=96&d=mm&r=g","caption":"Portal Araras de Noticias"},"sameAs":["https:\/\/portalararasdenoticias.com.br\/"],"url":"https:\/\/portalararasdenoticias.com.br\/?author=5"}]}},"_links":{"self":[{"href":"https:\/\/portalararasdenoticias.com.br\/index.php?rest_route=\/wp\/v2\/posts\/2912","targetHints":{"allow":["GET"]}}],"collection":[{"href":"https:\/\/portalararasdenoticias.com.br\/index.php?rest_route=\/wp\/v2\/posts"}],"about":[{"href":"https:\/\/portalararasdenoticias.com.br\/index.php?rest_route=\/wp\/v2\/types\/post"}],"author":[{"embeddable":true,"href":"https:\/\/portalararasdenoticias.com.br\/index.php?rest_route=\/wp\/v2\/users\/5"}],"replies":[{"embeddable":true,"href":"https:\/\/portalararasdenoticias.com.br\/index.php?rest_route=%2Fwp%2Fv2%2Fcomments&post=2912"}],"version-history":[{"count":1,"href":"https:\/\/portalararasdenoticias.com.br\/index.php?rest_route=\/wp\/v2\/posts\/2912\/revisions"}],"predecessor-version":[{"id":2915,"href":"https:\/\/portalararasdenoticias.com.br\/index.php?rest_route=\/wp\/v2\/posts\/2912\/revisions\/2915"}],"wp:featuredmedia":[{"embeddable":true,"href":"https:\/\/portalararasdenoticias.com.br\/index.php?rest_route=\/wp\/v2\/media\/2914"}],"wp:attachment":[{"href":"https:\/\/portalararasdenoticias.com.br\/index.php?rest_route=%2Fwp%2Fv2%2Fmedia&parent=2912"}],"wp:term":[{"taxonomy":"category","embeddable":true,"href":"https:\/\/portalararasdenoticias.com.br\/index.php?rest_route=%2Fwp%2Fv2%2Fcategories&post=2912"},{"taxonomy":"post_tag","embeddable":true,"href":"https:\/\/portalararasdenoticias.com.br\/index.php?rest_route=%2Fwp%2Fv2%2Ftags&post=2912"}],"curies":[{"name":"wp","href":"https:\/\/api.w.org\/{rel}","templated":true}]}}