{"id":2950,"date":"2021-05-26T23:22:45","date_gmt":"2021-05-27T02:22:45","guid":{"rendered":"http:\/\/portalararasdenoticias.com.br\/?p=2950"},"modified":"2021-05-26T23:22:47","modified_gmt":"2021-05-27T02:22:47","slug":"gabinete-de-vice-governador-do-amazonas-e-invadido-na-sede-do-governo","status":"publish","type":"post","link":"https:\/\/portalararasdenoticias.com.br\/?p=2950","title":{"rendered":"Gabinete de vice-governador do Amazonas \u00e9 invadido na sede do governo."},"content":{"rendered":"\n<p>MANAUS \u2013 O gabinete do vice-governador Carlos Almeida Filho, na sede do Governo do Amazonas, foi invadido. Um boletim de ocorr\u00eancia foi registrado na tarde desta ter\u00e7a-feira no 1\u00ba DIP (Distrito Integrado de Pol\u00edcia). A assessoria de Almeida informou que o vice-governador n\u00e3o vai ao local desde maio do ano passado quando&nbsp;<a href=\"https:\/\/amazonasatual.com.br\/carlos-almeida-pede-exoneracao-da-casa-civil-e-wilson-lima-aceita-o-pedido\/\">entregou carta pedindo exonera\u00e7\u00e3o ao governador Wilson Lima<\/a>&nbsp;do cargo de secret\u00e1rio-chefe da Casa Civil.<\/p>\n\n\n\n<p>No B.O. consta que Renato Nogueira de Oliveira, secret\u00e1rio executivo da vice-governadoria, soube que um funcion\u00e1rio, ao chegar na secretaria da vice-governadoria para trabalhar, n\u00e3o conseguiu abrir a porta, pois tinham trocado as fechaduras das salas.<\/p>\n\n\n\n<p>Segundo o B.O., o servidor encontrou somente uma porta que dava acesso e percebeu que reviraram as gavetas das mesas e arm\u00e1rios, retiraram fotos, quadros e objetos pessoais de Almeida. N\u00e3o sabia onde estavam os pertences e foi informado apenas que deveria procurar uma servidora para recuper\u00e1-los. Os funcion\u00e1rios n\u00e3o foram avisados sobre a troca das fechaduras, segundo a assessoria.<\/p>\n\n\n\n<p>O caso acontece pouco depois de&nbsp;<a href=\"https:\/\/amazonasatual.com.br\/vice-governador-do-amazonas-assina-filiacao-ao-psdb-de-arthur-neto\/\">Carlos Almeida assinar a ficha de filia\u00e7\u00e3o ao PSDB<\/a>, nesta segunda-feira, 24, com participa\u00e7\u00e3o do presidente do diret\u00f3rio regional, o ex-prefeito Arthur Virg\u00edlio Neto.<\/p>\n\n\n\n<figure class=\"wp-block-gallery columns-1 is-cropped wp-block-gallery-1 is-layout-flex wp-block-gallery-is-layout-flex\"><ul class=\"blocks-gallery-grid\"><li class=\"blocks-gallery-item\"><figure><img loading=\"lazy\" decoding=\"async\" width=\"699\" height=\"437\" src=\"http:\/\/portalararasdenoticias.com.br\/wp-content\/uploads\/2021\/05\/Carlos-Almeida-Filho-Foto-Felipe-Campinas-699x437-1.jpg\" alt=\"\" data-id=\"2951\" data-full-url=\"http:\/\/portalararasdenoticias.com.br\/wp-content\/uploads\/2021\/05\/Carlos-Almeida-Filho-Foto-Felipe-Campinas-699x437-1.jpg\" data-link=\"http:\/\/portalararasdenoticias.com.br\/?attachment_id=2951\" class=\"wp-image-2951\" srcset=\"https:\/\/portalararasdenoticias.com.br\/wp-content\/uploads\/2021\/05\/Carlos-Almeida-Filho-Foto-Felipe-Campinas-699x437-1.jpg 699w, https:\/\/portalararasdenoticias.com.br\/wp-content\/uploads\/2021\/05\/Carlos-Almeida-Filho-Foto-Felipe-Campinas-699x437-1-300x188.jpg 300w, https:\/\/portalararasdenoticias.com.br\/wp-content\/uploads\/2021\/05\/Carlos-Almeida-Filho-Foto-Felipe-Campinas-699x437-1-464x290.jpg 464w\" sizes=\"auto, (max-width: 699px) 100vw, 699px\" \/><\/figure><\/li><\/ul><\/figure>\n","protected":false},"excerpt":{"rendered":"<p>MANAUS \u2013 O gabinete do vice-governador Carlos Almeida Filho, na sede do Governo do Amazonas, foi invadido. Um boletim de ocorr\u00eancia foi registrado na tarde desta ter\u00e7a-feira no 1\u00ba DIP (Distrito Integrado de Pol\u00edcia). A assessoria de Almeida informou que o vice-governador n\u00e3o vai ao local desde maio do ano passado quando&nbsp;entregou carta pedindo exonera\u00e7\u00e3o [&hellip;]<\/p>\n","protected":false},"author":5,"featured_media":0,"comment_status":"open","ping_status":"open","sticky":false,"template":"","format":"standard","meta":{"footnotes":""},"categories":[34],"tags":[],"class_list":["post-2950","post","type-post","status-publish","format-standard","hentry","category-jornalismo"],"yoast_head":"<!-- This site is optimized with the Yoast SEO plugin v27.0 - https:\/\/yoast.com\/product\/yoast-seo-wordpress\/ -->\n<title>Gabinete de vice-governador do Amazonas \u00e9 invadido na sede do governo. - Portal Araras de Not\u00edcias<\/title>\n<meta name=\"robots\" content=\"index, follow, max-snippet:-1, max-image-preview:large, max-video-preview:-1\" \/>\n<link rel=\"canonical\" href=\"https:\/\/portalararasdenoticias.com.br\/?p=2950\" \/>\n<meta property=\"og:locale\" content=\"pt_BR\" \/>\n<meta property=\"og:type\" content=\"article\" \/>\n<meta property=\"og:title\" content=\"Gabinete de vice-governador do Amazonas \u00e9 invadido na sede do governo. - Portal Araras de Not\u00edcias\" \/>\n<meta property=\"og:description\" content=\"MANAUS \u2013 O gabinete do vice-governador Carlos Almeida Filho, na sede do Governo do Amazonas, foi invadido. Um boletim de ocorr\u00eancia foi registrado na tarde desta ter\u00e7a-feira no 1\u00ba DIP (Distrito Integrado de Pol\u00edcia). A assessoria de Almeida informou que o vice-governador n\u00e3o vai ao local desde maio do ano passado quando&nbsp;entregou carta pedindo exonera\u00e7\u00e3o [&hellip;]\" \/>\n<meta property=\"og:url\" content=\"https:\/\/portalararasdenoticias.com.br\/?p=2950\" \/>\n<meta property=\"og:site_name\" content=\"Portal Araras de Not\u00edcias\" \/>\n<meta property=\"article:published_time\" content=\"2021-05-27T02:22:45+00:00\" \/>\n<meta property=\"article:modified_time\" content=\"2021-05-27T02:22:47+00:00\" \/>\n<meta property=\"og:image\" content=\"http:\/\/portalararasdenoticias.com.br\/wp-content\/uploads\/2021\/05\/Carlos-Almeida-Filho-Foto-Felipe-Campinas-699x437-1.jpg\" \/>\n<meta name=\"author\" content=\"Portal Araras de Noticias\" \/>\n<meta name=\"twitter:card\" content=\"summary_large_image\" \/>\n<meta name=\"twitter:label1\" content=\"Escrito por\" \/>\n\t<meta name=\"twitter:data1\" content=\"Portal Araras de Noticias\" \/>\n\t<meta name=\"twitter:label2\" content=\"Est. tempo de leitura\" \/>\n\t<meta name=\"twitter:data2\" content=\"1 minuto\" \/>\n<script type=\"application\/ld+json\" class=\"yoast-schema-graph\">{\"@context\":\"https:\/\/schema.org\",\"@graph\":[{\"@type\":\"Article\",\"@id\":\"https:\/\/portalararasdenoticias.com.br\/?p=2950#article\",\"isPartOf\":{\"@id\":\"https:\/\/portalararasdenoticias.com.br\/?p=2950\"},\"author\":{\"name\":\"Portal Araras de Noticias\",\"@id\":\"https:\/\/portalararasdenoticias.com.br\/#\/schema\/person\/a6190507efe29dea1049d60d05ed5c0a\"},\"headline\":\"Gabinete de vice-governador do Amazonas \u00e9 invadido na sede do governo.\",\"datePublished\":\"2021-05-27T02:22:45+00:00\",\"dateModified\":\"2021-05-27T02:22:47+00:00\",\"mainEntityOfPage\":{\"@id\":\"https:\/\/portalararasdenoticias.com.br\/?p=2950\"},\"wordCount\":223,\"commentCount\":0,\"image\":{\"@id\":\"https:\/\/portalararasdenoticias.com.br\/?p=2950#primaryimage\"},\"thumbnailUrl\":\"http:\/\/portalararasdenoticias.com.br\/wp-content\/uploads\/2021\/05\/Carlos-Almeida-Filho-Foto-Felipe-Campinas-699x437-1.jpg\",\"articleSection\":[\"jornalismo\"],\"inLanguage\":\"pt-BR\",\"potentialAction\":[{\"@type\":\"CommentAction\",\"name\":\"Comment\",\"target\":[\"https:\/\/portalararasdenoticias.com.br\/?p=2950#respond\"]}]},{\"@type\":\"WebPage\",\"@id\":\"https:\/\/portalararasdenoticias.com.br\/?p=2950\",\"url\":\"https:\/\/portalararasdenoticias.com.br\/?p=2950\",\"name\":\"Gabinete de vice-governador do Amazonas \u00e9 invadido na sede do governo. - Portal Araras de Not\u00edcias\",\"isPartOf\":{\"@id\":\"https:\/\/portalararasdenoticias.com.br\/#website\"},\"primaryImageOfPage\":{\"@id\":\"https:\/\/portalararasdenoticias.com.br\/?p=2950#primaryimage\"},\"image\":{\"@id\":\"https:\/\/portalararasdenoticias.com.br\/?p=2950#primaryimage\"},\"thumbnailUrl\":\"http:\/\/portalararasdenoticias.com.br\/wp-content\/uploads\/2021\/05\/Carlos-Almeida-Filho-Foto-Felipe-Campinas-699x437-1.jpg\",\"datePublished\":\"2021-05-27T02:22:45+00:00\",\"dateModified\":\"2021-05-27T02:22:47+00:00\",\"author\":{\"@id\":\"https:\/\/portalararasdenoticias.com.br\/#\/schema\/person\/a6190507efe29dea1049d60d05ed5c0a\"},\"breadcrumb\":{\"@id\":\"https:\/\/portalararasdenoticias.com.br\/?p=2950#breadcrumb\"},\"inLanguage\":\"pt-BR\",\"potentialAction\":[{\"@type\":\"ReadAction\",\"target\":[\"https:\/\/portalararasdenoticias.com.br\/?p=2950\"]}]},{\"@type\":\"ImageObject\",\"inLanguage\":\"pt-BR\",\"@id\":\"https:\/\/portalararasdenoticias.com.br\/?p=2950#primaryimage\",\"url\":\"https:\/\/portalararasdenoticias.com.br\/wp-content\/uploads\/2021\/05\/Carlos-Almeida-Filho-Foto-Felipe-Campinas-699x437-1.jpg\",\"contentUrl\":\"https:\/\/portalararasdenoticias.com.br\/wp-content\/uploads\/2021\/05\/Carlos-Almeida-Filho-Foto-Felipe-Campinas-699x437-1.jpg\",\"width\":699,\"height\":437},{\"@type\":\"BreadcrumbList\",\"@id\":\"https:\/\/portalararasdenoticias.com.br\/?p=2950#breadcrumb\",\"itemListElement\":[{\"@type\":\"ListItem\",\"position\":1,\"name\":\"In\u00edcio\",\"item\":\"https:\/\/portalararasdenoticias.com.br\/\"},{\"@type\":\"ListItem\",\"position\":2,\"name\":\"Gabinete de vice-governador do Amazonas \u00e9 invadido na sede do governo.\"}]},{\"@type\":\"WebSite\",\"@id\":\"https:\/\/portalararasdenoticias.com.br\/#website\",\"url\":\"https:\/\/portalararasdenoticias.com.br\/\",\"name\":\"Portal Araras de Not\u00edcias\",\"description\":\"O Seu Portal de Not\u00edcias\",\"potentialAction\":[{\"@type\":\"SearchAction\",\"target\":{\"@type\":\"EntryPoint\",\"urlTemplate\":\"https:\/\/portalararasdenoticias.com.br\/?s={search_term_string}\"},\"query-input\":{\"@type\":\"PropertyValueSpecification\",\"valueRequired\":true,\"valueName\":\"search_term_string\"}}],\"inLanguage\":\"pt-BR\"},{\"@type\":\"Person\",\"@id\":\"https:\/\/portalararasdenoticias.com.br\/#\/schema\/person\/a6190507efe29dea1049d60d05ed5c0a\",\"name\":\"Portal Araras de Noticias\",\"image\":{\"@type\":\"ImageObject\",\"inLanguage\":\"pt-BR\",\"@id\":\"https:\/\/portalararasdenoticias.com.br\/#\/schema\/person\/image\/\",\"url\":\"https:\/\/secure.gravatar.com\/avatar\/4df7c42bc08e78bc9b6e13086fafc161bdf01220657cd93de3d828ab6c60d469?s=96&d=mm&r=g\",\"contentUrl\":\"https:\/\/secure.gravatar.com\/avatar\/4df7c42bc08e78bc9b6e13086fafc161bdf01220657cd93de3d828ab6c60d469?s=96&d=mm&r=g\",\"caption\":\"Portal Araras de Noticias\"},\"sameAs\":[\"https:\/\/portalararasdenoticias.com.br\/\"],\"url\":\"https:\/\/portalararasdenoticias.com.br\/?author=5\"}]}<\/script>\n<!-- \/ Yoast SEO plugin. -->","yoast_head_json":{"title":"Gabinete de vice-governador do Amazonas \u00e9 invadido na sede do governo. - Portal Araras de Not\u00edcias","robots":{"index":"index","follow":"follow","max-snippet":"max-snippet:-1","max-image-preview":"max-image-preview:large","max-video-preview":"max-video-preview:-1"},"canonical":"https:\/\/portalararasdenoticias.com.br\/?p=2950","og_locale":"pt_BR","og_type":"article","og_title":"Gabinete de vice-governador do Amazonas \u00e9 invadido na sede do governo. - Portal Araras de Not\u00edcias","og_description":"MANAUS \u2013 O gabinete do vice-governador Carlos Almeida Filho, na sede do Governo do Amazonas, foi invadido. Um boletim de ocorr\u00eancia foi registrado na tarde desta ter\u00e7a-feira no 1\u00ba DIP (Distrito Integrado de Pol\u00edcia). A assessoria de Almeida informou que o vice-governador n\u00e3o vai ao local desde maio do ano passado quando&nbsp;entregou carta pedindo exonera\u00e7\u00e3o [&hellip;]","og_url":"https:\/\/portalararasdenoticias.com.br\/?p=2950","og_site_name":"Portal Araras de Not\u00edcias","article_published_time":"2021-05-27T02:22:45+00:00","article_modified_time":"2021-05-27T02:22:47+00:00","og_image":[{"url":"http:\/\/portalararasdenoticias.com.br\/wp-content\/uploads\/2021\/05\/Carlos-Almeida-Filho-Foto-Felipe-Campinas-699x437-1.jpg","type":"","width":"","height":""}],"author":"Portal Araras de Noticias","twitter_card":"summary_large_image","twitter_misc":{"Escrito por":"Portal Araras de Noticias","Est. tempo de leitura":"1 minuto"},"schema":{"@context":"https:\/\/schema.org","@graph":[{"@type":"Article","@id":"https:\/\/portalararasdenoticias.com.br\/?p=2950#article","isPartOf":{"@id":"https:\/\/portalararasdenoticias.com.br\/?p=2950"},"author":{"name":"Portal Araras de Noticias","@id":"https:\/\/portalararasdenoticias.com.br\/#\/schema\/person\/a6190507efe29dea1049d60d05ed5c0a"},"headline":"Gabinete de vice-governador do Amazonas \u00e9 invadido na sede do governo.","datePublished":"2021-05-27T02:22:45+00:00","dateModified":"2021-05-27T02:22:47+00:00","mainEntityOfPage":{"@id":"https:\/\/portalararasdenoticias.com.br\/?p=2950"},"wordCount":223,"commentCount":0,"image":{"@id":"https:\/\/portalararasdenoticias.com.br\/?p=2950#primaryimage"},"thumbnailUrl":"http:\/\/portalararasdenoticias.com.br\/wp-content\/uploads\/2021\/05\/Carlos-Almeida-Filho-Foto-Felipe-Campinas-699x437-1.jpg","articleSection":["jornalismo"],"inLanguage":"pt-BR","potentialAction":[{"@type":"CommentAction","name":"Comment","target":["https:\/\/portalararasdenoticias.com.br\/?p=2950#respond"]}]},{"@type":"WebPage","@id":"https:\/\/portalararasdenoticias.com.br\/?p=2950","url":"https:\/\/portalararasdenoticias.com.br\/?p=2950","name":"Gabinete de vice-governador do Amazonas \u00e9 invadido na sede do governo. - Portal Araras de Not\u00edcias","isPartOf":{"@id":"https:\/\/portalararasdenoticias.com.br\/#website"},"primaryImageOfPage":{"@id":"https:\/\/portalararasdenoticias.com.br\/?p=2950#primaryimage"},"image":{"@id":"https:\/\/portalararasdenoticias.com.br\/?p=2950#primaryimage"},"thumbnailUrl":"http:\/\/portalararasdenoticias.com.br\/wp-content\/uploads\/2021\/05\/Carlos-Almeida-Filho-Foto-Felipe-Campinas-699x437-1.jpg","datePublished":"2021-05-27T02:22:45+00:00","dateModified":"2021-05-27T02:22:47+00:00","author":{"@id":"https:\/\/portalararasdenoticias.com.br\/#\/schema\/person\/a6190507efe29dea1049d60d05ed5c0a"},"breadcrumb":{"@id":"https:\/\/portalararasdenoticias.com.br\/?p=2950#breadcrumb"},"inLanguage":"pt-BR","potentialAction":[{"@type":"ReadAction","target":["https:\/\/portalararasdenoticias.com.br\/?p=2950"]}]},{"@type":"ImageObject","inLanguage":"pt-BR","@id":"https:\/\/portalararasdenoticias.com.br\/?p=2950#primaryimage","url":"https:\/\/portalararasdenoticias.com.br\/wp-content\/uploads\/2021\/05\/Carlos-Almeida-Filho-Foto-Felipe-Campinas-699x437-1.jpg","contentUrl":"https:\/\/portalararasdenoticias.com.br\/wp-content\/uploads\/2021\/05\/Carlos-Almeida-Filho-Foto-Felipe-Campinas-699x437-1.jpg","width":699,"height":437},{"@type":"BreadcrumbList","@id":"https:\/\/portalararasdenoticias.com.br\/?p=2950#breadcrumb","itemListElement":[{"@type":"ListItem","position":1,"name":"In\u00edcio","item":"https:\/\/portalararasdenoticias.com.br\/"},{"@type":"ListItem","position":2,"name":"Gabinete de vice-governador do Amazonas \u00e9 invadido na sede do governo."}]},{"@type":"WebSite","@id":"https:\/\/portalararasdenoticias.com.br\/#website","url":"https:\/\/portalararasdenoticias.com.br\/","name":"Portal Araras de Not\u00edcias","description":"O Seu Portal de Not\u00edcias","potentialAction":[{"@type":"SearchAction","target":{"@type":"EntryPoint","urlTemplate":"https:\/\/portalararasdenoticias.com.br\/?s={search_term_string}"},"query-input":{"@type":"PropertyValueSpecification","valueRequired":true,"valueName":"search_term_string"}}],"inLanguage":"pt-BR"},{"@type":"Person","@id":"https:\/\/portalararasdenoticias.com.br\/#\/schema\/person\/a6190507efe29dea1049d60d05ed5c0a","name":"Portal Araras de Noticias","image":{"@type":"ImageObject","inLanguage":"pt-BR","@id":"https:\/\/portalararasdenoticias.com.br\/#\/schema\/person\/image\/","url":"https:\/\/secure.gravatar.com\/avatar\/4df7c42bc08e78bc9b6e13086fafc161bdf01220657cd93de3d828ab6c60d469?s=96&d=mm&r=g","contentUrl":"https:\/\/secure.gravatar.com\/avatar\/4df7c42bc08e78bc9b6e13086fafc161bdf01220657cd93de3d828ab6c60d469?s=96&d=mm&r=g","caption":"Portal Araras de Noticias"},"sameAs":["https:\/\/portalararasdenoticias.com.br\/"],"url":"https:\/\/portalararasdenoticias.com.br\/?author=5"}]}},"_links":{"self":[{"href":"https:\/\/portalararasdenoticias.com.br\/index.php?rest_route=\/wp\/v2\/posts\/2950","targetHints":{"allow":["GET"]}}],"collection":[{"href":"https:\/\/portalararasdenoticias.com.br\/index.php?rest_route=\/wp\/v2\/posts"}],"about":[{"href":"https:\/\/portalararasdenoticias.com.br\/index.php?rest_route=\/wp\/v2\/types\/post"}],"author":[{"embeddable":true,"href":"https:\/\/portalararasdenoticias.com.br\/index.php?rest_route=\/wp\/v2\/users\/5"}],"replies":[{"embeddable":true,"href":"https:\/\/portalararasdenoticias.com.br\/index.php?rest_route=%2Fwp%2Fv2%2Fcomments&post=2950"}],"version-history":[{"count":1,"href":"https:\/\/portalararasdenoticias.com.br\/index.php?rest_route=\/wp\/v2\/posts\/2950\/revisions"}],"predecessor-version":[{"id":2952,"href":"https:\/\/portalararasdenoticias.com.br\/index.php?rest_route=\/wp\/v2\/posts\/2950\/revisions\/2952"}],"wp:attachment":[{"href":"https:\/\/portalararasdenoticias.com.br\/index.php?rest_route=%2Fwp%2Fv2%2Fmedia&parent=2950"}],"wp:term":[{"taxonomy":"category","embeddable":true,"href":"https:\/\/portalararasdenoticias.com.br\/index.php?rest_route=%2Fwp%2Fv2%2Fcategories&post=2950"},{"taxonomy":"post_tag","embeddable":true,"href":"https:\/\/portalararasdenoticias.com.br\/index.php?rest_route=%2Fwp%2Fv2%2Ftags&post=2950"}],"curies":[{"name":"wp","href":"https:\/\/api.w.org\/{rel}","templated":true}]}}