{"id":2965,"date":"2021-06-02T09:18:12","date_gmt":"2021-06-02T12:18:12","guid":{"rendered":"http:\/\/portalararasdenoticias.com.br\/?p=2965"},"modified":"2021-06-02T09:18:15","modified_gmt":"2021-06-02T12:18:15","slug":"pf-faz-operacao-contra-desvios-na-saude-do-amazonas-neste-momento-no-condominio-onde-mora-o-governador-wilson-lima","status":"publish","type":"post","link":"https:\/\/portalararasdenoticias.com.br\/?p=2965","title":{"rendered":"PF faz opera\u00e7\u00e3o contra desvios na Sa\u00fade do Amazonas neste momento no condominio onde mora o Governador Wilson lima."},"content":{"rendered":"\n<p>Policiais cumprem 19 mandados de busca e apreens\u00e3o e 6 de pris\u00e3o determinados pelo Superior Tribunal de Justi\u00e7a (STJ).<\/p>\n\n\n\n<p>O governador do Amazonas, Wilson Lima, do PSC<\/p>\n\n\n\n<p>A Pol\u00edcia Federal (PF) realiza uma opera\u00e7\u00e3o nesta quarta-feira (2) contra a alta c\u00fapula do governo do Amazonas por desvios na Sa\u00fade. S\u00e3o cumpridos 25 mandados judiciais expedidos pelo Superior Tribunal de Justi\u00e7a (STJ). Os policiais est\u00e3o na casa do governador Wilson Lima (PSC), que enfrentar\u00e1 um julgamento ainda hoje no STJ.<\/p>\n\n\n\n<p>S\u00e3o 19 mandados de busca e apreens\u00e3o e 6 de pris\u00e3o tempor\u00e1ria cumpridos nas cidades de Manaus (AM) e Porto Alegre (RS), al\u00e9m de sequestro de bens e valores, que, somados, alcan\u00e7am a quantia de R$ 22.837.552,24.<\/p>\n","protected":false},"excerpt":{"rendered":"<p>Policiais cumprem 19 mandados de busca e apreens\u00e3o e 6 de pris\u00e3o determinados pelo Superior Tribunal de Justi\u00e7a (STJ). O governador do Amazonas, Wilson Lima, do PSC A Pol\u00edcia Federal (PF) realiza uma opera\u00e7\u00e3o nesta quarta-feira (2) contra a alta c\u00fapula do governo do Amazonas por desvios na Sa\u00fade. S\u00e3o cumpridos 25 mandados judiciais expedidos [&hellip;]<\/p>\n","protected":false},"author":5,"featured_media":2966,"comment_status":"open","ping_status":"open","sticky":true,"template":"","format":"standard","meta":{"footnotes":""},"categories":[34],"tags":[],"class_list":["post-2965","post","type-post","status-publish","format-standard","has-post-thumbnail","hentry","category-jornalismo"],"yoast_head":"<!-- This site is optimized with the Yoast SEO plugin v27.0 - https:\/\/yoast.com\/product\/yoast-seo-wordpress\/ -->\n<title>PF faz opera\u00e7\u00e3o contra desvios na Sa\u00fade do Amazonas neste momento no condominio onde mora o Governador Wilson lima. - Portal Araras de Not\u00edcias<\/title>\n<meta name=\"robots\" content=\"index, follow, max-snippet:-1, max-image-preview:large, max-video-preview:-1\" \/>\n<link rel=\"canonical\" href=\"https:\/\/portalararasdenoticias.com.br\/?p=2965\" \/>\n<meta property=\"og:locale\" content=\"pt_BR\" \/>\n<meta property=\"og:type\" content=\"article\" \/>\n<meta property=\"og:title\" content=\"PF faz opera\u00e7\u00e3o contra desvios na Sa\u00fade do Amazonas neste momento no condominio onde mora o Governador Wilson lima. - Portal Araras de Not\u00edcias\" \/>\n<meta property=\"og:description\" content=\"Policiais cumprem 19 mandados de busca e apreens\u00e3o e 6 de pris\u00e3o determinados pelo Superior Tribunal de Justi\u00e7a (STJ). O governador do Amazonas, Wilson Lima, do PSC A Pol\u00edcia Federal (PF) realiza uma opera\u00e7\u00e3o nesta quarta-feira (2) contra a alta c\u00fapula do governo do Amazonas por desvios na Sa\u00fade. S\u00e3o cumpridos 25 mandados judiciais expedidos [&hellip;]\" \/>\n<meta property=\"og:url\" content=\"https:\/\/portalararasdenoticias.com.br\/?p=2965\" \/>\n<meta property=\"og:site_name\" content=\"Portal Araras de Not\u00edcias\" \/>\n<meta property=\"article:published_time\" content=\"2021-06-02T12:18:12+00:00\" \/>\n<meta property=\"article:modified_time\" content=\"2021-06-02T12:18:15+00:00\" \/>\n<meta property=\"og:image\" content=\"https:\/\/portalararasdenoticias.com.br\/wp-content\/uploads\/2021\/06\/192540902_2662884227344447_7262444549636478733_n.jpg\" \/>\n\t<meta property=\"og:image:width\" content=\"500\" \/>\n\t<meta property=\"og:image:height\" content=\"333\" \/>\n\t<meta property=\"og:image:type\" content=\"image\/jpeg\" \/>\n<meta name=\"author\" content=\"Portal Araras de Noticias\" \/>\n<meta name=\"twitter:card\" content=\"summary_large_image\" \/>\n<meta name=\"twitter:label1\" content=\"Escrito por\" \/>\n\t<meta name=\"twitter:data1\" content=\"Portal Araras de Noticias\" \/>\n\t<meta name=\"twitter:label2\" content=\"Est. tempo de leitura\" \/>\n\t<meta name=\"twitter:data2\" content=\"1 minuto\" \/>\n<script type=\"application\/ld+json\" class=\"yoast-schema-graph\">{\"@context\":\"https:\/\/schema.org\",\"@graph\":[{\"@type\":\"Article\",\"@id\":\"https:\/\/portalararasdenoticias.com.br\/?p=2965#article\",\"isPartOf\":{\"@id\":\"https:\/\/portalararasdenoticias.com.br\/?p=2965\"},\"author\":{\"name\":\"Portal Araras de Noticias\",\"@id\":\"https:\/\/portalararasdenoticias.com.br\/#\/schema\/person\/a6190507efe29dea1049d60d05ed5c0a\"},\"headline\":\"PF faz opera\u00e7\u00e3o contra desvios na Sa\u00fade do Amazonas neste momento no condominio onde mora o Governador Wilson lima.\",\"datePublished\":\"2021-06-02T12:18:12+00:00\",\"dateModified\":\"2021-06-02T12:18:15+00:00\",\"mainEntityOfPage\":{\"@id\":\"https:\/\/portalararasdenoticias.com.br\/?p=2965\"},\"wordCount\":146,\"commentCount\":0,\"image\":{\"@id\":\"https:\/\/portalararasdenoticias.com.br\/?p=2965#primaryimage\"},\"thumbnailUrl\":\"https:\/\/portalararasdenoticias.com.br\/wp-content\/uploads\/2021\/06\/192540902_2662884227344447_7262444549636478733_n.jpg\",\"articleSection\":[\"jornalismo\"],\"inLanguage\":\"pt-BR\",\"potentialAction\":[{\"@type\":\"CommentAction\",\"name\":\"Comment\",\"target\":[\"https:\/\/portalararasdenoticias.com.br\/?p=2965#respond\"]}]},{\"@type\":\"WebPage\",\"@id\":\"https:\/\/portalararasdenoticias.com.br\/?p=2965\",\"url\":\"https:\/\/portalararasdenoticias.com.br\/?p=2965\",\"name\":\"PF faz opera\u00e7\u00e3o contra desvios na Sa\u00fade do Amazonas neste momento no condominio onde mora o Governador Wilson lima. - Portal Araras de Not\u00edcias\",\"isPartOf\":{\"@id\":\"https:\/\/portalararasdenoticias.com.br\/#website\"},\"primaryImageOfPage\":{\"@id\":\"https:\/\/portalararasdenoticias.com.br\/?p=2965#primaryimage\"},\"image\":{\"@id\":\"https:\/\/portalararasdenoticias.com.br\/?p=2965#primaryimage\"},\"thumbnailUrl\":\"https:\/\/portalararasdenoticias.com.br\/wp-content\/uploads\/2021\/06\/192540902_2662884227344447_7262444549636478733_n.jpg\",\"datePublished\":\"2021-06-02T12:18:12+00:00\",\"dateModified\":\"2021-06-02T12:18:15+00:00\",\"author\":{\"@id\":\"https:\/\/portalararasdenoticias.com.br\/#\/schema\/person\/a6190507efe29dea1049d60d05ed5c0a\"},\"breadcrumb\":{\"@id\":\"https:\/\/portalararasdenoticias.com.br\/?p=2965#breadcrumb\"},\"inLanguage\":\"pt-BR\",\"potentialAction\":[{\"@type\":\"ReadAction\",\"target\":[\"https:\/\/portalararasdenoticias.com.br\/?p=2965\"]}]},{\"@type\":\"ImageObject\",\"inLanguage\":\"pt-BR\",\"@id\":\"https:\/\/portalararasdenoticias.com.br\/?p=2965#primaryimage\",\"url\":\"https:\/\/portalararasdenoticias.com.br\/wp-content\/uploads\/2021\/06\/192540902_2662884227344447_7262444549636478733_n.jpg\",\"contentUrl\":\"https:\/\/portalararasdenoticias.com.br\/wp-content\/uploads\/2021\/06\/192540902_2662884227344447_7262444549636478733_n.jpg\",\"width\":500,\"height\":333},{\"@type\":\"BreadcrumbList\",\"@id\":\"https:\/\/portalararasdenoticias.com.br\/?p=2965#breadcrumb\",\"itemListElement\":[{\"@type\":\"ListItem\",\"position\":1,\"name\":\"In\u00edcio\",\"item\":\"https:\/\/portalararasdenoticias.com.br\/\"},{\"@type\":\"ListItem\",\"position\":2,\"name\":\"PF faz opera\u00e7\u00e3o contra desvios na Sa\u00fade do Amazonas neste momento no condominio onde mora o Governador Wilson lima.\"}]},{\"@type\":\"WebSite\",\"@id\":\"https:\/\/portalararasdenoticias.com.br\/#website\",\"url\":\"https:\/\/portalararasdenoticias.com.br\/\",\"name\":\"Portal Araras de Not\u00edcias\",\"description\":\"O Seu Portal de Not\u00edcias\",\"potentialAction\":[{\"@type\":\"SearchAction\",\"target\":{\"@type\":\"EntryPoint\",\"urlTemplate\":\"https:\/\/portalararasdenoticias.com.br\/?s={search_term_string}\"},\"query-input\":{\"@type\":\"PropertyValueSpecification\",\"valueRequired\":true,\"valueName\":\"search_term_string\"}}],\"inLanguage\":\"pt-BR\"},{\"@type\":\"Person\",\"@id\":\"https:\/\/portalararasdenoticias.com.br\/#\/schema\/person\/a6190507efe29dea1049d60d05ed5c0a\",\"name\":\"Portal Araras de Noticias\",\"image\":{\"@type\":\"ImageObject\",\"inLanguage\":\"pt-BR\",\"@id\":\"https:\/\/portalararasdenoticias.com.br\/#\/schema\/person\/image\/\",\"url\":\"https:\/\/secure.gravatar.com\/avatar\/4df7c42bc08e78bc9b6e13086fafc161bdf01220657cd93de3d828ab6c60d469?s=96&d=mm&r=g\",\"contentUrl\":\"https:\/\/secure.gravatar.com\/avatar\/4df7c42bc08e78bc9b6e13086fafc161bdf01220657cd93de3d828ab6c60d469?s=96&d=mm&r=g\",\"caption\":\"Portal Araras de Noticias\"},\"sameAs\":[\"https:\/\/portalararasdenoticias.com.br\/\"],\"url\":\"https:\/\/portalararasdenoticias.com.br\/?author=5\"}]}<\/script>\n<!-- \/ Yoast SEO plugin. -->","yoast_head_json":{"title":"PF faz opera\u00e7\u00e3o contra desvios na Sa\u00fade do Amazonas neste momento no condominio onde mora o Governador Wilson lima. - Portal Araras de Not\u00edcias","robots":{"index":"index","follow":"follow","max-snippet":"max-snippet:-1","max-image-preview":"max-image-preview:large","max-video-preview":"max-video-preview:-1"},"canonical":"https:\/\/portalararasdenoticias.com.br\/?p=2965","og_locale":"pt_BR","og_type":"article","og_title":"PF faz opera\u00e7\u00e3o contra desvios na Sa\u00fade do Amazonas neste momento no condominio onde mora o Governador Wilson lima. - Portal Araras de Not\u00edcias","og_description":"Policiais cumprem 19 mandados de busca e apreens\u00e3o e 6 de pris\u00e3o determinados pelo Superior Tribunal de Justi\u00e7a (STJ). O governador do Amazonas, Wilson Lima, do PSC A Pol\u00edcia Federal (PF) realiza uma opera\u00e7\u00e3o nesta quarta-feira (2) contra a alta c\u00fapula do governo do Amazonas por desvios na Sa\u00fade. S\u00e3o cumpridos 25 mandados judiciais expedidos [&hellip;]","og_url":"https:\/\/portalararasdenoticias.com.br\/?p=2965","og_site_name":"Portal Araras de Not\u00edcias","article_published_time":"2021-06-02T12:18:12+00:00","article_modified_time":"2021-06-02T12:18:15+00:00","og_image":[{"width":500,"height":333,"url":"https:\/\/portalararasdenoticias.com.br\/wp-content\/uploads\/2021\/06\/192540902_2662884227344447_7262444549636478733_n.jpg","type":"image\/jpeg"}],"author":"Portal Araras de Noticias","twitter_card":"summary_large_image","twitter_misc":{"Escrito por":"Portal Araras de Noticias","Est. tempo de leitura":"1 minuto"},"schema":{"@context":"https:\/\/schema.org","@graph":[{"@type":"Article","@id":"https:\/\/portalararasdenoticias.com.br\/?p=2965#article","isPartOf":{"@id":"https:\/\/portalararasdenoticias.com.br\/?p=2965"},"author":{"name":"Portal Araras de Noticias","@id":"https:\/\/portalararasdenoticias.com.br\/#\/schema\/person\/a6190507efe29dea1049d60d05ed5c0a"},"headline":"PF faz opera\u00e7\u00e3o contra desvios na Sa\u00fade do Amazonas neste momento no condominio onde mora o Governador Wilson lima.","datePublished":"2021-06-02T12:18:12+00:00","dateModified":"2021-06-02T12:18:15+00:00","mainEntityOfPage":{"@id":"https:\/\/portalararasdenoticias.com.br\/?p=2965"},"wordCount":146,"commentCount":0,"image":{"@id":"https:\/\/portalararasdenoticias.com.br\/?p=2965#primaryimage"},"thumbnailUrl":"https:\/\/portalararasdenoticias.com.br\/wp-content\/uploads\/2021\/06\/192540902_2662884227344447_7262444549636478733_n.jpg","articleSection":["jornalismo"],"inLanguage":"pt-BR","potentialAction":[{"@type":"CommentAction","name":"Comment","target":["https:\/\/portalararasdenoticias.com.br\/?p=2965#respond"]}]},{"@type":"WebPage","@id":"https:\/\/portalararasdenoticias.com.br\/?p=2965","url":"https:\/\/portalararasdenoticias.com.br\/?p=2965","name":"PF faz opera\u00e7\u00e3o contra desvios na Sa\u00fade do Amazonas neste momento no condominio onde mora o Governador Wilson lima. - Portal Araras de Not\u00edcias","isPartOf":{"@id":"https:\/\/portalararasdenoticias.com.br\/#website"},"primaryImageOfPage":{"@id":"https:\/\/portalararasdenoticias.com.br\/?p=2965#primaryimage"},"image":{"@id":"https:\/\/portalararasdenoticias.com.br\/?p=2965#primaryimage"},"thumbnailUrl":"https:\/\/portalararasdenoticias.com.br\/wp-content\/uploads\/2021\/06\/192540902_2662884227344447_7262444549636478733_n.jpg","datePublished":"2021-06-02T12:18:12+00:00","dateModified":"2021-06-02T12:18:15+00:00","author":{"@id":"https:\/\/portalararasdenoticias.com.br\/#\/schema\/person\/a6190507efe29dea1049d60d05ed5c0a"},"breadcrumb":{"@id":"https:\/\/portalararasdenoticias.com.br\/?p=2965#breadcrumb"},"inLanguage":"pt-BR","potentialAction":[{"@type":"ReadAction","target":["https:\/\/portalararasdenoticias.com.br\/?p=2965"]}]},{"@type":"ImageObject","inLanguage":"pt-BR","@id":"https:\/\/portalararasdenoticias.com.br\/?p=2965#primaryimage","url":"https:\/\/portalararasdenoticias.com.br\/wp-content\/uploads\/2021\/06\/192540902_2662884227344447_7262444549636478733_n.jpg","contentUrl":"https:\/\/portalararasdenoticias.com.br\/wp-content\/uploads\/2021\/06\/192540902_2662884227344447_7262444549636478733_n.jpg","width":500,"height":333},{"@type":"BreadcrumbList","@id":"https:\/\/portalararasdenoticias.com.br\/?p=2965#breadcrumb","itemListElement":[{"@type":"ListItem","position":1,"name":"In\u00edcio","item":"https:\/\/portalararasdenoticias.com.br\/"},{"@type":"ListItem","position":2,"name":"PF faz opera\u00e7\u00e3o contra desvios na Sa\u00fade do Amazonas neste momento no condominio onde mora o Governador Wilson lima."}]},{"@type":"WebSite","@id":"https:\/\/portalararasdenoticias.com.br\/#website","url":"https:\/\/portalararasdenoticias.com.br\/","name":"Portal Araras de Not\u00edcias","description":"O Seu Portal de Not\u00edcias","potentialAction":[{"@type":"SearchAction","target":{"@type":"EntryPoint","urlTemplate":"https:\/\/portalararasdenoticias.com.br\/?s={search_term_string}"},"query-input":{"@type":"PropertyValueSpecification","valueRequired":true,"valueName":"search_term_string"}}],"inLanguage":"pt-BR"},{"@type":"Person","@id":"https:\/\/portalararasdenoticias.com.br\/#\/schema\/person\/a6190507efe29dea1049d60d05ed5c0a","name":"Portal Araras de Noticias","image":{"@type":"ImageObject","inLanguage":"pt-BR","@id":"https:\/\/portalararasdenoticias.com.br\/#\/schema\/person\/image\/","url":"https:\/\/secure.gravatar.com\/avatar\/4df7c42bc08e78bc9b6e13086fafc161bdf01220657cd93de3d828ab6c60d469?s=96&d=mm&r=g","contentUrl":"https:\/\/secure.gravatar.com\/avatar\/4df7c42bc08e78bc9b6e13086fafc161bdf01220657cd93de3d828ab6c60d469?s=96&d=mm&r=g","caption":"Portal Araras de Noticias"},"sameAs":["https:\/\/portalararasdenoticias.com.br\/"],"url":"https:\/\/portalararasdenoticias.com.br\/?author=5"}]}},"_links":{"self":[{"href":"https:\/\/portalararasdenoticias.com.br\/index.php?rest_route=\/wp\/v2\/posts\/2965","targetHints":{"allow":["GET"]}}],"collection":[{"href":"https:\/\/portalararasdenoticias.com.br\/index.php?rest_route=\/wp\/v2\/posts"}],"about":[{"href":"https:\/\/portalararasdenoticias.com.br\/index.php?rest_route=\/wp\/v2\/types\/post"}],"author":[{"embeddable":true,"href":"https:\/\/portalararasdenoticias.com.br\/index.php?rest_route=\/wp\/v2\/users\/5"}],"replies":[{"embeddable":true,"href":"https:\/\/portalararasdenoticias.com.br\/index.php?rest_route=%2Fwp%2Fv2%2Fcomments&post=2965"}],"version-history":[{"count":1,"href":"https:\/\/portalararasdenoticias.com.br\/index.php?rest_route=\/wp\/v2\/posts\/2965\/revisions"}],"predecessor-version":[{"id":2968,"href":"https:\/\/portalararasdenoticias.com.br\/index.php?rest_route=\/wp\/v2\/posts\/2965\/revisions\/2968"}],"wp:featuredmedia":[{"embeddable":true,"href":"https:\/\/portalararasdenoticias.com.br\/index.php?rest_route=\/wp\/v2\/media\/2966"}],"wp:attachment":[{"href":"https:\/\/portalararasdenoticias.com.br\/index.php?rest_route=%2Fwp%2Fv2%2Fmedia&parent=2965"}],"wp:term":[{"taxonomy":"category","embeddable":true,"href":"https:\/\/portalararasdenoticias.com.br\/index.php?rest_route=%2Fwp%2Fv2%2Fcategories&post=2965"},{"taxonomy":"post_tag","embeddable":true,"href":"https:\/\/portalararasdenoticias.com.br\/index.php?rest_route=%2Fwp%2Fv2%2Ftags&post=2965"}],"curies":[{"name":"wp","href":"https:\/\/api.w.org\/{rel}","templated":true}]}}