{"id":3020,"date":"2021-06-27T12:51:11","date_gmt":"2021-06-27T15:51:11","guid":{"rendered":"http:\/\/portalararasdenoticias.com.br\/?p=3020"},"modified":"2021-06-27T12:51:12","modified_gmt":"2021-06-27T15:51:12","slug":"chapeco-milhares-de-motociclistas-acompanham-bolsonaro-em-mega-motociata-e-multidao-recepciona-o-presidente","status":"publish","type":"post","link":"https:\/\/portalararasdenoticias.com.br\/?p=3020","title":{"rendered":"Chapec\u00f3: Milhares de motociclistas acompanham Bolsonaro em \u2018mega motociata\u2019 e multid\u00e3o recepciona o presidente."},"content":{"rendered":"\n<p>Bolsonaro participou na  quarta mega motociada em apoio ao seu governo. Dessa vez em Chapec\u00f3, Santa Catarina<\/p>\n\n\n\n<figure class=\"wp-block-gallery columns-3 is-cropped wp-block-gallery-1 is-layout-flex wp-block-gallery-is-layout-flex\"><ul class=\"blocks-gallery-grid\"><li class=\"blocks-gallery-item\"><figure><img loading=\"lazy\" decoding=\"async\" width=\"766\" height=\"527\" src=\"http:\/\/portalararasdenoticias.com.br\/wp-content\/uploads\/2021\/06\/1_pri_1306_0401__l__21_cor-6706351.jpg\" alt=\"\" data-id=\"3021\" data-full-url=\"http:\/\/portalararasdenoticias.com.br\/wp-content\/uploads\/2021\/06\/1_pri_1306_0401__l__21_cor-6706351.jpg\" data-link=\"http:\/\/portalararasdenoticias.com.br\/?attachment_id=3021\" class=\"wp-image-3021\" srcset=\"https:\/\/portalararasdenoticias.com.br\/wp-content\/uploads\/2021\/06\/1_pri_1306_0401__l__21_cor-6706351.jpg 766w, https:\/\/portalararasdenoticias.com.br\/wp-content\/uploads\/2021\/06\/1_pri_1306_0401__l__21_cor-6706351-300x206.jpg 300w\" sizes=\"auto, (max-width: 766px) 100vw, 766px\" \/><\/figure><\/li><li class=\"blocks-gallery-item\"><figure><img loading=\"lazy\" decoding=\"async\" width=\"678\" height=\"381\" src=\"http:\/\/portalararasdenoticias.com.br\/wp-content\/uploads\/2021\/06\/bolsonarochapeco.jpg\" alt=\"\" data-id=\"3022\" data-full-url=\"http:\/\/portalararasdenoticias.com.br\/wp-content\/uploads\/2021\/06\/bolsonarochapeco.jpg\" data-link=\"http:\/\/portalararasdenoticias.com.br\/?attachment_id=3022\" class=\"wp-image-3022\" srcset=\"https:\/\/portalararasdenoticias.com.br\/wp-content\/uploads\/2021\/06\/bolsonarochapeco.jpg 678w, https:\/\/portalararasdenoticias.com.br\/wp-content\/uploads\/2021\/06\/bolsonarochapeco-300x169.jpg 300w\" sizes=\"auto, (max-width: 678px) 100vw, 678px\" \/><\/figure><\/li><li class=\"blocks-gallery-item\"><figure><img loading=\"lazy\" decoding=\"async\" width=\"600\" height=\"400\" src=\"http:\/\/portalararasdenoticias.com.br\/wp-content\/uploads\/2021\/06\/Bolsonaro-motociata-sp-600x400-1.jpeg\" alt=\"\" data-id=\"3023\" data-full-url=\"http:\/\/portalararasdenoticias.com.br\/wp-content\/uploads\/2021\/06\/Bolsonaro-motociata-sp-600x400-1.jpeg\" data-link=\"http:\/\/portalararasdenoticias.com.br\/?attachment_id=3023\" class=\"wp-image-3023\" srcset=\"https:\/\/portalararasdenoticias.com.br\/wp-content\/uploads\/2021\/06\/Bolsonaro-motociata-sp-600x400-1.jpeg 600w, https:\/\/portalararasdenoticias.com.br\/wp-content\/uploads\/2021\/06\/Bolsonaro-motociata-sp-600x400-1-300x200.jpeg 300w\" sizes=\"auto, (max-width: 600px) 100vw, 600px\" \/><\/figure><\/li><\/ul><\/figure>\n\n\n\n<p>Diversos apoiadores e deputados transmitiram imagens impressionantes da \u2018motociata\u2019 em Chapec\u00f3. Al\u00e9m do tamanho da \u2018motociata\u2019, as pessoas nas margens da rodovia fazem quest\u00e3o de expressar seu apoio ao presidente Jair Bolsonaro.<\/p>\n\n\n\n<p>Chapec\u00f3 \u00e9 uma das cidades que adota o tratamento precoce contra a covid-19. O prefeito da cidade, Jo\u00e3o Rodrigues (PSD), \u00e9 bolsonarista e um dos defensores do presidente. Bolsonaro j\u00e1 republicou v\u00eddeos do prefeito em suas redes sociais.<\/p>\n","protected":false},"excerpt":{"rendered":"<p>Bolsonaro participou na quarta mega motociada em apoio ao seu governo. Dessa vez em Chapec\u00f3, Santa Catarina Diversos apoiadores e deputados transmitiram imagens impressionantes da \u2018motociata\u2019 em Chapec\u00f3. Al\u00e9m do tamanho da \u2018motociata\u2019, as pessoas nas margens da rodovia fazem quest\u00e3o de expressar seu apoio ao presidente Jair Bolsonaro. Chapec\u00f3 \u00e9 uma das cidades que [&hellip;]<\/p>\n","protected":false},"author":5,"featured_media":3024,"comment_status":"open","ping_status":"open","sticky":true,"template":"","format":"standard","meta":{"footnotes":""},"categories":[34],"tags":[],"class_list":["post-3020","post","type-post","status-publish","format-standard","has-post-thumbnail","hentry","category-jornalismo"],"yoast_head":"<!-- This site is optimized with the Yoast SEO plugin v27.0 - https:\/\/yoast.com\/product\/yoast-seo-wordpress\/ -->\n<title>Chapec\u00f3: Milhares de motociclistas acompanham Bolsonaro em \u2018mega motociata\u2019 e multid\u00e3o recepciona o presidente. - Portal Araras de Not\u00edcias<\/title>\n<meta name=\"robots\" content=\"index, follow, max-snippet:-1, max-image-preview:large, max-video-preview:-1\" \/>\n<link rel=\"canonical\" href=\"https:\/\/portalararasdenoticias.com.br\/?p=3020\" \/>\n<meta property=\"og:locale\" content=\"pt_BR\" \/>\n<meta property=\"og:type\" content=\"article\" \/>\n<meta property=\"og:title\" content=\"Chapec\u00f3: Milhares de motociclistas acompanham Bolsonaro em \u2018mega motociata\u2019 e multid\u00e3o recepciona o presidente. - Portal Araras de Not\u00edcias\" \/>\n<meta property=\"og:description\" content=\"Bolsonaro participou na quarta mega motociada em apoio ao seu governo. Dessa vez em Chapec\u00f3, Santa Catarina Diversos apoiadores e deputados transmitiram imagens impressionantes da \u2018motociata\u2019 em Chapec\u00f3. Al\u00e9m do tamanho da \u2018motociata\u2019, as pessoas nas margens da rodovia fazem quest\u00e3o de expressar seu apoio ao presidente Jair Bolsonaro. Chapec\u00f3 \u00e9 uma das cidades que [&hellip;]\" \/>\n<meta property=\"og:url\" content=\"https:\/\/portalararasdenoticias.com.br\/?p=3020\" \/>\n<meta property=\"og:site_name\" content=\"Portal Araras de Not\u00edcias\" \/>\n<meta property=\"article:published_time\" content=\"2021-06-27T15:51:11+00:00\" \/>\n<meta property=\"article:modified_time\" content=\"2021-06-27T15:51:12+00:00\" \/>\n<meta property=\"og:image\" content=\"https:\/\/portalararasdenoticias.com.br\/wp-content\/uploads\/2021\/06\/1_pri_1306_0401__l__21_cor-6706351-1.jpg\" \/>\n\t<meta property=\"og:image:width\" content=\"766\" \/>\n\t<meta property=\"og:image:height\" content=\"527\" \/>\n\t<meta property=\"og:image:type\" content=\"image\/jpeg\" \/>\n<meta name=\"author\" content=\"Portal Araras de Noticias\" \/>\n<meta name=\"twitter:card\" content=\"summary_large_image\" \/>\n<meta name=\"twitter:label1\" content=\"Escrito por\" \/>\n\t<meta name=\"twitter:data1\" content=\"Portal Araras de Noticias\" \/>\n<script type=\"application\/ld+json\" class=\"yoast-schema-graph\">{\"@context\":\"https:\/\/schema.org\",\"@graph\":[{\"@type\":\"Article\",\"@id\":\"https:\/\/portalararasdenoticias.com.br\/?p=3020#article\",\"isPartOf\":{\"@id\":\"https:\/\/portalararasdenoticias.com.br\/?p=3020\"},\"author\":{\"name\":\"Portal Araras de Noticias\",\"@id\":\"https:\/\/portalararasdenoticias.com.br\/#\/schema\/person\/a6190507efe29dea1049d60d05ed5c0a\"},\"headline\":\"Chapec\u00f3: Milhares de motociclistas acompanham Bolsonaro em \u2018mega motociata\u2019 e multid\u00e3o recepciona o presidente.\",\"datePublished\":\"2021-06-27T15:51:11+00:00\",\"dateModified\":\"2021-06-27T15:51:12+00:00\",\"mainEntityOfPage\":{\"@id\":\"https:\/\/portalararasdenoticias.com.br\/?p=3020\"},\"wordCount\":104,\"commentCount\":0,\"image\":{\"@id\":\"https:\/\/portalararasdenoticias.com.br\/?p=3020#primaryimage\"},\"thumbnailUrl\":\"https:\/\/portalararasdenoticias.com.br\/wp-content\/uploads\/2021\/06\/1_pri_1306_0401__l__21_cor-6706351-1.jpg\",\"articleSection\":[\"jornalismo\"],\"inLanguage\":\"pt-BR\",\"potentialAction\":[{\"@type\":\"CommentAction\",\"name\":\"Comment\",\"target\":[\"https:\/\/portalararasdenoticias.com.br\/?p=3020#respond\"]}]},{\"@type\":\"WebPage\",\"@id\":\"https:\/\/portalararasdenoticias.com.br\/?p=3020\",\"url\":\"https:\/\/portalararasdenoticias.com.br\/?p=3020\",\"name\":\"Chapec\u00f3: Milhares de motociclistas acompanham Bolsonaro em \u2018mega motociata\u2019 e multid\u00e3o recepciona o presidente. - Portal Araras de Not\u00edcias\",\"isPartOf\":{\"@id\":\"https:\/\/portalararasdenoticias.com.br\/#website\"},\"primaryImageOfPage\":{\"@id\":\"https:\/\/portalararasdenoticias.com.br\/?p=3020#primaryimage\"},\"image\":{\"@id\":\"https:\/\/portalararasdenoticias.com.br\/?p=3020#primaryimage\"},\"thumbnailUrl\":\"https:\/\/portalararasdenoticias.com.br\/wp-content\/uploads\/2021\/06\/1_pri_1306_0401__l__21_cor-6706351-1.jpg\",\"datePublished\":\"2021-06-27T15:51:11+00:00\",\"dateModified\":\"2021-06-27T15:51:12+00:00\",\"author\":{\"@id\":\"https:\/\/portalararasdenoticias.com.br\/#\/schema\/person\/a6190507efe29dea1049d60d05ed5c0a\"},\"breadcrumb\":{\"@id\":\"https:\/\/portalararasdenoticias.com.br\/?p=3020#breadcrumb\"},\"inLanguage\":\"pt-BR\",\"potentialAction\":[{\"@type\":\"ReadAction\",\"target\":[\"https:\/\/portalararasdenoticias.com.br\/?p=3020\"]}]},{\"@type\":\"ImageObject\",\"inLanguage\":\"pt-BR\",\"@id\":\"https:\/\/portalararasdenoticias.com.br\/?p=3020#primaryimage\",\"url\":\"https:\/\/portalararasdenoticias.com.br\/wp-content\/uploads\/2021\/06\/1_pri_1306_0401__l__21_cor-6706351-1.jpg\",\"contentUrl\":\"https:\/\/portalararasdenoticias.com.br\/wp-content\/uploads\/2021\/06\/1_pri_1306_0401__l__21_cor-6706351-1.jpg\",\"width\":766,\"height\":527},{\"@type\":\"BreadcrumbList\",\"@id\":\"https:\/\/portalararasdenoticias.com.br\/?p=3020#breadcrumb\",\"itemListElement\":[{\"@type\":\"ListItem\",\"position\":1,\"name\":\"In\u00edcio\",\"item\":\"https:\/\/portalararasdenoticias.com.br\/\"},{\"@type\":\"ListItem\",\"position\":2,\"name\":\"Chapec\u00f3: Milhares de motociclistas acompanham Bolsonaro em \u2018mega motociata\u2019 e multid\u00e3o recepciona o presidente.\"}]},{\"@type\":\"WebSite\",\"@id\":\"https:\/\/portalararasdenoticias.com.br\/#website\",\"url\":\"https:\/\/portalararasdenoticias.com.br\/\",\"name\":\"Portal Araras de Not\u00edcias\",\"description\":\"O Seu Portal de Not\u00edcias\",\"potentialAction\":[{\"@type\":\"SearchAction\",\"target\":{\"@type\":\"EntryPoint\",\"urlTemplate\":\"https:\/\/portalararasdenoticias.com.br\/?s={search_term_string}\"},\"query-input\":{\"@type\":\"PropertyValueSpecification\",\"valueRequired\":true,\"valueName\":\"search_term_string\"}}],\"inLanguage\":\"pt-BR\"},{\"@type\":\"Person\",\"@id\":\"https:\/\/portalararasdenoticias.com.br\/#\/schema\/person\/a6190507efe29dea1049d60d05ed5c0a\",\"name\":\"Portal Araras de Noticias\",\"image\":{\"@type\":\"ImageObject\",\"inLanguage\":\"pt-BR\",\"@id\":\"https:\/\/portalararasdenoticias.com.br\/#\/schema\/person\/image\/\",\"url\":\"https:\/\/secure.gravatar.com\/avatar\/4df7c42bc08e78bc9b6e13086fafc161bdf01220657cd93de3d828ab6c60d469?s=96&d=mm&r=g\",\"contentUrl\":\"https:\/\/secure.gravatar.com\/avatar\/4df7c42bc08e78bc9b6e13086fafc161bdf01220657cd93de3d828ab6c60d469?s=96&d=mm&r=g\",\"caption\":\"Portal Araras de Noticias\"},\"sameAs\":[\"https:\/\/portalararasdenoticias.com.br\/\"],\"url\":\"https:\/\/portalararasdenoticias.com.br\/?author=5\"}]}<\/script>\n<!-- \/ Yoast SEO plugin. -->","yoast_head_json":{"title":"Chapec\u00f3: Milhares de motociclistas acompanham Bolsonaro em \u2018mega motociata\u2019 e multid\u00e3o recepciona o presidente. - Portal Araras de Not\u00edcias","robots":{"index":"index","follow":"follow","max-snippet":"max-snippet:-1","max-image-preview":"max-image-preview:large","max-video-preview":"max-video-preview:-1"},"canonical":"https:\/\/portalararasdenoticias.com.br\/?p=3020","og_locale":"pt_BR","og_type":"article","og_title":"Chapec\u00f3: Milhares de motociclistas acompanham Bolsonaro em \u2018mega motociata\u2019 e multid\u00e3o recepciona o presidente. - Portal Araras de Not\u00edcias","og_description":"Bolsonaro participou na quarta mega motociada em apoio ao seu governo. Dessa vez em Chapec\u00f3, Santa Catarina Diversos apoiadores e deputados transmitiram imagens impressionantes da \u2018motociata\u2019 em Chapec\u00f3. Al\u00e9m do tamanho da \u2018motociata\u2019, as pessoas nas margens da rodovia fazem quest\u00e3o de expressar seu apoio ao presidente Jair Bolsonaro. Chapec\u00f3 \u00e9 uma das cidades que [&hellip;]","og_url":"https:\/\/portalararasdenoticias.com.br\/?p=3020","og_site_name":"Portal Araras de Not\u00edcias","article_published_time":"2021-06-27T15:51:11+00:00","article_modified_time":"2021-06-27T15:51:12+00:00","og_image":[{"width":766,"height":527,"url":"https:\/\/portalararasdenoticias.com.br\/wp-content\/uploads\/2021\/06\/1_pri_1306_0401__l__21_cor-6706351-1.jpg","type":"image\/jpeg"}],"author":"Portal Araras de Noticias","twitter_card":"summary_large_image","twitter_misc":{"Escrito por":"Portal Araras de Noticias"},"schema":{"@context":"https:\/\/schema.org","@graph":[{"@type":"Article","@id":"https:\/\/portalararasdenoticias.com.br\/?p=3020#article","isPartOf":{"@id":"https:\/\/portalararasdenoticias.com.br\/?p=3020"},"author":{"name":"Portal Araras de Noticias","@id":"https:\/\/portalararasdenoticias.com.br\/#\/schema\/person\/a6190507efe29dea1049d60d05ed5c0a"},"headline":"Chapec\u00f3: Milhares de motociclistas acompanham Bolsonaro em \u2018mega motociata\u2019 e multid\u00e3o recepciona o presidente.","datePublished":"2021-06-27T15:51:11+00:00","dateModified":"2021-06-27T15:51:12+00:00","mainEntityOfPage":{"@id":"https:\/\/portalararasdenoticias.com.br\/?p=3020"},"wordCount":104,"commentCount":0,"image":{"@id":"https:\/\/portalararasdenoticias.com.br\/?p=3020#primaryimage"},"thumbnailUrl":"https:\/\/portalararasdenoticias.com.br\/wp-content\/uploads\/2021\/06\/1_pri_1306_0401__l__21_cor-6706351-1.jpg","articleSection":["jornalismo"],"inLanguage":"pt-BR","potentialAction":[{"@type":"CommentAction","name":"Comment","target":["https:\/\/portalararasdenoticias.com.br\/?p=3020#respond"]}]},{"@type":"WebPage","@id":"https:\/\/portalararasdenoticias.com.br\/?p=3020","url":"https:\/\/portalararasdenoticias.com.br\/?p=3020","name":"Chapec\u00f3: Milhares de motociclistas acompanham Bolsonaro em \u2018mega motociata\u2019 e multid\u00e3o recepciona o presidente. - Portal Araras de Not\u00edcias","isPartOf":{"@id":"https:\/\/portalararasdenoticias.com.br\/#website"},"primaryImageOfPage":{"@id":"https:\/\/portalararasdenoticias.com.br\/?p=3020#primaryimage"},"image":{"@id":"https:\/\/portalararasdenoticias.com.br\/?p=3020#primaryimage"},"thumbnailUrl":"https:\/\/portalararasdenoticias.com.br\/wp-content\/uploads\/2021\/06\/1_pri_1306_0401__l__21_cor-6706351-1.jpg","datePublished":"2021-06-27T15:51:11+00:00","dateModified":"2021-06-27T15:51:12+00:00","author":{"@id":"https:\/\/portalararasdenoticias.com.br\/#\/schema\/person\/a6190507efe29dea1049d60d05ed5c0a"},"breadcrumb":{"@id":"https:\/\/portalararasdenoticias.com.br\/?p=3020#breadcrumb"},"inLanguage":"pt-BR","potentialAction":[{"@type":"ReadAction","target":["https:\/\/portalararasdenoticias.com.br\/?p=3020"]}]},{"@type":"ImageObject","inLanguage":"pt-BR","@id":"https:\/\/portalararasdenoticias.com.br\/?p=3020#primaryimage","url":"https:\/\/portalararasdenoticias.com.br\/wp-content\/uploads\/2021\/06\/1_pri_1306_0401__l__21_cor-6706351-1.jpg","contentUrl":"https:\/\/portalararasdenoticias.com.br\/wp-content\/uploads\/2021\/06\/1_pri_1306_0401__l__21_cor-6706351-1.jpg","width":766,"height":527},{"@type":"BreadcrumbList","@id":"https:\/\/portalararasdenoticias.com.br\/?p=3020#breadcrumb","itemListElement":[{"@type":"ListItem","position":1,"name":"In\u00edcio","item":"https:\/\/portalararasdenoticias.com.br\/"},{"@type":"ListItem","position":2,"name":"Chapec\u00f3: Milhares de motociclistas acompanham Bolsonaro em \u2018mega motociata\u2019 e multid\u00e3o recepciona o presidente."}]},{"@type":"WebSite","@id":"https:\/\/portalararasdenoticias.com.br\/#website","url":"https:\/\/portalararasdenoticias.com.br\/","name":"Portal Araras de Not\u00edcias","description":"O Seu Portal de Not\u00edcias","potentialAction":[{"@type":"SearchAction","target":{"@type":"EntryPoint","urlTemplate":"https:\/\/portalararasdenoticias.com.br\/?s={search_term_string}"},"query-input":{"@type":"PropertyValueSpecification","valueRequired":true,"valueName":"search_term_string"}}],"inLanguage":"pt-BR"},{"@type":"Person","@id":"https:\/\/portalararasdenoticias.com.br\/#\/schema\/person\/a6190507efe29dea1049d60d05ed5c0a","name":"Portal Araras de Noticias","image":{"@type":"ImageObject","inLanguage":"pt-BR","@id":"https:\/\/portalararasdenoticias.com.br\/#\/schema\/person\/image\/","url":"https:\/\/secure.gravatar.com\/avatar\/4df7c42bc08e78bc9b6e13086fafc161bdf01220657cd93de3d828ab6c60d469?s=96&d=mm&r=g","contentUrl":"https:\/\/secure.gravatar.com\/avatar\/4df7c42bc08e78bc9b6e13086fafc161bdf01220657cd93de3d828ab6c60d469?s=96&d=mm&r=g","caption":"Portal Araras de Noticias"},"sameAs":["https:\/\/portalararasdenoticias.com.br\/"],"url":"https:\/\/portalararasdenoticias.com.br\/?author=5"}]}},"_links":{"self":[{"href":"https:\/\/portalararasdenoticias.com.br\/index.php?rest_route=\/wp\/v2\/posts\/3020","targetHints":{"allow":["GET"]}}],"collection":[{"href":"https:\/\/portalararasdenoticias.com.br\/index.php?rest_route=\/wp\/v2\/posts"}],"about":[{"href":"https:\/\/portalararasdenoticias.com.br\/index.php?rest_route=\/wp\/v2\/types\/post"}],"author":[{"embeddable":true,"href":"https:\/\/portalararasdenoticias.com.br\/index.php?rest_route=\/wp\/v2\/users\/5"}],"replies":[{"embeddable":true,"href":"https:\/\/portalararasdenoticias.com.br\/index.php?rest_route=%2Fwp%2Fv2%2Fcomments&post=3020"}],"version-history":[{"count":1,"href":"https:\/\/portalararasdenoticias.com.br\/index.php?rest_route=\/wp\/v2\/posts\/3020\/revisions"}],"predecessor-version":[{"id":3025,"href":"https:\/\/portalararasdenoticias.com.br\/index.php?rest_route=\/wp\/v2\/posts\/3020\/revisions\/3025"}],"wp:featuredmedia":[{"embeddable":true,"href":"https:\/\/portalararasdenoticias.com.br\/index.php?rest_route=\/wp\/v2\/media\/3024"}],"wp:attachment":[{"href":"https:\/\/portalararasdenoticias.com.br\/index.php?rest_route=%2Fwp%2Fv2%2Fmedia&parent=3020"}],"wp:term":[{"taxonomy":"category","embeddable":true,"href":"https:\/\/portalararasdenoticias.com.br\/index.php?rest_route=%2Fwp%2Fv2%2Fcategories&post=3020"},{"taxonomy":"post_tag","embeddable":true,"href":"https:\/\/portalararasdenoticias.com.br\/index.php?rest_route=%2Fwp%2Fv2%2Ftags&post=3020"}],"curies":[{"name":"wp","href":"https:\/\/api.w.org\/{rel}","templated":true}]}}