{"id":3030,"date":"2021-07-09T02:42:33","date_gmt":"2021-07-09T05:42:33","guid":{"rendered":"https:\/\/portalararasdenoticias.com.br\/?p=3030"},"modified":"2021-07-09T02:42:34","modified_gmt":"2021-07-09T05:42:34","slug":"corredeira-inflamavel-policia-federal-deflagra-operacao-em-manaus-e-presidente-figueiredo","status":"publish","type":"post","link":"https:\/\/portalararasdenoticias.com.br\/?p=3030","title":{"rendered":"Corredeira Inflam\u00e1vel: Pol\u00edcia Federal deflagra opera\u00e7\u00e3o em Manaus e Presidente Figueiredo."},"content":{"rendered":"\n<p>08\/07\/2021.<\/p>\n\n\n\n<p>Duas equipes de agentes da Pol\u00edcia Federal amanheceram nesta quinta-feira (<img loading=\"lazy\" decoding=\"async\" width=\"16\" height=\"16\" src=\"\" alt=\"\ud83d\ude0e\">, no munic\u00edpio de Presidente Figueiredo (distante 107km de Manaus) para cumprir mandato de busca e apreens\u00e3o. Populares registraram alguns momentos da a\u00e7\u00e3o deflagrada no condom\u00ednio Bosque das \u00c1guas e no bairro Morada do Sol, bairro nobre da cidade. J\u00e1 na capital do Amazonas (Manaus), os agentes da policia federal deflagraram a opera\u00e7\u00e3o no no condom\u00ednio Maison Ephig\u00eanio Salles.<\/p>\n\n\n\n<p>A opera\u00e7\u00e3o denominada Corredeira Inflam\u00e1vel que envolve a Prefeitura de Presidente Figueiredo, apura poss\u00edveis crimes de peculato, improbidade administrativa e fraude em licita\u00e7\u00e3o.<\/p>\n\n\n\n<p>O alvo principal \u00e9 o fornecimento de combust\u00edveis ao munic\u00edpio de Presidente Figueiredo por uma empresa que n\u00e3o tem se quer uma bomba de abastecimento, muito menos um posto de gasolina<\/p>\n","protected":false},"excerpt":{"rendered":"<p>08\/07\/2021. Duas equipes de agentes da Pol\u00edcia Federal amanheceram nesta quinta-feira (, no munic\u00edpio de Presidente Figueiredo (distante 107km de Manaus) para cumprir mandato de busca e apreens\u00e3o. Populares registraram alguns momentos da a\u00e7\u00e3o deflagrada no condom\u00ednio Bosque das \u00c1guas e no bairro Morada do Sol, bairro nobre da cidade. J\u00e1 na capital do Amazonas [&hellip;]<\/p>\n","protected":false},"author":5,"featured_media":3031,"comment_status":"open","ping_status":"open","sticky":true,"template":"","format":"standard","meta":{"footnotes":""},"categories":[34],"tags":[],"class_list":["post-3030","post","type-post","status-publish","format-standard","has-post-thumbnail","hentry","category-jornalismo"],"yoast_head":"<!-- This site is optimized with the Yoast SEO plugin v27.0 - https:\/\/yoast.com\/product\/yoast-seo-wordpress\/ -->\n<title>Corredeira Inflam\u00e1vel: Pol\u00edcia Federal deflagra opera\u00e7\u00e3o em Manaus e Presidente Figueiredo. - Portal Araras de Not\u00edcias<\/title>\n<meta name=\"robots\" content=\"index, follow, max-snippet:-1, max-image-preview:large, max-video-preview:-1\" \/>\n<link rel=\"canonical\" href=\"https:\/\/portalararasdenoticias.com.br\/?p=3030\" \/>\n<meta property=\"og:locale\" content=\"pt_BR\" \/>\n<meta property=\"og:type\" content=\"article\" \/>\n<meta property=\"og:title\" content=\"Corredeira Inflam\u00e1vel: Pol\u00edcia Federal deflagra opera\u00e7\u00e3o em Manaus e Presidente Figueiredo. - Portal Araras de Not\u00edcias\" \/>\n<meta property=\"og:description\" content=\"08\/07\/2021. Duas equipes de agentes da Pol\u00edcia Federal amanheceram nesta quinta-feira (, no munic\u00edpio de Presidente Figueiredo (distante 107km de Manaus) para cumprir mandato de busca e apreens\u00e3o. Populares registraram alguns momentos da a\u00e7\u00e3o deflagrada no condom\u00ednio Bosque das \u00c1guas e no bairro Morada do Sol, bairro nobre da cidade. J\u00e1 na capital do Amazonas [&hellip;]\" \/>\n<meta property=\"og:url\" content=\"https:\/\/portalararasdenoticias.com.br\/?p=3030\" \/>\n<meta property=\"og:site_name\" content=\"Portal Araras de Not\u00edcias\" \/>\n<meta property=\"article:published_time\" content=\"2021-07-09T05:42:33+00:00\" \/>\n<meta property=\"article:modified_time\" content=\"2021-07-09T05:42:34+00:00\" \/>\n<meta property=\"og:image\" content=\"https:\/\/portalararasdenoticias.com.br\/wp-content\/uploads\/2021\/07\/210379148_2688005661498970_533856070796370371_n.jpg\" \/>\n\t<meta property=\"og:image:width\" content=\"739\" \/>\n\t<meta property=\"og:image:height\" content=\"415\" \/>\n\t<meta property=\"og:image:type\" content=\"image\/jpeg\" \/>\n<meta name=\"author\" content=\"Portal Araras de Noticias\" \/>\n<meta name=\"twitter:card\" content=\"summary_large_image\" \/>\n<meta name=\"twitter:label1\" content=\"Escrito por\" \/>\n\t<meta name=\"twitter:data1\" content=\"Portal Araras de Noticias\" \/>\n\t<meta name=\"twitter:label2\" content=\"Est. tempo de leitura\" \/>\n\t<meta name=\"twitter:data2\" content=\"1 minuto\" \/>\n<script type=\"application\/ld+json\" class=\"yoast-schema-graph\">{\"@context\":\"https:\/\/schema.org\",\"@graph\":[{\"@type\":\"Article\",\"@id\":\"https:\/\/portalararasdenoticias.com.br\/?p=3030#article\",\"isPartOf\":{\"@id\":\"https:\/\/portalararasdenoticias.com.br\/?p=3030\"},\"author\":{\"name\":\"Portal Araras de Noticias\",\"@id\":\"https:\/\/portalararasdenoticias.com.br\/#\/schema\/person\/a6190507efe29dea1049d60d05ed5c0a\"},\"headline\":\"Corredeira Inflam\u00e1vel: Pol\u00edcia Federal deflagra opera\u00e7\u00e3o em Manaus e Presidente Figueiredo.\",\"datePublished\":\"2021-07-09T05:42:33+00:00\",\"dateModified\":\"2021-07-09T05:42:34+00:00\",\"mainEntityOfPage\":{\"@id\":\"https:\/\/portalararasdenoticias.com.br\/?p=3030\"},\"wordCount\":150,\"commentCount\":0,\"image\":{\"@id\":\"https:\/\/portalararasdenoticias.com.br\/?p=3030#primaryimage\"},\"thumbnailUrl\":\"https:\/\/portalararasdenoticias.com.br\/wp-content\/uploads\/2021\/07\/210379148_2688005661498970_533856070796370371_n.jpg\",\"articleSection\":[\"jornalismo\"],\"inLanguage\":\"pt-BR\",\"potentialAction\":[{\"@type\":\"CommentAction\",\"name\":\"Comment\",\"target\":[\"https:\/\/portalararasdenoticias.com.br\/?p=3030#respond\"]}]},{\"@type\":\"WebPage\",\"@id\":\"https:\/\/portalararasdenoticias.com.br\/?p=3030\",\"url\":\"https:\/\/portalararasdenoticias.com.br\/?p=3030\",\"name\":\"Corredeira Inflam\u00e1vel: Pol\u00edcia Federal deflagra opera\u00e7\u00e3o em Manaus e Presidente Figueiredo. - Portal Araras de Not\u00edcias\",\"isPartOf\":{\"@id\":\"https:\/\/portalararasdenoticias.com.br\/#website\"},\"primaryImageOfPage\":{\"@id\":\"https:\/\/portalararasdenoticias.com.br\/?p=3030#primaryimage\"},\"image\":{\"@id\":\"https:\/\/portalararasdenoticias.com.br\/?p=3030#primaryimage\"},\"thumbnailUrl\":\"https:\/\/portalararasdenoticias.com.br\/wp-content\/uploads\/2021\/07\/210379148_2688005661498970_533856070796370371_n.jpg\",\"datePublished\":\"2021-07-09T05:42:33+00:00\",\"dateModified\":\"2021-07-09T05:42:34+00:00\",\"author\":{\"@id\":\"https:\/\/portalararasdenoticias.com.br\/#\/schema\/person\/a6190507efe29dea1049d60d05ed5c0a\"},\"breadcrumb\":{\"@id\":\"https:\/\/portalararasdenoticias.com.br\/?p=3030#breadcrumb\"},\"inLanguage\":\"pt-BR\",\"potentialAction\":[{\"@type\":\"ReadAction\",\"target\":[\"https:\/\/portalararasdenoticias.com.br\/?p=3030\"]}]},{\"@type\":\"ImageObject\",\"inLanguage\":\"pt-BR\",\"@id\":\"https:\/\/portalararasdenoticias.com.br\/?p=3030#primaryimage\",\"url\":\"https:\/\/portalararasdenoticias.com.br\/wp-content\/uploads\/2021\/07\/210379148_2688005661498970_533856070796370371_n.jpg\",\"contentUrl\":\"https:\/\/portalararasdenoticias.com.br\/wp-content\/uploads\/2021\/07\/210379148_2688005661498970_533856070796370371_n.jpg\",\"width\":739,\"height\":415},{\"@type\":\"BreadcrumbList\",\"@id\":\"https:\/\/portalararasdenoticias.com.br\/?p=3030#breadcrumb\",\"itemListElement\":[{\"@type\":\"ListItem\",\"position\":1,\"name\":\"In\u00edcio\",\"item\":\"https:\/\/portalararasdenoticias.com.br\/\"},{\"@type\":\"ListItem\",\"position\":2,\"name\":\"Corredeira Inflam\u00e1vel: Pol\u00edcia Federal deflagra opera\u00e7\u00e3o em Manaus e Presidente Figueiredo.\"}]},{\"@type\":\"WebSite\",\"@id\":\"https:\/\/portalararasdenoticias.com.br\/#website\",\"url\":\"https:\/\/portalararasdenoticias.com.br\/\",\"name\":\"Portal Araras de Not\u00edcias\",\"description\":\"O Seu Portal de Not\u00edcias\",\"potentialAction\":[{\"@type\":\"SearchAction\",\"target\":{\"@type\":\"EntryPoint\",\"urlTemplate\":\"https:\/\/portalararasdenoticias.com.br\/?s={search_term_string}\"},\"query-input\":{\"@type\":\"PropertyValueSpecification\",\"valueRequired\":true,\"valueName\":\"search_term_string\"}}],\"inLanguage\":\"pt-BR\"},{\"@type\":\"Person\",\"@id\":\"https:\/\/portalararasdenoticias.com.br\/#\/schema\/person\/a6190507efe29dea1049d60d05ed5c0a\",\"name\":\"Portal Araras de Noticias\",\"image\":{\"@type\":\"ImageObject\",\"inLanguage\":\"pt-BR\",\"@id\":\"https:\/\/portalararasdenoticias.com.br\/#\/schema\/person\/image\/\",\"url\":\"https:\/\/secure.gravatar.com\/avatar\/4df7c42bc08e78bc9b6e13086fafc161bdf01220657cd93de3d828ab6c60d469?s=96&d=mm&r=g\",\"contentUrl\":\"https:\/\/secure.gravatar.com\/avatar\/4df7c42bc08e78bc9b6e13086fafc161bdf01220657cd93de3d828ab6c60d469?s=96&d=mm&r=g\",\"caption\":\"Portal Araras de Noticias\"},\"sameAs\":[\"https:\/\/portalararasdenoticias.com.br\/\"],\"url\":\"https:\/\/portalararasdenoticias.com.br\/?author=5\"}]}<\/script>\n<!-- \/ Yoast SEO plugin. -->","yoast_head_json":{"title":"Corredeira Inflam\u00e1vel: Pol\u00edcia Federal deflagra opera\u00e7\u00e3o em Manaus e Presidente Figueiredo. - Portal Araras de Not\u00edcias","robots":{"index":"index","follow":"follow","max-snippet":"max-snippet:-1","max-image-preview":"max-image-preview:large","max-video-preview":"max-video-preview:-1"},"canonical":"https:\/\/portalararasdenoticias.com.br\/?p=3030","og_locale":"pt_BR","og_type":"article","og_title":"Corredeira Inflam\u00e1vel: Pol\u00edcia Federal deflagra opera\u00e7\u00e3o em Manaus e Presidente Figueiredo. - Portal Araras de Not\u00edcias","og_description":"08\/07\/2021. Duas equipes de agentes da Pol\u00edcia Federal amanheceram nesta quinta-feira (, no munic\u00edpio de Presidente Figueiredo (distante 107km de Manaus) para cumprir mandato de busca e apreens\u00e3o. Populares registraram alguns momentos da a\u00e7\u00e3o deflagrada no condom\u00ednio Bosque das \u00c1guas e no bairro Morada do Sol, bairro nobre da cidade. J\u00e1 na capital do Amazonas [&hellip;]","og_url":"https:\/\/portalararasdenoticias.com.br\/?p=3030","og_site_name":"Portal Araras de Not\u00edcias","article_published_time":"2021-07-09T05:42:33+00:00","article_modified_time":"2021-07-09T05:42:34+00:00","og_image":[{"width":739,"height":415,"url":"https:\/\/portalararasdenoticias.com.br\/wp-content\/uploads\/2021\/07\/210379148_2688005661498970_533856070796370371_n.jpg","type":"image\/jpeg"}],"author":"Portal Araras de Noticias","twitter_card":"summary_large_image","twitter_misc":{"Escrito por":"Portal Araras de Noticias","Est. tempo de leitura":"1 minuto"},"schema":{"@context":"https:\/\/schema.org","@graph":[{"@type":"Article","@id":"https:\/\/portalararasdenoticias.com.br\/?p=3030#article","isPartOf":{"@id":"https:\/\/portalararasdenoticias.com.br\/?p=3030"},"author":{"name":"Portal Araras de Noticias","@id":"https:\/\/portalararasdenoticias.com.br\/#\/schema\/person\/a6190507efe29dea1049d60d05ed5c0a"},"headline":"Corredeira Inflam\u00e1vel: Pol\u00edcia Federal deflagra opera\u00e7\u00e3o em Manaus e Presidente Figueiredo.","datePublished":"2021-07-09T05:42:33+00:00","dateModified":"2021-07-09T05:42:34+00:00","mainEntityOfPage":{"@id":"https:\/\/portalararasdenoticias.com.br\/?p=3030"},"wordCount":150,"commentCount":0,"image":{"@id":"https:\/\/portalararasdenoticias.com.br\/?p=3030#primaryimage"},"thumbnailUrl":"https:\/\/portalararasdenoticias.com.br\/wp-content\/uploads\/2021\/07\/210379148_2688005661498970_533856070796370371_n.jpg","articleSection":["jornalismo"],"inLanguage":"pt-BR","potentialAction":[{"@type":"CommentAction","name":"Comment","target":["https:\/\/portalararasdenoticias.com.br\/?p=3030#respond"]}]},{"@type":"WebPage","@id":"https:\/\/portalararasdenoticias.com.br\/?p=3030","url":"https:\/\/portalararasdenoticias.com.br\/?p=3030","name":"Corredeira Inflam\u00e1vel: Pol\u00edcia Federal deflagra opera\u00e7\u00e3o em Manaus e Presidente Figueiredo. - Portal Araras de Not\u00edcias","isPartOf":{"@id":"https:\/\/portalararasdenoticias.com.br\/#website"},"primaryImageOfPage":{"@id":"https:\/\/portalararasdenoticias.com.br\/?p=3030#primaryimage"},"image":{"@id":"https:\/\/portalararasdenoticias.com.br\/?p=3030#primaryimage"},"thumbnailUrl":"https:\/\/portalararasdenoticias.com.br\/wp-content\/uploads\/2021\/07\/210379148_2688005661498970_533856070796370371_n.jpg","datePublished":"2021-07-09T05:42:33+00:00","dateModified":"2021-07-09T05:42:34+00:00","author":{"@id":"https:\/\/portalararasdenoticias.com.br\/#\/schema\/person\/a6190507efe29dea1049d60d05ed5c0a"},"breadcrumb":{"@id":"https:\/\/portalararasdenoticias.com.br\/?p=3030#breadcrumb"},"inLanguage":"pt-BR","potentialAction":[{"@type":"ReadAction","target":["https:\/\/portalararasdenoticias.com.br\/?p=3030"]}]},{"@type":"ImageObject","inLanguage":"pt-BR","@id":"https:\/\/portalararasdenoticias.com.br\/?p=3030#primaryimage","url":"https:\/\/portalararasdenoticias.com.br\/wp-content\/uploads\/2021\/07\/210379148_2688005661498970_533856070796370371_n.jpg","contentUrl":"https:\/\/portalararasdenoticias.com.br\/wp-content\/uploads\/2021\/07\/210379148_2688005661498970_533856070796370371_n.jpg","width":739,"height":415},{"@type":"BreadcrumbList","@id":"https:\/\/portalararasdenoticias.com.br\/?p=3030#breadcrumb","itemListElement":[{"@type":"ListItem","position":1,"name":"In\u00edcio","item":"https:\/\/portalararasdenoticias.com.br\/"},{"@type":"ListItem","position":2,"name":"Corredeira Inflam\u00e1vel: Pol\u00edcia Federal deflagra opera\u00e7\u00e3o em Manaus e Presidente Figueiredo."}]},{"@type":"WebSite","@id":"https:\/\/portalararasdenoticias.com.br\/#website","url":"https:\/\/portalararasdenoticias.com.br\/","name":"Portal Araras de Not\u00edcias","description":"O Seu Portal de Not\u00edcias","potentialAction":[{"@type":"SearchAction","target":{"@type":"EntryPoint","urlTemplate":"https:\/\/portalararasdenoticias.com.br\/?s={search_term_string}"},"query-input":{"@type":"PropertyValueSpecification","valueRequired":true,"valueName":"search_term_string"}}],"inLanguage":"pt-BR"},{"@type":"Person","@id":"https:\/\/portalararasdenoticias.com.br\/#\/schema\/person\/a6190507efe29dea1049d60d05ed5c0a","name":"Portal Araras de Noticias","image":{"@type":"ImageObject","inLanguage":"pt-BR","@id":"https:\/\/portalararasdenoticias.com.br\/#\/schema\/person\/image\/","url":"https:\/\/secure.gravatar.com\/avatar\/4df7c42bc08e78bc9b6e13086fafc161bdf01220657cd93de3d828ab6c60d469?s=96&d=mm&r=g","contentUrl":"https:\/\/secure.gravatar.com\/avatar\/4df7c42bc08e78bc9b6e13086fafc161bdf01220657cd93de3d828ab6c60d469?s=96&d=mm&r=g","caption":"Portal Araras de Noticias"},"sameAs":["https:\/\/portalararasdenoticias.com.br\/"],"url":"https:\/\/portalararasdenoticias.com.br\/?author=5"}]}},"_links":{"self":[{"href":"https:\/\/portalararasdenoticias.com.br\/index.php?rest_route=\/wp\/v2\/posts\/3030","targetHints":{"allow":["GET"]}}],"collection":[{"href":"https:\/\/portalararasdenoticias.com.br\/index.php?rest_route=\/wp\/v2\/posts"}],"about":[{"href":"https:\/\/portalararasdenoticias.com.br\/index.php?rest_route=\/wp\/v2\/types\/post"}],"author":[{"embeddable":true,"href":"https:\/\/portalararasdenoticias.com.br\/index.php?rest_route=\/wp\/v2\/users\/5"}],"replies":[{"embeddable":true,"href":"https:\/\/portalararasdenoticias.com.br\/index.php?rest_route=%2Fwp%2Fv2%2Fcomments&post=3030"}],"version-history":[{"count":1,"href":"https:\/\/portalararasdenoticias.com.br\/index.php?rest_route=\/wp\/v2\/posts\/3030\/revisions"}],"predecessor-version":[{"id":3034,"href":"https:\/\/portalararasdenoticias.com.br\/index.php?rest_route=\/wp\/v2\/posts\/3030\/revisions\/3034"}],"wp:featuredmedia":[{"embeddable":true,"href":"https:\/\/portalararasdenoticias.com.br\/index.php?rest_route=\/wp\/v2\/media\/3031"}],"wp:attachment":[{"href":"https:\/\/portalararasdenoticias.com.br\/index.php?rest_route=%2Fwp%2Fv2%2Fmedia&parent=3030"}],"wp:term":[{"taxonomy":"category","embeddable":true,"href":"https:\/\/portalararasdenoticias.com.br\/index.php?rest_route=%2Fwp%2Fv2%2Fcategories&post=3030"},{"taxonomy":"post_tag","embeddable":true,"href":"https:\/\/portalararasdenoticias.com.br\/index.php?rest_route=%2Fwp%2Fv2%2Ftags&post=3030"}],"curies":[{"name":"wp","href":"https:\/\/api.w.org\/{rel}","templated":true}]}}