{"id":3145,"date":"2021-07-26T22:03:08","date_gmt":"2021-07-27T01:03:08","guid":{"rendered":"https:\/\/portalararasdenoticias.com.br\/?p=3145"},"modified":"2025-03-24T08:59:42","modified_gmt":"2025-03-24T11:59:42","slug":"a-advogada-patricia-pereira-da-silva-foi-agredida-por-policiais-e-impedida-de-entrar-na-6a-companhia-interativa-comunitaria-cicom-na-cidade-nova-manaus-am-a-advogada-patricia-pereira-da-silva-foi","status":"publish","type":"post","link":"https:\/\/portalararasdenoticias.com.br\/?p=3145","title":{"rendered":"A advogada Patr\u00edcia Pereira da Silva foi agredida por pol\u00edciais e impedida de entrar na 6\u00aa Companhia Interativa Comunit\u00e1ria (Cicom) na Cidade Nova .Manaus\/AM &#8211; A advogada Patr\u00edcia Pereira da Silva foi agredida por policiais, no \u00faltimo domingo (18), por policiais militares ao ser impedida de entrar na 6\u00aa Companhia Interativa Comunit\u00e1ria (Cicom), \u00e9 o que aponta uma den\u00fancia divulgada pela Ordem dos Advogados do Brasil &#8211; Amazonas (OAB-AM), no bairro Adrian\u00f3polis, na Zona Centro-Sul de Manaus.A presidente da OAB-AM Grace Benayon afirmou que a advogada \u201capanhou, foi empurrada, levou um soco, fez exame de corpo de delito e foi atendida em uma unidade hospitalar\u201d. \u201cEla tem marcas no bra\u00e7o que mostram que foi segurada com muita for\u00e7a. O piercing da orelha entrou, devido \u00e0s agress\u00f5es, e deixou a regi\u00e3o inchada\u201d, declarou.A presidente da OAB-AM afirmou disse que o caso foi encaminhado \u00e0 Corregedoria da Secretaria de Seguran\u00e7a P\u00fablica (SSP) e ao Minist\u00e9rio P\u00fablico do Amazonas e que tamb\u00e9m ser\u00e1 apurado pela OAB. \u201cO caso chegou \u00e0 OAB ontem. \u00c9 um absurdo, \u00e9 revoltante\u201d, disse a presidente da Ordem."},"content":{"rendered":"","protected":false},"excerpt":{"rendered":"","protected":false},"author":5,"featured_media":3146,"comment_status":"open","ping_status":"open","sticky":true,"template":"","format":"standard","meta":{"footnotes":""},"categories":[],"tags":[],"class_list":["post-3145","post","type-post","status-publish","format-standard","has-post-thumbnail","hentry"],"yoast_head":"<!-- This site is optimized with the Yoast SEO plugin v27.0 - https:\/\/yoast.com\/product\/yoast-seo-wordpress\/ -->\n<title>A advogada Patr\u00edcia Pereira da Silva foi agredida por pol\u00edciais e impedida de entrar na 6\u00aa Companhia Interativa Comunit\u00e1ria (Cicom) na Cidade Nova .Manaus\/AM - A advogada Patr\u00edcia Pereira da Silva foi agredida por policiais, no \u00faltimo domingo (18), por policiais militares ao ser impedida de entrar na 6\u00aa Companhia Interativa Comunit\u00e1ria (Cicom), \u00e9 o que aponta uma den\u00fancia divulgada pela Ordem dos Advogados do Brasil - Amazonas (OAB-AM), no bairro Adrian\u00f3polis, na Zona Centro-Sul de Manaus.A presidente da OAB-AM Grace Benayon afirmou que a advogada \u201capanhou, foi empurrada, levou um soco, fez exame de corpo de delito e foi atendida em uma unidade hospitalar\u201d. \u201cEla tem marcas no bra\u00e7o que mostram que foi segurada com muita for\u00e7a. O piercing da orelha entrou, devido \u00e0s agress\u00f5es, e deixou a regi\u00e3o inchada\u201d, declarou.A presidente da OAB-AM afirmou disse que o caso foi encaminhado \u00e0 Corregedoria da Secretaria de Seguran\u00e7a P\u00fablica (SSP) e ao Minist\u00e9rio P\u00fablico do Amazonas e que tamb\u00e9m ser\u00e1 apurado pela OAB. \u201cO caso chegou \u00e0 OAB ontem. \u00c9 um absurdo, \u00e9 revoltante\u201d, disse a presidente da Ordem. - Portal Araras de Not\u00edcias<\/title>\n<meta name=\"robots\" content=\"index, follow, max-snippet:-1, max-image-preview:large, max-video-preview:-1\" \/>\n<link rel=\"canonical\" href=\"https:\/\/portalararasdenoticias.com.br\/?p=3145\" \/>\n<meta property=\"og:locale\" content=\"pt_BR\" \/>\n<meta property=\"og:type\" content=\"article\" \/>\n<meta property=\"og:title\" content=\"A advogada Patr\u00edcia Pereira da Silva foi agredida por pol\u00edciais e impedida de entrar na 6\u00aa Companhia Interativa Comunit\u00e1ria (Cicom) na Cidade Nova .Manaus\/AM - A advogada Patr\u00edcia Pereira da Silva foi agredida por policiais, no \u00faltimo domingo (18), por policiais militares ao ser impedida de entrar na 6\u00aa Companhia Interativa Comunit\u00e1ria (Cicom), \u00e9 o que aponta uma den\u00fancia divulgada pela Ordem dos Advogados do Brasil - Amazonas (OAB-AM), no bairro Adrian\u00f3polis, na Zona Centro-Sul de Manaus.A presidente da OAB-AM Grace Benayon afirmou que a advogada \u201capanhou, foi empurrada, levou um soco, fez exame de corpo de delito e foi atendida em uma unidade hospitalar\u201d. \u201cEla tem marcas no bra\u00e7o que mostram que foi segurada com muita for\u00e7a. O piercing da orelha entrou, devido \u00e0s agress\u00f5es, e deixou a regi\u00e3o inchada\u201d, declarou.A presidente da OAB-AM afirmou disse que o caso foi encaminhado \u00e0 Corregedoria da Secretaria de Seguran\u00e7a P\u00fablica (SSP) e ao Minist\u00e9rio P\u00fablico do Amazonas e que tamb\u00e9m ser\u00e1 apurado pela OAB. \u201cO caso chegou \u00e0 OAB ontem. \u00c9 um absurdo, \u00e9 revoltante\u201d, disse a presidente da Ordem. - Portal Araras de Not\u00edcias\" \/>\n<meta property=\"og:url\" content=\"https:\/\/portalararasdenoticias.com.br\/?p=3145\" \/>\n<meta property=\"og:site_name\" content=\"Portal Araras de Not\u00edcias\" \/>\n<meta property=\"article:published_time\" content=\"2021-07-27T01:03:08+00:00\" \/>\n<meta property=\"article:modified_time\" content=\"2025-03-24T11:59:42+00:00\" \/>\n<meta property=\"og:image\" content=\"https:\/\/portalararasdenoticias.com.br\/wp-content\/uploads\/2021\/07\/220755150_2700199930279543_755576328530715115_n.jpg\" \/>\n\t<meta property=\"og:image:width\" content=\"554\" \/>\n\t<meta property=\"og:image:height\" content=\"554\" \/>\n\t<meta property=\"og:image:type\" content=\"image\/jpeg\" \/>\n<meta name=\"author\" content=\"Portal Araras de Noticias\" \/>\n<meta name=\"twitter:card\" content=\"summary_large_image\" \/>\n<meta name=\"twitter:label1\" content=\"Escrito por\" \/>\n\t<meta name=\"twitter:data1\" content=\"Portal Araras de Noticias\" \/>\n<script type=\"application\/ld+json\" class=\"yoast-schema-graph\">{\"@context\":\"https:\/\/schema.org\",\"@graph\":[{\"@type\":\"Article\",\"@id\":\"https:\/\/portalararasdenoticias.com.br\/?p=3145#article\",\"isPartOf\":{\"@id\":\"https:\/\/portalararasdenoticias.com.br\/?p=3145\"},\"author\":{\"name\":\"Portal Araras de Noticias\",\"@id\":\"https:\/\/portalararasdenoticias.com.br\/#\/schema\/person\/a6190507efe29dea1049d60d05ed5c0a\"},\"headline\":\"A advogada Patr\u00edcia Pereira da Silva foi agredida por pol\u00edciais e impedida de entrar na 6\u00aa Companhia Interativa Comunit\u00e1ria (Cicom) na Cidade Nova .Manaus\/AM &#8211; A advogada Patr\u00edcia Pereira da Silva foi agredida por policiais, no \u00faltimo domingo (18), por policiais militares ao ser impedida de entrar na 6\u00aa Companhia Interativa Comunit\u00e1ria (Cicom), \u00e9 o que aponta uma den\u00fancia divulgada pela Ordem dos Advogados do Brasil &#8211; Amazonas (OAB-AM), no bairro Adrian\u00f3polis, na Zona Centro-Sul de Manaus.A presidente da OAB-AM Grace Benayon afirmou que a advogada \u201capanhou, foi empurrada, levou um soco, fez exame de corpo de delito e foi atendida em uma unidade hospitalar\u201d. \u201cEla tem marcas no bra\u00e7o que mostram que foi segurada com muita for\u00e7a. O piercing da orelha entrou, devido \u00e0s agress\u00f5es, e deixou a regi\u00e3o inchada\u201d, declarou.A presidente da OAB-AM afirmou disse que o caso foi encaminhado \u00e0 Corregedoria da Secretaria de Seguran\u00e7a P\u00fablica (SSP) e ao Minist\u00e9rio P\u00fablico do Amazonas e que tamb\u00e9m ser\u00e1 apurado pela OAB. \u201cO caso chegou \u00e0 OAB ontem. \u00c9 um absurdo, \u00e9 revoltante\u201d, disse a presidente da Ordem.\",\"datePublished\":\"2021-07-27T01:03:08+00:00\",\"dateModified\":\"2025-03-24T11:59:42+00:00\",\"mainEntityOfPage\":{\"@id\":\"https:\/\/portalararasdenoticias.com.br\/?p=3145\"},\"wordCount\":190,\"commentCount\":0,\"image\":{\"@id\":\"https:\/\/portalararasdenoticias.com.br\/?p=3145#primaryimage\"},\"thumbnailUrl\":\"https:\/\/portalararasdenoticias.com.br\/wp-content\/uploads\/2021\/07\/220755150_2700199930279543_755576328530715115_n.jpg\",\"inLanguage\":\"pt-BR\",\"potentialAction\":[{\"@type\":\"CommentAction\",\"name\":\"Comment\",\"target\":[\"https:\/\/portalararasdenoticias.com.br\/?p=3145#respond\"]}]},{\"@type\":\"WebPage\",\"@id\":\"https:\/\/portalararasdenoticias.com.br\/?p=3145\",\"url\":\"https:\/\/portalararasdenoticias.com.br\/?p=3145\",\"name\":\"A advogada Patr\u00edcia Pereira da Silva foi agredida por pol\u00edciais e impedida de entrar na 6\u00aa Companhia Interativa Comunit\u00e1ria (Cicom) na Cidade Nova .Manaus\/AM - A advogada Patr\u00edcia Pereira da Silva foi agredida por policiais, no \u00faltimo domingo (18), por policiais militares ao ser impedida de entrar na 6\u00aa Companhia Interativa Comunit\u00e1ria (Cicom), \u00e9 o que aponta uma den\u00fancia divulgada pela Ordem dos Advogados do Brasil - Amazonas (OAB-AM), no bairro Adrian\u00f3polis, na Zona Centro-Sul de Manaus.A presidente da OAB-AM Grace Benayon afirmou que a advogada \u201capanhou, foi empurrada, levou um soco, fez exame de corpo de delito e foi atendida em uma unidade hospitalar\u201d. \u201cEla tem marcas no bra\u00e7o que mostram que foi segurada com muita for\u00e7a. O piercing da orelha entrou, devido \u00e0s agress\u00f5es, e deixou a regi\u00e3o inchada\u201d, declarou.A presidente da OAB-AM afirmou disse que o caso foi encaminhado \u00e0 Corregedoria da Secretaria de Seguran\u00e7a P\u00fablica (SSP) e ao Minist\u00e9rio P\u00fablico do Amazonas e que tamb\u00e9m ser\u00e1 apurado pela OAB. \u201cO caso chegou \u00e0 OAB ontem. \u00c9 um absurdo, \u00e9 revoltante\u201d, disse a presidente da Ordem. - Portal Araras de Not\u00edcias\",\"isPartOf\":{\"@id\":\"https:\/\/portalararasdenoticias.com.br\/#website\"},\"primaryImageOfPage\":{\"@id\":\"https:\/\/portalararasdenoticias.com.br\/?p=3145#primaryimage\"},\"image\":{\"@id\":\"https:\/\/portalararasdenoticias.com.br\/?p=3145#primaryimage\"},\"thumbnailUrl\":\"https:\/\/portalararasdenoticias.com.br\/wp-content\/uploads\/2021\/07\/220755150_2700199930279543_755576328530715115_n.jpg\",\"datePublished\":\"2021-07-27T01:03:08+00:00\",\"dateModified\":\"2025-03-24T11:59:42+00:00\",\"author\":{\"@id\":\"https:\/\/portalararasdenoticias.com.br\/#\/schema\/person\/a6190507efe29dea1049d60d05ed5c0a\"},\"breadcrumb\":{\"@id\":\"https:\/\/portalararasdenoticias.com.br\/?p=3145#breadcrumb\"},\"inLanguage\":\"pt-BR\",\"potentialAction\":[{\"@type\":\"ReadAction\",\"target\":[\"https:\/\/portalararasdenoticias.com.br\/?p=3145\"]}]},{\"@type\":\"ImageObject\",\"inLanguage\":\"pt-BR\",\"@id\":\"https:\/\/portalararasdenoticias.com.br\/?p=3145#primaryimage\",\"url\":\"https:\/\/portalararasdenoticias.com.br\/wp-content\/uploads\/2021\/07\/220755150_2700199930279543_755576328530715115_n.jpg\",\"contentUrl\":\"https:\/\/portalararasdenoticias.com.br\/wp-content\/uploads\/2021\/07\/220755150_2700199930279543_755576328530715115_n.jpg\",\"width\":554,\"height\":554},{\"@type\":\"BreadcrumbList\",\"@id\":\"https:\/\/portalararasdenoticias.com.br\/?p=3145#breadcrumb\",\"itemListElement\":[{\"@type\":\"ListItem\",\"position\":1,\"name\":\"In\u00edcio\",\"item\":\"https:\/\/portalararasdenoticias.com.br\/\"},{\"@type\":\"ListItem\",\"position\":2,\"name\":\"A advogada Patr\u00edcia Pereira da Silva foi agredida por pol\u00edciais e impedida de entrar na 6\u00aa Companhia Interativa Comunit\u00e1ria (Cicom) na Cidade Nova .Manaus\/AM &#8211; A advogada Patr\u00edcia Pereira da Silva foi agredida por policiais, no \u00faltimo domingo (18), por policiais militares ao ser impedida de entrar na 6\u00aa Companhia Interativa Comunit\u00e1ria (Cicom), \u00e9 o que aponta uma den\u00fancia divulgada pela Ordem dos Advogados do Brasil &#8211; Amazonas (OAB-AM), no bairro Adrian\u00f3polis, na Zona Centro-Sul de Manaus.A presidente da OAB-AM Grace Benayon afirmou que a advogada \u201capanhou, foi empurrada, levou um soco, fez exame de corpo de delito e foi atendida em uma unidade hospitalar\u201d. \u201cEla tem marcas no bra\u00e7o que mostram que foi segurada com muita for\u00e7a. O piercing da orelha entrou, devido \u00e0s agress\u00f5es, e deixou a regi\u00e3o inchada\u201d, declarou.A presidente da OAB-AM afirmou disse que o caso foi encaminhado \u00e0 Corregedoria da Secretaria de Seguran\u00e7a P\u00fablica (SSP) e ao Minist\u00e9rio P\u00fablico do Amazonas e que tamb\u00e9m ser\u00e1 apurado pela OAB. \u201cO caso chegou \u00e0 OAB ontem. \u00c9 um absurdo, \u00e9 revoltante\u201d, disse a presidente da Ordem.\"}]},{\"@type\":\"WebSite\",\"@id\":\"https:\/\/portalararasdenoticias.com.br\/#website\",\"url\":\"https:\/\/portalararasdenoticias.com.br\/\",\"name\":\"Portal Araras de Not\u00edcias\",\"description\":\"O Seu Portal de Not\u00edcias\",\"potentialAction\":[{\"@type\":\"SearchAction\",\"target\":{\"@type\":\"EntryPoint\",\"urlTemplate\":\"https:\/\/portalararasdenoticias.com.br\/?s={search_term_string}\"},\"query-input\":{\"@type\":\"PropertyValueSpecification\",\"valueRequired\":true,\"valueName\":\"search_term_string\"}}],\"inLanguage\":\"pt-BR\"},{\"@type\":\"Person\",\"@id\":\"https:\/\/portalararasdenoticias.com.br\/#\/schema\/person\/a6190507efe29dea1049d60d05ed5c0a\",\"name\":\"Portal Araras de Noticias\",\"image\":{\"@type\":\"ImageObject\",\"inLanguage\":\"pt-BR\",\"@id\":\"https:\/\/portalararasdenoticias.com.br\/#\/schema\/person\/image\/\",\"url\":\"https:\/\/secure.gravatar.com\/avatar\/4df7c42bc08e78bc9b6e13086fafc161bdf01220657cd93de3d828ab6c60d469?s=96&d=mm&r=g\",\"contentUrl\":\"https:\/\/secure.gravatar.com\/avatar\/4df7c42bc08e78bc9b6e13086fafc161bdf01220657cd93de3d828ab6c60d469?s=96&d=mm&r=g\",\"caption\":\"Portal Araras de Noticias\"},\"sameAs\":[\"https:\/\/portalararasdenoticias.com.br\/\"],\"url\":\"https:\/\/portalararasdenoticias.com.br\/?author=5\"}]}<\/script>\n<!-- \/ Yoast SEO plugin. -->","yoast_head_json":{"title":"A advogada Patr\u00edcia Pereira da Silva foi agredida por pol\u00edciais e impedida de entrar na 6\u00aa Companhia Interativa Comunit\u00e1ria (Cicom) na Cidade Nova .Manaus\/AM - A advogada Patr\u00edcia Pereira da Silva foi agredida por policiais, no \u00faltimo domingo (18), por policiais militares ao ser impedida de entrar na 6\u00aa Companhia Interativa Comunit\u00e1ria (Cicom), \u00e9 o que aponta uma den\u00fancia divulgada pela Ordem dos Advogados do Brasil - Amazonas (OAB-AM), no bairro Adrian\u00f3polis, na Zona Centro-Sul de Manaus.A presidente da OAB-AM Grace Benayon afirmou que a advogada \u201capanhou, foi empurrada, levou um soco, fez exame de corpo de delito e foi atendida em uma unidade hospitalar\u201d. \u201cEla tem marcas no bra\u00e7o que mostram que foi segurada com muita for\u00e7a. O piercing da orelha entrou, devido \u00e0s agress\u00f5es, e deixou a regi\u00e3o inchada\u201d, declarou.A presidente da OAB-AM afirmou disse que o caso foi encaminhado \u00e0 Corregedoria da Secretaria de Seguran\u00e7a P\u00fablica (SSP) e ao Minist\u00e9rio P\u00fablico do Amazonas e que tamb\u00e9m ser\u00e1 apurado pela OAB. \u201cO caso chegou \u00e0 OAB ontem. \u00c9 um absurdo, \u00e9 revoltante\u201d, disse a presidente da Ordem. - Portal Araras de Not\u00edcias","robots":{"index":"index","follow":"follow","max-snippet":"max-snippet:-1","max-image-preview":"max-image-preview:large","max-video-preview":"max-video-preview:-1"},"canonical":"https:\/\/portalararasdenoticias.com.br\/?p=3145","og_locale":"pt_BR","og_type":"article","og_title":"A advogada Patr\u00edcia Pereira da Silva foi agredida por pol\u00edciais e impedida de entrar na 6\u00aa Companhia Interativa Comunit\u00e1ria (Cicom) na Cidade Nova .Manaus\/AM - A advogada Patr\u00edcia Pereira da Silva foi agredida por policiais, no \u00faltimo domingo (18), por policiais militares ao ser impedida de entrar na 6\u00aa Companhia Interativa Comunit\u00e1ria (Cicom), \u00e9 o que aponta uma den\u00fancia divulgada pela Ordem dos Advogados do Brasil - Amazonas (OAB-AM), no bairro Adrian\u00f3polis, na Zona Centro-Sul de Manaus.A presidente da OAB-AM Grace Benayon afirmou que a advogada \u201capanhou, foi empurrada, levou um soco, fez exame de corpo de delito e foi atendida em uma unidade hospitalar\u201d. \u201cEla tem marcas no bra\u00e7o que mostram que foi segurada com muita for\u00e7a. O piercing da orelha entrou, devido \u00e0s agress\u00f5es, e deixou a regi\u00e3o inchada\u201d, declarou.A presidente da OAB-AM afirmou disse que o caso foi encaminhado \u00e0 Corregedoria da Secretaria de Seguran\u00e7a P\u00fablica (SSP) e ao Minist\u00e9rio P\u00fablico do Amazonas e que tamb\u00e9m ser\u00e1 apurado pela OAB. \u201cO caso chegou \u00e0 OAB ontem. \u00c9 um absurdo, \u00e9 revoltante\u201d, disse a presidente da Ordem. - Portal Araras de Not\u00edcias","og_url":"https:\/\/portalararasdenoticias.com.br\/?p=3145","og_site_name":"Portal Araras de Not\u00edcias","article_published_time":"2021-07-27T01:03:08+00:00","article_modified_time":"2025-03-24T11:59:42+00:00","og_image":[{"width":554,"height":554,"url":"https:\/\/portalararasdenoticias.com.br\/wp-content\/uploads\/2021\/07\/220755150_2700199930279543_755576328530715115_n.jpg","type":"image\/jpeg"}],"author":"Portal Araras de Noticias","twitter_card":"summary_large_image","twitter_misc":{"Escrito por":"Portal Araras de Noticias"},"schema":{"@context":"https:\/\/schema.org","@graph":[{"@type":"Article","@id":"https:\/\/portalararasdenoticias.com.br\/?p=3145#article","isPartOf":{"@id":"https:\/\/portalararasdenoticias.com.br\/?p=3145"},"author":{"name":"Portal Araras de Noticias","@id":"https:\/\/portalararasdenoticias.com.br\/#\/schema\/person\/a6190507efe29dea1049d60d05ed5c0a"},"headline":"A advogada Patr\u00edcia Pereira da Silva foi agredida por pol\u00edciais e impedida de entrar na 6\u00aa Companhia Interativa Comunit\u00e1ria (Cicom) na Cidade Nova .Manaus\/AM &#8211; A advogada Patr\u00edcia Pereira da Silva foi agredida por policiais, no \u00faltimo domingo (18), por policiais militares ao ser impedida de entrar na 6\u00aa Companhia Interativa Comunit\u00e1ria (Cicom), \u00e9 o que aponta uma den\u00fancia divulgada pela Ordem dos Advogados do Brasil &#8211; Amazonas (OAB-AM), no bairro Adrian\u00f3polis, na Zona Centro-Sul de Manaus.A presidente da OAB-AM Grace Benayon afirmou que a advogada \u201capanhou, foi empurrada, levou um soco, fez exame de corpo de delito e foi atendida em uma unidade hospitalar\u201d. \u201cEla tem marcas no bra\u00e7o que mostram que foi segurada com muita for\u00e7a. O piercing da orelha entrou, devido \u00e0s agress\u00f5es, e deixou a regi\u00e3o inchada\u201d, declarou.A presidente da OAB-AM afirmou disse que o caso foi encaminhado \u00e0 Corregedoria da Secretaria de Seguran\u00e7a P\u00fablica (SSP) e ao Minist\u00e9rio P\u00fablico do Amazonas e que tamb\u00e9m ser\u00e1 apurado pela OAB. \u201cO caso chegou \u00e0 OAB ontem. \u00c9 um absurdo, \u00e9 revoltante\u201d, disse a presidente da Ordem.","datePublished":"2021-07-27T01:03:08+00:00","dateModified":"2025-03-24T11:59:42+00:00","mainEntityOfPage":{"@id":"https:\/\/portalararasdenoticias.com.br\/?p=3145"},"wordCount":190,"commentCount":0,"image":{"@id":"https:\/\/portalararasdenoticias.com.br\/?p=3145#primaryimage"},"thumbnailUrl":"https:\/\/portalararasdenoticias.com.br\/wp-content\/uploads\/2021\/07\/220755150_2700199930279543_755576328530715115_n.jpg","inLanguage":"pt-BR","potentialAction":[{"@type":"CommentAction","name":"Comment","target":["https:\/\/portalararasdenoticias.com.br\/?p=3145#respond"]}]},{"@type":"WebPage","@id":"https:\/\/portalararasdenoticias.com.br\/?p=3145","url":"https:\/\/portalararasdenoticias.com.br\/?p=3145","name":"A advogada Patr\u00edcia Pereira da Silva foi agredida por pol\u00edciais e impedida de entrar na 6\u00aa Companhia Interativa Comunit\u00e1ria (Cicom) na Cidade Nova .Manaus\/AM - A advogada Patr\u00edcia Pereira da Silva foi agredida por policiais, no \u00faltimo domingo (18), por policiais militares ao ser impedida de entrar na 6\u00aa Companhia Interativa Comunit\u00e1ria (Cicom), \u00e9 o que aponta uma den\u00fancia divulgada pela Ordem dos Advogados do Brasil - Amazonas (OAB-AM), no bairro Adrian\u00f3polis, na Zona Centro-Sul de Manaus.A presidente da OAB-AM Grace Benayon afirmou que a advogada \u201capanhou, foi empurrada, levou um soco, fez exame de corpo de delito e foi atendida em uma unidade hospitalar\u201d. \u201cEla tem marcas no bra\u00e7o que mostram que foi segurada com muita for\u00e7a. O piercing da orelha entrou, devido \u00e0s agress\u00f5es, e deixou a regi\u00e3o inchada\u201d, declarou.A presidente da OAB-AM afirmou disse que o caso foi encaminhado \u00e0 Corregedoria da Secretaria de Seguran\u00e7a P\u00fablica (SSP) e ao Minist\u00e9rio P\u00fablico do Amazonas e que tamb\u00e9m ser\u00e1 apurado pela OAB. \u201cO caso chegou \u00e0 OAB ontem. \u00c9 um absurdo, \u00e9 revoltante\u201d, disse a presidente da Ordem. - Portal Araras de Not\u00edcias","isPartOf":{"@id":"https:\/\/portalararasdenoticias.com.br\/#website"},"primaryImageOfPage":{"@id":"https:\/\/portalararasdenoticias.com.br\/?p=3145#primaryimage"},"image":{"@id":"https:\/\/portalararasdenoticias.com.br\/?p=3145#primaryimage"},"thumbnailUrl":"https:\/\/portalararasdenoticias.com.br\/wp-content\/uploads\/2021\/07\/220755150_2700199930279543_755576328530715115_n.jpg","datePublished":"2021-07-27T01:03:08+00:00","dateModified":"2025-03-24T11:59:42+00:00","author":{"@id":"https:\/\/portalararasdenoticias.com.br\/#\/schema\/person\/a6190507efe29dea1049d60d05ed5c0a"},"breadcrumb":{"@id":"https:\/\/portalararasdenoticias.com.br\/?p=3145#breadcrumb"},"inLanguage":"pt-BR","potentialAction":[{"@type":"ReadAction","target":["https:\/\/portalararasdenoticias.com.br\/?p=3145"]}]},{"@type":"ImageObject","inLanguage":"pt-BR","@id":"https:\/\/portalararasdenoticias.com.br\/?p=3145#primaryimage","url":"https:\/\/portalararasdenoticias.com.br\/wp-content\/uploads\/2021\/07\/220755150_2700199930279543_755576328530715115_n.jpg","contentUrl":"https:\/\/portalararasdenoticias.com.br\/wp-content\/uploads\/2021\/07\/220755150_2700199930279543_755576328530715115_n.jpg","width":554,"height":554},{"@type":"BreadcrumbList","@id":"https:\/\/portalararasdenoticias.com.br\/?p=3145#breadcrumb","itemListElement":[{"@type":"ListItem","position":1,"name":"In\u00edcio","item":"https:\/\/portalararasdenoticias.com.br\/"},{"@type":"ListItem","position":2,"name":"A advogada Patr\u00edcia Pereira da Silva foi agredida por pol\u00edciais e impedida de entrar na 6\u00aa Companhia Interativa Comunit\u00e1ria (Cicom) na Cidade Nova .Manaus\/AM &#8211; A advogada Patr\u00edcia Pereira da Silva foi agredida por policiais, no \u00faltimo domingo (18), por policiais militares ao ser impedida de entrar na 6\u00aa Companhia Interativa Comunit\u00e1ria (Cicom), \u00e9 o que aponta uma den\u00fancia divulgada pela Ordem dos Advogados do Brasil &#8211; Amazonas (OAB-AM), no bairro Adrian\u00f3polis, na Zona Centro-Sul de Manaus.A presidente da OAB-AM Grace Benayon afirmou que a advogada \u201capanhou, foi empurrada, levou um soco, fez exame de corpo de delito e foi atendida em uma unidade hospitalar\u201d. \u201cEla tem marcas no bra\u00e7o que mostram que foi segurada com muita for\u00e7a. O piercing da orelha entrou, devido \u00e0s agress\u00f5es, e deixou a regi\u00e3o inchada\u201d, declarou.A presidente da OAB-AM afirmou disse que o caso foi encaminhado \u00e0 Corregedoria da Secretaria de Seguran\u00e7a P\u00fablica (SSP) e ao Minist\u00e9rio P\u00fablico do Amazonas e que tamb\u00e9m ser\u00e1 apurado pela OAB. \u201cO caso chegou \u00e0 OAB ontem. \u00c9 um absurdo, \u00e9 revoltante\u201d, disse a presidente da Ordem."}]},{"@type":"WebSite","@id":"https:\/\/portalararasdenoticias.com.br\/#website","url":"https:\/\/portalararasdenoticias.com.br\/","name":"Portal Araras de Not\u00edcias","description":"O Seu Portal de Not\u00edcias","potentialAction":[{"@type":"SearchAction","target":{"@type":"EntryPoint","urlTemplate":"https:\/\/portalararasdenoticias.com.br\/?s={search_term_string}"},"query-input":{"@type":"PropertyValueSpecification","valueRequired":true,"valueName":"search_term_string"}}],"inLanguage":"pt-BR"},{"@type":"Person","@id":"https:\/\/portalararasdenoticias.com.br\/#\/schema\/person\/a6190507efe29dea1049d60d05ed5c0a","name":"Portal Araras de Noticias","image":{"@type":"ImageObject","inLanguage":"pt-BR","@id":"https:\/\/portalararasdenoticias.com.br\/#\/schema\/person\/image\/","url":"https:\/\/secure.gravatar.com\/avatar\/4df7c42bc08e78bc9b6e13086fafc161bdf01220657cd93de3d828ab6c60d469?s=96&d=mm&r=g","contentUrl":"https:\/\/secure.gravatar.com\/avatar\/4df7c42bc08e78bc9b6e13086fafc161bdf01220657cd93de3d828ab6c60d469?s=96&d=mm&r=g","caption":"Portal Araras de Noticias"},"sameAs":["https:\/\/portalararasdenoticias.com.br\/"],"url":"https:\/\/portalararasdenoticias.com.br\/?author=5"}]}},"_links":{"self":[{"href":"https:\/\/portalararasdenoticias.com.br\/index.php?rest_route=\/wp\/v2\/posts\/3145","targetHints":{"allow":["GET"]}}],"collection":[{"href":"https:\/\/portalararasdenoticias.com.br\/index.php?rest_route=\/wp\/v2\/posts"}],"about":[{"href":"https:\/\/portalararasdenoticias.com.br\/index.php?rest_route=\/wp\/v2\/types\/post"}],"author":[{"embeddable":true,"href":"https:\/\/portalararasdenoticias.com.br\/index.php?rest_route=\/wp\/v2\/users\/5"}],"replies":[{"embeddable":true,"href":"https:\/\/portalararasdenoticias.com.br\/index.php?rest_route=%2Fwp%2Fv2%2Fcomments&post=3145"}],"version-history":[{"count":1,"href":"https:\/\/portalararasdenoticias.com.br\/index.php?rest_route=\/wp\/v2\/posts\/3145\/revisions"}],"predecessor-version":[{"id":3147,"href":"https:\/\/portalararasdenoticias.com.br\/index.php?rest_route=\/wp\/v2\/posts\/3145\/revisions\/3147"}],"wp:featuredmedia":[{"embeddable":true,"href":"https:\/\/portalararasdenoticias.com.br\/index.php?rest_route=\/wp\/v2\/media\/3146"}],"wp:attachment":[{"href":"https:\/\/portalararasdenoticias.com.br\/index.php?rest_route=%2Fwp%2Fv2%2Fmedia&parent=3145"}],"wp:term":[{"taxonomy":"category","embeddable":true,"href":"https:\/\/portalararasdenoticias.com.br\/index.php?rest_route=%2Fwp%2Fv2%2Fcategories&post=3145"},{"taxonomy":"post_tag","embeddable":true,"href":"https:\/\/portalararasdenoticias.com.br\/index.php?rest_route=%2Fwp%2Fv2%2Ftags&post=3145"}],"curies":[{"name":"wp","href":"https:\/\/api.w.org\/{rel}","templated":true}]}}