{"id":3204,"date":"2021-07-29T23:42:07","date_gmt":"2021-07-30T02:42:07","guid":{"rendered":"https:\/\/portalararasdenoticias.com.br\/?p=3204"},"modified":"2021-07-29T23:42:57","modified_gmt":"2021-07-30T02:42:57","slug":"e-historico-rebeca-andrade-fica-com-a-prata-na-ginastica-olimpica","status":"publish","type":"post","link":"https:\/\/portalararasdenoticias.com.br\/?p=3204","title":{"rendered":"\u00c9 hist\u00f3rico! Rebeca Andrade fica com a prata na gin\u00e1stica ol\u00edmpica."},"content":{"rendered":"\n<p>\u00c9 hist\u00f3rico, \u00e9 p\u00f3dio para o Brasil! Ap\u00f3s uma brilhante apresenta\u00e7\u00e3o, Rebeca Andrade se torna a primeira ginasta brasileira a vencer uma medalha em Olimp\u00edadas. Ela ficou em segundo e finalizou a competi\u00e7\u00e3o das ginastas mais completas com a prata.<\/p>\n\n\n\n<p>O primeiro exerc\u00edcio da rota\u00e7\u00e3o foi o salto, a especialidade de Rebeca. E ela n\u00e3o decepcionou. Com um movimento limpo, um cheng com uma bela aterrisagem, ela brilhou e recebeu a maior nota, 15.300. Nem mesmo uma puni\u00e7\u00e3o, ap\u00f3s pisar na linha de aterrissagem, que descontou 0.1, impediu que a brasileira vencesse o aparelho. Jade Carey, que substituiu Simone Biles, ficou em segundo com 15.200.<\/p>\n\n\n\n<p>Rebeca tamb\u00e9m estar\u00e1 presente na final do aparelho, que ser\u00e1 disputada no primeiro dia de agosto, \u00e0s 05h.<\/p>\n\n\n\n<figure class=\"wp-block-gallery columns-3 is-cropped wp-block-gallery-1 is-layout-flex wp-block-gallery-is-layout-flex\"><ul class=\"blocks-gallery-grid\"><li class=\"blocks-gallery-item\"><figure><img loading=\"lazy\" decoding=\"async\" width=\"677\" height=\"453\" src=\"https:\/\/portalararasdenoticias.com.br\/wp-content\/uploads\/2021\/07\/217605004_2703157289983807_560158980091571385_n-1.jpg\" alt=\"\" data-id=\"3205\" data-full-url=\"https:\/\/portalararasdenoticias.com.br\/wp-content\/uploads\/2021\/07\/217605004_2703157289983807_560158980091571385_n-1.jpg\" data-link=\"https:\/\/portalararasdenoticias.com.br\/?attachment_id=3205\" class=\"wp-image-3205\" srcset=\"https:\/\/portalararasdenoticias.com.br\/wp-content\/uploads\/2021\/07\/217605004_2703157289983807_560158980091571385_n-1.jpg 677w, https:\/\/portalararasdenoticias.com.br\/wp-content\/uploads\/2021\/07\/217605004_2703157289983807_560158980091571385_n-1-300x201.jpg 300w\" sizes=\"auto, (max-width: 677px) 100vw, 677px\" \/><\/figure><\/li><li class=\"blocks-gallery-item\"><figure><img loading=\"lazy\" decoding=\"async\" width=\"800\" height=\"400\" src=\"https:\/\/portalararasdenoticias.com.br\/wp-content\/uploads\/2021\/07\/226397441_2703157323317137_2183499800671786329_n-1.jpg\" alt=\"\" data-id=\"3206\" data-full-url=\"https:\/\/portalararasdenoticias.com.br\/wp-content\/uploads\/2021\/07\/226397441_2703157323317137_2183499800671786329_n-1.jpg\" data-link=\"https:\/\/portalararasdenoticias.com.br\/?attachment_id=3206\" class=\"wp-image-3206\" srcset=\"https:\/\/portalararasdenoticias.com.br\/wp-content\/uploads\/2021\/07\/226397441_2703157323317137_2183499800671786329_n-1.jpg 800w, https:\/\/portalararasdenoticias.com.br\/wp-content\/uploads\/2021\/07\/226397441_2703157323317137_2183499800671786329_n-1-300x150.jpg 300w, https:\/\/portalararasdenoticias.com.br\/wp-content\/uploads\/2021\/07\/226397441_2703157323317137_2183499800671786329_n-1-768x384.jpg 768w\" sizes=\"auto, (max-width: 800px) 100vw, 800px\" \/><\/figure><\/li><li class=\"blocks-gallery-item\"><figure><img loading=\"lazy\" decoding=\"async\" width=\"414\" height=\"283\" src=\"https:\/\/portalararasdenoticias.com.br\/wp-content\/uploads\/2021\/07\/227546205_2703157356650467_8855270618759711692_n-1.jpg\" alt=\"\" data-id=\"3207\" data-full-url=\"https:\/\/portalararasdenoticias.com.br\/wp-content\/uploads\/2021\/07\/227546205_2703157356650467_8855270618759711692_n-1.jpg\" data-link=\"https:\/\/portalararasdenoticias.com.br\/?attachment_id=3207\" class=\"wp-image-3207\" srcset=\"https:\/\/portalararasdenoticias.com.br\/wp-content\/uploads\/2021\/07\/227546205_2703157356650467_8855270618759711692_n-1.jpg 414w, https:\/\/portalararasdenoticias.com.br\/wp-content\/uploads\/2021\/07\/227546205_2703157356650467_8855270618759711692_n-1-300x205.jpg 300w\" sizes=\"auto, (max-width: 414px) 100vw, 414px\" \/><\/figure><\/li><\/ul><\/figure>\n","protected":false},"excerpt":{"rendered":"<p>\u00c9 hist\u00f3rico, \u00e9 p\u00f3dio para o Brasil! Ap\u00f3s uma brilhante apresenta\u00e7\u00e3o, Rebeca Andrade se torna a primeira ginasta brasileira a vencer uma medalha em Olimp\u00edadas. Ela ficou em segundo e finalizou a competi\u00e7\u00e3o das ginastas mais completas com a prata. O primeiro exerc\u00edcio da rota\u00e7\u00e3o foi o salto, a especialidade de Rebeca. E ela n\u00e3o [&hellip;]<\/p>\n","protected":false},"author":5,"featured_media":3201,"comment_status":"open","ping_status":"open","sticky":false,"template":"","format":"standard","meta":{"footnotes":""},"categories":[34],"tags":[],"class_list":["post-3204","post","type-post","status-publish","format-standard","has-post-thumbnail","hentry","category-jornalismo"],"yoast_head":"<!-- This site is optimized with the Yoast SEO plugin v27.0 - https:\/\/yoast.com\/product\/yoast-seo-wordpress\/ -->\n<title>\u00c9 hist\u00f3rico! Rebeca Andrade fica com a prata na gin\u00e1stica ol\u00edmpica. - Portal Araras de Not\u00edcias<\/title>\n<meta name=\"robots\" content=\"index, follow, max-snippet:-1, max-image-preview:large, max-video-preview:-1\" \/>\n<link rel=\"canonical\" href=\"https:\/\/portalararasdenoticias.com.br\/?p=3204\" \/>\n<meta property=\"og:locale\" content=\"pt_BR\" \/>\n<meta property=\"og:type\" content=\"article\" \/>\n<meta property=\"og:title\" content=\"\u00c9 hist\u00f3rico! Rebeca Andrade fica com a prata na gin\u00e1stica ol\u00edmpica. - Portal Araras de Not\u00edcias\" \/>\n<meta property=\"og:description\" content=\"\u00c9 hist\u00f3rico, \u00e9 p\u00f3dio para o Brasil! Ap\u00f3s uma brilhante apresenta\u00e7\u00e3o, Rebeca Andrade se torna a primeira ginasta brasileira a vencer uma medalha em Olimp\u00edadas. Ela ficou em segundo e finalizou a competi\u00e7\u00e3o das ginastas mais completas com a prata. O primeiro exerc\u00edcio da rota\u00e7\u00e3o foi o salto, a especialidade de Rebeca. E ela n\u00e3o [&hellip;]\" \/>\n<meta property=\"og:url\" content=\"https:\/\/portalararasdenoticias.com.br\/?p=3204\" \/>\n<meta property=\"og:site_name\" content=\"Portal Araras de Not\u00edcias\" \/>\n<meta property=\"article:published_time\" content=\"2021-07-30T02:42:07+00:00\" \/>\n<meta property=\"article:modified_time\" content=\"2021-07-30T02:42:57+00:00\" \/>\n<meta property=\"og:image\" content=\"https:\/\/portalararasdenoticias.com.br\/wp-content\/uploads\/2021\/07\/226397505_2703157246650478_2466336408363720295_n.jpg\" \/>\n\t<meta property=\"og:image:width\" content=\"715\" \/>\n\t<meta property=\"og:image:height\" content=\"429\" \/>\n\t<meta property=\"og:image:type\" content=\"image\/jpeg\" \/>\n<meta name=\"author\" content=\"Portal Araras de Noticias\" \/>\n<meta name=\"twitter:card\" content=\"summary_large_image\" \/>\n<meta name=\"twitter:label1\" content=\"Escrito por\" \/>\n\t<meta name=\"twitter:data1\" content=\"Portal Araras de Noticias\" \/>\n\t<meta name=\"twitter:label2\" content=\"Est. tempo de leitura\" \/>\n\t<meta name=\"twitter:data2\" content=\"1 minuto\" \/>\n<script type=\"application\/ld+json\" class=\"yoast-schema-graph\">{\"@context\":\"https:\/\/schema.org\",\"@graph\":[{\"@type\":\"Article\",\"@id\":\"https:\/\/portalararasdenoticias.com.br\/?p=3204#article\",\"isPartOf\":{\"@id\":\"https:\/\/portalararasdenoticias.com.br\/?p=3204\"},\"author\":{\"name\":\"Portal Araras de Noticias\",\"@id\":\"https:\/\/portalararasdenoticias.com.br\/#\/schema\/person\/a6190507efe29dea1049d60d05ed5c0a\"},\"headline\":\"\u00c9 hist\u00f3rico! Rebeca Andrade fica com a prata na gin\u00e1stica ol\u00edmpica.\",\"datePublished\":\"2021-07-30T02:42:07+00:00\",\"dateModified\":\"2021-07-30T02:42:57+00:00\",\"mainEntityOfPage\":{\"@id\":\"https:\/\/portalararasdenoticias.com.br\/?p=3204\"},\"wordCount\":143,\"commentCount\":0,\"image\":{\"@id\":\"https:\/\/portalararasdenoticias.com.br\/?p=3204#primaryimage\"},\"thumbnailUrl\":\"https:\/\/portalararasdenoticias.com.br\/wp-content\/uploads\/2021\/07\/226397505_2703157246650478_2466336408363720295_n.jpg\",\"articleSection\":[\"jornalismo\"],\"inLanguage\":\"pt-BR\",\"potentialAction\":[{\"@type\":\"CommentAction\",\"name\":\"Comment\",\"target\":[\"https:\/\/portalararasdenoticias.com.br\/?p=3204#respond\"]}]},{\"@type\":\"WebPage\",\"@id\":\"https:\/\/portalararasdenoticias.com.br\/?p=3204\",\"url\":\"https:\/\/portalararasdenoticias.com.br\/?p=3204\",\"name\":\"\u00c9 hist\u00f3rico! Rebeca Andrade fica com a prata na gin\u00e1stica ol\u00edmpica. - Portal Araras de Not\u00edcias\",\"isPartOf\":{\"@id\":\"https:\/\/portalararasdenoticias.com.br\/#website\"},\"primaryImageOfPage\":{\"@id\":\"https:\/\/portalararasdenoticias.com.br\/?p=3204#primaryimage\"},\"image\":{\"@id\":\"https:\/\/portalararasdenoticias.com.br\/?p=3204#primaryimage\"},\"thumbnailUrl\":\"https:\/\/portalararasdenoticias.com.br\/wp-content\/uploads\/2021\/07\/226397505_2703157246650478_2466336408363720295_n.jpg\",\"datePublished\":\"2021-07-30T02:42:07+00:00\",\"dateModified\":\"2021-07-30T02:42:57+00:00\",\"author\":{\"@id\":\"https:\/\/portalararasdenoticias.com.br\/#\/schema\/person\/a6190507efe29dea1049d60d05ed5c0a\"},\"breadcrumb\":{\"@id\":\"https:\/\/portalararasdenoticias.com.br\/?p=3204#breadcrumb\"},\"inLanguage\":\"pt-BR\",\"potentialAction\":[{\"@type\":\"ReadAction\",\"target\":[\"https:\/\/portalararasdenoticias.com.br\/?p=3204\"]}]},{\"@type\":\"ImageObject\",\"inLanguage\":\"pt-BR\",\"@id\":\"https:\/\/portalararasdenoticias.com.br\/?p=3204#primaryimage\",\"url\":\"https:\/\/portalararasdenoticias.com.br\/wp-content\/uploads\/2021\/07\/226397505_2703157246650478_2466336408363720295_n.jpg\",\"contentUrl\":\"https:\/\/portalararasdenoticias.com.br\/wp-content\/uploads\/2021\/07\/226397505_2703157246650478_2466336408363720295_n.jpg\",\"width\":715,\"height\":429},{\"@type\":\"BreadcrumbList\",\"@id\":\"https:\/\/portalararasdenoticias.com.br\/?p=3204#breadcrumb\",\"itemListElement\":[{\"@type\":\"ListItem\",\"position\":1,\"name\":\"In\u00edcio\",\"item\":\"https:\/\/portalararasdenoticias.com.br\/\"},{\"@type\":\"ListItem\",\"position\":2,\"name\":\"\u00c9 hist\u00f3rico! Rebeca Andrade fica com a prata na gin\u00e1stica ol\u00edmpica.\"}]},{\"@type\":\"WebSite\",\"@id\":\"https:\/\/portalararasdenoticias.com.br\/#website\",\"url\":\"https:\/\/portalararasdenoticias.com.br\/\",\"name\":\"Portal Araras de Not\u00edcias\",\"description\":\"O Seu Portal de Not\u00edcias\",\"potentialAction\":[{\"@type\":\"SearchAction\",\"target\":{\"@type\":\"EntryPoint\",\"urlTemplate\":\"https:\/\/portalararasdenoticias.com.br\/?s={search_term_string}\"},\"query-input\":{\"@type\":\"PropertyValueSpecification\",\"valueRequired\":true,\"valueName\":\"search_term_string\"}}],\"inLanguage\":\"pt-BR\"},{\"@type\":\"Person\",\"@id\":\"https:\/\/portalararasdenoticias.com.br\/#\/schema\/person\/a6190507efe29dea1049d60d05ed5c0a\",\"name\":\"Portal Araras de Noticias\",\"image\":{\"@type\":\"ImageObject\",\"inLanguage\":\"pt-BR\",\"@id\":\"https:\/\/portalararasdenoticias.com.br\/#\/schema\/person\/image\/\",\"url\":\"https:\/\/secure.gravatar.com\/avatar\/4df7c42bc08e78bc9b6e13086fafc161bdf01220657cd93de3d828ab6c60d469?s=96&d=mm&r=g\",\"contentUrl\":\"https:\/\/secure.gravatar.com\/avatar\/4df7c42bc08e78bc9b6e13086fafc161bdf01220657cd93de3d828ab6c60d469?s=96&d=mm&r=g\",\"caption\":\"Portal Araras de Noticias\"},\"sameAs\":[\"https:\/\/portalararasdenoticias.com.br\/\"],\"url\":\"https:\/\/portalararasdenoticias.com.br\/?author=5\"}]}<\/script>\n<!-- \/ Yoast SEO plugin. -->","yoast_head_json":{"title":"\u00c9 hist\u00f3rico! Rebeca Andrade fica com a prata na gin\u00e1stica ol\u00edmpica. - Portal Araras de Not\u00edcias","robots":{"index":"index","follow":"follow","max-snippet":"max-snippet:-1","max-image-preview":"max-image-preview:large","max-video-preview":"max-video-preview:-1"},"canonical":"https:\/\/portalararasdenoticias.com.br\/?p=3204","og_locale":"pt_BR","og_type":"article","og_title":"\u00c9 hist\u00f3rico! Rebeca Andrade fica com a prata na gin\u00e1stica ol\u00edmpica. - Portal Araras de Not\u00edcias","og_description":"\u00c9 hist\u00f3rico, \u00e9 p\u00f3dio para o Brasil! Ap\u00f3s uma brilhante apresenta\u00e7\u00e3o, Rebeca Andrade se torna a primeira ginasta brasileira a vencer uma medalha em Olimp\u00edadas. Ela ficou em segundo e finalizou a competi\u00e7\u00e3o das ginastas mais completas com a prata. O primeiro exerc\u00edcio da rota\u00e7\u00e3o foi o salto, a especialidade de Rebeca. E ela n\u00e3o [&hellip;]","og_url":"https:\/\/portalararasdenoticias.com.br\/?p=3204","og_site_name":"Portal Araras de Not\u00edcias","article_published_time":"2021-07-30T02:42:07+00:00","article_modified_time":"2021-07-30T02:42:57+00:00","og_image":[{"width":715,"height":429,"url":"https:\/\/portalararasdenoticias.com.br\/wp-content\/uploads\/2021\/07\/226397505_2703157246650478_2466336408363720295_n.jpg","type":"image\/jpeg"}],"author":"Portal Araras de Noticias","twitter_card":"summary_large_image","twitter_misc":{"Escrito por":"Portal Araras de Noticias","Est. tempo de leitura":"1 minuto"},"schema":{"@context":"https:\/\/schema.org","@graph":[{"@type":"Article","@id":"https:\/\/portalararasdenoticias.com.br\/?p=3204#article","isPartOf":{"@id":"https:\/\/portalararasdenoticias.com.br\/?p=3204"},"author":{"name":"Portal Araras de Noticias","@id":"https:\/\/portalararasdenoticias.com.br\/#\/schema\/person\/a6190507efe29dea1049d60d05ed5c0a"},"headline":"\u00c9 hist\u00f3rico! Rebeca Andrade fica com a prata na gin\u00e1stica ol\u00edmpica.","datePublished":"2021-07-30T02:42:07+00:00","dateModified":"2021-07-30T02:42:57+00:00","mainEntityOfPage":{"@id":"https:\/\/portalararasdenoticias.com.br\/?p=3204"},"wordCount":143,"commentCount":0,"image":{"@id":"https:\/\/portalararasdenoticias.com.br\/?p=3204#primaryimage"},"thumbnailUrl":"https:\/\/portalararasdenoticias.com.br\/wp-content\/uploads\/2021\/07\/226397505_2703157246650478_2466336408363720295_n.jpg","articleSection":["jornalismo"],"inLanguage":"pt-BR","potentialAction":[{"@type":"CommentAction","name":"Comment","target":["https:\/\/portalararasdenoticias.com.br\/?p=3204#respond"]}]},{"@type":"WebPage","@id":"https:\/\/portalararasdenoticias.com.br\/?p=3204","url":"https:\/\/portalararasdenoticias.com.br\/?p=3204","name":"\u00c9 hist\u00f3rico! Rebeca Andrade fica com a prata na gin\u00e1stica ol\u00edmpica. - Portal Araras de Not\u00edcias","isPartOf":{"@id":"https:\/\/portalararasdenoticias.com.br\/#website"},"primaryImageOfPage":{"@id":"https:\/\/portalararasdenoticias.com.br\/?p=3204#primaryimage"},"image":{"@id":"https:\/\/portalararasdenoticias.com.br\/?p=3204#primaryimage"},"thumbnailUrl":"https:\/\/portalararasdenoticias.com.br\/wp-content\/uploads\/2021\/07\/226397505_2703157246650478_2466336408363720295_n.jpg","datePublished":"2021-07-30T02:42:07+00:00","dateModified":"2021-07-30T02:42:57+00:00","author":{"@id":"https:\/\/portalararasdenoticias.com.br\/#\/schema\/person\/a6190507efe29dea1049d60d05ed5c0a"},"breadcrumb":{"@id":"https:\/\/portalararasdenoticias.com.br\/?p=3204#breadcrumb"},"inLanguage":"pt-BR","potentialAction":[{"@type":"ReadAction","target":["https:\/\/portalararasdenoticias.com.br\/?p=3204"]}]},{"@type":"ImageObject","inLanguage":"pt-BR","@id":"https:\/\/portalararasdenoticias.com.br\/?p=3204#primaryimage","url":"https:\/\/portalararasdenoticias.com.br\/wp-content\/uploads\/2021\/07\/226397505_2703157246650478_2466336408363720295_n.jpg","contentUrl":"https:\/\/portalararasdenoticias.com.br\/wp-content\/uploads\/2021\/07\/226397505_2703157246650478_2466336408363720295_n.jpg","width":715,"height":429},{"@type":"BreadcrumbList","@id":"https:\/\/portalararasdenoticias.com.br\/?p=3204#breadcrumb","itemListElement":[{"@type":"ListItem","position":1,"name":"In\u00edcio","item":"https:\/\/portalararasdenoticias.com.br\/"},{"@type":"ListItem","position":2,"name":"\u00c9 hist\u00f3rico! Rebeca Andrade fica com a prata na gin\u00e1stica ol\u00edmpica."}]},{"@type":"WebSite","@id":"https:\/\/portalararasdenoticias.com.br\/#website","url":"https:\/\/portalararasdenoticias.com.br\/","name":"Portal Araras de Not\u00edcias","description":"O Seu Portal de Not\u00edcias","potentialAction":[{"@type":"SearchAction","target":{"@type":"EntryPoint","urlTemplate":"https:\/\/portalararasdenoticias.com.br\/?s={search_term_string}"},"query-input":{"@type":"PropertyValueSpecification","valueRequired":true,"valueName":"search_term_string"}}],"inLanguage":"pt-BR"},{"@type":"Person","@id":"https:\/\/portalararasdenoticias.com.br\/#\/schema\/person\/a6190507efe29dea1049d60d05ed5c0a","name":"Portal Araras de Noticias","image":{"@type":"ImageObject","inLanguage":"pt-BR","@id":"https:\/\/portalararasdenoticias.com.br\/#\/schema\/person\/image\/","url":"https:\/\/secure.gravatar.com\/avatar\/4df7c42bc08e78bc9b6e13086fafc161bdf01220657cd93de3d828ab6c60d469?s=96&d=mm&r=g","contentUrl":"https:\/\/secure.gravatar.com\/avatar\/4df7c42bc08e78bc9b6e13086fafc161bdf01220657cd93de3d828ab6c60d469?s=96&d=mm&r=g","caption":"Portal Araras de Noticias"},"sameAs":["https:\/\/portalararasdenoticias.com.br\/"],"url":"https:\/\/portalararasdenoticias.com.br\/?author=5"}]}},"_links":{"self":[{"href":"https:\/\/portalararasdenoticias.com.br\/index.php?rest_route=\/wp\/v2\/posts\/3204","targetHints":{"allow":["GET"]}}],"collection":[{"href":"https:\/\/portalararasdenoticias.com.br\/index.php?rest_route=\/wp\/v2\/posts"}],"about":[{"href":"https:\/\/portalararasdenoticias.com.br\/index.php?rest_route=\/wp\/v2\/types\/post"}],"author":[{"embeddable":true,"href":"https:\/\/portalararasdenoticias.com.br\/index.php?rest_route=\/wp\/v2\/users\/5"}],"replies":[{"embeddable":true,"href":"https:\/\/portalararasdenoticias.com.br\/index.php?rest_route=%2Fwp%2Fv2%2Fcomments&post=3204"}],"version-history":[{"count":1,"href":"https:\/\/portalararasdenoticias.com.br\/index.php?rest_route=\/wp\/v2\/posts\/3204\/revisions"}],"predecessor-version":[{"id":3208,"href":"https:\/\/portalararasdenoticias.com.br\/index.php?rest_route=\/wp\/v2\/posts\/3204\/revisions\/3208"}],"wp:featuredmedia":[{"embeddable":true,"href":"https:\/\/portalararasdenoticias.com.br\/index.php?rest_route=\/wp\/v2\/media\/3201"}],"wp:attachment":[{"href":"https:\/\/portalararasdenoticias.com.br\/index.php?rest_route=%2Fwp%2Fv2%2Fmedia&parent=3204"}],"wp:term":[{"taxonomy":"category","embeddable":true,"href":"https:\/\/portalararasdenoticias.com.br\/index.php?rest_route=%2Fwp%2Fv2%2Fcategories&post=3204"},{"taxonomy":"post_tag","embeddable":true,"href":"https:\/\/portalararasdenoticias.com.br\/index.php?rest_route=%2Fwp%2Fv2%2Ftags&post=3204"}],"curies":[{"name":"wp","href":"https:\/\/api.w.org\/{rel}","templated":true}]}}