{"id":3252,"date":"2021-08-12T23:58:52","date_gmt":"2021-08-13T02:58:52","guid":{"rendered":"https:\/\/portalararasdenoticias.com.br\/?p=3252"},"modified":"2021-08-12T23:58:52","modified_gmt":"2021-08-13T02:58:52","slug":"em-manaus-adolescente-de-13-anos-se-envolve-com-homem-casado-e-morta-a-tiros","status":"publish","type":"post","link":"https:\/\/portalararasdenoticias.com.br\/?p=3252","title":{"rendered":"Em Manaus, adolescente de 13 anos se envolve com homem casado \u00e9 morta a tiros."},"content":{"rendered":"\n<p>&#8220;Parece que o cara era casado e a fam\u00edlia da menina suspeita que a mulher dele possa ter mandado matar essa jovem&#8221;, disse uma &nbsp;testemunha.<\/p>\n\n\n\n<p><strong>Manaus (AM)<\/strong>&nbsp;&#8211; Uma adolescente de apenas 13 anos anos, foi assassinada a tiros na noite desta quinta-feira (12), na avenida Alphaville Norte, no bairro Novo Aleixo, na Zona Norte de Manaus.<\/p>\n\n\n\n<p>Conforme informa\u00e7\u00f5es repassadas por testemunhas, a jovem havia sa\u00eddo de casa possivelmente acompanhada de um homem casado em uma motocicleta.<\/p>\n\n\n\n<p>&#8220;Parece que o homem era &nbsp;casado e a fam\u00edlia da menina suspeita que a mulher dele possa ter mandado executar a &nbsp;jovem. Aqui \u00e9 uma area muito escura, ningu\u00e9m viu nada&#8221;, informou o tenente Guedelha da 27\u00aa Companhia Interativa Comunit\u00e1ria (Cicom).<\/p>\n\n\n\n<p>O crime ocorreu nas proximidades de uma quadra poliesportiva, onde n\u00e3o h\u00e1 ilumina\u00e7\u00e3o. Uma amiga avisou os familiares sobre o crime.<\/p>\n\n\n\n<p>As circunst\u00e2ncias da execu\u00e7\u00e3o e motiva\u00e7\u00e3o ainda ser\u00e3o investigadas pela equipe da Delegacia Especializada em Homic\u00eddios e Sequestros (DEHS).<\/p>\n\n\n\n<p>A \u00e1rea foi isolada pela Pol\u00edcia Militar para atua\u00e7\u00e3o dos demais \u00f3rg\u00e3os competentes.&nbsp; Familiares est\u00e3o acompanhando a ocorr\u00eancia bastante abalados psicologicamente.<\/p>\n\n\n\n<p>O corpo da jovem passar\u00e1 por per\u00edcia e ser\u00e1 removido pela equipe do Instituto M\u00e9dico Legal (IML).<\/p>\n","protected":false},"excerpt":{"rendered":"<p>&#8220;Parece que o cara era casado e a fam\u00edlia da menina suspeita que a mulher dele possa ter mandado matar essa jovem&#8221;, disse uma &nbsp;testemunha. Manaus (AM)&nbsp;&#8211; Uma adolescente de apenas 13 anos anos, foi assassinada a tiros na noite desta quinta-feira (12), na avenida Alphaville Norte, no bairro Novo Aleixo, na Zona Norte de [&hellip;]<\/p>\n","protected":false},"author":5,"featured_media":3253,"comment_status":"open","ping_status":"open","sticky":true,"template":"","format":"standard","meta":{"footnotes":""},"categories":[34],"tags":[],"class_list":["post-3252","post","type-post","status-publish","format-standard","has-post-thumbnail","hentry","category-jornalismo"],"yoast_head":"<!-- This site is optimized with the Yoast SEO plugin v27.0 - https:\/\/yoast.com\/product\/yoast-seo-wordpress\/ -->\n<title>Em Manaus, adolescente de 13 anos se envolve com homem casado \u00e9 morta a tiros. - Portal Araras de Not\u00edcias<\/title>\n<meta name=\"robots\" content=\"index, follow, max-snippet:-1, max-image-preview:large, max-video-preview:-1\" \/>\n<link rel=\"canonical\" href=\"https:\/\/portalararasdenoticias.com.br\/?p=3252\" \/>\n<meta property=\"og:locale\" content=\"pt_BR\" \/>\n<meta property=\"og:type\" content=\"article\" \/>\n<meta property=\"og:title\" content=\"Em Manaus, adolescente de 13 anos se envolve com homem casado \u00e9 morta a tiros. - Portal Araras de Not\u00edcias\" \/>\n<meta property=\"og:description\" content=\"&#8220;Parece que o cara era casado e a fam\u00edlia da menina suspeita que a mulher dele possa ter mandado matar essa jovem&#8221;, disse uma &nbsp;testemunha. Manaus (AM)&nbsp;&#8211; Uma adolescente de apenas 13 anos anos, foi assassinada a tiros na noite desta quinta-feira (12), na avenida Alphaville Norte, no bairro Novo Aleixo, na Zona Norte de [&hellip;]\" \/>\n<meta property=\"og:url\" content=\"https:\/\/portalararasdenoticias.com.br\/?p=3252\" \/>\n<meta property=\"og:site_name\" content=\"Portal Araras de Not\u00edcias\" \/>\n<meta property=\"article:published_time\" content=\"2021-08-13T02:58:52+00:00\" \/>\n<meta property=\"og:image\" content=\"https:\/\/portalararasdenoticias.com.br\/wp-content\/uploads\/2021\/08\/safe_image.jpg\" \/>\n\t<meta property=\"og:image:width\" content=\"500\" \/>\n\t<meta property=\"og:image:height\" content=\"261\" \/>\n\t<meta property=\"og:image:type\" content=\"image\/jpeg\" \/>\n<meta name=\"author\" content=\"Portal Araras de Noticias\" \/>\n<meta name=\"twitter:card\" content=\"summary_large_image\" \/>\n<meta name=\"twitter:label1\" content=\"Escrito por\" \/>\n\t<meta name=\"twitter:data1\" content=\"Portal Araras de Noticias\" \/>\n\t<meta name=\"twitter:label2\" content=\"Est. tempo de leitura\" \/>\n\t<meta name=\"twitter:data2\" content=\"1 minuto\" \/>\n<script type=\"application\/ld+json\" class=\"yoast-schema-graph\">{\"@context\":\"https:\/\/schema.org\",\"@graph\":[{\"@type\":\"Article\",\"@id\":\"https:\/\/portalararasdenoticias.com.br\/?p=3252#article\",\"isPartOf\":{\"@id\":\"https:\/\/portalararasdenoticias.com.br\/?p=3252\"},\"author\":{\"name\":\"Portal Araras de Noticias\",\"@id\":\"https:\/\/portalararasdenoticias.com.br\/#\/schema\/person\/a6190507efe29dea1049d60d05ed5c0a\"},\"headline\":\"Em Manaus, adolescente de 13 anos se envolve com homem casado \u00e9 morta a tiros.\",\"datePublished\":\"2021-08-13T02:58:52+00:00\",\"mainEntityOfPage\":{\"@id\":\"https:\/\/portalararasdenoticias.com.br\/?p=3252\"},\"wordCount\":230,\"commentCount\":0,\"image\":{\"@id\":\"https:\/\/portalararasdenoticias.com.br\/?p=3252#primaryimage\"},\"thumbnailUrl\":\"https:\/\/portalararasdenoticias.com.br\/wp-content\/uploads\/2021\/08\/safe_image.jpg\",\"articleSection\":[\"jornalismo\"],\"inLanguage\":\"pt-BR\",\"potentialAction\":[{\"@type\":\"CommentAction\",\"name\":\"Comment\",\"target\":[\"https:\/\/portalararasdenoticias.com.br\/?p=3252#respond\"]}]},{\"@type\":\"WebPage\",\"@id\":\"https:\/\/portalararasdenoticias.com.br\/?p=3252\",\"url\":\"https:\/\/portalararasdenoticias.com.br\/?p=3252\",\"name\":\"Em Manaus, adolescente de 13 anos se envolve com homem casado \u00e9 morta a tiros. - Portal Araras de Not\u00edcias\",\"isPartOf\":{\"@id\":\"https:\/\/portalararasdenoticias.com.br\/#website\"},\"primaryImageOfPage\":{\"@id\":\"https:\/\/portalararasdenoticias.com.br\/?p=3252#primaryimage\"},\"image\":{\"@id\":\"https:\/\/portalararasdenoticias.com.br\/?p=3252#primaryimage\"},\"thumbnailUrl\":\"https:\/\/portalararasdenoticias.com.br\/wp-content\/uploads\/2021\/08\/safe_image.jpg\",\"datePublished\":\"2021-08-13T02:58:52+00:00\",\"author\":{\"@id\":\"https:\/\/portalararasdenoticias.com.br\/#\/schema\/person\/a6190507efe29dea1049d60d05ed5c0a\"},\"breadcrumb\":{\"@id\":\"https:\/\/portalararasdenoticias.com.br\/?p=3252#breadcrumb\"},\"inLanguage\":\"pt-BR\",\"potentialAction\":[{\"@type\":\"ReadAction\",\"target\":[\"https:\/\/portalararasdenoticias.com.br\/?p=3252\"]}]},{\"@type\":\"ImageObject\",\"inLanguage\":\"pt-BR\",\"@id\":\"https:\/\/portalararasdenoticias.com.br\/?p=3252#primaryimage\",\"url\":\"https:\/\/portalararasdenoticias.com.br\/wp-content\/uploads\/2021\/08\/safe_image.jpg\",\"contentUrl\":\"https:\/\/portalararasdenoticias.com.br\/wp-content\/uploads\/2021\/08\/safe_image.jpg\",\"width\":500,\"height\":261},{\"@type\":\"BreadcrumbList\",\"@id\":\"https:\/\/portalararasdenoticias.com.br\/?p=3252#breadcrumb\",\"itemListElement\":[{\"@type\":\"ListItem\",\"position\":1,\"name\":\"In\u00edcio\",\"item\":\"https:\/\/portalararasdenoticias.com.br\/\"},{\"@type\":\"ListItem\",\"position\":2,\"name\":\"Em Manaus, adolescente de 13 anos se envolve com homem casado \u00e9 morta a tiros.\"}]},{\"@type\":\"WebSite\",\"@id\":\"https:\/\/portalararasdenoticias.com.br\/#website\",\"url\":\"https:\/\/portalararasdenoticias.com.br\/\",\"name\":\"Portal Araras de Not\u00edcias\",\"description\":\"O Seu Portal de Not\u00edcias\",\"potentialAction\":[{\"@type\":\"SearchAction\",\"target\":{\"@type\":\"EntryPoint\",\"urlTemplate\":\"https:\/\/portalararasdenoticias.com.br\/?s={search_term_string}\"},\"query-input\":{\"@type\":\"PropertyValueSpecification\",\"valueRequired\":true,\"valueName\":\"search_term_string\"}}],\"inLanguage\":\"pt-BR\"},{\"@type\":\"Person\",\"@id\":\"https:\/\/portalararasdenoticias.com.br\/#\/schema\/person\/a6190507efe29dea1049d60d05ed5c0a\",\"name\":\"Portal Araras de Noticias\",\"image\":{\"@type\":\"ImageObject\",\"inLanguage\":\"pt-BR\",\"@id\":\"https:\/\/portalararasdenoticias.com.br\/#\/schema\/person\/image\/\",\"url\":\"https:\/\/secure.gravatar.com\/avatar\/4df7c42bc08e78bc9b6e13086fafc161bdf01220657cd93de3d828ab6c60d469?s=96&d=mm&r=g\",\"contentUrl\":\"https:\/\/secure.gravatar.com\/avatar\/4df7c42bc08e78bc9b6e13086fafc161bdf01220657cd93de3d828ab6c60d469?s=96&d=mm&r=g\",\"caption\":\"Portal Araras de Noticias\"},\"sameAs\":[\"https:\/\/portalararasdenoticias.com.br\/\"],\"url\":\"https:\/\/portalararasdenoticias.com.br\/?author=5\"}]}<\/script>\n<!-- \/ Yoast SEO plugin. -->","yoast_head_json":{"title":"Em Manaus, adolescente de 13 anos se envolve com homem casado \u00e9 morta a tiros. - Portal Araras de Not\u00edcias","robots":{"index":"index","follow":"follow","max-snippet":"max-snippet:-1","max-image-preview":"max-image-preview:large","max-video-preview":"max-video-preview:-1"},"canonical":"https:\/\/portalararasdenoticias.com.br\/?p=3252","og_locale":"pt_BR","og_type":"article","og_title":"Em Manaus, adolescente de 13 anos se envolve com homem casado \u00e9 morta a tiros. - Portal Araras de Not\u00edcias","og_description":"&#8220;Parece que o cara era casado e a fam\u00edlia da menina suspeita que a mulher dele possa ter mandado matar essa jovem&#8221;, disse uma &nbsp;testemunha. Manaus (AM)&nbsp;&#8211; Uma adolescente de apenas 13 anos anos, foi assassinada a tiros na noite desta quinta-feira (12), na avenida Alphaville Norte, no bairro Novo Aleixo, na Zona Norte de [&hellip;]","og_url":"https:\/\/portalararasdenoticias.com.br\/?p=3252","og_site_name":"Portal Araras de Not\u00edcias","article_published_time":"2021-08-13T02:58:52+00:00","og_image":[{"width":500,"height":261,"url":"https:\/\/portalararasdenoticias.com.br\/wp-content\/uploads\/2021\/08\/safe_image.jpg","type":"image\/jpeg"}],"author":"Portal Araras de Noticias","twitter_card":"summary_large_image","twitter_misc":{"Escrito por":"Portal Araras de Noticias","Est. tempo de leitura":"1 minuto"},"schema":{"@context":"https:\/\/schema.org","@graph":[{"@type":"Article","@id":"https:\/\/portalararasdenoticias.com.br\/?p=3252#article","isPartOf":{"@id":"https:\/\/portalararasdenoticias.com.br\/?p=3252"},"author":{"name":"Portal Araras de Noticias","@id":"https:\/\/portalararasdenoticias.com.br\/#\/schema\/person\/a6190507efe29dea1049d60d05ed5c0a"},"headline":"Em Manaus, adolescente de 13 anos se envolve com homem casado \u00e9 morta a tiros.","datePublished":"2021-08-13T02:58:52+00:00","mainEntityOfPage":{"@id":"https:\/\/portalararasdenoticias.com.br\/?p=3252"},"wordCount":230,"commentCount":0,"image":{"@id":"https:\/\/portalararasdenoticias.com.br\/?p=3252#primaryimage"},"thumbnailUrl":"https:\/\/portalararasdenoticias.com.br\/wp-content\/uploads\/2021\/08\/safe_image.jpg","articleSection":["jornalismo"],"inLanguage":"pt-BR","potentialAction":[{"@type":"CommentAction","name":"Comment","target":["https:\/\/portalararasdenoticias.com.br\/?p=3252#respond"]}]},{"@type":"WebPage","@id":"https:\/\/portalararasdenoticias.com.br\/?p=3252","url":"https:\/\/portalararasdenoticias.com.br\/?p=3252","name":"Em Manaus, adolescente de 13 anos se envolve com homem casado \u00e9 morta a tiros. - Portal Araras de Not\u00edcias","isPartOf":{"@id":"https:\/\/portalararasdenoticias.com.br\/#website"},"primaryImageOfPage":{"@id":"https:\/\/portalararasdenoticias.com.br\/?p=3252#primaryimage"},"image":{"@id":"https:\/\/portalararasdenoticias.com.br\/?p=3252#primaryimage"},"thumbnailUrl":"https:\/\/portalararasdenoticias.com.br\/wp-content\/uploads\/2021\/08\/safe_image.jpg","datePublished":"2021-08-13T02:58:52+00:00","author":{"@id":"https:\/\/portalararasdenoticias.com.br\/#\/schema\/person\/a6190507efe29dea1049d60d05ed5c0a"},"breadcrumb":{"@id":"https:\/\/portalararasdenoticias.com.br\/?p=3252#breadcrumb"},"inLanguage":"pt-BR","potentialAction":[{"@type":"ReadAction","target":["https:\/\/portalararasdenoticias.com.br\/?p=3252"]}]},{"@type":"ImageObject","inLanguage":"pt-BR","@id":"https:\/\/portalararasdenoticias.com.br\/?p=3252#primaryimage","url":"https:\/\/portalararasdenoticias.com.br\/wp-content\/uploads\/2021\/08\/safe_image.jpg","contentUrl":"https:\/\/portalararasdenoticias.com.br\/wp-content\/uploads\/2021\/08\/safe_image.jpg","width":500,"height":261},{"@type":"BreadcrumbList","@id":"https:\/\/portalararasdenoticias.com.br\/?p=3252#breadcrumb","itemListElement":[{"@type":"ListItem","position":1,"name":"In\u00edcio","item":"https:\/\/portalararasdenoticias.com.br\/"},{"@type":"ListItem","position":2,"name":"Em Manaus, adolescente de 13 anos se envolve com homem casado \u00e9 morta a tiros."}]},{"@type":"WebSite","@id":"https:\/\/portalararasdenoticias.com.br\/#website","url":"https:\/\/portalararasdenoticias.com.br\/","name":"Portal Araras de Not\u00edcias","description":"O Seu Portal de Not\u00edcias","potentialAction":[{"@type":"SearchAction","target":{"@type":"EntryPoint","urlTemplate":"https:\/\/portalararasdenoticias.com.br\/?s={search_term_string}"},"query-input":{"@type":"PropertyValueSpecification","valueRequired":true,"valueName":"search_term_string"}}],"inLanguage":"pt-BR"},{"@type":"Person","@id":"https:\/\/portalararasdenoticias.com.br\/#\/schema\/person\/a6190507efe29dea1049d60d05ed5c0a","name":"Portal Araras de Noticias","image":{"@type":"ImageObject","inLanguage":"pt-BR","@id":"https:\/\/portalararasdenoticias.com.br\/#\/schema\/person\/image\/","url":"https:\/\/secure.gravatar.com\/avatar\/4df7c42bc08e78bc9b6e13086fafc161bdf01220657cd93de3d828ab6c60d469?s=96&d=mm&r=g","contentUrl":"https:\/\/secure.gravatar.com\/avatar\/4df7c42bc08e78bc9b6e13086fafc161bdf01220657cd93de3d828ab6c60d469?s=96&d=mm&r=g","caption":"Portal Araras de Noticias"},"sameAs":["https:\/\/portalararasdenoticias.com.br\/"],"url":"https:\/\/portalararasdenoticias.com.br\/?author=5"}]}},"_links":{"self":[{"href":"https:\/\/portalararasdenoticias.com.br\/index.php?rest_route=\/wp\/v2\/posts\/3252","targetHints":{"allow":["GET"]}}],"collection":[{"href":"https:\/\/portalararasdenoticias.com.br\/index.php?rest_route=\/wp\/v2\/posts"}],"about":[{"href":"https:\/\/portalararasdenoticias.com.br\/index.php?rest_route=\/wp\/v2\/types\/post"}],"author":[{"embeddable":true,"href":"https:\/\/portalararasdenoticias.com.br\/index.php?rest_route=\/wp\/v2\/users\/5"}],"replies":[{"embeddable":true,"href":"https:\/\/portalararasdenoticias.com.br\/index.php?rest_route=%2Fwp%2Fv2%2Fcomments&post=3252"}],"version-history":[{"count":1,"href":"https:\/\/portalararasdenoticias.com.br\/index.php?rest_route=\/wp\/v2\/posts\/3252\/revisions"}],"predecessor-version":[{"id":3254,"href":"https:\/\/portalararasdenoticias.com.br\/index.php?rest_route=\/wp\/v2\/posts\/3252\/revisions\/3254"}],"wp:featuredmedia":[{"embeddable":true,"href":"https:\/\/portalararasdenoticias.com.br\/index.php?rest_route=\/wp\/v2\/media\/3253"}],"wp:attachment":[{"href":"https:\/\/portalararasdenoticias.com.br\/index.php?rest_route=%2Fwp%2Fv2%2Fmedia&parent=3252"}],"wp:term":[{"taxonomy":"category","embeddable":true,"href":"https:\/\/portalararasdenoticias.com.br\/index.php?rest_route=%2Fwp%2Fv2%2Fcategories&post=3252"},{"taxonomy":"post_tag","embeddable":true,"href":"https:\/\/portalararasdenoticias.com.br\/index.php?rest_route=%2Fwp%2Fv2%2Ftags&post=3252"}],"curies":[{"name":"wp","href":"https:\/\/api.w.org\/{rel}","templated":true}]}}