{"id":3259,"date":"2021-08-13T20:08:35","date_gmt":"2021-08-13T23:08:35","guid":{"rendered":"https:\/\/portalararasdenoticias.com.br\/?p=3259"},"modified":"2021-08-13T20:08:37","modified_gmt":"2021-08-13T23:08:37","slug":"tio-de-lorhana-revela-detalhes-do-assassinato-da-sobrinha-de-13-anos-em-manaus","status":"publish","type":"post","link":"https:\/\/portalararasdenoticias.com.br\/?p=3259","title":{"rendered":"Tio de Lorhana revela detalhes do assassinato da sobrinha de 13 anos em Manaus."},"content":{"rendered":"\n<p>A fam\u00edlia acredita que o principal suspeito pelo crime tenha sido um homem casado com quem Lorhana tinha um envolvimento amoroso.<\/p>\n\n\n\n<p><strong>MANAUS &#8211;<\/strong>&nbsp;A fam\u00edlia da adolescente Lorhana Vicente da Silva, de 13 anos, assassinada a&nbsp;tiros na noite de quinta-feira (12), est\u00e1 desolada com a perda da menina e releva detalhes do crime, al\u00e9m de apontar um suspeito. A v\u00edtima morreu na&nbsp;avenida Alphaville Norte, no bairro Novo Aleixo, na zona Norte de Manaus.<\/p>\n\n\n\n<p>O principal suspeito do crime \u00e9 um homem identificado como &#8220;Cleber&#8221;, com quem Lorhana tinha um relacionamento amoroso. Ele \u00e9 casado e a esposa tamb\u00e9m \u00e9 suspeita de participa\u00e7\u00e3o no homic\u00eddio.&nbsp;<\/p>\n\n\n\n<p>Em entrevista a um portal local, o tio da v\u00edtima, que n\u00e3o quis se identificar, afirmou em frente ao Instituto M\u00e9dico Legal (IML), que a menina era uma crian\u00e7a e teve os sonhos destru\u00eddos por ter se envolvido com um homem casado<\/p>\n\n\n\n<p>&#8220;Ela era uma crian\u00e7a de apenas 13 anos, que perdeu o direito de viver devido esse homem ter entrado na vida dela. Eles se conheceram no Facebook e ele havia prometido muitas coisas para ela. E como uma crian\u00e7a, estudava, tinha o grande sonho de ajudar a m\u00e3e dela. Viajar para Florian\u00f3polis. Ela falava para gente que um dia tudo isso ia acabar, que um dia ela ia terminar os estudos, ia se formar&#8221;, conta o tio em l\u00e1grimas.<\/p>\n\n\n\n<p>O tio ainda conta que a sobrinha havia passado minutos antes do crime em frente \u00e0 casa dele, junto com &#8220;Cleber&#8221; e em seguida a fatalidade aconteceu. Lorhana iria tirar a carteira de identidade nesta sexta (13).<\/p>\n\n\n\n<p>Emocionado, o tio revela que ele a levaria at\u00e9 uma unidade do Pronto Atendimento ao Cidad\u00e3o (PAC) e agora est\u00e1 buscando o corpo da adolescente&nbsp;no IML.<\/p>\n\n\n\n<p>Para ele, quem matou Lorhana foi Cleber e n\u00e3o um assalto, como foi informado inicialmente. A fam\u00edlia acredita que ele tenha atra\u00eddo a adolescente para uma emboscada, pedindo um beijo e atirando na boca da menina.&nbsp;<\/p>\n\n\n\n<p>&nbsp;&nbsp;A esposa do homem tamb\u00e9m \u00e9 suspeita de ter participado do crime. Ela mandava mensagens amea\u00e7ando a vida da v\u00edtima. Uma vizinha teria alertado a m\u00e3e de Lorhana para que ela afastasse a filha do homem, pois a esposa era capaz de qualquer coisa para acabar com a rela\u00e7\u00e3o extraconjugal dos dois.&nbsp;&nbsp;<\/p>\n\n\n\n<p>&#8220;Ele \u00e9 um covarde. Pediu um beijo e atirou na boca da minha sobrinha. A vizinha ainda avisou a minha irm\u00e3 que a mulher dele era capaz de qualquer coisa, e ela n\u00e3o ouviu. Disse para tirar ela de l\u00e1. Os dois est\u00e3o foragidos, nem deram as caras na casa deles hoje&#8221;, afirma.&nbsp;<\/p>\n\n\n\n<p>As circunst\u00e2ncias da execu\u00e7\u00e3o e motiva\u00e7\u00e3o ser\u00e3o investigadas pela equipe da Delegacia Especializada em Homic\u00eddios e Sequestros (DEHS).<\/p>\n","protected":false},"excerpt":{"rendered":"<p>A fam\u00edlia acredita que o principal suspeito pelo crime tenha sido um homem casado com quem Lorhana tinha um envolvimento amoroso. MANAUS &#8211;&nbsp;A fam\u00edlia da adolescente Lorhana Vicente da Silva, de 13 anos, assassinada a&nbsp;tiros na noite de quinta-feira (12), est\u00e1 desolada com a perda da menina e releva detalhes do crime, al\u00e9m de apontar [&hellip;]<\/p>\n","protected":false},"author":5,"featured_media":3262,"comment_status":"open","ping_status":"open","sticky":true,"template":"","format":"standard","meta":{"footnotes":""},"categories":[34],"tags":[],"class_list":["post-3259","post","type-post","status-publish","format-standard","has-post-thumbnail","hentry","category-jornalismo"],"yoast_head":"<!-- This site is optimized with the Yoast SEO plugin v27.0 - https:\/\/yoast.com\/product\/yoast-seo-wordpress\/ -->\n<title>Tio de Lorhana revela detalhes do assassinato da sobrinha de 13 anos em Manaus. - Portal Araras de Not\u00edcias<\/title>\n<meta name=\"robots\" content=\"index, follow, max-snippet:-1, max-image-preview:large, max-video-preview:-1\" \/>\n<link rel=\"canonical\" href=\"https:\/\/portalararasdenoticias.com.br\/?p=3259\" \/>\n<meta property=\"og:locale\" content=\"pt_BR\" \/>\n<meta property=\"og:type\" content=\"article\" \/>\n<meta property=\"og:title\" content=\"Tio de Lorhana revela detalhes do assassinato da sobrinha de 13 anos em Manaus. - Portal Araras de Not\u00edcias\" \/>\n<meta property=\"og:description\" content=\"A fam\u00edlia acredita que o principal suspeito pelo crime tenha sido um homem casado com quem Lorhana tinha um envolvimento amoroso. MANAUS &#8211;&nbsp;A fam\u00edlia da adolescente Lorhana Vicente da Silva, de 13 anos, assassinada a&nbsp;tiros na noite de quinta-feira (12), est\u00e1 desolada com a perda da menina e releva detalhes do crime, al\u00e9m de apontar [&hellip;]\" \/>\n<meta property=\"og:url\" content=\"https:\/\/portalararasdenoticias.com.br\/?p=3259\" \/>\n<meta property=\"og:site_name\" content=\"Portal Araras de Not\u00edcias\" \/>\n<meta property=\"article:published_time\" content=\"2021-08-13T23:08:35+00:00\" \/>\n<meta property=\"article:modified_time\" content=\"2021-08-13T23:08:37+00:00\" \/>\n<meta property=\"og:image\" content=\"https:\/\/portalararasdenoticias.com.br\/wp-content\/uploads\/2021\/08\/WhatsApp-Image-2021-08-13-at-09.38.40.jpeg\" \/>\n\t<meta property=\"og:image:width\" content=\"1280\" \/>\n\t<meta property=\"og:image:height\" content=\"720\" \/>\n\t<meta property=\"og:image:type\" content=\"image\/jpeg\" \/>\n<meta name=\"author\" content=\"Portal Araras de Noticias\" \/>\n<meta name=\"twitter:card\" content=\"summary_large_image\" \/>\n<meta name=\"twitter:label1\" content=\"Escrito por\" \/>\n\t<meta name=\"twitter:data1\" content=\"Portal Araras de Noticias\" \/>\n\t<meta name=\"twitter:label2\" content=\"Est. tempo de leitura\" \/>\n\t<meta name=\"twitter:data2\" content=\"2 minutos\" \/>\n<script type=\"application\/ld+json\" class=\"yoast-schema-graph\">{\"@context\":\"https:\/\/schema.org\",\"@graph\":[{\"@type\":\"Article\",\"@id\":\"https:\/\/portalararasdenoticias.com.br\/?p=3259#article\",\"isPartOf\":{\"@id\":\"https:\/\/portalararasdenoticias.com.br\/?p=3259\"},\"author\":{\"name\":\"Portal Araras de Noticias\",\"@id\":\"https:\/\/portalararasdenoticias.com.br\/#\/schema\/person\/a6190507efe29dea1049d60d05ed5c0a\"},\"headline\":\"Tio de Lorhana revela detalhes do assassinato da sobrinha de 13 anos em Manaus.\",\"datePublished\":\"2021-08-13T23:08:35+00:00\",\"dateModified\":\"2021-08-13T23:08:37+00:00\",\"mainEntityOfPage\":{\"@id\":\"https:\/\/portalararasdenoticias.com.br\/?p=3259\"},\"wordCount\":497,\"commentCount\":0,\"image\":{\"@id\":\"https:\/\/portalararasdenoticias.com.br\/?p=3259#primaryimage\"},\"thumbnailUrl\":\"https:\/\/portalararasdenoticias.com.br\/wp-content\/uploads\/2021\/08\/WhatsApp-Image-2021-08-13-at-09.38.40.jpeg\",\"articleSection\":[\"jornalismo\"],\"inLanguage\":\"pt-BR\",\"potentialAction\":[{\"@type\":\"CommentAction\",\"name\":\"Comment\",\"target\":[\"https:\/\/portalararasdenoticias.com.br\/?p=3259#respond\"]}]},{\"@type\":\"WebPage\",\"@id\":\"https:\/\/portalararasdenoticias.com.br\/?p=3259\",\"url\":\"https:\/\/portalararasdenoticias.com.br\/?p=3259\",\"name\":\"Tio de Lorhana revela detalhes do assassinato da sobrinha de 13 anos em Manaus. - Portal Araras de Not\u00edcias\",\"isPartOf\":{\"@id\":\"https:\/\/portalararasdenoticias.com.br\/#website\"},\"primaryImageOfPage\":{\"@id\":\"https:\/\/portalararasdenoticias.com.br\/?p=3259#primaryimage\"},\"image\":{\"@id\":\"https:\/\/portalararasdenoticias.com.br\/?p=3259#primaryimage\"},\"thumbnailUrl\":\"https:\/\/portalararasdenoticias.com.br\/wp-content\/uploads\/2021\/08\/WhatsApp-Image-2021-08-13-at-09.38.40.jpeg\",\"datePublished\":\"2021-08-13T23:08:35+00:00\",\"dateModified\":\"2021-08-13T23:08:37+00:00\",\"author\":{\"@id\":\"https:\/\/portalararasdenoticias.com.br\/#\/schema\/person\/a6190507efe29dea1049d60d05ed5c0a\"},\"breadcrumb\":{\"@id\":\"https:\/\/portalararasdenoticias.com.br\/?p=3259#breadcrumb\"},\"inLanguage\":\"pt-BR\",\"potentialAction\":[{\"@type\":\"ReadAction\",\"target\":[\"https:\/\/portalararasdenoticias.com.br\/?p=3259\"]}]},{\"@type\":\"ImageObject\",\"inLanguage\":\"pt-BR\",\"@id\":\"https:\/\/portalararasdenoticias.com.br\/?p=3259#primaryimage\",\"url\":\"https:\/\/portalararasdenoticias.com.br\/wp-content\/uploads\/2021\/08\/WhatsApp-Image-2021-08-13-at-09.38.40.jpeg\",\"contentUrl\":\"https:\/\/portalararasdenoticias.com.br\/wp-content\/uploads\/2021\/08\/WhatsApp-Image-2021-08-13-at-09.38.40.jpeg\",\"width\":1280,\"height\":720},{\"@type\":\"BreadcrumbList\",\"@id\":\"https:\/\/portalararasdenoticias.com.br\/?p=3259#breadcrumb\",\"itemListElement\":[{\"@type\":\"ListItem\",\"position\":1,\"name\":\"In\u00edcio\",\"item\":\"https:\/\/portalararasdenoticias.com.br\/\"},{\"@type\":\"ListItem\",\"position\":2,\"name\":\"Tio de Lorhana revela detalhes do assassinato da sobrinha de 13 anos em Manaus.\"}]},{\"@type\":\"WebSite\",\"@id\":\"https:\/\/portalararasdenoticias.com.br\/#website\",\"url\":\"https:\/\/portalararasdenoticias.com.br\/\",\"name\":\"Portal Araras de Not\u00edcias\",\"description\":\"O Seu Portal de Not\u00edcias\",\"potentialAction\":[{\"@type\":\"SearchAction\",\"target\":{\"@type\":\"EntryPoint\",\"urlTemplate\":\"https:\/\/portalararasdenoticias.com.br\/?s={search_term_string}\"},\"query-input\":{\"@type\":\"PropertyValueSpecification\",\"valueRequired\":true,\"valueName\":\"search_term_string\"}}],\"inLanguage\":\"pt-BR\"},{\"@type\":\"Person\",\"@id\":\"https:\/\/portalararasdenoticias.com.br\/#\/schema\/person\/a6190507efe29dea1049d60d05ed5c0a\",\"name\":\"Portal Araras de Noticias\",\"image\":{\"@type\":\"ImageObject\",\"inLanguage\":\"pt-BR\",\"@id\":\"https:\/\/portalararasdenoticias.com.br\/#\/schema\/person\/image\/\",\"url\":\"https:\/\/secure.gravatar.com\/avatar\/4df7c42bc08e78bc9b6e13086fafc161bdf01220657cd93de3d828ab6c60d469?s=96&d=mm&r=g\",\"contentUrl\":\"https:\/\/secure.gravatar.com\/avatar\/4df7c42bc08e78bc9b6e13086fafc161bdf01220657cd93de3d828ab6c60d469?s=96&d=mm&r=g\",\"caption\":\"Portal Araras de Noticias\"},\"sameAs\":[\"https:\/\/portalararasdenoticias.com.br\/\"],\"url\":\"https:\/\/portalararasdenoticias.com.br\/?author=5\"}]}<\/script>\n<!-- \/ Yoast SEO plugin. -->","yoast_head_json":{"title":"Tio de Lorhana revela detalhes do assassinato da sobrinha de 13 anos em Manaus. - Portal Araras de Not\u00edcias","robots":{"index":"index","follow":"follow","max-snippet":"max-snippet:-1","max-image-preview":"max-image-preview:large","max-video-preview":"max-video-preview:-1"},"canonical":"https:\/\/portalararasdenoticias.com.br\/?p=3259","og_locale":"pt_BR","og_type":"article","og_title":"Tio de Lorhana revela detalhes do assassinato da sobrinha de 13 anos em Manaus. - Portal Araras de Not\u00edcias","og_description":"A fam\u00edlia acredita que o principal suspeito pelo crime tenha sido um homem casado com quem Lorhana tinha um envolvimento amoroso. MANAUS &#8211;&nbsp;A fam\u00edlia da adolescente Lorhana Vicente da Silva, de 13 anos, assassinada a&nbsp;tiros na noite de quinta-feira (12), est\u00e1 desolada com a perda da menina e releva detalhes do crime, al\u00e9m de apontar [&hellip;]","og_url":"https:\/\/portalararasdenoticias.com.br\/?p=3259","og_site_name":"Portal Araras de Not\u00edcias","article_published_time":"2021-08-13T23:08:35+00:00","article_modified_time":"2021-08-13T23:08:37+00:00","og_image":[{"width":1280,"height":720,"url":"https:\/\/portalararasdenoticias.com.br\/wp-content\/uploads\/2021\/08\/WhatsApp-Image-2021-08-13-at-09.38.40.jpeg","type":"image\/jpeg"}],"author":"Portal Araras de Noticias","twitter_card":"summary_large_image","twitter_misc":{"Escrito por":"Portal Araras de Noticias","Est. tempo de leitura":"2 minutos"},"schema":{"@context":"https:\/\/schema.org","@graph":[{"@type":"Article","@id":"https:\/\/portalararasdenoticias.com.br\/?p=3259#article","isPartOf":{"@id":"https:\/\/portalararasdenoticias.com.br\/?p=3259"},"author":{"name":"Portal Araras de Noticias","@id":"https:\/\/portalararasdenoticias.com.br\/#\/schema\/person\/a6190507efe29dea1049d60d05ed5c0a"},"headline":"Tio de Lorhana revela detalhes do assassinato da sobrinha de 13 anos em Manaus.","datePublished":"2021-08-13T23:08:35+00:00","dateModified":"2021-08-13T23:08:37+00:00","mainEntityOfPage":{"@id":"https:\/\/portalararasdenoticias.com.br\/?p=3259"},"wordCount":497,"commentCount":0,"image":{"@id":"https:\/\/portalararasdenoticias.com.br\/?p=3259#primaryimage"},"thumbnailUrl":"https:\/\/portalararasdenoticias.com.br\/wp-content\/uploads\/2021\/08\/WhatsApp-Image-2021-08-13-at-09.38.40.jpeg","articleSection":["jornalismo"],"inLanguage":"pt-BR","potentialAction":[{"@type":"CommentAction","name":"Comment","target":["https:\/\/portalararasdenoticias.com.br\/?p=3259#respond"]}]},{"@type":"WebPage","@id":"https:\/\/portalararasdenoticias.com.br\/?p=3259","url":"https:\/\/portalararasdenoticias.com.br\/?p=3259","name":"Tio de Lorhana revela detalhes do assassinato da sobrinha de 13 anos em Manaus. - Portal Araras de Not\u00edcias","isPartOf":{"@id":"https:\/\/portalararasdenoticias.com.br\/#website"},"primaryImageOfPage":{"@id":"https:\/\/portalararasdenoticias.com.br\/?p=3259#primaryimage"},"image":{"@id":"https:\/\/portalararasdenoticias.com.br\/?p=3259#primaryimage"},"thumbnailUrl":"https:\/\/portalararasdenoticias.com.br\/wp-content\/uploads\/2021\/08\/WhatsApp-Image-2021-08-13-at-09.38.40.jpeg","datePublished":"2021-08-13T23:08:35+00:00","dateModified":"2021-08-13T23:08:37+00:00","author":{"@id":"https:\/\/portalararasdenoticias.com.br\/#\/schema\/person\/a6190507efe29dea1049d60d05ed5c0a"},"breadcrumb":{"@id":"https:\/\/portalararasdenoticias.com.br\/?p=3259#breadcrumb"},"inLanguage":"pt-BR","potentialAction":[{"@type":"ReadAction","target":["https:\/\/portalararasdenoticias.com.br\/?p=3259"]}]},{"@type":"ImageObject","inLanguage":"pt-BR","@id":"https:\/\/portalararasdenoticias.com.br\/?p=3259#primaryimage","url":"https:\/\/portalararasdenoticias.com.br\/wp-content\/uploads\/2021\/08\/WhatsApp-Image-2021-08-13-at-09.38.40.jpeg","contentUrl":"https:\/\/portalararasdenoticias.com.br\/wp-content\/uploads\/2021\/08\/WhatsApp-Image-2021-08-13-at-09.38.40.jpeg","width":1280,"height":720},{"@type":"BreadcrumbList","@id":"https:\/\/portalararasdenoticias.com.br\/?p=3259#breadcrumb","itemListElement":[{"@type":"ListItem","position":1,"name":"In\u00edcio","item":"https:\/\/portalararasdenoticias.com.br\/"},{"@type":"ListItem","position":2,"name":"Tio de Lorhana revela detalhes do assassinato da sobrinha de 13 anos em Manaus."}]},{"@type":"WebSite","@id":"https:\/\/portalararasdenoticias.com.br\/#website","url":"https:\/\/portalararasdenoticias.com.br\/","name":"Portal Araras de Not\u00edcias","description":"O Seu Portal de Not\u00edcias","potentialAction":[{"@type":"SearchAction","target":{"@type":"EntryPoint","urlTemplate":"https:\/\/portalararasdenoticias.com.br\/?s={search_term_string}"},"query-input":{"@type":"PropertyValueSpecification","valueRequired":true,"valueName":"search_term_string"}}],"inLanguage":"pt-BR"},{"@type":"Person","@id":"https:\/\/portalararasdenoticias.com.br\/#\/schema\/person\/a6190507efe29dea1049d60d05ed5c0a","name":"Portal Araras de Noticias","image":{"@type":"ImageObject","inLanguage":"pt-BR","@id":"https:\/\/portalararasdenoticias.com.br\/#\/schema\/person\/image\/","url":"https:\/\/secure.gravatar.com\/avatar\/4df7c42bc08e78bc9b6e13086fafc161bdf01220657cd93de3d828ab6c60d469?s=96&d=mm&r=g","contentUrl":"https:\/\/secure.gravatar.com\/avatar\/4df7c42bc08e78bc9b6e13086fafc161bdf01220657cd93de3d828ab6c60d469?s=96&d=mm&r=g","caption":"Portal Araras de Noticias"},"sameAs":["https:\/\/portalararasdenoticias.com.br\/"],"url":"https:\/\/portalararasdenoticias.com.br\/?author=5"}]}},"_links":{"self":[{"href":"https:\/\/portalararasdenoticias.com.br\/index.php?rest_route=\/wp\/v2\/posts\/3259","targetHints":{"allow":["GET"]}}],"collection":[{"href":"https:\/\/portalararasdenoticias.com.br\/index.php?rest_route=\/wp\/v2\/posts"}],"about":[{"href":"https:\/\/portalararasdenoticias.com.br\/index.php?rest_route=\/wp\/v2\/types\/post"}],"author":[{"embeddable":true,"href":"https:\/\/portalararasdenoticias.com.br\/index.php?rest_route=\/wp\/v2\/users\/5"}],"replies":[{"embeddable":true,"href":"https:\/\/portalararasdenoticias.com.br\/index.php?rest_route=%2Fwp%2Fv2%2Fcomments&post=3259"}],"version-history":[{"count":1,"href":"https:\/\/portalararasdenoticias.com.br\/index.php?rest_route=\/wp\/v2\/posts\/3259\/revisions"}],"predecessor-version":[{"id":3263,"href":"https:\/\/portalararasdenoticias.com.br\/index.php?rest_route=\/wp\/v2\/posts\/3259\/revisions\/3263"}],"wp:featuredmedia":[{"embeddable":true,"href":"https:\/\/portalararasdenoticias.com.br\/index.php?rest_route=\/wp\/v2\/media\/3262"}],"wp:attachment":[{"href":"https:\/\/portalararasdenoticias.com.br\/index.php?rest_route=%2Fwp%2Fv2%2Fmedia&parent=3259"}],"wp:term":[{"taxonomy":"category","embeddable":true,"href":"https:\/\/portalararasdenoticias.com.br\/index.php?rest_route=%2Fwp%2Fv2%2Fcategories&post=3259"},{"taxonomy":"post_tag","embeddable":true,"href":"https:\/\/portalararasdenoticias.com.br\/index.php?rest_route=%2Fwp%2Fv2%2Ftags&post=3259"}],"curies":[{"name":"wp","href":"https:\/\/api.w.org\/{rel}","templated":true}]}}