{"id":3289,"date":"2021-08-20T23:29:07","date_gmt":"2021-08-21T02:29:07","guid":{"rendered":"https:\/\/portalararasdenoticias.com.br\/?p=3289"},"modified":"2021-08-20T23:29:18","modified_gmt":"2021-08-21T02:29:18","slug":"latrocinio-em-manacapuru-jovem-de-21-anos-e-morto-com-facada-no-peito-durante-assalto","status":"publish","type":"post","link":"https:\/\/portalararasdenoticias.com.br\/?p=3289","title":{"rendered":"Latroc\u00ednio: Em Manacapuru jovem de 21 anos \u00e9 morto com facada no peito durante assalto."},"content":{"rendered":"\n<p>A v\u00edtima teria reagido ao assalto e foi esfaqueada no peito pela dupla que cometeu o latroc\u00ednio<\/p>\n\n\n\n<p>Patrick Nascimento Ara\u00fajo, 21 anos, foi v\u00edtima de latroc\u00ednio, roubo seguido de morte, no fim da noite desta quarta-feira 18\/08 , ap\u00f3s ser esfaqueado por dois homens que o abordaram armados com facas. O crime ocorreu na Rua Ary Antunes, Bairro Novo Manac\u00e1, em Manacapuru\/AM.<\/p>\n\n\n\n<p>Segundo testemunhas o latroc\u00ednio foi cometido por uma dupla, sendo um menor de idade que foi apreendido pela Pol\u00edcia Militar e um outro homem, que ainda n\u00e3o foi localizado, buscas est\u00e3o sendo realizadas no entorno do bairro para tentar prender o assassino.<\/p>\n\n\n\n<p>Segundo populares o jovem. Ainda teria tentado fugir, ap\u00f3s ser esfaqueado, chegando a entrar em uma casa mas n\u00e3o resistiu e foi a \u00f3bito no local.<\/p>\n\n\n\n<p>O corpo de Patrick foi removido para o necrot\u00e9rio do Cemit\u00e9rio do S\u00e3o Francisco Xavier, no centro de Manacapuru, de onde deve seguir para o Instituto M\u00e9dico Legal, onde passar\u00e1 por exame de necropsia que deve indicar a causa da morte.<\/p>\n\n\n\n<p>A Pol\u00edcia Civil, trabalha agora para identificar e prender o segundo autor do crime.<\/p>\n\n\n\n<p><a href=\"https:\/\/www.facebook.com\/portalararasdenoticias\/photos\/pcb.2718608908438645\/2718608788438657\/?__cft__%5b0%5d=AZWYyjs3T9b8brco37HaJlbeZiIZFUFu0t5hGhllsJcQT_GHkE0c1jXUYGdfUeuoiRs-wJQihDn2p-d4Br0LOiFb8HycZQBlM6lo0skK3xiAbUIh79z8XljmYZQur2PBYIMdLfW5sotXeZ12M-3zfUhqPJBmdSX-9QkuGT01ccTjtcFGLy3sm0dwRcFRp1MsQh8&amp;__tn__=*bH-R\"><\/a><\/p>\n\n\n\n<p><a href=\"https:\/\/www.facebook.com\/portalararasdenoticias\/photos\/pcb.2718608908438645\/2718608788438657\/?__cft__%5b0%5d=AZWYyjs3T9b8brco37HaJlbeZiIZFUFu0t5hGhllsJcQT_GHkE0c1jXUYGdfUeuoiRs-wJQihDn2p-d4Br0LOiFb8HycZQBlM6lo0skK3xiAbUIh79z8XljmYZQur2PBYIMdLfW5sotXeZ12M-3zfUhqPJBmdSX-9QkuGT01ccTjtcFGLy3sm0dwRcFRp1MsQh8&amp;__tn__=*bH-R\">&nbsp;<\/a><\/p>\n\n\n\n<p><a href=\"https:\/\/www.facebook.com\/portalararasdenoticias\/photos\/pcb.2718608908438645\/2718608831771986\/?__cft__%5b0%5d=AZWYyjs3T9b8brco37HaJlbeZiIZFUFu0t5hGhllsJcQT_GHkE0c1jXUYGdfUeuoiRs-wJQihDn2p-d4Br0LOiFb8HycZQBlM6lo0skK3xiAbUIh79z8XljmYZQur2PBYIMdLfW5sotXeZ12M-3zfUhqPJBmdSX-9QkuGT01ccTjtcFGLy3sm0dwRcFRp1MsQh8&amp;__tn__=*bH-R\"><\/a><\/p>\n\n\n\n<p><a href=\"https:\/\/www.facebook.com\/portalararasdenoticias\/photos\/pcb.2718608908438645\/2718608831771986\/?__cft__%5b0%5d=AZWYyjs3T9b8brco37HaJlbeZiIZFUFu0t5hGhllsJcQT_GHkE0c1jXUYGdfUeuoiRs-wJQihDn2p-d4Br0LOiFb8HycZQBlM6lo0skK3xiAbUIh79z8XljmYZQur2PBYIMdLfW5sotXeZ12M-3zfUhqPJBmdSX-9QkuGT01ccTjtcFGLy3sm0dwRcFRp1MsQh8&amp;__tn__=*bH-R\">&nbsp;<\/a><\/p>\n\n\n\n<p><a href=\"https:\/\/www.facebook.com\/portalararasdenoticias\/photos\/pcb.2718608908438645\/2718608871771982\/?__cft__%5b0%5d=AZWYyjs3T9b8brco37HaJlbeZiIZFUFu0t5hGhllsJcQT_GHkE0c1jXUYGdfUeuoiRs-wJQihDn2p-d4Br0LOiFb8HycZQBlM6lo0skK3xiAbUIh79z8XljmYZQur2PBYIMdLfW5sotXeZ12M-3zfUhqPJBmdSX-9QkuGT01ccTjtcFGLy3sm0dwRcFRp1MsQh8&amp;__tn__=*bH-R\"><\/a><\/p>\n\n\n\n<p><a href=\"https:\/\/www.facebook.com\/portalararasdenoticias\/photos\/pcb.2718608908438645\/2718608871771982\/?__cft__%5b0%5d=AZWYyjs3T9b8brco37HaJlbeZiIZFUFu0t5hGhllsJcQT_GHkE0c1jXUYGdfUeuoiRs-wJQihDn2p-d4Br0LOiFb8HycZQBlM6lo0skK3xiAbUIh79z8XljmYZQur2PBYIMdLfW5sotXeZ12M-3zfUhqPJBmdSX-9QkuGT01ccTjtcFGLy3sm0dwRcFRp1MsQh8&amp;__tn__=*bH-R\">&nbsp;<\/a><\/p>\n","protected":false},"excerpt":{"rendered":"<p>A v\u00edtima teria reagido ao assalto e foi esfaqueada no peito pela dupla que cometeu o latroc\u00ednio Patrick Nascimento Ara\u00fajo, 21 anos, foi v\u00edtima de latroc\u00ednio, roubo seguido de morte, no fim da noite desta quarta-feira 18\/08 , ap\u00f3s ser esfaqueado por dois homens que o abordaram armados com facas. O crime ocorreu na Rua [&hellip;]<\/p>\n","protected":false},"author":5,"featured_media":3290,"comment_status":"open","ping_status":"open","sticky":true,"template":"","format":"standard","meta":{"footnotes":""},"categories":[34],"tags":[],"class_list":["post-3289","post","type-post","status-publish","format-standard","has-post-thumbnail","hentry","category-jornalismo"],"yoast_head":"<!-- This site is optimized with the Yoast SEO plugin v27.0 - https:\/\/yoast.com\/product\/yoast-seo-wordpress\/ -->\n<title>Latroc\u00ednio: Em Manacapuru jovem de 21 anos \u00e9 morto com facada no peito durante assalto. - Portal Araras de Not\u00edcias<\/title>\n<meta name=\"robots\" content=\"index, follow, max-snippet:-1, max-image-preview:large, max-video-preview:-1\" \/>\n<link rel=\"canonical\" href=\"https:\/\/portalararasdenoticias.com.br\/?p=3289\" \/>\n<meta property=\"og:locale\" content=\"pt_BR\" \/>\n<meta property=\"og:type\" content=\"article\" \/>\n<meta property=\"og:title\" content=\"Latroc\u00ednio: Em Manacapuru jovem de 21 anos \u00e9 morto com facada no peito durante assalto. - Portal Araras de Not\u00edcias\" \/>\n<meta property=\"og:description\" content=\"A v\u00edtima teria reagido ao assalto e foi esfaqueada no peito pela dupla que cometeu o latroc\u00ednio Patrick Nascimento Ara\u00fajo, 21 anos, foi v\u00edtima de latroc\u00ednio, roubo seguido de morte, no fim da noite desta quarta-feira 18\/08 , ap\u00f3s ser esfaqueado por dois homens que o abordaram armados com facas. O crime ocorreu na Rua [&hellip;]\" \/>\n<meta property=\"og:url\" content=\"https:\/\/portalararasdenoticias.com.br\/?p=3289\" \/>\n<meta property=\"og:site_name\" content=\"Portal Araras de Not\u00edcias\" \/>\n<meta property=\"article:published_time\" content=\"2021-08-21T02:29:07+00:00\" \/>\n<meta property=\"article:modified_time\" content=\"2021-08-21T02:29:18+00:00\" \/>\n<meta property=\"og:image\" content=\"https:\/\/portalararasdenoticias.com.br\/wp-content\/uploads\/2021\/08\/231438285_2719441341688735_7257967322939332858_n.jpg\" \/>\n\t<meta property=\"og:image:width\" content=\"500\" \/>\n\t<meta property=\"og:image:height\" content=\"261\" \/>\n\t<meta property=\"og:image:type\" content=\"image\/jpeg\" \/>\n<meta name=\"author\" content=\"Portal Araras de Noticias\" \/>\n<meta name=\"twitter:card\" content=\"summary_large_image\" \/>\n<meta name=\"twitter:label1\" content=\"Escrito por\" \/>\n\t<meta name=\"twitter:data1\" content=\"Portal Araras de Noticias\" \/>\n\t<meta name=\"twitter:label2\" content=\"Est. tempo de leitura\" \/>\n\t<meta name=\"twitter:data2\" content=\"1 minuto\" \/>\n<script type=\"application\/ld+json\" class=\"yoast-schema-graph\">{\"@context\":\"https:\/\/schema.org\",\"@graph\":[{\"@type\":\"Article\",\"@id\":\"https:\/\/portalararasdenoticias.com.br\/?p=3289#article\",\"isPartOf\":{\"@id\":\"https:\/\/portalararasdenoticias.com.br\/?p=3289\"},\"author\":{\"name\":\"Portal Araras de Noticias\",\"@id\":\"https:\/\/portalararasdenoticias.com.br\/#\/schema\/person\/a6190507efe29dea1049d60d05ed5c0a\"},\"headline\":\"Latroc\u00ednio: Em Manacapuru jovem de 21 anos \u00e9 morto com facada no peito durante assalto.\",\"datePublished\":\"2021-08-21T02:29:07+00:00\",\"dateModified\":\"2021-08-21T02:29:18+00:00\",\"mainEntityOfPage\":{\"@id\":\"https:\/\/portalararasdenoticias.com.br\/?p=3289\"},\"wordCount\":217,\"commentCount\":0,\"image\":{\"@id\":\"https:\/\/portalararasdenoticias.com.br\/?p=3289#primaryimage\"},\"thumbnailUrl\":\"https:\/\/portalararasdenoticias.com.br\/wp-content\/uploads\/2021\/08\/231438285_2719441341688735_7257967322939332858_n.jpg\",\"articleSection\":[\"jornalismo\"],\"inLanguage\":\"pt-BR\",\"potentialAction\":[{\"@type\":\"CommentAction\",\"name\":\"Comment\",\"target\":[\"https:\/\/portalararasdenoticias.com.br\/?p=3289#respond\"]}]},{\"@type\":\"WebPage\",\"@id\":\"https:\/\/portalararasdenoticias.com.br\/?p=3289\",\"url\":\"https:\/\/portalararasdenoticias.com.br\/?p=3289\",\"name\":\"Latroc\u00ednio: Em Manacapuru jovem de 21 anos \u00e9 morto com facada no peito durante assalto. - Portal Araras de Not\u00edcias\",\"isPartOf\":{\"@id\":\"https:\/\/portalararasdenoticias.com.br\/#website\"},\"primaryImageOfPage\":{\"@id\":\"https:\/\/portalararasdenoticias.com.br\/?p=3289#primaryimage\"},\"image\":{\"@id\":\"https:\/\/portalararasdenoticias.com.br\/?p=3289#primaryimage\"},\"thumbnailUrl\":\"https:\/\/portalararasdenoticias.com.br\/wp-content\/uploads\/2021\/08\/231438285_2719441341688735_7257967322939332858_n.jpg\",\"datePublished\":\"2021-08-21T02:29:07+00:00\",\"dateModified\":\"2021-08-21T02:29:18+00:00\",\"author\":{\"@id\":\"https:\/\/portalararasdenoticias.com.br\/#\/schema\/person\/a6190507efe29dea1049d60d05ed5c0a\"},\"breadcrumb\":{\"@id\":\"https:\/\/portalararasdenoticias.com.br\/?p=3289#breadcrumb\"},\"inLanguage\":\"pt-BR\",\"potentialAction\":[{\"@type\":\"ReadAction\",\"target\":[\"https:\/\/portalararasdenoticias.com.br\/?p=3289\"]}]},{\"@type\":\"ImageObject\",\"inLanguage\":\"pt-BR\",\"@id\":\"https:\/\/portalararasdenoticias.com.br\/?p=3289#primaryimage\",\"url\":\"https:\/\/portalararasdenoticias.com.br\/wp-content\/uploads\/2021\/08\/231438285_2719441341688735_7257967322939332858_n.jpg\",\"contentUrl\":\"https:\/\/portalararasdenoticias.com.br\/wp-content\/uploads\/2021\/08\/231438285_2719441341688735_7257967322939332858_n.jpg\",\"width\":500,\"height\":261},{\"@type\":\"BreadcrumbList\",\"@id\":\"https:\/\/portalararasdenoticias.com.br\/?p=3289#breadcrumb\",\"itemListElement\":[{\"@type\":\"ListItem\",\"position\":1,\"name\":\"In\u00edcio\",\"item\":\"https:\/\/portalararasdenoticias.com.br\/\"},{\"@type\":\"ListItem\",\"position\":2,\"name\":\"Latroc\u00ednio: Em Manacapuru jovem de 21 anos \u00e9 morto com facada no peito durante assalto.\"}]},{\"@type\":\"WebSite\",\"@id\":\"https:\/\/portalararasdenoticias.com.br\/#website\",\"url\":\"https:\/\/portalararasdenoticias.com.br\/\",\"name\":\"Portal Araras de Not\u00edcias\",\"description\":\"O Seu Portal de Not\u00edcias\",\"potentialAction\":[{\"@type\":\"SearchAction\",\"target\":{\"@type\":\"EntryPoint\",\"urlTemplate\":\"https:\/\/portalararasdenoticias.com.br\/?s={search_term_string}\"},\"query-input\":{\"@type\":\"PropertyValueSpecification\",\"valueRequired\":true,\"valueName\":\"search_term_string\"}}],\"inLanguage\":\"pt-BR\"},{\"@type\":\"Person\",\"@id\":\"https:\/\/portalararasdenoticias.com.br\/#\/schema\/person\/a6190507efe29dea1049d60d05ed5c0a\",\"name\":\"Portal Araras de Noticias\",\"image\":{\"@type\":\"ImageObject\",\"inLanguage\":\"pt-BR\",\"@id\":\"https:\/\/portalararasdenoticias.com.br\/#\/schema\/person\/image\/\",\"url\":\"https:\/\/secure.gravatar.com\/avatar\/4df7c42bc08e78bc9b6e13086fafc161bdf01220657cd93de3d828ab6c60d469?s=96&d=mm&r=g\",\"contentUrl\":\"https:\/\/secure.gravatar.com\/avatar\/4df7c42bc08e78bc9b6e13086fafc161bdf01220657cd93de3d828ab6c60d469?s=96&d=mm&r=g\",\"caption\":\"Portal Araras de Noticias\"},\"sameAs\":[\"https:\/\/portalararasdenoticias.com.br\/\"],\"url\":\"https:\/\/portalararasdenoticias.com.br\/?author=5\"}]}<\/script>\n<!-- \/ Yoast SEO plugin. -->","yoast_head_json":{"title":"Latroc\u00ednio: Em Manacapuru jovem de 21 anos \u00e9 morto com facada no peito durante assalto. - Portal Araras de Not\u00edcias","robots":{"index":"index","follow":"follow","max-snippet":"max-snippet:-1","max-image-preview":"max-image-preview:large","max-video-preview":"max-video-preview:-1"},"canonical":"https:\/\/portalararasdenoticias.com.br\/?p=3289","og_locale":"pt_BR","og_type":"article","og_title":"Latroc\u00ednio: Em Manacapuru jovem de 21 anos \u00e9 morto com facada no peito durante assalto. - Portal Araras de Not\u00edcias","og_description":"A v\u00edtima teria reagido ao assalto e foi esfaqueada no peito pela dupla que cometeu o latroc\u00ednio Patrick Nascimento Ara\u00fajo, 21 anos, foi v\u00edtima de latroc\u00ednio, roubo seguido de morte, no fim da noite desta quarta-feira 18\/08 , ap\u00f3s ser esfaqueado por dois homens que o abordaram armados com facas. O crime ocorreu na Rua [&hellip;]","og_url":"https:\/\/portalararasdenoticias.com.br\/?p=3289","og_site_name":"Portal Araras de Not\u00edcias","article_published_time":"2021-08-21T02:29:07+00:00","article_modified_time":"2021-08-21T02:29:18+00:00","og_image":[{"width":500,"height":261,"url":"https:\/\/portalararasdenoticias.com.br\/wp-content\/uploads\/2021\/08\/231438285_2719441341688735_7257967322939332858_n.jpg","type":"image\/jpeg"}],"author":"Portal Araras de Noticias","twitter_card":"summary_large_image","twitter_misc":{"Escrito por":"Portal Araras de Noticias","Est. tempo de leitura":"1 minuto"},"schema":{"@context":"https:\/\/schema.org","@graph":[{"@type":"Article","@id":"https:\/\/portalararasdenoticias.com.br\/?p=3289#article","isPartOf":{"@id":"https:\/\/portalararasdenoticias.com.br\/?p=3289"},"author":{"name":"Portal Araras de Noticias","@id":"https:\/\/portalararasdenoticias.com.br\/#\/schema\/person\/a6190507efe29dea1049d60d05ed5c0a"},"headline":"Latroc\u00ednio: Em Manacapuru jovem de 21 anos \u00e9 morto com facada no peito durante assalto.","datePublished":"2021-08-21T02:29:07+00:00","dateModified":"2021-08-21T02:29:18+00:00","mainEntityOfPage":{"@id":"https:\/\/portalararasdenoticias.com.br\/?p=3289"},"wordCount":217,"commentCount":0,"image":{"@id":"https:\/\/portalararasdenoticias.com.br\/?p=3289#primaryimage"},"thumbnailUrl":"https:\/\/portalararasdenoticias.com.br\/wp-content\/uploads\/2021\/08\/231438285_2719441341688735_7257967322939332858_n.jpg","articleSection":["jornalismo"],"inLanguage":"pt-BR","potentialAction":[{"@type":"CommentAction","name":"Comment","target":["https:\/\/portalararasdenoticias.com.br\/?p=3289#respond"]}]},{"@type":"WebPage","@id":"https:\/\/portalararasdenoticias.com.br\/?p=3289","url":"https:\/\/portalararasdenoticias.com.br\/?p=3289","name":"Latroc\u00ednio: Em Manacapuru jovem de 21 anos \u00e9 morto com facada no peito durante assalto. - Portal Araras de Not\u00edcias","isPartOf":{"@id":"https:\/\/portalararasdenoticias.com.br\/#website"},"primaryImageOfPage":{"@id":"https:\/\/portalararasdenoticias.com.br\/?p=3289#primaryimage"},"image":{"@id":"https:\/\/portalararasdenoticias.com.br\/?p=3289#primaryimage"},"thumbnailUrl":"https:\/\/portalararasdenoticias.com.br\/wp-content\/uploads\/2021\/08\/231438285_2719441341688735_7257967322939332858_n.jpg","datePublished":"2021-08-21T02:29:07+00:00","dateModified":"2021-08-21T02:29:18+00:00","author":{"@id":"https:\/\/portalararasdenoticias.com.br\/#\/schema\/person\/a6190507efe29dea1049d60d05ed5c0a"},"breadcrumb":{"@id":"https:\/\/portalararasdenoticias.com.br\/?p=3289#breadcrumb"},"inLanguage":"pt-BR","potentialAction":[{"@type":"ReadAction","target":["https:\/\/portalararasdenoticias.com.br\/?p=3289"]}]},{"@type":"ImageObject","inLanguage":"pt-BR","@id":"https:\/\/portalararasdenoticias.com.br\/?p=3289#primaryimage","url":"https:\/\/portalararasdenoticias.com.br\/wp-content\/uploads\/2021\/08\/231438285_2719441341688735_7257967322939332858_n.jpg","contentUrl":"https:\/\/portalararasdenoticias.com.br\/wp-content\/uploads\/2021\/08\/231438285_2719441341688735_7257967322939332858_n.jpg","width":500,"height":261},{"@type":"BreadcrumbList","@id":"https:\/\/portalararasdenoticias.com.br\/?p=3289#breadcrumb","itemListElement":[{"@type":"ListItem","position":1,"name":"In\u00edcio","item":"https:\/\/portalararasdenoticias.com.br\/"},{"@type":"ListItem","position":2,"name":"Latroc\u00ednio: Em Manacapuru jovem de 21 anos \u00e9 morto com facada no peito durante assalto."}]},{"@type":"WebSite","@id":"https:\/\/portalararasdenoticias.com.br\/#website","url":"https:\/\/portalararasdenoticias.com.br\/","name":"Portal Araras de Not\u00edcias","description":"O Seu Portal de Not\u00edcias","potentialAction":[{"@type":"SearchAction","target":{"@type":"EntryPoint","urlTemplate":"https:\/\/portalararasdenoticias.com.br\/?s={search_term_string}"},"query-input":{"@type":"PropertyValueSpecification","valueRequired":true,"valueName":"search_term_string"}}],"inLanguage":"pt-BR"},{"@type":"Person","@id":"https:\/\/portalararasdenoticias.com.br\/#\/schema\/person\/a6190507efe29dea1049d60d05ed5c0a","name":"Portal Araras de Noticias","image":{"@type":"ImageObject","inLanguage":"pt-BR","@id":"https:\/\/portalararasdenoticias.com.br\/#\/schema\/person\/image\/","url":"https:\/\/secure.gravatar.com\/avatar\/4df7c42bc08e78bc9b6e13086fafc161bdf01220657cd93de3d828ab6c60d469?s=96&d=mm&r=g","contentUrl":"https:\/\/secure.gravatar.com\/avatar\/4df7c42bc08e78bc9b6e13086fafc161bdf01220657cd93de3d828ab6c60d469?s=96&d=mm&r=g","caption":"Portal Araras de Noticias"},"sameAs":["https:\/\/portalararasdenoticias.com.br\/"],"url":"https:\/\/portalararasdenoticias.com.br\/?author=5"}]}},"_links":{"self":[{"href":"https:\/\/portalararasdenoticias.com.br\/index.php?rest_route=\/wp\/v2\/posts\/3289","targetHints":{"allow":["GET"]}}],"collection":[{"href":"https:\/\/portalararasdenoticias.com.br\/index.php?rest_route=\/wp\/v2\/posts"}],"about":[{"href":"https:\/\/portalararasdenoticias.com.br\/index.php?rest_route=\/wp\/v2\/types\/post"}],"author":[{"embeddable":true,"href":"https:\/\/portalararasdenoticias.com.br\/index.php?rest_route=\/wp\/v2\/users\/5"}],"replies":[{"embeddable":true,"href":"https:\/\/portalararasdenoticias.com.br\/index.php?rest_route=%2Fwp%2Fv2%2Fcomments&post=3289"}],"version-history":[{"count":2,"href":"https:\/\/portalararasdenoticias.com.br\/index.php?rest_route=\/wp\/v2\/posts\/3289\/revisions"}],"predecessor-version":[{"id":3292,"href":"https:\/\/portalararasdenoticias.com.br\/index.php?rest_route=\/wp\/v2\/posts\/3289\/revisions\/3292"}],"wp:featuredmedia":[{"embeddable":true,"href":"https:\/\/portalararasdenoticias.com.br\/index.php?rest_route=\/wp\/v2\/media\/3290"}],"wp:attachment":[{"href":"https:\/\/portalararasdenoticias.com.br\/index.php?rest_route=%2Fwp%2Fv2%2Fmedia&parent=3289"}],"wp:term":[{"taxonomy":"category","embeddable":true,"href":"https:\/\/portalararasdenoticias.com.br\/index.php?rest_route=%2Fwp%2Fv2%2Fcategories&post=3289"},{"taxonomy":"post_tag","embeddable":true,"href":"https:\/\/portalararasdenoticias.com.br\/index.php?rest_route=%2Fwp%2Fv2%2Ftags&post=3289"}],"curies":[{"name":"wp","href":"https:\/\/api.w.org\/{rel}","templated":true}]}}