{"id":345,"date":"2019-04-29T08:17:43","date_gmt":"2019-04-29T11:17:43","guid":{"rendered":"http:\/\/portalararasdenoticias.com.br\/?p=345"},"modified":"2019-04-29T08:17:45","modified_gmt":"2019-04-29T11:17:45","slug":"acidente-na-turquia-mata-atacante-tcheco-e-fere-2-jogadores-brasileiros","status":"publish","type":"post","link":"https:\/\/portalararasdenoticias.com.br\/?p=345","title":{"rendered":"Acidente na Turquia mata atacante tcheco e fere 2 jogadores brasileiros"},"content":{"rendered":"\n<figure class=\"wp-block-image\"><img loading=\"lazy\" decoding=\"async\" width=\"270\" height=\"190\" src=\"http:\/\/portalararasdenoticias.com.br\/wp-content\/uploads\/2019\/04\/BBWorB5.png\" alt=\"\" class=\"wp-image-346\"\/><\/figure>\n\n\n\n<p>O atacante tcheco<strong>&nbsp;Josef \u0160ural<\/strong>,\nde 28 anos, morreu neste domingo em um acidente de tr\u00e2nsito no sul da Turquia.\nO atleta estava em uma van com jogadores do Alanyaspor, clube da primeira\ndivis\u00e3o do pa\u00eds, que colidiu em uma mureta ap\u00f3s sair da estrada. Segundo o\njornal local&nbsp;<em>Daily Sabah<\/em>, outros seis atletas ficaram\nferidos, incluindo dois brasileiros: o zagueiro&nbsp;<strong>Welinton<\/strong>(ex-Coritiba\ne Flamengo) e o lateral&nbsp;<strong>Wanderson Baiano<\/strong>(ex-Vila\nNova e CRAC).<\/p>\n\n\n\n<p>Al\u00e9m dos brasileiros, tamb\u00e9m se feriram e foram encaminhados\npara um hospital da regi\u00e3o o zagueiro ingl\u00eas Steven Caulke (ex-Tottenham), o\natacante senegal\u00eas Papiss Ciss\u00e9 (ex-Newcastle), o atacante angolano Djalma\nCampos (ex-Porto) e o meia gan\u00eas Issac Sackey, com convoca\u00e7\u00f5es para a sele\u00e7\u00e3o\nde seu pa\u00eds.<\/p>\n","protected":false},"excerpt":{"rendered":"<p>O atacante tcheco&nbsp;Josef \u0160ural, de 28 anos, morreu neste domingo em um acidente de tr\u00e2nsito no sul da Turquia. O atleta estava em uma van com jogadores do Alanyaspor, clube da primeira divis\u00e3o do pa\u00eds, que colidiu em uma mureta ap\u00f3s sair da estrada. Segundo o jornal local&nbsp;Daily Sabah, outros seis atletas ficaram feridos, incluindo [&hellip;]<\/p>\n","protected":false},"author":5,"featured_media":346,"comment_status":"open","ping_status":"open","sticky":true,"template":"","format":"standard","meta":{"footnotes":""},"categories":[34],"tags":[],"class_list":["post-345","post","type-post","status-publish","format-standard","has-post-thumbnail","hentry","category-jornalismo"],"yoast_head":"<!-- This site is optimized with the Yoast SEO plugin v27.0 - https:\/\/yoast.com\/product\/yoast-seo-wordpress\/ -->\n<title>Acidente na Turquia mata atacante tcheco e fere 2 jogadores brasileiros - Portal Araras de Not\u00edcias<\/title>\n<meta name=\"robots\" content=\"index, follow, max-snippet:-1, max-image-preview:large, max-video-preview:-1\" \/>\n<link rel=\"canonical\" href=\"https:\/\/portalararasdenoticias.com.br\/?p=345\" \/>\n<meta property=\"og:locale\" content=\"pt_BR\" \/>\n<meta property=\"og:type\" content=\"article\" \/>\n<meta property=\"og:title\" content=\"Acidente na Turquia mata atacante tcheco e fere 2 jogadores brasileiros - Portal Araras de Not\u00edcias\" \/>\n<meta property=\"og:description\" content=\"O atacante tcheco&nbsp;Josef \u0160ural, de 28 anos, morreu neste domingo em um acidente de tr\u00e2nsito no sul da Turquia. O atleta estava em uma van com jogadores do Alanyaspor, clube da primeira divis\u00e3o do pa\u00eds, que colidiu em uma mureta ap\u00f3s sair da estrada. Segundo o jornal local&nbsp;Daily Sabah, outros seis atletas ficaram feridos, incluindo [&hellip;]\" \/>\n<meta property=\"og:url\" content=\"https:\/\/portalararasdenoticias.com.br\/?p=345\" \/>\n<meta property=\"og:site_name\" content=\"Portal Araras de Not\u00edcias\" \/>\n<meta property=\"article:published_time\" content=\"2019-04-29T11:17:43+00:00\" \/>\n<meta property=\"article:modified_time\" content=\"2019-04-29T11:17:45+00:00\" \/>\n<meta property=\"og:image\" content=\"https:\/\/portalararasdenoticias.com.br\/wp-content\/uploads\/2019\/04\/BBWorB5.png\" \/>\n\t<meta property=\"og:image:width\" content=\"270\" \/>\n\t<meta property=\"og:image:height\" content=\"190\" \/>\n\t<meta property=\"og:image:type\" content=\"image\/png\" \/>\n<meta name=\"author\" content=\"Portal Araras de Noticias\" \/>\n<meta name=\"twitter:card\" content=\"summary_large_image\" \/>\n<meta name=\"twitter:label1\" content=\"Escrito por\" \/>\n\t<meta name=\"twitter:data1\" content=\"Portal Araras de Noticias\" \/>\n\t<meta name=\"twitter:label2\" content=\"Est. tempo de leitura\" \/>\n\t<meta name=\"twitter:data2\" content=\"1 minuto\" \/>\n<script type=\"application\/ld+json\" class=\"yoast-schema-graph\">{\"@context\":\"https:\/\/schema.org\",\"@graph\":[{\"@type\":\"Article\",\"@id\":\"https:\/\/portalararasdenoticias.com.br\/?p=345#article\",\"isPartOf\":{\"@id\":\"https:\/\/portalararasdenoticias.com.br\/?p=345\"},\"author\":{\"name\":\"Portal Araras de Noticias\",\"@id\":\"https:\/\/portalararasdenoticias.com.br\/#\/schema\/person\/a6190507efe29dea1049d60d05ed5c0a\"},\"headline\":\"Acidente na Turquia mata atacante tcheco e fere 2 jogadores brasileiros\",\"datePublished\":\"2019-04-29T11:17:43+00:00\",\"dateModified\":\"2019-04-29T11:17:45+00:00\",\"mainEntityOfPage\":{\"@id\":\"https:\/\/portalararasdenoticias.com.br\/?p=345\"},\"wordCount\":146,\"commentCount\":0,\"image\":{\"@id\":\"https:\/\/portalararasdenoticias.com.br\/?p=345#primaryimage\"},\"thumbnailUrl\":\"https:\/\/portalararasdenoticias.com.br\/wp-content\/uploads\/2019\/04\/BBWorB5.png\",\"articleSection\":[\"jornalismo\"],\"inLanguage\":\"pt-BR\",\"potentialAction\":[{\"@type\":\"CommentAction\",\"name\":\"Comment\",\"target\":[\"https:\/\/portalararasdenoticias.com.br\/?p=345#respond\"]}]},{\"@type\":\"WebPage\",\"@id\":\"https:\/\/portalararasdenoticias.com.br\/?p=345\",\"url\":\"https:\/\/portalararasdenoticias.com.br\/?p=345\",\"name\":\"Acidente na Turquia mata atacante tcheco e fere 2 jogadores brasileiros - Portal Araras de Not\u00edcias\",\"isPartOf\":{\"@id\":\"https:\/\/portalararasdenoticias.com.br\/#website\"},\"primaryImageOfPage\":{\"@id\":\"https:\/\/portalararasdenoticias.com.br\/?p=345#primaryimage\"},\"image\":{\"@id\":\"https:\/\/portalararasdenoticias.com.br\/?p=345#primaryimage\"},\"thumbnailUrl\":\"https:\/\/portalararasdenoticias.com.br\/wp-content\/uploads\/2019\/04\/BBWorB5.png\",\"datePublished\":\"2019-04-29T11:17:43+00:00\",\"dateModified\":\"2019-04-29T11:17:45+00:00\",\"author\":{\"@id\":\"https:\/\/portalararasdenoticias.com.br\/#\/schema\/person\/a6190507efe29dea1049d60d05ed5c0a\"},\"breadcrumb\":{\"@id\":\"https:\/\/portalararasdenoticias.com.br\/?p=345#breadcrumb\"},\"inLanguage\":\"pt-BR\",\"potentialAction\":[{\"@type\":\"ReadAction\",\"target\":[\"https:\/\/portalararasdenoticias.com.br\/?p=345\"]}]},{\"@type\":\"ImageObject\",\"inLanguage\":\"pt-BR\",\"@id\":\"https:\/\/portalararasdenoticias.com.br\/?p=345#primaryimage\",\"url\":\"https:\/\/portalararasdenoticias.com.br\/wp-content\/uploads\/2019\/04\/BBWorB5.png\",\"contentUrl\":\"https:\/\/portalararasdenoticias.com.br\/wp-content\/uploads\/2019\/04\/BBWorB5.png\",\"width\":270,\"height\":190},{\"@type\":\"BreadcrumbList\",\"@id\":\"https:\/\/portalararasdenoticias.com.br\/?p=345#breadcrumb\",\"itemListElement\":[{\"@type\":\"ListItem\",\"position\":1,\"name\":\"In\u00edcio\",\"item\":\"https:\/\/portalararasdenoticias.com.br\/\"},{\"@type\":\"ListItem\",\"position\":2,\"name\":\"Acidente na Turquia mata atacante tcheco e fere 2 jogadores brasileiros\"}]},{\"@type\":\"WebSite\",\"@id\":\"https:\/\/portalararasdenoticias.com.br\/#website\",\"url\":\"https:\/\/portalararasdenoticias.com.br\/\",\"name\":\"Portal Araras de Not\u00edcias\",\"description\":\"O Seu Portal de Not\u00edcias\",\"potentialAction\":[{\"@type\":\"SearchAction\",\"target\":{\"@type\":\"EntryPoint\",\"urlTemplate\":\"https:\/\/portalararasdenoticias.com.br\/?s={search_term_string}\"},\"query-input\":{\"@type\":\"PropertyValueSpecification\",\"valueRequired\":true,\"valueName\":\"search_term_string\"}}],\"inLanguage\":\"pt-BR\"},{\"@type\":\"Person\",\"@id\":\"https:\/\/portalararasdenoticias.com.br\/#\/schema\/person\/a6190507efe29dea1049d60d05ed5c0a\",\"name\":\"Portal Araras de Noticias\",\"image\":{\"@type\":\"ImageObject\",\"inLanguage\":\"pt-BR\",\"@id\":\"https:\/\/portalararasdenoticias.com.br\/#\/schema\/person\/image\/\",\"url\":\"https:\/\/secure.gravatar.com\/avatar\/4df7c42bc08e78bc9b6e13086fafc161bdf01220657cd93de3d828ab6c60d469?s=96&d=mm&r=g\",\"contentUrl\":\"https:\/\/secure.gravatar.com\/avatar\/4df7c42bc08e78bc9b6e13086fafc161bdf01220657cd93de3d828ab6c60d469?s=96&d=mm&r=g\",\"caption\":\"Portal Araras de Noticias\"},\"sameAs\":[\"https:\/\/portalararasdenoticias.com.br\/\"],\"url\":\"https:\/\/portalararasdenoticias.com.br\/?author=5\"}]}<\/script>\n<!-- \/ Yoast SEO plugin. -->","yoast_head_json":{"title":"Acidente na Turquia mata atacante tcheco e fere 2 jogadores brasileiros - Portal Araras de Not\u00edcias","robots":{"index":"index","follow":"follow","max-snippet":"max-snippet:-1","max-image-preview":"max-image-preview:large","max-video-preview":"max-video-preview:-1"},"canonical":"https:\/\/portalararasdenoticias.com.br\/?p=345","og_locale":"pt_BR","og_type":"article","og_title":"Acidente na Turquia mata atacante tcheco e fere 2 jogadores brasileiros - Portal Araras de Not\u00edcias","og_description":"O atacante tcheco&nbsp;Josef \u0160ural, de 28 anos, morreu neste domingo em um acidente de tr\u00e2nsito no sul da Turquia. O atleta estava em uma van com jogadores do Alanyaspor, clube da primeira divis\u00e3o do pa\u00eds, que colidiu em uma mureta ap\u00f3s sair da estrada. Segundo o jornal local&nbsp;Daily Sabah, outros seis atletas ficaram feridos, incluindo [&hellip;]","og_url":"https:\/\/portalararasdenoticias.com.br\/?p=345","og_site_name":"Portal Araras de Not\u00edcias","article_published_time":"2019-04-29T11:17:43+00:00","article_modified_time":"2019-04-29T11:17:45+00:00","og_image":[{"width":270,"height":190,"url":"https:\/\/portalararasdenoticias.com.br\/wp-content\/uploads\/2019\/04\/BBWorB5.png","type":"image\/png"}],"author":"Portal Araras de Noticias","twitter_card":"summary_large_image","twitter_misc":{"Escrito por":"Portal Araras de Noticias","Est. tempo de leitura":"1 minuto"},"schema":{"@context":"https:\/\/schema.org","@graph":[{"@type":"Article","@id":"https:\/\/portalararasdenoticias.com.br\/?p=345#article","isPartOf":{"@id":"https:\/\/portalararasdenoticias.com.br\/?p=345"},"author":{"name":"Portal Araras de Noticias","@id":"https:\/\/portalararasdenoticias.com.br\/#\/schema\/person\/a6190507efe29dea1049d60d05ed5c0a"},"headline":"Acidente na Turquia mata atacante tcheco e fere 2 jogadores brasileiros","datePublished":"2019-04-29T11:17:43+00:00","dateModified":"2019-04-29T11:17:45+00:00","mainEntityOfPage":{"@id":"https:\/\/portalararasdenoticias.com.br\/?p=345"},"wordCount":146,"commentCount":0,"image":{"@id":"https:\/\/portalararasdenoticias.com.br\/?p=345#primaryimage"},"thumbnailUrl":"https:\/\/portalararasdenoticias.com.br\/wp-content\/uploads\/2019\/04\/BBWorB5.png","articleSection":["jornalismo"],"inLanguage":"pt-BR","potentialAction":[{"@type":"CommentAction","name":"Comment","target":["https:\/\/portalararasdenoticias.com.br\/?p=345#respond"]}]},{"@type":"WebPage","@id":"https:\/\/portalararasdenoticias.com.br\/?p=345","url":"https:\/\/portalararasdenoticias.com.br\/?p=345","name":"Acidente na Turquia mata atacante tcheco e fere 2 jogadores brasileiros - Portal Araras de Not\u00edcias","isPartOf":{"@id":"https:\/\/portalararasdenoticias.com.br\/#website"},"primaryImageOfPage":{"@id":"https:\/\/portalararasdenoticias.com.br\/?p=345#primaryimage"},"image":{"@id":"https:\/\/portalararasdenoticias.com.br\/?p=345#primaryimage"},"thumbnailUrl":"https:\/\/portalararasdenoticias.com.br\/wp-content\/uploads\/2019\/04\/BBWorB5.png","datePublished":"2019-04-29T11:17:43+00:00","dateModified":"2019-04-29T11:17:45+00:00","author":{"@id":"https:\/\/portalararasdenoticias.com.br\/#\/schema\/person\/a6190507efe29dea1049d60d05ed5c0a"},"breadcrumb":{"@id":"https:\/\/portalararasdenoticias.com.br\/?p=345#breadcrumb"},"inLanguage":"pt-BR","potentialAction":[{"@type":"ReadAction","target":["https:\/\/portalararasdenoticias.com.br\/?p=345"]}]},{"@type":"ImageObject","inLanguage":"pt-BR","@id":"https:\/\/portalararasdenoticias.com.br\/?p=345#primaryimage","url":"https:\/\/portalararasdenoticias.com.br\/wp-content\/uploads\/2019\/04\/BBWorB5.png","contentUrl":"https:\/\/portalararasdenoticias.com.br\/wp-content\/uploads\/2019\/04\/BBWorB5.png","width":270,"height":190},{"@type":"BreadcrumbList","@id":"https:\/\/portalararasdenoticias.com.br\/?p=345#breadcrumb","itemListElement":[{"@type":"ListItem","position":1,"name":"In\u00edcio","item":"https:\/\/portalararasdenoticias.com.br\/"},{"@type":"ListItem","position":2,"name":"Acidente na Turquia mata atacante tcheco e fere 2 jogadores brasileiros"}]},{"@type":"WebSite","@id":"https:\/\/portalararasdenoticias.com.br\/#website","url":"https:\/\/portalararasdenoticias.com.br\/","name":"Portal Araras de Not\u00edcias","description":"O Seu Portal de Not\u00edcias","potentialAction":[{"@type":"SearchAction","target":{"@type":"EntryPoint","urlTemplate":"https:\/\/portalararasdenoticias.com.br\/?s={search_term_string}"},"query-input":{"@type":"PropertyValueSpecification","valueRequired":true,"valueName":"search_term_string"}}],"inLanguage":"pt-BR"},{"@type":"Person","@id":"https:\/\/portalararasdenoticias.com.br\/#\/schema\/person\/a6190507efe29dea1049d60d05ed5c0a","name":"Portal Araras de Noticias","image":{"@type":"ImageObject","inLanguage":"pt-BR","@id":"https:\/\/portalararasdenoticias.com.br\/#\/schema\/person\/image\/","url":"https:\/\/secure.gravatar.com\/avatar\/4df7c42bc08e78bc9b6e13086fafc161bdf01220657cd93de3d828ab6c60d469?s=96&d=mm&r=g","contentUrl":"https:\/\/secure.gravatar.com\/avatar\/4df7c42bc08e78bc9b6e13086fafc161bdf01220657cd93de3d828ab6c60d469?s=96&d=mm&r=g","caption":"Portal Araras de Noticias"},"sameAs":["https:\/\/portalararasdenoticias.com.br\/"],"url":"https:\/\/portalararasdenoticias.com.br\/?author=5"}]}},"_links":{"self":[{"href":"https:\/\/portalararasdenoticias.com.br\/index.php?rest_route=\/wp\/v2\/posts\/345","targetHints":{"allow":["GET"]}}],"collection":[{"href":"https:\/\/portalararasdenoticias.com.br\/index.php?rest_route=\/wp\/v2\/posts"}],"about":[{"href":"https:\/\/portalararasdenoticias.com.br\/index.php?rest_route=\/wp\/v2\/types\/post"}],"author":[{"embeddable":true,"href":"https:\/\/portalararasdenoticias.com.br\/index.php?rest_route=\/wp\/v2\/users\/5"}],"replies":[{"embeddable":true,"href":"https:\/\/portalararasdenoticias.com.br\/index.php?rest_route=%2Fwp%2Fv2%2Fcomments&post=345"}],"version-history":[{"count":1,"href":"https:\/\/portalararasdenoticias.com.br\/index.php?rest_route=\/wp\/v2\/posts\/345\/revisions"}],"predecessor-version":[{"id":347,"href":"https:\/\/portalararasdenoticias.com.br\/index.php?rest_route=\/wp\/v2\/posts\/345\/revisions\/347"}],"wp:featuredmedia":[{"embeddable":true,"href":"https:\/\/portalararasdenoticias.com.br\/index.php?rest_route=\/wp\/v2\/media\/346"}],"wp:attachment":[{"href":"https:\/\/portalararasdenoticias.com.br\/index.php?rest_route=%2Fwp%2Fv2%2Fmedia&parent=345"}],"wp:term":[{"taxonomy":"category","embeddable":true,"href":"https:\/\/portalararasdenoticias.com.br\/index.php?rest_route=%2Fwp%2Fv2%2Fcategories&post=345"},{"taxonomy":"post_tag","embeddable":true,"href":"https:\/\/portalararasdenoticias.com.br\/index.php?rest_route=%2Fwp%2Fv2%2Ftags&post=345"}],"curies":[{"name":"wp","href":"https:\/\/api.w.org\/{rel}","templated":true}]}}