{"id":3524,"date":"2021-10-29T10:17:10","date_gmt":"2021-10-29T13:17:10","guid":{"rendered":"https:\/\/portalararasdenoticias.com.br\/?p=3524"},"modified":"2021-10-29T10:18:16","modified_gmt":"2021-10-29T13:18:16","slug":"miss-coari-mae-de-kimberly-mota-morre-apos-condenacao-de-rafael-fernandez-neylla-pinheiro-mota-mae-da-miss-manicore-kimberly-karen-mota-de-oliveira-morre-vitima-de-cancer-horas-depois-do-juiz-decr","status":"publish","type":"post","link":"https:\/\/portalararasdenoticias.com.br\/?p=3524","title":{"rendered":"Miss Coari: M\u00e3e de Kimberly Mota morre ap\u00f3s condena\u00e7\u00e3o de Rafael Fernandez.Neylla Pinheiro Mota, m\u00e3e da Miss Manicor\u00e9 Kimberly Karen Mota de Oliveira, morre v\u00edtima de c\u00e2ncer, horas depois do juiz decretar a condena\u00e7\u00e3o de Rafael Fernandez Rodrigues, a 14 anos de pris\u00e3o em regime fechado pela morte de Kimberly. A m\u00e3e da miss chegou a participar do julgamento, sendo a primeira testemunha de acusa\u00e7\u00e3o, por volta das 10h36 de quarta-feira (27), e respondeu todos questionamentos da promotoria e da defesa. Ela foi ouvida por meio de videoconfer\u00eancia, uma vez que se encontrava hospitalizada em uma unidade de sa\u00fade da capital devido a uma leucemia."},"content":{"rendered":"","protected":false},"excerpt":{"rendered":"","protected":false},"author":5,"featured_media":3525,"comment_status":"open","ping_status":"open","sticky":true,"template":"","format":"standard","meta":{"footnotes":""},"categories":[34],"tags":[],"class_list":["post-3524","post","type-post","status-publish","format-standard","has-post-thumbnail","hentry","category-jornalismo"],"yoast_head":"<!-- This site is optimized with the Yoast SEO plugin v27.0 - https:\/\/yoast.com\/product\/yoast-seo-wordpress\/ -->\n<title>Miss Coari: M\u00e3e de Kimberly Mota morre ap\u00f3s condena\u00e7\u00e3o de Rafael Fernandez.Neylla Pinheiro Mota, m\u00e3e da Miss Manicor\u00e9 Kimberly Karen Mota de Oliveira, morre v\u00edtima de c\u00e2ncer, horas depois do juiz decretar a condena\u00e7\u00e3o de Rafael Fernandez Rodrigues, a 14 anos de pris\u00e3o em regime fechado pela morte de Kimberly. A m\u00e3e da miss chegou a participar do julgamento, sendo a primeira testemunha de acusa\u00e7\u00e3o, por volta das 10h36 de quarta-feira (27), e respondeu todos questionamentos da promotoria e da defesa. Ela foi ouvida por meio de videoconfer\u00eancia, uma vez que se encontrava hospitalizada em uma unidade de sa\u00fade da capital devido a uma leucemia. - Portal Araras de Not\u00edcias<\/title>\n<meta name=\"robots\" content=\"index, follow, max-snippet:-1, max-image-preview:large, max-video-preview:-1\" \/>\n<link rel=\"canonical\" href=\"https:\/\/portalararasdenoticias.com.br\/?p=3524\" \/>\n<meta property=\"og:locale\" content=\"pt_BR\" \/>\n<meta property=\"og:type\" content=\"article\" \/>\n<meta property=\"og:title\" content=\"Miss Coari: M\u00e3e de Kimberly Mota morre ap\u00f3s condena\u00e7\u00e3o de Rafael Fernandez.Neylla Pinheiro Mota, m\u00e3e da Miss Manicor\u00e9 Kimberly Karen Mota de Oliveira, morre v\u00edtima de c\u00e2ncer, horas depois do juiz decretar a condena\u00e7\u00e3o de Rafael Fernandez Rodrigues, a 14 anos de pris\u00e3o em regime fechado pela morte de Kimberly. A m\u00e3e da miss chegou a participar do julgamento, sendo a primeira testemunha de acusa\u00e7\u00e3o, por volta das 10h36 de quarta-feira (27), e respondeu todos questionamentos da promotoria e da defesa. Ela foi ouvida por meio de videoconfer\u00eancia, uma vez que se encontrava hospitalizada em uma unidade de sa\u00fade da capital devido a uma leucemia. - Portal Araras de Not\u00edcias\" \/>\n<meta property=\"og:url\" content=\"https:\/\/portalararasdenoticias.com.br\/?p=3524\" \/>\n<meta property=\"og:site_name\" content=\"Portal Araras de Not\u00edcias\" \/>\n<meta property=\"article:published_time\" content=\"2021-10-29T13:17:10+00:00\" \/>\n<meta property=\"article:modified_time\" content=\"2021-10-29T13:18:16+00:00\" \/>\n<meta property=\"og:image\" content=\"https:\/\/portalararasdenoticias.com.br\/wp-content\/uploads\/2021\/10\/show_download__2__C1F80FBA-97ED-4E9E-83D4-24B5486A5D99.jpg\" \/>\n\t<meta property=\"og:image:width\" content=\"872\" \/>\n\t<meta property=\"og:image:height\" content=\"454\" \/>\n\t<meta property=\"og:image:type\" content=\"image\/jpeg\" \/>\n<meta name=\"author\" content=\"Portal Araras de Noticias\" \/>\n<meta name=\"twitter:card\" content=\"summary_large_image\" \/>\n<meta name=\"twitter:label1\" content=\"Escrito por\" \/>\n\t<meta name=\"twitter:data1\" content=\"Portal Araras de Noticias\" \/>\n<script type=\"application\/ld+json\" class=\"yoast-schema-graph\">{\"@context\":\"https:\/\/schema.org\",\"@graph\":[{\"@type\":\"Article\",\"@id\":\"https:\/\/portalararasdenoticias.com.br\/?p=3524#article\",\"isPartOf\":{\"@id\":\"https:\/\/portalararasdenoticias.com.br\/?p=3524\"},\"author\":{\"name\":\"Portal Araras de Noticias\",\"@id\":\"https:\/\/portalararasdenoticias.com.br\/#\/schema\/person\/a6190507efe29dea1049d60d05ed5c0a\"},\"headline\":\"Miss Coari: M\u00e3e de Kimberly Mota morre ap\u00f3s condena\u00e7\u00e3o de Rafael Fernandez.Neylla Pinheiro Mota, m\u00e3e da Miss Manicor\u00e9 Kimberly Karen Mota de Oliveira, morre v\u00edtima de c\u00e2ncer, horas depois do juiz decretar a condena\u00e7\u00e3o de Rafael Fernandez Rodrigues, a 14 anos de pris\u00e3o em regime fechado pela morte de Kimberly. A m\u00e3e da miss chegou a participar do julgamento, sendo a primeira testemunha de acusa\u00e7\u00e3o, por volta das 10h36 de quarta-feira (27), e respondeu todos questionamentos da promotoria e da defesa. Ela foi ouvida por meio de videoconfer\u00eancia, uma vez que se encontrava hospitalizada em uma unidade de sa\u00fade da capital devido a uma leucemia.\",\"datePublished\":\"2021-10-29T13:17:10+00:00\",\"dateModified\":\"2021-10-29T13:18:16+00:00\",\"mainEntityOfPage\":{\"@id\":\"https:\/\/portalararasdenoticias.com.br\/?p=3524\"},\"wordCount\":116,\"commentCount\":0,\"image\":{\"@id\":\"https:\/\/portalararasdenoticias.com.br\/?p=3524#primaryimage\"},\"thumbnailUrl\":\"https:\/\/portalararasdenoticias.com.br\/wp-content\/uploads\/2021\/10\/show_download__2__C1F80FBA-97ED-4E9E-83D4-24B5486A5D99.jpg\",\"articleSection\":[\"jornalismo\"],\"inLanguage\":\"pt-BR\",\"potentialAction\":[{\"@type\":\"CommentAction\",\"name\":\"Comment\",\"target\":[\"https:\/\/portalararasdenoticias.com.br\/?p=3524#respond\"]}]},{\"@type\":\"WebPage\",\"@id\":\"https:\/\/portalararasdenoticias.com.br\/?p=3524\",\"url\":\"https:\/\/portalararasdenoticias.com.br\/?p=3524\",\"name\":\"Miss Coari: M\u00e3e de Kimberly Mota morre ap\u00f3s condena\u00e7\u00e3o de Rafael Fernandez.Neylla Pinheiro Mota, m\u00e3e da Miss Manicor\u00e9 Kimberly Karen Mota de Oliveira, morre v\u00edtima de c\u00e2ncer, horas depois do juiz decretar a condena\u00e7\u00e3o de Rafael Fernandez Rodrigues, a 14 anos de pris\u00e3o em regime fechado pela morte de Kimberly. A m\u00e3e da miss chegou a participar do julgamento, sendo a primeira testemunha de acusa\u00e7\u00e3o, por volta das 10h36 de quarta-feira (27), e respondeu todos questionamentos da promotoria e da defesa. Ela foi ouvida por meio de videoconfer\u00eancia, uma vez que se encontrava hospitalizada em uma unidade de sa\u00fade da capital devido a uma leucemia. - Portal Araras de Not\u00edcias\",\"isPartOf\":{\"@id\":\"https:\/\/portalararasdenoticias.com.br\/#website\"},\"primaryImageOfPage\":{\"@id\":\"https:\/\/portalararasdenoticias.com.br\/?p=3524#primaryimage\"},\"image\":{\"@id\":\"https:\/\/portalararasdenoticias.com.br\/?p=3524#primaryimage\"},\"thumbnailUrl\":\"https:\/\/portalararasdenoticias.com.br\/wp-content\/uploads\/2021\/10\/show_download__2__C1F80FBA-97ED-4E9E-83D4-24B5486A5D99.jpg\",\"datePublished\":\"2021-10-29T13:17:10+00:00\",\"dateModified\":\"2021-10-29T13:18:16+00:00\",\"author\":{\"@id\":\"https:\/\/portalararasdenoticias.com.br\/#\/schema\/person\/a6190507efe29dea1049d60d05ed5c0a\"},\"breadcrumb\":{\"@id\":\"https:\/\/portalararasdenoticias.com.br\/?p=3524#breadcrumb\"},\"inLanguage\":\"pt-BR\",\"potentialAction\":[{\"@type\":\"ReadAction\",\"target\":[\"https:\/\/portalararasdenoticias.com.br\/?p=3524\"]}]},{\"@type\":\"ImageObject\",\"inLanguage\":\"pt-BR\",\"@id\":\"https:\/\/portalararasdenoticias.com.br\/?p=3524#primaryimage\",\"url\":\"https:\/\/portalararasdenoticias.com.br\/wp-content\/uploads\/2021\/10\/show_download__2__C1F80FBA-97ED-4E9E-83D4-24B5486A5D99.jpg\",\"contentUrl\":\"https:\/\/portalararasdenoticias.com.br\/wp-content\/uploads\/2021\/10\/show_download__2__C1F80FBA-97ED-4E9E-83D4-24B5486A5D99.jpg\",\"width\":872,\"height\":454},{\"@type\":\"BreadcrumbList\",\"@id\":\"https:\/\/portalararasdenoticias.com.br\/?p=3524#breadcrumb\",\"itemListElement\":[{\"@type\":\"ListItem\",\"position\":1,\"name\":\"In\u00edcio\",\"item\":\"https:\/\/portalararasdenoticias.com.br\/\"},{\"@type\":\"ListItem\",\"position\":2,\"name\":\"Miss Coari: M\u00e3e de Kimberly Mota morre ap\u00f3s condena\u00e7\u00e3o de Rafael Fernandez.Neylla Pinheiro Mota, m\u00e3e da Miss Manicor\u00e9 Kimberly Karen Mota de Oliveira, morre v\u00edtima de c\u00e2ncer, horas depois do juiz decretar a condena\u00e7\u00e3o de Rafael Fernandez Rodrigues, a 14 anos de pris\u00e3o em regime fechado pela morte de Kimberly. A m\u00e3e da miss chegou a participar do julgamento, sendo a primeira testemunha de acusa\u00e7\u00e3o, por volta das 10h36 de quarta-feira (27), e respondeu todos questionamentos da promotoria e da defesa. Ela foi ouvida por meio de videoconfer\u00eancia, uma vez que se encontrava hospitalizada em uma unidade de sa\u00fade da capital devido a uma leucemia.\"}]},{\"@type\":\"WebSite\",\"@id\":\"https:\/\/portalararasdenoticias.com.br\/#website\",\"url\":\"https:\/\/portalararasdenoticias.com.br\/\",\"name\":\"Portal Araras de Not\u00edcias\",\"description\":\"O Seu Portal de Not\u00edcias\",\"potentialAction\":[{\"@type\":\"SearchAction\",\"target\":{\"@type\":\"EntryPoint\",\"urlTemplate\":\"https:\/\/portalararasdenoticias.com.br\/?s={search_term_string}\"},\"query-input\":{\"@type\":\"PropertyValueSpecification\",\"valueRequired\":true,\"valueName\":\"search_term_string\"}}],\"inLanguage\":\"pt-BR\"},{\"@type\":\"Person\",\"@id\":\"https:\/\/portalararasdenoticias.com.br\/#\/schema\/person\/a6190507efe29dea1049d60d05ed5c0a\",\"name\":\"Portal Araras de Noticias\",\"image\":{\"@type\":\"ImageObject\",\"inLanguage\":\"pt-BR\",\"@id\":\"https:\/\/portalararasdenoticias.com.br\/#\/schema\/person\/image\/\",\"url\":\"https:\/\/secure.gravatar.com\/avatar\/4df7c42bc08e78bc9b6e13086fafc161bdf01220657cd93de3d828ab6c60d469?s=96&d=mm&r=g\",\"contentUrl\":\"https:\/\/secure.gravatar.com\/avatar\/4df7c42bc08e78bc9b6e13086fafc161bdf01220657cd93de3d828ab6c60d469?s=96&d=mm&r=g\",\"caption\":\"Portal Araras de Noticias\"},\"sameAs\":[\"https:\/\/portalararasdenoticias.com.br\/\"],\"url\":\"https:\/\/portalararasdenoticias.com.br\/?author=5\"}]}<\/script>\n<!-- \/ Yoast SEO plugin. -->","yoast_head_json":{"title":"Miss Coari: M\u00e3e de Kimberly Mota morre ap\u00f3s condena\u00e7\u00e3o de Rafael Fernandez.Neylla Pinheiro Mota, m\u00e3e da Miss Manicor\u00e9 Kimberly Karen Mota de Oliveira, morre v\u00edtima de c\u00e2ncer, horas depois do juiz decretar a condena\u00e7\u00e3o de Rafael Fernandez Rodrigues, a 14 anos de pris\u00e3o em regime fechado pela morte de Kimberly. A m\u00e3e da miss chegou a participar do julgamento, sendo a primeira testemunha de acusa\u00e7\u00e3o, por volta das 10h36 de quarta-feira (27), e respondeu todos questionamentos da promotoria e da defesa. Ela foi ouvida por meio de videoconfer\u00eancia, uma vez que se encontrava hospitalizada em uma unidade de sa\u00fade da capital devido a uma leucemia. - Portal Araras de Not\u00edcias","robots":{"index":"index","follow":"follow","max-snippet":"max-snippet:-1","max-image-preview":"max-image-preview:large","max-video-preview":"max-video-preview:-1"},"canonical":"https:\/\/portalararasdenoticias.com.br\/?p=3524","og_locale":"pt_BR","og_type":"article","og_title":"Miss Coari: M\u00e3e de Kimberly Mota morre ap\u00f3s condena\u00e7\u00e3o de Rafael Fernandez.Neylla Pinheiro Mota, m\u00e3e da Miss Manicor\u00e9 Kimberly Karen Mota de Oliveira, morre v\u00edtima de c\u00e2ncer, horas depois do juiz decretar a condena\u00e7\u00e3o de Rafael Fernandez Rodrigues, a 14 anos de pris\u00e3o em regime fechado pela morte de Kimberly. A m\u00e3e da miss chegou a participar do julgamento, sendo a primeira testemunha de acusa\u00e7\u00e3o, por volta das 10h36 de quarta-feira (27), e respondeu todos questionamentos da promotoria e da defesa. Ela foi ouvida por meio de videoconfer\u00eancia, uma vez que se encontrava hospitalizada em uma unidade de sa\u00fade da capital devido a uma leucemia. - Portal Araras de Not\u00edcias","og_url":"https:\/\/portalararasdenoticias.com.br\/?p=3524","og_site_name":"Portal Araras de Not\u00edcias","article_published_time":"2021-10-29T13:17:10+00:00","article_modified_time":"2021-10-29T13:18:16+00:00","og_image":[{"width":872,"height":454,"url":"https:\/\/portalararasdenoticias.com.br\/wp-content\/uploads\/2021\/10\/show_download__2__C1F80FBA-97ED-4E9E-83D4-24B5486A5D99.jpg","type":"image\/jpeg"}],"author":"Portal Araras de Noticias","twitter_card":"summary_large_image","twitter_misc":{"Escrito por":"Portal Araras de Noticias"},"schema":{"@context":"https:\/\/schema.org","@graph":[{"@type":"Article","@id":"https:\/\/portalararasdenoticias.com.br\/?p=3524#article","isPartOf":{"@id":"https:\/\/portalararasdenoticias.com.br\/?p=3524"},"author":{"name":"Portal Araras de Noticias","@id":"https:\/\/portalararasdenoticias.com.br\/#\/schema\/person\/a6190507efe29dea1049d60d05ed5c0a"},"headline":"Miss Coari: M\u00e3e de Kimberly Mota morre ap\u00f3s condena\u00e7\u00e3o de Rafael Fernandez.Neylla Pinheiro Mota, m\u00e3e da Miss Manicor\u00e9 Kimberly Karen Mota de Oliveira, morre v\u00edtima de c\u00e2ncer, horas depois do juiz decretar a condena\u00e7\u00e3o de Rafael Fernandez Rodrigues, a 14 anos de pris\u00e3o em regime fechado pela morte de Kimberly. A m\u00e3e da miss chegou a participar do julgamento, sendo a primeira testemunha de acusa\u00e7\u00e3o, por volta das 10h36 de quarta-feira (27), e respondeu todos questionamentos da promotoria e da defesa. Ela foi ouvida por meio de videoconfer\u00eancia, uma vez que se encontrava hospitalizada em uma unidade de sa\u00fade da capital devido a uma leucemia.","datePublished":"2021-10-29T13:17:10+00:00","dateModified":"2021-10-29T13:18:16+00:00","mainEntityOfPage":{"@id":"https:\/\/portalararasdenoticias.com.br\/?p=3524"},"wordCount":116,"commentCount":0,"image":{"@id":"https:\/\/portalararasdenoticias.com.br\/?p=3524#primaryimage"},"thumbnailUrl":"https:\/\/portalararasdenoticias.com.br\/wp-content\/uploads\/2021\/10\/show_download__2__C1F80FBA-97ED-4E9E-83D4-24B5486A5D99.jpg","articleSection":["jornalismo"],"inLanguage":"pt-BR","potentialAction":[{"@type":"CommentAction","name":"Comment","target":["https:\/\/portalararasdenoticias.com.br\/?p=3524#respond"]}]},{"@type":"WebPage","@id":"https:\/\/portalararasdenoticias.com.br\/?p=3524","url":"https:\/\/portalararasdenoticias.com.br\/?p=3524","name":"Miss Coari: M\u00e3e de Kimberly Mota morre ap\u00f3s condena\u00e7\u00e3o de Rafael Fernandez.Neylla Pinheiro Mota, m\u00e3e da Miss Manicor\u00e9 Kimberly Karen Mota de Oliveira, morre v\u00edtima de c\u00e2ncer, horas depois do juiz decretar a condena\u00e7\u00e3o de Rafael Fernandez Rodrigues, a 14 anos de pris\u00e3o em regime fechado pela morte de Kimberly. A m\u00e3e da miss chegou a participar do julgamento, sendo a primeira testemunha de acusa\u00e7\u00e3o, por volta das 10h36 de quarta-feira (27), e respondeu todos questionamentos da promotoria e da defesa. Ela foi ouvida por meio de videoconfer\u00eancia, uma vez que se encontrava hospitalizada em uma unidade de sa\u00fade da capital devido a uma leucemia. - Portal Araras de Not\u00edcias","isPartOf":{"@id":"https:\/\/portalararasdenoticias.com.br\/#website"},"primaryImageOfPage":{"@id":"https:\/\/portalararasdenoticias.com.br\/?p=3524#primaryimage"},"image":{"@id":"https:\/\/portalararasdenoticias.com.br\/?p=3524#primaryimage"},"thumbnailUrl":"https:\/\/portalararasdenoticias.com.br\/wp-content\/uploads\/2021\/10\/show_download__2__C1F80FBA-97ED-4E9E-83D4-24B5486A5D99.jpg","datePublished":"2021-10-29T13:17:10+00:00","dateModified":"2021-10-29T13:18:16+00:00","author":{"@id":"https:\/\/portalararasdenoticias.com.br\/#\/schema\/person\/a6190507efe29dea1049d60d05ed5c0a"},"breadcrumb":{"@id":"https:\/\/portalararasdenoticias.com.br\/?p=3524#breadcrumb"},"inLanguage":"pt-BR","potentialAction":[{"@type":"ReadAction","target":["https:\/\/portalararasdenoticias.com.br\/?p=3524"]}]},{"@type":"ImageObject","inLanguage":"pt-BR","@id":"https:\/\/portalararasdenoticias.com.br\/?p=3524#primaryimage","url":"https:\/\/portalararasdenoticias.com.br\/wp-content\/uploads\/2021\/10\/show_download__2__C1F80FBA-97ED-4E9E-83D4-24B5486A5D99.jpg","contentUrl":"https:\/\/portalararasdenoticias.com.br\/wp-content\/uploads\/2021\/10\/show_download__2__C1F80FBA-97ED-4E9E-83D4-24B5486A5D99.jpg","width":872,"height":454},{"@type":"BreadcrumbList","@id":"https:\/\/portalararasdenoticias.com.br\/?p=3524#breadcrumb","itemListElement":[{"@type":"ListItem","position":1,"name":"In\u00edcio","item":"https:\/\/portalararasdenoticias.com.br\/"},{"@type":"ListItem","position":2,"name":"Miss Coari: M\u00e3e de Kimberly Mota morre ap\u00f3s condena\u00e7\u00e3o de Rafael Fernandez.Neylla Pinheiro Mota, m\u00e3e da Miss Manicor\u00e9 Kimberly Karen Mota de Oliveira, morre v\u00edtima de c\u00e2ncer, horas depois do juiz decretar a condena\u00e7\u00e3o de Rafael Fernandez Rodrigues, a 14 anos de pris\u00e3o em regime fechado pela morte de Kimberly. A m\u00e3e da miss chegou a participar do julgamento, sendo a primeira testemunha de acusa\u00e7\u00e3o, por volta das 10h36 de quarta-feira (27), e respondeu todos questionamentos da promotoria e da defesa. Ela foi ouvida por meio de videoconfer\u00eancia, uma vez que se encontrava hospitalizada em uma unidade de sa\u00fade da capital devido a uma leucemia."}]},{"@type":"WebSite","@id":"https:\/\/portalararasdenoticias.com.br\/#website","url":"https:\/\/portalararasdenoticias.com.br\/","name":"Portal Araras de Not\u00edcias","description":"O Seu Portal de Not\u00edcias","potentialAction":[{"@type":"SearchAction","target":{"@type":"EntryPoint","urlTemplate":"https:\/\/portalararasdenoticias.com.br\/?s={search_term_string}"},"query-input":{"@type":"PropertyValueSpecification","valueRequired":true,"valueName":"search_term_string"}}],"inLanguage":"pt-BR"},{"@type":"Person","@id":"https:\/\/portalararasdenoticias.com.br\/#\/schema\/person\/a6190507efe29dea1049d60d05ed5c0a","name":"Portal Araras de Noticias","image":{"@type":"ImageObject","inLanguage":"pt-BR","@id":"https:\/\/portalararasdenoticias.com.br\/#\/schema\/person\/image\/","url":"https:\/\/secure.gravatar.com\/avatar\/4df7c42bc08e78bc9b6e13086fafc161bdf01220657cd93de3d828ab6c60d469?s=96&d=mm&r=g","contentUrl":"https:\/\/secure.gravatar.com\/avatar\/4df7c42bc08e78bc9b6e13086fafc161bdf01220657cd93de3d828ab6c60d469?s=96&d=mm&r=g","caption":"Portal Araras de Noticias"},"sameAs":["https:\/\/portalararasdenoticias.com.br\/"],"url":"https:\/\/portalararasdenoticias.com.br\/?author=5"}]}},"_links":{"self":[{"href":"https:\/\/portalararasdenoticias.com.br\/index.php?rest_route=\/wp\/v2\/posts\/3524","targetHints":{"allow":["GET"]}}],"collection":[{"href":"https:\/\/portalararasdenoticias.com.br\/index.php?rest_route=\/wp\/v2\/posts"}],"about":[{"href":"https:\/\/portalararasdenoticias.com.br\/index.php?rest_route=\/wp\/v2\/types\/post"}],"author":[{"embeddable":true,"href":"https:\/\/portalararasdenoticias.com.br\/index.php?rest_route=\/wp\/v2\/users\/5"}],"replies":[{"embeddable":true,"href":"https:\/\/portalararasdenoticias.com.br\/index.php?rest_route=%2Fwp%2Fv2%2Fcomments&post=3524"}],"version-history":[{"count":1,"href":"https:\/\/portalararasdenoticias.com.br\/index.php?rest_route=\/wp\/v2\/posts\/3524\/revisions"}],"predecessor-version":[{"id":3526,"href":"https:\/\/portalararasdenoticias.com.br\/index.php?rest_route=\/wp\/v2\/posts\/3524\/revisions\/3526"}],"wp:featuredmedia":[{"embeddable":true,"href":"https:\/\/portalararasdenoticias.com.br\/index.php?rest_route=\/wp\/v2\/media\/3525"}],"wp:attachment":[{"href":"https:\/\/portalararasdenoticias.com.br\/index.php?rest_route=%2Fwp%2Fv2%2Fmedia&parent=3524"}],"wp:term":[{"taxonomy":"category","embeddable":true,"href":"https:\/\/portalararasdenoticias.com.br\/index.php?rest_route=%2Fwp%2Fv2%2Fcategories&post=3524"},{"taxonomy":"post_tag","embeddable":true,"href":"https:\/\/portalararasdenoticias.com.br\/index.php?rest_route=%2Fwp%2Fv2%2Ftags&post=3524"}],"curies":[{"name":"wp","href":"https:\/\/api.w.org\/{rel}","templated":true}]}}