{"id":3653,"date":"2021-12-02T22:19:27","date_gmt":"2021-12-03T01:19:27","guid":{"rendered":"https:\/\/portalararasdenoticias.com.br\/?p=3653"},"modified":"2021-12-02T22:20:35","modified_gmt":"2021-12-03T01:20:35","slug":"festas-de-final-de-ano-sao-suspensas-em-manacapuru-no-am-em-nota-prefeitura-informou-que-ha-a-preocupacao-com-um-possivel-aumento-de-casos-no-municipio-apos-o-fim-do-ano-manacapuru-na-regiao-metro","status":"publish","type":"post","link":"https:\/\/portalararasdenoticias.com.br\/?p=3653","title":{"rendered":"Festas de final de ano s\u00e3o suspensas em Manacapuru, no AM Em nota, prefeitura informou que h\u00e1 a preocupa\u00e7\u00e3o com um poss\u00edvel aumento de casos no munic\u00edpio ap\u00f3s o fim do ano. Manacapuru, na regi\u00e3o metropolitana de Manaus, decidiu cancelar a festa de r\u00e9veillon que seria realizada na cidade no dia 31 de janeiro. De acordo com nota divulgada pela prefeitura, a decis\u00e3o foi tomada ap\u00f3s uma reuni\u00e3o da equipe da secretaria de Sa\u00fade municipal. Conforme o texto, h\u00e1 a preocupa\u00e7\u00e3o com um poss\u00edvel aumento de casos no munic\u00edpio ap\u00f3s o fim do ano, al\u00e9m da inseguran\u00e7a causada pelo surgimento da nova variante da Covid-19, chamada \u00f4micron. Desde o in\u00edcio da pandemia, Manacapuru registrou 9.631 casos confirmados e 406 mortes provocadas pela doen\u00e7a."},"content":{"rendered":"","protected":false},"excerpt":{"rendered":"","protected":false},"author":5,"featured_media":3654,"comment_status":"open","ping_status":"open","sticky":true,"template":"","format":"standard","meta":{"footnotes":""},"categories":[34],"tags":[],"class_list":["post-3653","post","type-post","status-publish","format-standard","has-post-thumbnail","hentry","category-jornalismo"],"yoast_head":"<!-- This site is optimized with the Yoast SEO plugin v27.0 - https:\/\/yoast.com\/product\/yoast-seo-wordpress\/ -->\n<title>Festas de final de ano s\u00e3o suspensas em Manacapuru, no AM Em nota, prefeitura informou que h\u00e1 a preocupa\u00e7\u00e3o com um poss\u00edvel aumento de casos no munic\u00edpio ap\u00f3s o fim do ano. Manacapuru, na regi\u00e3o metropolitana de Manaus, decidiu cancelar a festa de r\u00e9veillon que seria realizada na cidade no dia 31 de janeiro. De acordo com nota divulgada pela prefeitura, a decis\u00e3o foi tomada ap\u00f3s uma reuni\u00e3o da equipe da secretaria de Sa\u00fade municipal. Conforme o texto, h\u00e1 a preocupa\u00e7\u00e3o com um poss\u00edvel aumento de casos no munic\u00edpio ap\u00f3s o fim do ano, al\u00e9m da inseguran\u00e7a causada pelo surgimento da nova variante da Covid-19, chamada \u00f4micron. Desde o in\u00edcio da pandemia, Manacapuru registrou 9.631 casos confirmados e 406 mortes provocadas pela doen\u00e7a. - Portal Araras de Not\u00edcias<\/title>\n<meta name=\"robots\" content=\"index, follow, max-snippet:-1, max-image-preview:large, max-video-preview:-1\" \/>\n<link rel=\"canonical\" href=\"https:\/\/portalararasdenoticias.com.br\/?p=3653\" \/>\n<meta property=\"og:locale\" content=\"pt_BR\" \/>\n<meta property=\"og:type\" content=\"article\" \/>\n<meta property=\"og:title\" content=\"Festas de final de ano s\u00e3o suspensas em Manacapuru, no AM Em nota, prefeitura informou que h\u00e1 a preocupa\u00e7\u00e3o com um poss\u00edvel aumento de casos no munic\u00edpio ap\u00f3s o fim do ano. Manacapuru, na regi\u00e3o metropolitana de Manaus, decidiu cancelar a festa de r\u00e9veillon que seria realizada na cidade no dia 31 de janeiro. De acordo com nota divulgada pela prefeitura, a decis\u00e3o foi tomada ap\u00f3s uma reuni\u00e3o da equipe da secretaria de Sa\u00fade municipal. Conforme o texto, h\u00e1 a preocupa\u00e7\u00e3o com um poss\u00edvel aumento de casos no munic\u00edpio ap\u00f3s o fim do ano, al\u00e9m da inseguran\u00e7a causada pelo surgimento da nova variante da Covid-19, chamada \u00f4micron. Desde o in\u00edcio da pandemia, Manacapuru registrou 9.631 casos confirmados e 406 mortes provocadas pela doen\u00e7a. - Portal Araras de Not\u00edcias\" \/>\n<meta property=\"og:url\" content=\"https:\/\/portalararasdenoticias.com.br\/?p=3653\" \/>\n<meta property=\"og:site_name\" content=\"Portal Araras de Not\u00edcias\" \/>\n<meta property=\"article:published_time\" content=\"2021-12-03T01:19:27+00:00\" \/>\n<meta property=\"article:modified_time\" content=\"2021-12-03T01:20:35+00:00\" \/>\n<meta property=\"og:image\" content=\"https:\/\/portalararasdenoticias.com.br\/wp-content\/uploads\/2021\/12\/show_manacapuru_B6A0CD8E-FF47-4E38-A952-C1042F3A8B7E.jpg\" \/>\n\t<meta property=\"og:image:width\" content=\"872\" \/>\n\t<meta property=\"og:image:height\" content=\"581\" \/>\n\t<meta property=\"og:image:type\" content=\"image\/jpeg\" \/>\n<meta name=\"author\" content=\"Portal Araras de Noticias\" \/>\n<meta name=\"twitter:card\" content=\"summary_large_image\" \/>\n<meta name=\"twitter:label1\" content=\"Escrito por\" \/>\n\t<meta name=\"twitter:data1\" content=\"Portal Araras de Noticias\" \/>\n<script type=\"application\/ld+json\" class=\"yoast-schema-graph\">{\"@context\":\"https:\/\/schema.org\",\"@graph\":[{\"@type\":\"Article\",\"@id\":\"https:\/\/portalararasdenoticias.com.br\/?p=3653#article\",\"isPartOf\":{\"@id\":\"https:\/\/portalararasdenoticias.com.br\/?p=3653\"},\"author\":{\"name\":\"Portal Araras de Noticias\",\"@id\":\"https:\/\/portalararasdenoticias.com.br\/#\/schema\/person\/a6190507efe29dea1049d60d05ed5c0a\"},\"headline\":\"Festas de final de ano s\u00e3o suspensas em Manacapuru, no AM Em nota, prefeitura informou que h\u00e1 a preocupa\u00e7\u00e3o com um poss\u00edvel aumento de casos no munic\u00edpio ap\u00f3s o fim do ano. Manacapuru, na regi\u00e3o metropolitana de Manaus, decidiu cancelar a festa de r\u00e9veillon que seria realizada na cidade no dia 31 de janeiro. De acordo com nota divulgada pela prefeitura, a decis\u00e3o foi tomada ap\u00f3s uma reuni\u00e3o da equipe da secretaria de Sa\u00fade municipal. Conforme o texto, h\u00e1 a preocupa\u00e7\u00e3o com um poss\u00edvel aumento de casos no munic\u00edpio ap\u00f3s o fim do ano, al\u00e9m da inseguran\u00e7a causada pelo surgimento da nova variante da Covid-19, chamada \u00f4micron. Desde o in\u00edcio da pandemia, Manacapuru registrou 9.631 casos confirmados e 406 mortes provocadas pela doen\u00e7a.\",\"datePublished\":\"2021-12-03T01:19:27+00:00\",\"dateModified\":\"2021-12-03T01:20:35+00:00\",\"mainEntityOfPage\":{\"@id\":\"https:\/\/portalararasdenoticias.com.br\/?p=3653\"},\"wordCount\":139,\"commentCount\":0,\"image\":{\"@id\":\"https:\/\/portalararasdenoticias.com.br\/?p=3653#primaryimage\"},\"thumbnailUrl\":\"https:\/\/portalararasdenoticias.com.br\/wp-content\/uploads\/2021\/12\/show_manacapuru_B6A0CD8E-FF47-4E38-A952-C1042F3A8B7E.jpg\",\"articleSection\":[\"jornalismo\"],\"inLanguage\":\"pt-BR\",\"potentialAction\":[{\"@type\":\"CommentAction\",\"name\":\"Comment\",\"target\":[\"https:\/\/portalararasdenoticias.com.br\/?p=3653#respond\"]}]},{\"@type\":\"WebPage\",\"@id\":\"https:\/\/portalararasdenoticias.com.br\/?p=3653\",\"url\":\"https:\/\/portalararasdenoticias.com.br\/?p=3653\",\"name\":\"Festas de final de ano s\u00e3o suspensas em Manacapuru, no AM Em nota, prefeitura informou que h\u00e1 a preocupa\u00e7\u00e3o com um poss\u00edvel aumento de casos no munic\u00edpio ap\u00f3s o fim do ano. Manacapuru, na regi\u00e3o metropolitana de Manaus, decidiu cancelar a festa de r\u00e9veillon que seria realizada na cidade no dia 31 de janeiro. De acordo com nota divulgada pela prefeitura, a decis\u00e3o foi tomada ap\u00f3s uma reuni\u00e3o da equipe da secretaria de Sa\u00fade municipal. Conforme o texto, h\u00e1 a preocupa\u00e7\u00e3o com um poss\u00edvel aumento de casos no munic\u00edpio ap\u00f3s o fim do ano, al\u00e9m da inseguran\u00e7a causada pelo surgimento da nova variante da Covid-19, chamada \u00f4micron. Desde o in\u00edcio da pandemia, Manacapuru registrou 9.631 casos confirmados e 406 mortes provocadas pela doen\u00e7a. - Portal Araras de Not\u00edcias\",\"isPartOf\":{\"@id\":\"https:\/\/portalararasdenoticias.com.br\/#website\"},\"primaryImageOfPage\":{\"@id\":\"https:\/\/portalararasdenoticias.com.br\/?p=3653#primaryimage\"},\"image\":{\"@id\":\"https:\/\/portalararasdenoticias.com.br\/?p=3653#primaryimage\"},\"thumbnailUrl\":\"https:\/\/portalararasdenoticias.com.br\/wp-content\/uploads\/2021\/12\/show_manacapuru_B6A0CD8E-FF47-4E38-A952-C1042F3A8B7E.jpg\",\"datePublished\":\"2021-12-03T01:19:27+00:00\",\"dateModified\":\"2021-12-03T01:20:35+00:00\",\"author\":{\"@id\":\"https:\/\/portalararasdenoticias.com.br\/#\/schema\/person\/a6190507efe29dea1049d60d05ed5c0a\"},\"breadcrumb\":{\"@id\":\"https:\/\/portalararasdenoticias.com.br\/?p=3653#breadcrumb\"},\"inLanguage\":\"pt-BR\",\"potentialAction\":[{\"@type\":\"ReadAction\",\"target\":[\"https:\/\/portalararasdenoticias.com.br\/?p=3653\"]}]},{\"@type\":\"ImageObject\",\"inLanguage\":\"pt-BR\",\"@id\":\"https:\/\/portalararasdenoticias.com.br\/?p=3653#primaryimage\",\"url\":\"https:\/\/portalararasdenoticias.com.br\/wp-content\/uploads\/2021\/12\/show_manacapuru_B6A0CD8E-FF47-4E38-A952-C1042F3A8B7E.jpg\",\"contentUrl\":\"https:\/\/portalararasdenoticias.com.br\/wp-content\/uploads\/2021\/12\/show_manacapuru_B6A0CD8E-FF47-4E38-A952-C1042F3A8B7E.jpg\",\"width\":872,\"height\":581},{\"@type\":\"BreadcrumbList\",\"@id\":\"https:\/\/portalararasdenoticias.com.br\/?p=3653#breadcrumb\",\"itemListElement\":[{\"@type\":\"ListItem\",\"position\":1,\"name\":\"In\u00edcio\",\"item\":\"https:\/\/portalararasdenoticias.com.br\/\"},{\"@type\":\"ListItem\",\"position\":2,\"name\":\"Festas de final de ano s\u00e3o suspensas em Manacapuru, no AM Em nota, prefeitura informou que h\u00e1 a preocupa\u00e7\u00e3o com um poss\u00edvel aumento de casos no munic\u00edpio ap\u00f3s o fim do ano. Manacapuru, na regi\u00e3o metropolitana de Manaus, decidiu cancelar a festa de r\u00e9veillon que seria realizada na cidade no dia 31 de janeiro. De acordo com nota divulgada pela prefeitura, a decis\u00e3o foi tomada ap\u00f3s uma reuni\u00e3o da equipe da secretaria de Sa\u00fade municipal. Conforme o texto, h\u00e1 a preocupa\u00e7\u00e3o com um poss\u00edvel aumento de casos no munic\u00edpio ap\u00f3s o fim do ano, al\u00e9m da inseguran\u00e7a causada pelo surgimento da nova variante da Covid-19, chamada \u00f4micron. Desde o in\u00edcio da pandemia, Manacapuru registrou 9.631 casos confirmados e 406 mortes provocadas pela doen\u00e7a.\"}]},{\"@type\":\"WebSite\",\"@id\":\"https:\/\/portalararasdenoticias.com.br\/#website\",\"url\":\"https:\/\/portalararasdenoticias.com.br\/\",\"name\":\"Portal Araras de Not\u00edcias\",\"description\":\"O Seu Portal de Not\u00edcias\",\"potentialAction\":[{\"@type\":\"SearchAction\",\"target\":{\"@type\":\"EntryPoint\",\"urlTemplate\":\"https:\/\/portalararasdenoticias.com.br\/?s={search_term_string}\"},\"query-input\":{\"@type\":\"PropertyValueSpecification\",\"valueRequired\":true,\"valueName\":\"search_term_string\"}}],\"inLanguage\":\"pt-BR\"},{\"@type\":\"Person\",\"@id\":\"https:\/\/portalararasdenoticias.com.br\/#\/schema\/person\/a6190507efe29dea1049d60d05ed5c0a\",\"name\":\"Portal Araras de Noticias\",\"image\":{\"@type\":\"ImageObject\",\"inLanguage\":\"pt-BR\",\"@id\":\"https:\/\/portalararasdenoticias.com.br\/#\/schema\/person\/image\/\",\"url\":\"https:\/\/secure.gravatar.com\/avatar\/4df7c42bc08e78bc9b6e13086fafc161bdf01220657cd93de3d828ab6c60d469?s=96&d=mm&r=g\",\"contentUrl\":\"https:\/\/secure.gravatar.com\/avatar\/4df7c42bc08e78bc9b6e13086fafc161bdf01220657cd93de3d828ab6c60d469?s=96&d=mm&r=g\",\"caption\":\"Portal Araras de Noticias\"},\"sameAs\":[\"https:\/\/portalararasdenoticias.com.br\/\"],\"url\":\"https:\/\/portalararasdenoticias.com.br\/?author=5\"}]}<\/script>\n<!-- \/ Yoast SEO plugin. -->","yoast_head_json":{"title":"Festas de final de ano s\u00e3o suspensas em Manacapuru, no AM Em nota, prefeitura informou que h\u00e1 a preocupa\u00e7\u00e3o com um poss\u00edvel aumento de casos no munic\u00edpio ap\u00f3s o fim do ano. Manacapuru, na regi\u00e3o metropolitana de Manaus, decidiu cancelar a festa de r\u00e9veillon que seria realizada na cidade no dia 31 de janeiro. De acordo com nota divulgada pela prefeitura, a decis\u00e3o foi tomada ap\u00f3s uma reuni\u00e3o da equipe da secretaria de Sa\u00fade municipal. Conforme o texto, h\u00e1 a preocupa\u00e7\u00e3o com um poss\u00edvel aumento de casos no munic\u00edpio ap\u00f3s o fim do ano, al\u00e9m da inseguran\u00e7a causada pelo surgimento da nova variante da Covid-19, chamada \u00f4micron. Desde o in\u00edcio da pandemia, Manacapuru registrou 9.631 casos confirmados e 406 mortes provocadas pela doen\u00e7a. - Portal Araras de Not\u00edcias","robots":{"index":"index","follow":"follow","max-snippet":"max-snippet:-1","max-image-preview":"max-image-preview:large","max-video-preview":"max-video-preview:-1"},"canonical":"https:\/\/portalararasdenoticias.com.br\/?p=3653","og_locale":"pt_BR","og_type":"article","og_title":"Festas de final de ano s\u00e3o suspensas em Manacapuru, no AM Em nota, prefeitura informou que h\u00e1 a preocupa\u00e7\u00e3o com um poss\u00edvel aumento de casos no munic\u00edpio ap\u00f3s o fim do ano. Manacapuru, na regi\u00e3o metropolitana de Manaus, decidiu cancelar a festa de r\u00e9veillon que seria realizada na cidade no dia 31 de janeiro. De acordo com nota divulgada pela prefeitura, a decis\u00e3o foi tomada ap\u00f3s uma reuni\u00e3o da equipe da secretaria de Sa\u00fade municipal. Conforme o texto, h\u00e1 a preocupa\u00e7\u00e3o com um poss\u00edvel aumento de casos no munic\u00edpio ap\u00f3s o fim do ano, al\u00e9m da inseguran\u00e7a causada pelo surgimento da nova variante da Covid-19, chamada \u00f4micron. Desde o in\u00edcio da pandemia, Manacapuru registrou 9.631 casos confirmados e 406 mortes provocadas pela doen\u00e7a. - Portal Araras de Not\u00edcias","og_url":"https:\/\/portalararasdenoticias.com.br\/?p=3653","og_site_name":"Portal Araras de Not\u00edcias","article_published_time":"2021-12-03T01:19:27+00:00","article_modified_time":"2021-12-03T01:20:35+00:00","og_image":[{"width":872,"height":581,"url":"https:\/\/portalararasdenoticias.com.br\/wp-content\/uploads\/2021\/12\/show_manacapuru_B6A0CD8E-FF47-4E38-A952-C1042F3A8B7E.jpg","type":"image\/jpeg"}],"author":"Portal Araras de Noticias","twitter_card":"summary_large_image","twitter_misc":{"Escrito por":"Portal Araras de Noticias"},"schema":{"@context":"https:\/\/schema.org","@graph":[{"@type":"Article","@id":"https:\/\/portalararasdenoticias.com.br\/?p=3653#article","isPartOf":{"@id":"https:\/\/portalararasdenoticias.com.br\/?p=3653"},"author":{"name":"Portal Araras de Noticias","@id":"https:\/\/portalararasdenoticias.com.br\/#\/schema\/person\/a6190507efe29dea1049d60d05ed5c0a"},"headline":"Festas de final de ano s\u00e3o suspensas em Manacapuru, no AM Em nota, prefeitura informou que h\u00e1 a preocupa\u00e7\u00e3o com um poss\u00edvel aumento de casos no munic\u00edpio ap\u00f3s o fim do ano. Manacapuru, na regi\u00e3o metropolitana de Manaus, decidiu cancelar a festa de r\u00e9veillon que seria realizada na cidade no dia 31 de janeiro. De acordo com nota divulgada pela prefeitura, a decis\u00e3o foi tomada ap\u00f3s uma reuni\u00e3o da equipe da secretaria de Sa\u00fade municipal. Conforme o texto, h\u00e1 a preocupa\u00e7\u00e3o com um poss\u00edvel aumento de casos no munic\u00edpio ap\u00f3s o fim do ano, al\u00e9m da inseguran\u00e7a causada pelo surgimento da nova variante da Covid-19, chamada \u00f4micron. Desde o in\u00edcio da pandemia, Manacapuru registrou 9.631 casos confirmados e 406 mortes provocadas pela doen\u00e7a.","datePublished":"2021-12-03T01:19:27+00:00","dateModified":"2021-12-03T01:20:35+00:00","mainEntityOfPage":{"@id":"https:\/\/portalararasdenoticias.com.br\/?p=3653"},"wordCount":139,"commentCount":0,"image":{"@id":"https:\/\/portalararasdenoticias.com.br\/?p=3653#primaryimage"},"thumbnailUrl":"https:\/\/portalararasdenoticias.com.br\/wp-content\/uploads\/2021\/12\/show_manacapuru_B6A0CD8E-FF47-4E38-A952-C1042F3A8B7E.jpg","articleSection":["jornalismo"],"inLanguage":"pt-BR","potentialAction":[{"@type":"CommentAction","name":"Comment","target":["https:\/\/portalararasdenoticias.com.br\/?p=3653#respond"]}]},{"@type":"WebPage","@id":"https:\/\/portalararasdenoticias.com.br\/?p=3653","url":"https:\/\/portalararasdenoticias.com.br\/?p=3653","name":"Festas de final de ano s\u00e3o suspensas em Manacapuru, no AM Em nota, prefeitura informou que h\u00e1 a preocupa\u00e7\u00e3o com um poss\u00edvel aumento de casos no munic\u00edpio ap\u00f3s o fim do ano. Manacapuru, na regi\u00e3o metropolitana de Manaus, decidiu cancelar a festa de r\u00e9veillon que seria realizada na cidade no dia 31 de janeiro. De acordo com nota divulgada pela prefeitura, a decis\u00e3o foi tomada ap\u00f3s uma reuni\u00e3o da equipe da secretaria de Sa\u00fade municipal. Conforme o texto, h\u00e1 a preocupa\u00e7\u00e3o com um poss\u00edvel aumento de casos no munic\u00edpio ap\u00f3s o fim do ano, al\u00e9m da inseguran\u00e7a causada pelo surgimento da nova variante da Covid-19, chamada \u00f4micron. Desde o in\u00edcio da pandemia, Manacapuru registrou 9.631 casos confirmados e 406 mortes provocadas pela doen\u00e7a. - Portal Araras de Not\u00edcias","isPartOf":{"@id":"https:\/\/portalararasdenoticias.com.br\/#website"},"primaryImageOfPage":{"@id":"https:\/\/portalararasdenoticias.com.br\/?p=3653#primaryimage"},"image":{"@id":"https:\/\/portalararasdenoticias.com.br\/?p=3653#primaryimage"},"thumbnailUrl":"https:\/\/portalararasdenoticias.com.br\/wp-content\/uploads\/2021\/12\/show_manacapuru_B6A0CD8E-FF47-4E38-A952-C1042F3A8B7E.jpg","datePublished":"2021-12-03T01:19:27+00:00","dateModified":"2021-12-03T01:20:35+00:00","author":{"@id":"https:\/\/portalararasdenoticias.com.br\/#\/schema\/person\/a6190507efe29dea1049d60d05ed5c0a"},"breadcrumb":{"@id":"https:\/\/portalararasdenoticias.com.br\/?p=3653#breadcrumb"},"inLanguage":"pt-BR","potentialAction":[{"@type":"ReadAction","target":["https:\/\/portalararasdenoticias.com.br\/?p=3653"]}]},{"@type":"ImageObject","inLanguage":"pt-BR","@id":"https:\/\/portalararasdenoticias.com.br\/?p=3653#primaryimage","url":"https:\/\/portalararasdenoticias.com.br\/wp-content\/uploads\/2021\/12\/show_manacapuru_B6A0CD8E-FF47-4E38-A952-C1042F3A8B7E.jpg","contentUrl":"https:\/\/portalararasdenoticias.com.br\/wp-content\/uploads\/2021\/12\/show_manacapuru_B6A0CD8E-FF47-4E38-A952-C1042F3A8B7E.jpg","width":872,"height":581},{"@type":"BreadcrumbList","@id":"https:\/\/portalararasdenoticias.com.br\/?p=3653#breadcrumb","itemListElement":[{"@type":"ListItem","position":1,"name":"In\u00edcio","item":"https:\/\/portalararasdenoticias.com.br\/"},{"@type":"ListItem","position":2,"name":"Festas de final de ano s\u00e3o suspensas em Manacapuru, no AM Em nota, prefeitura informou que h\u00e1 a preocupa\u00e7\u00e3o com um poss\u00edvel aumento de casos no munic\u00edpio ap\u00f3s o fim do ano. Manacapuru, na regi\u00e3o metropolitana de Manaus, decidiu cancelar a festa de r\u00e9veillon que seria realizada na cidade no dia 31 de janeiro. De acordo com nota divulgada pela prefeitura, a decis\u00e3o foi tomada ap\u00f3s uma reuni\u00e3o da equipe da secretaria de Sa\u00fade municipal. Conforme o texto, h\u00e1 a preocupa\u00e7\u00e3o com um poss\u00edvel aumento de casos no munic\u00edpio ap\u00f3s o fim do ano, al\u00e9m da inseguran\u00e7a causada pelo surgimento da nova variante da Covid-19, chamada \u00f4micron. Desde o in\u00edcio da pandemia, Manacapuru registrou 9.631 casos confirmados e 406 mortes provocadas pela doen\u00e7a."}]},{"@type":"WebSite","@id":"https:\/\/portalararasdenoticias.com.br\/#website","url":"https:\/\/portalararasdenoticias.com.br\/","name":"Portal Araras de Not\u00edcias","description":"O Seu Portal de Not\u00edcias","potentialAction":[{"@type":"SearchAction","target":{"@type":"EntryPoint","urlTemplate":"https:\/\/portalararasdenoticias.com.br\/?s={search_term_string}"},"query-input":{"@type":"PropertyValueSpecification","valueRequired":true,"valueName":"search_term_string"}}],"inLanguage":"pt-BR"},{"@type":"Person","@id":"https:\/\/portalararasdenoticias.com.br\/#\/schema\/person\/a6190507efe29dea1049d60d05ed5c0a","name":"Portal Araras de Noticias","image":{"@type":"ImageObject","inLanguage":"pt-BR","@id":"https:\/\/portalararasdenoticias.com.br\/#\/schema\/person\/image\/","url":"https:\/\/secure.gravatar.com\/avatar\/4df7c42bc08e78bc9b6e13086fafc161bdf01220657cd93de3d828ab6c60d469?s=96&d=mm&r=g","contentUrl":"https:\/\/secure.gravatar.com\/avatar\/4df7c42bc08e78bc9b6e13086fafc161bdf01220657cd93de3d828ab6c60d469?s=96&d=mm&r=g","caption":"Portal Araras de Noticias"},"sameAs":["https:\/\/portalararasdenoticias.com.br\/"],"url":"https:\/\/portalararasdenoticias.com.br\/?author=5"}]}},"_links":{"self":[{"href":"https:\/\/portalararasdenoticias.com.br\/index.php?rest_route=\/wp\/v2\/posts\/3653","targetHints":{"allow":["GET"]}}],"collection":[{"href":"https:\/\/portalararasdenoticias.com.br\/index.php?rest_route=\/wp\/v2\/posts"}],"about":[{"href":"https:\/\/portalararasdenoticias.com.br\/index.php?rest_route=\/wp\/v2\/types\/post"}],"author":[{"embeddable":true,"href":"https:\/\/portalararasdenoticias.com.br\/index.php?rest_route=\/wp\/v2\/users\/5"}],"replies":[{"embeddable":true,"href":"https:\/\/portalararasdenoticias.com.br\/index.php?rest_route=%2Fwp%2Fv2%2Fcomments&post=3653"}],"version-history":[{"count":1,"href":"https:\/\/portalararasdenoticias.com.br\/index.php?rest_route=\/wp\/v2\/posts\/3653\/revisions"}],"predecessor-version":[{"id":3655,"href":"https:\/\/portalararasdenoticias.com.br\/index.php?rest_route=\/wp\/v2\/posts\/3653\/revisions\/3655"}],"wp:featuredmedia":[{"embeddable":true,"href":"https:\/\/portalararasdenoticias.com.br\/index.php?rest_route=\/wp\/v2\/media\/3654"}],"wp:attachment":[{"href":"https:\/\/portalararasdenoticias.com.br\/index.php?rest_route=%2Fwp%2Fv2%2Fmedia&parent=3653"}],"wp:term":[{"taxonomy":"category","embeddable":true,"href":"https:\/\/portalararasdenoticias.com.br\/index.php?rest_route=%2Fwp%2Fv2%2Fcategories&post=3653"},{"taxonomy":"post_tag","embeddable":true,"href":"https:\/\/portalararasdenoticias.com.br\/index.php?rest_route=%2Fwp%2Fv2%2Ftags&post=3653"}],"curies":[{"name":"wp","href":"https:\/\/api.w.org\/{rel}","templated":true}]}}