{"id":3699,"date":"2021-12-15T19:50:57","date_gmt":"2021-12-15T22:50:57","guid":{"rendered":"https:\/\/portalararasdenoticias.com.br\/?p=3699"},"modified":"2021-12-15T19:52:03","modified_gmt":"2021-12-15T22:52:03","slug":"corpos-sao-encontrados-enterrados-de-cabeca-para-baixo-em-covas-rasas-no-lago-azul-dois-corpos-de-pessoas-ainda-nao-identificadas-foram-encontrados-enterrados-de-cabeca-para-baixo-em-covas-rasas-na","status":"publish","type":"post","link":"https:\/\/portalararasdenoticias.com.br\/?p=3699","title":{"rendered":"Corpos s\u00e3o encontrados enterrados de cabe\u00e7a para baixo em covas rasas no Lago Azul. Dois corpos de pessoas ainda n\u00e3o identificadas foram encontrados enterrados, de cabe\u00e7a para baixo, em covas rasas na manh\u00e3 desta quarta-feira (15), na avenida das Flores, bairro Lago Azul, zona Norte de Manaus. De acordo com a pol\u00edcia as v\u00edtimas foram achadas por uma equipe de top\u00f3grafos que trabalhava no ramal do Acar\u00e1."},"content":{"rendered":"\n<p>O local onde os corpos foram encontrados \u00e9 de dif\u00edcil acesso. O tempo que os corpos estavam no local ainda ser\u00e1 investigado pela per\u00edcia. O caso j\u00e1 est\u00e1 sendo investigado.<\/p>\n","protected":false},"excerpt":{"rendered":"<p>O local onde os corpos foram encontrados \u00e9 de dif\u00edcil acesso. O tempo que os corpos estavam no local ainda ser\u00e1 investigado pela per\u00edcia. O caso j\u00e1 est\u00e1 sendo investigado.<\/p>\n","protected":false},"author":5,"featured_media":3700,"comment_status":"open","ping_status":"open","sticky":true,"template":"","format":"standard","meta":{"footnotes":""},"categories":[34],"tags":[],"class_list":["post-3699","post","type-post","status-publish","format-standard","has-post-thumbnail","hentry","category-jornalismo"],"yoast_head":"<!-- This site is optimized with the Yoast SEO plugin v27.0 - https:\/\/yoast.com\/product\/yoast-seo-wordpress\/ -->\n<title>Corpos s\u00e3o encontrados enterrados de cabe\u00e7a para baixo em covas rasas no Lago Azul. Dois corpos de pessoas ainda n\u00e3o identificadas foram encontrados enterrados, de cabe\u00e7a para baixo, em covas rasas na manh\u00e3 desta quarta-feira (15), na avenida das Flores, bairro Lago Azul, zona Norte de Manaus. De acordo com a pol\u00edcia as v\u00edtimas foram achadas por uma equipe de top\u00f3grafos que trabalhava no ramal do Acar\u00e1. - Portal Araras de Not\u00edcias<\/title>\n<meta name=\"robots\" content=\"index, follow, max-snippet:-1, max-image-preview:large, max-video-preview:-1\" \/>\n<link rel=\"canonical\" href=\"https:\/\/portalararasdenoticias.com.br\/?p=3699\" \/>\n<meta property=\"og:locale\" content=\"pt_BR\" \/>\n<meta property=\"og:type\" content=\"article\" \/>\n<meta property=\"og:title\" content=\"Corpos s\u00e3o encontrados enterrados de cabe\u00e7a para baixo em covas rasas no Lago Azul. Dois corpos de pessoas ainda n\u00e3o identificadas foram encontrados enterrados, de cabe\u00e7a para baixo, em covas rasas na manh\u00e3 desta quarta-feira (15), na avenida das Flores, bairro Lago Azul, zona Norte de Manaus. De acordo com a pol\u00edcia as v\u00edtimas foram achadas por uma equipe de top\u00f3grafos que trabalhava no ramal do Acar\u00e1. - Portal Araras de Not\u00edcias\" \/>\n<meta property=\"og:description\" content=\"O local onde os corpos foram encontrados \u00e9 de dif\u00edcil acesso. O tempo que os corpos estavam no local ainda ser\u00e1 investigado pela per\u00edcia. O caso j\u00e1 est\u00e1 sendo investigado.\" \/>\n<meta property=\"og:url\" content=\"https:\/\/portalararasdenoticias.com.br\/?p=3699\" \/>\n<meta property=\"og:site_name\" content=\"Portal Araras de Not\u00edcias\" \/>\n<meta property=\"article:published_time\" content=\"2021-12-15T22:50:57+00:00\" \/>\n<meta property=\"article:modified_time\" content=\"2021-12-15T22:52:03+00:00\" \/>\n<meta property=\"og:image\" content=\"https:\/\/portalararasdenoticias.com.br\/wp-content\/uploads\/2021\/12\/corpos.png\" \/>\n\t<meta property=\"og:image:width\" content=\"1000\" \/>\n\t<meta property=\"og:image:height\" content=\"600\" \/>\n\t<meta property=\"og:image:type\" content=\"image\/png\" \/>\n<meta name=\"author\" content=\"Portal Araras de Noticias\" \/>\n<meta name=\"twitter:card\" content=\"summary_large_image\" \/>\n<meta name=\"twitter:label1\" content=\"Escrito por\" \/>\n\t<meta name=\"twitter:data1\" content=\"Portal Araras de Noticias\" \/>\n<script type=\"application\/ld+json\" class=\"yoast-schema-graph\">{\"@context\":\"https:\/\/schema.org\",\"@graph\":[{\"@type\":\"Article\",\"@id\":\"https:\/\/portalararasdenoticias.com.br\/?p=3699#article\",\"isPartOf\":{\"@id\":\"https:\/\/portalararasdenoticias.com.br\/?p=3699\"},\"author\":{\"name\":\"Portal Araras de Noticias\",\"@id\":\"https:\/\/portalararasdenoticias.com.br\/#\/schema\/person\/a6190507efe29dea1049d60d05ed5c0a\"},\"headline\":\"Corpos s\u00e3o encontrados enterrados de cabe\u00e7a para baixo em covas rasas no Lago Azul. Dois corpos de pessoas ainda n\u00e3o identificadas foram encontrados enterrados, de cabe\u00e7a para baixo, em covas rasas na manh\u00e3 desta quarta-feira (15), na avenida das Flores, bairro Lago Azul, zona Norte de Manaus. De acordo com a pol\u00edcia as v\u00edtimas foram achadas por uma equipe de top\u00f3grafos que trabalhava no ramal do Acar\u00e1.\",\"datePublished\":\"2021-12-15T22:50:57+00:00\",\"dateModified\":\"2021-12-15T22:52:03+00:00\",\"mainEntityOfPage\":{\"@id\":\"https:\/\/portalararasdenoticias.com.br\/?p=3699\"},\"wordCount\":104,\"commentCount\":0,\"image\":{\"@id\":\"https:\/\/portalararasdenoticias.com.br\/?p=3699#primaryimage\"},\"thumbnailUrl\":\"https:\/\/portalararasdenoticias.com.br\/wp-content\/uploads\/2021\/12\/corpos.png\",\"articleSection\":[\"jornalismo\"],\"inLanguage\":\"pt-BR\",\"potentialAction\":[{\"@type\":\"CommentAction\",\"name\":\"Comment\",\"target\":[\"https:\/\/portalararasdenoticias.com.br\/?p=3699#respond\"]}]},{\"@type\":\"WebPage\",\"@id\":\"https:\/\/portalararasdenoticias.com.br\/?p=3699\",\"url\":\"https:\/\/portalararasdenoticias.com.br\/?p=3699\",\"name\":\"Corpos s\u00e3o encontrados enterrados de cabe\u00e7a para baixo em covas rasas no Lago Azul. Dois corpos de pessoas ainda n\u00e3o identificadas foram encontrados enterrados, de cabe\u00e7a para baixo, em covas rasas na manh\u00e3 desta quarta-feira (15), na avenida das Flores, bairro Lago Azul, zona Norte de Manaus. De acordo com a pol\u00edcia as v\u00edtimas foram achadas por uma equipe de top\u00f3grafos que trabalhava no ramal do Acar\u00e1. - Portal Araras de Not\u00edcias\",\"isPartOf\":{\"@id\":\"https:\/\/portalararasdenoticias.com.br\/#website\"},\"primaryImageOfPage\":{\"@id\":\"https:\/\/portalararasdenoticias.com.br\/?p=3699#primaryimage\"},\"image\":{\"@id\":\"https:\/\/portalararasdenoticias.com.br\/?p=3699#primaryimage\"},\"thumbnailUrl\":\"https:\/\/portalararasdenoticias.com.br\/wp-content\/uploads\/2021\/12\/corpos.png\",\"datePublished\":\"2021-12-15T22:50:57+00:00\",\"dateModified\":\"2021-12-15T22:52:03+00:00\",\"author\":{\"@id\":\"https:\/\/portalararasdenoticias.com.br\/#\/schema\/person\/a6190507efe29dea1049d60d05ed5c0a\"},\"breadcrumb\":{\"@id\":\"https:\/\/portalararasdenoticias.com.br\/?p=3699#breadcrumb\"},\"inLanguage\":\"pt-BR\",\"potentialAction\":[{\"@type\":\"ReadAction\",\"target\":[\"https:\/\/portalararasdenoticias.com.br\/?p=3699\"]}]},{\"@type\":\"ImageObject\",\"inLanguage\":\"pt-BR\",\"@id\":\"https:\/\/portalararasdenoticias.com.br\/?p=3699#primaryimage\",\"url\":\"https:\/\/portalararasdenoticias.com.br\/wp-content\/uploads\/2021\/12\/corpos.png\",\"contentUrl\":\"https:\/\/portalararasdenoticias.com.br\/wp-content\/uploads\/2021\/12\/corpos.png\",\"width\":1000,\"height\":600},{\"@type\":\"BreadcrumbList\",\"@id\":\"https:\/\/portalararasdenoticias.com.br\/?p=3699#breadcrumb\",\"itemListElement\":[{\"@type\":\"ListItem\",\"position\":1,\"name\":\"In\u00edcio\",\"item\":\"https:\/\/portalararasdenoticias.com.br\/\"},{\"@type\":\"ListItem\",\"position\":2,\"name\":\"Corpos s\u00e3o encontrados enterrados de cabe\u00e7a para baixo em covas rasas no Lago Azul. Dois corpos de pessoas ainda n\u00e3o identificadas foram encontrados enterrados, de cabe\u00e7a para baixo, em covas rasas na manh\u00e3 desta quarta-feira (15), na avenida das Flores, bairro Lago Azul, zona Norte de Manaus. De acordo com a pol\u00edcia as v\u00edtimas foram achadas por uma equipe de top\u00f3grafos que trabalhava no ramal do Acar\u00e1.\"}]},{\"@type\":\"WebSite\",\"@id\":\"https:\/\/portalararasdenoticias.com.br\/#website\",\"url\":\"https:\/\/portalararasdenoticias.com.br\/\",\"name\":\"Portal Araras de Not\u00edcias\",\"description\":\"O Seu Portal de Not\u00edcias\",\"potentialAction\":[{\"@type\":\"SearchAction\",\"target\":{\"@type\":\"EntryPoint\",\"urlTemplate\":\"https:\/\/portalararasdenoticias.com.br\/?s={search_term_string}\"},\"query-input\":{\"@type\":\"PropertyValueSpecification\",\"valueRequired\":true,\"valueName\":\"search_term_string\"}}],\"inLanguage\":\"pt-BR\"},{\"@type\":\"Person\",\"@id\":\"https:\/\/portalararasdenoticias.com.br\/#\/schema\/person\/a6190507efe29dea1049d60d05ed5c0a\",\"name\":\"Portal Araras de Noticias\",\"image\":{\"@type\":\"ImageObject\",\"inLanguage\":\"pt-BR\",\"@id\":\"https:\/\/portalararasdenoticias.com.br\/#\/schema\/person\/image\/\",\"url\":\"https:\/\/secure.gravatar.com\/avatar\/4df7c42bc08e78bc9b6e13086fafc161bdf01220657cd93de3d828ab6c60d469?s=96&d=mm&r=g\",\"contentUrl\":\"https:\/\/secure.gravatar.com\/avatar\/4df7c42bc08e78bc9b6e13086fafc161bdf01220657cd93de3d828ab6c60d469?s=96&d=mm&r=g\",\"caption\":\"Portal Araras de Noticias\"},\"sameAs\":[\"https:\/\/portalararasdenoticias.com.br\/\"],\"url\":\"https:\/\/portalararasdenoticias.com.br\/?author=5\"}]}<\/script>\n<!-- \/ Yoast SEO plugin. -->","yoast_head_json":{"title":"Corpos s\u00e3o encontrados enterrados de cabe\u00e7a para baixo em covas rasas no Lago Azul. Dois corpos de pessoas ainda n\u00e3o identificadas foram encontrados enterrados, de cabe\u00e7a para baixo, em covas rasas na manh\u00e3 desta quarta-feira (15), na avenida das Flores, bairro Lago Azul, zona Norte de Manaus. De acordo com a pol\u00edcia as v\u00edtimas foram achadas por uma equipe de top\u00f3grafos que trabalhava no ramal do Acar\u00e1. - Portal Araras de Not\u00edcias","robots":{"index":"index","follow":"follow","max-snippet":"max-snippet:-1","max-image-preview":"max-image-preview:large","max-video-preview":"max-video-preview:-1"},"canonical":"https:\/\/portalararasdenoticias.com.br\/?p=3699","og_locale":"pt_BR","og_type":"article","og_title":"Corpos s\u00e3o encontrados enterrados de cabe\u00e7a para baixo em covas rasas no Lago Azul. Dois corpos de pessoas ainda n\u00e3o identificadas foram encontrados enterrados, de cabe\u00e7a para baixo, em covas rasas na manh\u00e3 desta quarta-feira (15), na avenida das Flores, bairro Lago Azul, zona Norte de Manaus. De acordo com a pol\u00edcia as v\u00edtimas foram achadas por uma equipe de top\u00f3grafos que trabalhava no ramal do Acar\u00e1. - Portal Araras de Not\u00edcias","og_description":"O local onde os corpos foram encontrados \u00e9 de dif\u00edcil acesso. O tempo que os corpos estavam no local ainda ser\u00e1 investigado pela per\u00edcia. O caso j\u00e1 est\u00e1 sendo investigado.","og_url":"https:\/\/portalararasdenoticias.com.br\/?p=3699","og_site_name":"Portal Araras de Not\u00edcias","article_published_time":"2021-12-15T22:50:57+00:00","article_modified_time":"2021-12-15T22:52:03+00:00","og_image":[{"width":1000,"height":600,"url":"https:\/\/portalararasdenoticias.com.br\/wp-content\/uploads\/2021\/12\/corpos.png","type":"image\/png"}],"author":"Portal Araras de Noticias","twitter_card":"summary_large_image","twitter_misc":{"Escrito por":"Portal Araras de Noticias"},"schema":{"@context":"https:\/\/schema.org","@graph":[{"@type":"Article","@id":"https:\/\/portalararasdenoticias.com.br\/?p=3699#article","isPartOf":{"@id":"https:\/\/portalararasdenoticias.com.br\/?p=3699"},"author":{"name":"Portal Araras de Noticias","@id":"https:\/\/portalararasdenoticias.com.br\/#\/schema\/person\/a6190507efe29dea1049d60d05ed5c0a"},"headline":"Corpos s\u00e3o encontrados enterrados de cabe\u00e7a para baixo em covas rasas no Lago Azul. Dois corpos de pessoas ainda n\u00e3o identificadas foram encontrados enterrados, de cabe\u00e7a para baixo, em covas rasas na manh\u00e3 desta quarta-feira (15), na avenida das Flores, bairro Lago Azul, zona Norte de Manaus. De acordo com a pol\u00edcia as v\u00edtimas foram achadas por uma equipe de top\u00f3grafos que trabalhava no ramal do Acar\u00e1.","datePublished":"2021-12-15T22:50:57+00:00","dateModified":"2021-12-15T22:52:03+00:00","mainEntityOfPage":{"@id":"https:\/\/portalararasdenoticias.com.br\/?p=3699"},"wordCount":104,"commentCount":0,"image":{"@id":"https:\/\/portalararasdenoticias.com.br\/?p=3699#primaryimage"},"thumbnailUrl":"https:\/\/portalararasdenoticias.com.br\/wp-content\/uploads\/2021\/12\/corpos.png","articleSection":["jornalismo"],"inLanguage":"pt-BR","potentialAction":[{"@type":"CommentAction","name":"Comment","target":["https:\/\/portalararasdenoticias.com.br\/?p=3699#respond"]}]},{"@type":"WebPage","@id":"https:\/\/portalararasdenoticias.com.br\/?p=3699","url":"https:\/\/portalararasdenoticias.com.br\/?p=3699","name":"Corpos s\u00e3o encontrados enterrados de cabe\u00e7a para baixo em covas rasas no Lago Azul. Dois corpos de pessoas ainda n\u00e3o identificadas foram encontrados enterrados, de cabe\u00e7a para baixo, em covas rasas na manh\u00e3 desta quarta-feira (15), na avenida das Flores, bairro Lago Azul, zona Norte de Manaus. De acordo com a pol\u00edcia as v\u00edtimas foram achadas por uma equipe de top\u00f3grafos que trabalhava no ramal do Acar\u00e1. - Portal Araras de Not\u00edcias","isPartOf":{"@id":"https:\/\/portalararasdenoticias.com.br\/#website"},"primaryImageOfPage":{"@id":"https:\/\/portalararasdenoticias.com.br\/?p=3699#primaryimage"},"image":{"@id":"https:\/\/portalararasdenoticias.com.br\/?p=3699#primaryimage"},"thumbnailUrl":"https:\/\/portalararasdenoticias.com.br\/wp-content\/uploads\/2021\/12\/corpos.png","datePublished":"2021-12-15T22:50:57+00:00","dateModified":"2021-12-15T22:52:03+00:00","author":{"@id":"https:\/\/portalararasdenoticias.com.br\/#\/schema\/person\/a6190507efe29dea1049d60d05ed5c0a"},"breadcrumb":{"@id":"https:\/\/portalararasdenoticias.com.br\/?p=3699#breadcrumb"},"inLanguage":"pt-BR","potentialAction":[{"@type":"ReadAction","target":["https:\/\/portalararasdenoticias.com.br\/?p=3699"]}]},{"@type":"ImageObject","inLanguage":"pt-BR","@id":"https:\/\/portalararasdenoticias.com.br\/?p=3699#primaryimage","url":"https:\/\/portalararasdenoticias.com.br\/wp-content\/uploads\/2021\/12\/corpos.png","contentUrl":"https:\/\/portalararasdenoticias.com.br\/wp-content\/uploads\/2021\/12\/corpos.png","width":1000,"height":600},{"@type":"BreadcrumbList","@id":"https:\/\/portalararasdenoticias.com.br\/?p=3699#breadcrumb","itemListElement":[{"@type":"ListItem","position":1,"name":"In\u00edcio","item":"https:\/\/portalararasdenoticias.com.br\/"},{"@type":"ListItem","position":2,"name":"Corpos s\u00e3o encontrados enterrados de cabe\u00e7a para baixo em covas rasas no Lago Azul. Dois corpos de pessoas ainda n\u00e3o identificadas foram encontrados enterrados, de cabe\u00e7a para baixo, em covas rasas na manh\u00e3 desta quarta-feira (15), na avenida das Flores, bairro Lago Azul, zona Norte de Manaus. De acordo com a pol\u00edcia as v\u00edtimas foram achadas por uma equipe de top\u00f3grafos que trabalhava no ramal do Acar\u00e1."}]},{"@type":"WebSite","@id":"https:\/\/portalararasdenoticias.com.br\/#website","url":"https:\/\/portalararasdenoticias.com.br\/","name":"Portal Araras de Not\u00edcias","description":"O Seu Portal de Not\u00edcias","potentialAction":[{"@type":"SearchAction","target":{"@type":"EntryPoint","urlTemplate":"https:\/\/portalararasdenoticias.com.br\/?s={search_term_string}"},"query-input":{"@type":"PropertyValueSpecification","valueRequired":true,"valueName":"search_term_string"}}],"inLanguage":"pt-BR"},{"@type":"Person","@id":"https:\/\/portalararasdenoticias.com.br\/#\/schema\/person\/a6190507efe29dea1049d60d05ed5c0a","name":"Portal Araras de Noticias","image":{"@type":"ImageObject","inLanguage":"pt-BR","@id":"https:\/\/portalararasdenoticias.com.br\/#\/schema\/person\/image\/","url":"https:\/\/secure.gravatar.com\/avatar\/4df7c42bc08e78bc9b6e13086fafc161bdf01220657cd93de3d828ab6c60d469?s=96&d=mm&r=g","contentUrl":"https:\/\/secure.gravatar.com\/avatar\/4df7c42bc08e78bc9b6e13086fafc161bdf01220657cd93de3d828ab6c60d469?s=96&d=mm&r=g","caption":"Portal Araras de Noticias"},"sameAs":["https:\/\/portalararasdenoticias.com.br\/"],"url":"https:\/\/portalararasdenoticias.com.br\/?author=5"}]}},"_links":{"self":[{"href":"https:\/\/portalararasdenoticias.com.br\/index.php?rest_route=\/wp\/v2\/posts\/3699","targetHints":{"allow":["GET"]}}],"collection":[{"href":"https:\/\/portalararasdenoticias.com.br\/index.php?rest_route=\/wp\/v2\/posts"}],"about":[{"href":"https:\/\/portalararasdenoticias.com.br\/index.php?rest_route=\/wp\/v2\/types\/post"}],"author":[{"embeddable":true,"href":"https:\/\/portalararasdenoticias.com.br\/index.php?rest_route=\/wp\/v2\/users\/5"}],"replies":[{"embeddable":true,"href":"https:\/\/portalararasdenoticias.com.br\/index.php?rest_route=%2Fwp%2Fv2%2Fcomments&post=3699"}],"version-history":[{"count":1,"href":"https:\/\/portalararasdenoticias.com.br\/index.php?rest_route=\/wp\/v2\/posts\/3699\/revisions"}],"predecessor-version":[{"id":3701,"href":"https:\/\/portalararasdenoticias.com.br\/index.php?rest_route=\/wp\/v2\/posts\/3699\/revisions\/3701"}],"wp:featuredmedia":[{"embeddable":true,"href":"https:\/\/portalararasdenoticias.com.br\/index.php?rest_route=\/wp\/v2\/media\/3700"}],"wp:attachment":[{"href":"https:\/\/portalararasdenoticias.com.br\/index.php?rest_route=%2Fwp%2Fv2%2Fmedia&parent=3699"}],"wp:term":[{"taxonomy":"category","embeddable":true,"href":"https:\/\/portalararasdenoticias.com.br\/index.php?rest_route=%2Fwp%2Fv2%2Fcategories&post=3699"},{"taxonomy":"post_tag","embeddable":true,"href":"https:\/\/portalararasdenoticias.com.br\/index.php?rest_route=%2Fwp%2Fv2%2Ftags&post=3699"}],"curies":[{"name":"wp","href":"https:\/\/api.w.org\/{rel}","templated":true}]}}