{"id":3761,"date":"2022-01-07T01:14:59","date_gmt":"2022-01-07T04:14:59","guid":{"rendered":"https:\/\/portalararasdenoticias.com.br\/?p=3761"},"modified":"2022-01-07T01:16:05","modified_gmt":"2022-01-07T04:16:05","slug":"manaus-am-criminosos-fuzilam-viatura-da-policia-civil-que-levava-detentos-no-forum-de-manaus-com-muita-audacia-criminosos-fortemente-armados-fuzilaram-uma-viatura-da-policia-civil-do-amazonas-no-i","status":"publish","type":"post","link":"https:\/\/portalararasdenoticias.com.br\/?p=3761","title":{"rendered":"Manaus-am Criminosos fuzilam viatura da Polic\u00eda Civil que levava detentos, no f\u00f3rum de Manaus. Com muita aud\u00e1cia, criminosos fortemente armados fuzilaram uma viatura da Pol\u00edcia Civil do Amazonas, no inicio da tarde desta quinta-feira (6). O caso ocorreu ao lado do F\u00f3rum Henoch Reis, Zona Centro-Sul de Manaus. De acordo com informa\u00e7\u00f5es preliminares, os alvos do ataque eram elementos que foram presos na noite de ontem (5), e iam passar por audi\u00eancia de cust\u00f3dia no f\u00f3rum. O ataque deixou ao menos um detento morto, e outro ferido.Ainda segundo as informa\u00e7\u00f5es, os elementos foram detidos no momento em que iriam executar integrantes da fac\u00e7\u00e3o criminosa do Comando vermelho (CV), mas acabaram sendo impedidos pela pol\u00edcia. Segundo especula\u00e7\u00f5es, a execu\u00e7\u00e3o tem motivo de vingan\u00e7a devido a tentativa de ataque \u00e0 fac\u00e7\u00e3o. Ainda durante a a\u00e7\u00e3o dos criminosos, uma investigadora da Pol\u00edcia Civil, lotada no 1\u00ba Distrito Integrado de Pol\u00edcia (DIP), tamb\u00e9m foi baleada. Ela j\u00e1 est\u00e1 recebendo atendimento m\u00e9dico, mas o seu quadro cl\u00ednico n\u00e3o foi divulgado."},"content":{"rendered":"","protected":false},"excerpt":{"rendered":"","protected":false},"author":5,"featured_media":3762,"comment_status":"open","ping_status":"open","sticky":true,"template":"","format":"standard","meta":{"footnotes":""},"categories":[34],"tags":[],"class_list":["post-3761","post","type-post","status-publish","format-standard","has-post-thumbnail","hentry","category-jornalismo"],"yoast_head":"<!-- This site is optimized with the Yoast SEO plugin v27.0 - https:\/\/yoast.com\/product\/yoast-seo-wordpress\/ -->\n<title>Manaus-am Criminosos fuzilam viatura da Polic\u00eda Civil que levava detentos, no f\u00f3rum de Manaus. Com muita aud\u00e1cia, criminosos fortemente armados fuzilaram uma viatura da Pol\u00edcia Civil do Amazonas, no inicio da tarde desta quinta-feira (6). O caso ocorreu ao lado do F\u00f3rum Henoch Reis, Zona Centro-Sul de Manaus. De acordo com informa\u00e7\u00f5es preliminares, os alvos do ataque eram elementos que foram presos na noite de ontem (5), e iam passar por audi\u00eancia de cust\u00f3dia no f\u00f3rum. O ataque deixou ao menos um detento morto, e outro ferido.Ainda segundo as informa\u00e7\u00f5es, os elementos foram detidos no momento em que iriam executar integrantes da fac\u00e7\u00e3o criminosa do Comando vermelho (CV), mas acabaram sendo impedidos pela pol\u00edcia. Segundo especula\u00e7\u00f5es, a execu\u00e7\u00e3o tem motivo de vingan\u00e7a devido a tentativa de ataque \u00e0 fac\u00e7\u00e3o. Ainda durante a a\u00e7\u00e3o dos criminosos, uma investigadora da Pol\u00edcia Civil, lotada no 1\u00ba Distrito Integrado de Pol\u00edcia (DIP), tamb\u00e9m foi baleada. Ela j\u00e1 est\u00e1 recebendo atendimento m\u00e9dico, mas o seu quadro cl\u00ednico n\u00e3o foi divulgado. - Portal Araras de Not\u00edcias<\/title>\n<meta name=\"robots\" content=\"index, follow, max-snippet:-1, max-image-preview:large, max-video-preview:-1\" \/>\n<link rel=\"canonical\" href=\"https:\/\/portalararasdenoticias.com.br\/?p=3761\" \/>\n<meta property=\"og:locale\" content=\"pt_BR\" \/>\n<meta property=\"og:type\" content=\"article\" \/>\n<meta property=\"og:title\" content=\"Manaus-am Criminosos fuzilam viatura da Polic\u00eda Civil que levava detentos, no f\u00f3rum de Manaus. Com muita aud\u00e1cia, criminosos fortemente armados fuzilaram uma viatura da Pol\u00edcia Civil do Amazonas, no inicio da tarde desta quinta-feira (6). O caso ocorreu ao lado do F\u00f3rum Henoch Reis, Zona Centro-Sul de Manaus. De acordo com informa\u00e7\u00f5es preliminares, os alvos do ataque eram elementos que foram presos na noite de ontem (5), e iam passar por audi\u00eancia de cust\u00f3dia no f\u00f3rum. O ataque deixou ao menos um detento morto, e outro ferido.Ainda segundo as informa\u00e7\u00f5es, os elementos foram detidos no momento em que iriam executar integrantes da fac\u00e7\u00e3o criminosa do Comando vermelho (CV), mas acabaram sendo impedidos pela pol\u00edcia. Segundo especula\u00e7\u00f5es, a execu\u00e7\u00e3o tem motivo de vingan\u00e7a devido a tentativa de ataque \u00e0 fac\u00e7\u00e3o. Ainda durante a a\u00e7\u00e3o dos criminosos, uma investigadora da Pol\u00edcia Civil, lotada no 1\u00ba Distrito Integrado de Pol\u00edcia (DIP), tamb\u00e9m foi baleada. Ela j\u00e1 est\u00e1 recebendo atendimento m\u00e9dico, mas o seu quadro cl\u00ednico n\u00e3o foi divulgado. - Portal Araras de Not\u00edcias\" \/>\n<meta property=\"og:url\" content=\"https:\/\/portalararasdenoticias.com.br\/?p=3761\" \/>\n<meta property=\"og:site_name\" content=\"Portal Araras de Not\u00edcias\" \/>\n<meta property=\"article:published_time\" content=\"2022-01-07T04:14:59+00:00\" \/>\n<meta property=\"article:modified_time\" content=\"2022-01-07T04:16:05+00:00\" \/>\n<meta property=\"og:image\" content=\"https:\/\/portalararasdenoticias.com.br\/wp-content\/uploads\/2022\/01\/271211136_2818377331795135_7556788161286075074_n.jpg\" \/>\n\t<meta property=\"og:image:width\" content=\"750\" \/>\n\t<meta property=\"og:image:height\" content=\"750\" \/>\n\t<meta property=\"og:image:type\" content=\"image\/jpeg\" \/>\n<meta name=\"author\" content=\"Portal Araras de Noticias\" \/>\n<meta name=\"twitter:card\" content=\"summary_large_image\" \/>\n<meta name=\"twitter:label1\" content=\"Escrito por\" \/>\n\t<meta name=\"twitter:data1\" content=\"Portal Araras de Noticias\" \/>\n<script type=\"application\/ld+json\" class=\"yoast-schema-graph\">{\"@context\":\"https:\/\/schema.org\",\"@graph\":[{\"@type\":\"Article\",\"@id\":\"https:\/\/portalararasdenoticias.com.br\/?p=3761#article\",\"isPartOf\":{\"@id\":\"https:\/\/portalararasdenoticias.com.br\/?p=3761\"},\"author\":{\"name\":\"Portal Araras de Noticias\",\"@id\":\"https:\/\/portalararasdenoticias.com.br\/#\/schema\/person\/a6190507efe29dea1049d60d05ed5c0a\"},\"headline\":\"Manaus-am Criminosos fuzilam viatura da Polic\u00eda Civil que levava detentos, no f\u00f3rum de Manaus. Com muita aud\u00e1cia, criminosos fortemente armados fuzilaram uma viatura da Pol\u00edcia Civil do Amazonas, no inicio da tarde desta quinta-feira (6). O caso ocorreu ao lado do F\u00f3rum Henoch Reis, Zona Centro-Sul de Manaus. De acordo com informa\u00e7\u00f5es preliminares, os alvos do ataque eram elementos que foram presos na noite de ontem (5), e iam passar por audi\u00eancia de cust\u00f3dia no f\u00f3rum. O ataque deixou ao menos um detento morto, e outro ferido.Ainda segundo as informa\u00e7\u00f5es, os elementos foram detidos no momento em que iriam executar integrantes da fac\u00e7\u00e3o criminosa do Comando vermelho (CV), mas acabaram sendo impedidos pela pol\u00edcia. Segundo especula\u00e7\u00f5es, a execu\u00e7\u00e3o tem motivo de vingan\u00e7a devido a tentativa de ataque \u00e0 fac\u00e7\u00e3o. Ainda durante a a\u00e7\u00e3o dos criminosos, uma investigadora da Pol\u00edcia Civil, lotada no 1\u00ba Distrito Integrado de Pol\u00edcia (DIP), tamb\u00e9m foi baleada. Ela j\u00e1 est\u00e1 recebendo atendimento m\u00e9dico, mas o seu quadro cl\u00ednico n\u00e3o foi divulgado.\",\"datePublished\":\"2022-01-07T04:14:59+00:00\",\"dateModified\":\"2022-01-07T04:16:05+00:00\",\"mainEntityOfPage\":{\"@id\":\"https:\/\/portalararasdenoticias.com.br\/?p=3761\"},\"wordCount\":185,\"commentCount\":0,\"image\":{\"@id\":\"https:\/\/portalararasdenoticias.com.br\/?p=3761#primaryimage\"},\"thumbnailUrl\":\"https:\/\/portalararasdenoticias.com.br\/wp-content\/uploads\/2022\/01\/271211136_2818377331795135_7556788161286075074_n.jpg\",\"articleSection\":[\"jornalismo\"],\"inLanguage\":\"pt-BR\",\"potentialAction\":[{\"@type\":\"CommentAction\",\"name\":\"Comment\",\"target\":[\"https:\/\/portalararasdenoticias.com.br\/?p=3761#respond\"]}]},{\"@type\":\"WebPage\",\"@id\":\"https:\/\/portalararasdenoticias.com.br\/?p=3761\",\"url\":\"https:\/\/portalararasdenoticias.com.br\/?p=3761\",\"name\":\"Manaus-am Criminosos fuzilam viatura da Polic\u00eda Civil que levava detentos, no f\u00f3rum de Manaus. Com muita aud\u00e1cia, criminosos fortemente armados fuzilaram uma viatura da Pol\u00edcia Civil do Amazonas, no inicio da tarde desta quinta-feira (6). O caso ocorreu ao lado do F\u00f3rum Henoch Reis, Zona Centro-Sul de Manaus. De acordo com informa\u00e7\u00f5es preliminares, os alvos do ataque eram elementos que foram presos na noite de ontem (5), e iam passar por audi\u00eancia de cust\u00f3dia no f\u00f3rum. O ataque deixou ao menos um detento morto, e outro ferido.Ainda segundo as informa\u00e7\u00f5es, os elementos foram detidos no momento em que iriam executar integrantes da fac\u00e7\u00e3o criminosa do Comando vermelho (CV), mas acabaram sendo impedidos pela pol\u00edcia. Segundo especula\u00e7\u00f5es, a execu\u00e7\u00e3o tem motivo de vingan\u00e7a devido a tentativa de ataque \u00e0 fac\u00e7\u00e3o. Ainda durante a a\u00e7\u00e3o dos criminosos, uma investigadora da Pol\u00edcia Civil, lotada no 1\u00ba Distrito Integrado de Pol\u00edcia (DIP), tamb\u00e9m foi baleada. Ela j\u00e1 est\u00e1 recebendo atendimento m\u00e9dico, mas o seu quadro cl\u00ednico n\u00e3o foi divulgado. - Portal Araras de Not\u00edcias\",\"isPartOf\":{\"@id\":\"https:\/\/portalararasdenoticias.com.br\/#website\"},\"primaryImageOfPage\":{\"@id\":\"https:\/\/portalararasdenoticias.com.br\/?p=3761#primaryimage\"},\"image\":{\"@id\":\"https:\/\/portalararasdenoticias.com.br\/?p=3761#primaryimage\"},\"thumbnailUrl\":\"https:\/\/portalararasdenoticias.com.br\/wp-content\/uploads\/2022\/01\/271211136_2818377331795135_7556788161286075074_n.jpg\",\"datePublished\":\"2022-01-07T04:14:59+00:00\",\"dateModified\":\"2022-01-07T04:16:05+00:00\",\"author\":{\"@id\":\"https:\/\/portalararasdenoticias.com.br\/#\/schema\/person\/a6190507efe29dea1049d60d05ed5c0a\"},\"breadcrumb\":{\"@id\":\"https:\/\/portalararasdenoticias.com.br\/?p=3761#breadcrumb\"},\"inLanguage\":\"pt-BR\",\"potentialAction\":[{\"@type\":\"ReadAction\",\"target\":[\"https:\/\/portalararasdenoticias.com.br\/?p=3761\"]}]},{\"@type\":\"ImageObject\",\"inLanguage\":\"pt-BR\",\"@id\":\"https:\/\/portalararasdenoticias.com.br\/?p=3761#primaryimage\",\"url\":\"https:\/\/portalararasdenoticias.com.br\/wp-content\/uploads\/2022\/01\/271211136_2818377331795135_7556788161286075074_n.jpg\",\"contentUrl\":\"https:\/\/portalararasdenoticias.com.br\/wp-content\/uploads\/2022\/01\/271211136_2818377331795135_7556788161286075074_n.jpg\",\"width\":750,\"height\":750},{\"@type\":\"BreadcrumbList\",\"@id\":\"https:\/\/portalararasdenoticias.com.br\/?p=3761#breadcrumb\",\"itemListElement\":[{\"@type\":\"ListItem\",\"position\":1,\"name\":\"In\u00edcio\",\"item\":\"https:\/\/portalararasdenoticias.com.br\/\"},{\"@type\":\"ListItem\",\"position\":2,\"name\":\"Manaus-am Criminosos fuzilam viatura da Polic\u00eda Civil que levava detentos, no f\u00f3rum de Manaus. Com muita aud\u00e1cia, criminosos fortemente armados fuzilaram uma viatura da Pol\u00edcia Civil do Amazonas, no inicio da tarde desta quinta-feira (6). O caso ocorreu ao lado do F\u00f3rum Henoch Reis, Zona Centro-Sul de Manaus. De acordo com informa\u00e7\u00f5es preliminares, os alvos do ataque eram elementos que foram presos na noite de ontem (5), e iam passar por audi\u00eancia de cust\u00f3dia no f\u00f3rum. O ataque deixou ao menos um detento morto, e outro ferido.Ainda segundo as informa\u00e7\u00f5es, os elementos foram detidos no momento em que iriam executar integrantes da fac\u00e7\u00e3o criminosa do Comando vermelho (CV), mas acabaram sendo impedidos pela pol\u00edcia. Segundo especula\u00e7\u00f5es, a execu\u00e7\u00e3o tem motivo de vingan\u00e7a devido a tentativa de ataque \u00e0 fac\u00e7\u00e3o. Ainda durante a a\u00e7\u00e3o dos criminosos, uma investigadora da Pol\u00edcia Civil, lotada no 1\u00ba Distrito Integrado de Pol\u00edcia (DIP), tamb\u00e9m foi baleada. Ela j\u00e1 est\u00e1 recebendo atendimento m\u00e9dico, mas o seu quadro cl\u00ednico n\u00e3o foi divulgado.\"}]},{\"@type\":\"WebSite\",\"@id\":\"https:\/\/portalararasdenoticias.com.br\/#website\",\"url\":\"https:\/\/portalararasdenoticias.com.br\/\",\"name\":\"Portal Araras de Not\u00edcias\",\"description\":\"O Seu Portal de Not\u00edcias\",\"potentialAction\":[{\"@type\":\"SearchAction\",\"target\":{\"@type\":\"EntryPoint\",\"urlTemplate\":\"https:\/\/portalararasdenoticias.com.br\/?s={search_term_string}\"},\"query-input\":{\"@type\":\"PropertyValueSpecification\",\"valueRequired\":true,\"valueName\":\"search_term_string\"}}],\"inLanguage\":\"pt-BR\"},{\"@type\":\"Person\",\"@id\":\"https:\/\/portalararasdenoticias.com.br\/#\/schema\/person\/a6190507efe29dea1049d60d05ed5c0a\",\"name\":\"Portal Araras de Noticias\",\"image\":{\"@type\":\"ImageObject\",\"inLanguage\":\"pt-BR\",\"@id\":\"https:\/\/portalararasdenoticias.com.br\/#\/schema\/person\/image\/\",\"url\":\"https:\/\/secure.gravatar.com\/avatar\/4df7c42bc08e78bc9b6e13086fafc161bdf01220657cd93de3d828ab6c60d469?s=96&d=mm&r=g\",\"contentUrl\":\"https:\/\/secure.gravatar.com\/avatar\/4df7c42bc08e78bc9b6e13086fafc161bdf01220657cd93de3d828ab6c60d469?s=96&d=mm&r=g\",\"caption\":\"Portal Araras de Noticias\"},\"sameAs\":[\"https:\/\/portalararasdenoticias.com.br\/\"],\"url\":\"https:\/\/portalararasdenoticias.com.br\/?author=5\"}]}<\/script>\n<!-- \/ Yoast SEO plugin. -->","yoast_head_json":{"title":"Manaus-am Criminosos fuzilam viatura da Polic\u00eda Civil que levava detentos, no f\u00f3rum de Manaus. Com muita aud\u00e1cia, criminosos fortemente armados fuzilaram uma viatura da Pol\u00edcia Civil do Amazonas, no inicio da tarde desta quinta-feira (6). O caso ocorreu ao lado do F\u00f3rum Henoch Reis, Zona Centro-Sul de Manaus. De acordo com informa\u00e7\u00f5es preliminares, os alvos do ataque eram elementos que foram presos na noite de ontem (5), e iam passar por audi\u00eancia de cust\u00f3dia no f\u00f3rum. O ataque deixou ao menos um detento morto, e outro ferido.Ainda segundo as informa\u00e7\u00f5es, os elementos foram detidos no momento em que iriam executar integrantes da fac\u00e7\u00e3o criminosa do Comando vermelho (CV), mas acabaram sendo impedidos pela pol\u00edcia. Segundo especula\u00e7\u00f5es, a execu\u00e7\u00e3o tem motivo de vingan\u00e7a devido a tentativa de ataque \u00e0 fac\u00e7\u00e3o. Ainda durante a a\u00e7\u00e3o dos criminosos, uma investigadora da Pol\u00edcia Civil, lotada no 1\u00ba Distrito Integrado de Pol\u00edcia (DIP), tamb\u00e9m foi baleada. Ela j\u00e1 est\u00e1 recebendo atendimento m\u00e9dico, mas o seu quadro cl\u00ednico n\u00e3o foi divulgado. - Portal Araras de Not\u00edcias","robots":{"index":"index","follow":"follow","max-snippet":"max-snippet:-1","max-image-preview":"max-image-preview:large","max-video-preview":"max-video-preview:-1"},"canonical":"https:\/\/portalararasdenoticias.com.br\/?p=3761","og_locale":"pt_BR","og_type":"article","og_title":"Manaus-am Criminosos fuzilam viatura da Polic\u00eda Civil que levava detentos, no f\u00f3rum de Manaus. Com muita aud\u00e1cia, criminosos fortemente armados fuzilaram uma viatura da Pol\u00edcia Civil do Amazonas, no inicio da tarde desta quinta-feira (6). O caso ocorreu ao lado do F\u00f3rum Henoch Reis, Zona Centro-Sul de Manaus. De acordo com informa\u00e7\u00f5es preliminares, os alvos do ataque eram elementos que foram presos na noite de ontem (5), e iam passar por audi\u00eancia de cust\u00f3dia no f\u00f3rum. O ataque deixou ao menos um detento morto, e outro ferido.Ainda segundo as informa\u00e7\u00f5es, os elementos foram detidos no momento em que iriam executar integrantes da fac\u00e7\u00e3o criminosa do Comando vermelho (CV), mas acabaram sendo impedidos pela pol\u00edcia. Segundo especula\u00e7\u00f5es, a execu\u00e7\u00e3o tem motivo de vingan\u00e7a devido a tentativa de ataque \u00e0 fac\u00e7\u00e3o. Ainda durante a a\u00e7\u00e3o dos criminosos, uma investigadora da Pol\u00edcia Civil, lotada no 1\u00ba Distrito Integrado de Pol\u00edcia (DIP), tamb\u00e9m foi baleada. Ela j\u00e1 est\u00e1 recebendo atendimento m\u00e9dico, mas o seu quadro cl\u00ednico n\u00e3o foi divulgado. - Portal Araras de Not\u00edcias","og_url":"https:\/\/portalararasdenoticias.com.br\/?p=3761","og_site_name":"Portal Araras de Not\u00edcias","article_published_time":"2022-01-07T04:14:59+00:00","article_modified_time":"2022-01-07T04:16:05+00:00","og_image":[{"width":750,"height":750,"url":"https:\/\/portalararasdenoticias.com.br\/wp-content\/uploads\/2022\/01\/271211136_2818377331795135_7556788161286075074_n.jpg","type":"image\/jpeg"}],"author":"Portal Araras de Noticias","twitter_card":"summary_large_image","twitter_misc":{"Escrito por":"Portal Araras de Noticias"},"schema":{"@context":"https:\/\/schema.org","@graph":[{"@type":"Article","@id":"https:\/\/portalararasdenoticias.com.br\/?p=3761#article","isPartOf":{"@id":"https:\/\/portalararasdenoticias.com.br\/?p=3761"},"author":{"name":"Portal Araras de Noticias","@id":"https:\/\/portalararasdenoticias.com.br\/#\/schema\/person\/a6190507efe29dea1049d60d05ed5c0a"},"headline":"Manaus-am Criminosos fuzilam viatura da Polic\u00eda Civil que levava detentos, no f\u00f3rum de Manaus. Com muita aud\u00e1cia, criminosos fortemente armados fuzilaram uma viatura da Pol\u00edcia Civil do Amazonas, no inicio da tarde desta quinta-feira (6). O caso ocorreu ao lado do F\u00f3rum Henoch Reis, Zona Centro-Sul de Manaus. De acordo com informa\u00e7\u00f5es preliminares, os alvos do ataque eram elementos que foram presos na noite de ontem (5), e iam passar por audi\u00eancia de cust\u00f3dia no f\u00f3rum. O ataque deixou ao menos um detento morto, e outro ferido.Ainda segundo as informa\u00e7\u00f5es, os elementos foram detidos no momento em que iriam executar integrantes da fac\u00e7\u00e3o criminosa do Comando vermelho (CV), mas acabaram sendo impedidos pela pol\u00edcia. Segundo especula\u00e7\u00f5es, a execu\u00e7\u00e3o tem motivo de vingan\u00e7a devido a tentativa de ataque \u00e0 fac\u00e7\u00e3o. Ainda durante a a\u00e7\u00e3o dos criminosos, uma investigadora da Pol\u00edcia Civil, lotada no 1\u00ba Distrito Integrado de Pol\u00edcia (DIP), tamb\u00e9m foi baleada. Ela j\u00e1 est\u00e1 recebendo atendimento m\u00e9dico, mas o seu quadro cl\u00ednico n\u00e3o foi divulgado.","datePublished":"2022-01-07T04:14:59+00:00","dateModified":"2022-01-07T04:16:05+00:00","mainEntityOfPage":{"@id":"https:\/\/portalararasdenoticias.com.br\/?p=3761"},"wordCount":185,"commentCount":0,"image":{"@id":"https:\/\/portalararasdenoticias.com.br\/?p=3761#primaryimage"},"thumbnailUrl":"https:\/\/portalararasdenoticias.com.br\/wp-content\/uploads\/2022\/01\/271211136_2818377331795135_7556788161286075074_n.jpg","articleSection":["jornalismo"],"inLanguage":"pt-BR","potentialAction":[{"@type":"CommentAction","name":"Comment","target":["https:\/\/portalararasdenoticias.com.br\/?p=3761#respond"]}]},{"@type":"WebPage","@id":"https:\/\/portalararasdenoticias.com.br\/?p=3761","url":"https:\/\/portalararasdenoticias.com.br\/?p=3761","name":"Manaus-am Criminosos fuzilam viatura da Polic\u00eda Civil que levava detentos, no f\u00f3rum de Manaus. Com muita aud\u00e1cia, criminosos fortemente armados fuzilaram uma viatura da Pol\u00edcia Civil do Amazonas, no inicio da tarde desta quinta-feira (6). O caso ocorreu ao lado do F\u00f3rum Henoch Reis, Zona Centro-Sul de Manaus. De acordo com informa\u00e7\u00f5es preliminares, os alvos do ataque eram elementos que foram presos na noite de ontem (5), e iam passar por audi\u00eancia de cust\u00f3dia no f\u00f3rum. O ataque deixou ao menos um detento morto, e outro ferido.Ainda segundo as informa\u00e7\u00f5es, os elementos foram detidos no momento em que iriam executar integrantes da fac\u00e7\u00e3o criminosa do Comando vermelho (CV), mas acabaram sendo impedidos pela pol\u00edcia. Segundo especula\u00e7\u00f5es, a execu\u00e7\u00e3o tem motivo de vingan\u00e7a devido a tentativa de ataque \u00e0 fac\u00e7\u00e3o. Ainda durante a a\u00e7\u00e3o dos criminosos, uma investigadora da Pol\u00edcia Civil, lotada no 1\u00ba Distrito Integrado de Pol\u00edcia (DIP), tamb\u00e9m foi baleada. Ela j\u00e1 est\u00e1 recebendo atendimento m\u00e9dico, mas o seu quadro cl\u00ednico n\u00e3o foi divulgado. - Portal Araras de Not\u00edcias","isPartOf":{"@id":"https:\/\/portalararasdenoticias.com.br\/#website"},"primaryImageOfPage":{"@id":"https:\/\/portalararasdenoticias.com.br\/?p=3761#primaryimage"},"image":{"@id":"https:\/\/portalararasdenoticias.com.br\/?p=3761#primaryimage"},"thumbnailUrl":"https:\/\/portalararasdenoticias.com.br\/wp-content\/uploads\/2022\/01\/271211136_2818377331795135_7556788161286075074_n.jpg","datePublished":"2022-01-07T04:14:59+00:00","dateModified":"2022-01-07T04:16:05+00:00","author":{"@id":"https:\/\/portalararasdenoticias.com.br\/#\/schema\/person\/a6190507efe29dea1049d60d05ed5c0a"},"breadcrumb":{"@id":"https:\/\/portalararasdenoticias.com.br\/?p=3761#breadcrumb"},"inLanguage":"pt-BR","potentialAction":[{"@type":"ReadAction","target":["https:\/\/portalararasdenoticias.com.br\/?p=3761"]}]},{"@type":"ImageObject","inLanguage":"pt-BR","@id":"https:\/\/portalararasdenoticias.com.br\/?p=3761#primaryimage","url":"https:\/\/portalararasdenoticias.com.br\/wp-content\/uploads\/2022\/01\/271211136_2818377331795135_7556788161286075074_n.jpg","contentUrl":"https:\/\/portalararasdenoticias.com.br\/wp-content\/uploads\/2022\/01\/271211136_2818377331795135_7556788161286075074_n.jpg","width":750,"height":750},{"@type":"BreadcrumbList","@id":"https:\/\/portalararasdenoticias.com.br\/?p=3761#breadcrumb","itemListElement":[{"@type":"ListItem","position":1,"name":"In\u00edcio","item":"https:\/\/portalararasdenoticias.com.br\/"},{"@type":"ListItem","position":2,"name":"Manaus-am Criminosos fuzilam viatura da Polic\u00eda Civil que levava detentos, no f\u00f3rum de Manaus. Com muita aud\u00e1cia, criminosos fortemente armados fuzilaram uma viatura da Pol\u00edcia Civil do Amazonas, no inicio da tarde desta quinta-feira (6). O caso ocorreu ao lado do F\u00f3rum Henoch Reis, Zona Centro-Sul de Manaus. De acordo com informa\u00e7\u00f5es preliminares, os alvos do ataque eram elementos que foram presos na noite de ontem (5), e iam passar por audi\u00eancia de cust\u00f3dia no f\u00f3rum. O ataque deixou ao menos um detento morto, e outro ferido.Ainda segundo as informa\u00e7\u00f5es, os elementos foram detidos no momento em que iriam executar integrantes da fac\u00e7\u00e3o criminosa do Comando vermelho (CV), mas acabaram sendo impedidos pela pol\u00edcia. Segundo especula\u00e7\u00f5es, a execu\u00e7\u00e3o tem motivo de vingan\u00e7a devido a tentativa de ataque \u00e0 fac\u00e7\u00e3o. Ainda durante a a\u00e7\u00e3o dos criminosos, uma investigadora da Pol\u00edcia Civil, lotada no 1\u00ba Distrito Integrado de Pol\u00edcia (DIP), tamb\u00e9m foi baleada. Ela j\u00e1 est\u00e1 recebendo atendimento m\u00e9dico, mas o seu quadro cl\u00ednico n\u00e3o foi divulgado."}]},{"@type":"WebSite","@id":"https:\/\/portalararasdenoticias.com.br\/#website","url":"https:\/\/portalararasdenoticias.com.br\/","name":"Portal Araras de Not\u00edcias","description":"O Seu Portal de Not\u00edcias","potentialAction":[{"@type":"SearchAction","target":{"@type":"EntryPoint","urlTemplate":"https:\/\/portalararasdenoticias.com.br\/?s={search_term_string}"},"query-input":{"@type":"PropertyValueSpecification","valueRequired":true,"valueName":"search_term_string"}}],"inLanguage":"pt-BR"},{"@type":"Person","@id":"https:\/\/portalararasdenoticias.com.br\/#\/schema\/person\/a6190507efe29dea1049d60d05ed5c0a","name":"Portal Araras de Noticias","image":{"@type":"ImageObject","inLanguage":"pt-BR","@id":"https:\/\/portalararasdenoticias.com.br\/#\/schema\/person\/image\/","url":"https:\/\/secure.gravatar.com\/avatar\/4df7c42bc08e78bc9b6e13086fafc161bdf01220657cd93de3d828ab6c60d469?s=96&d=mm&r=g","contentUrl":"https:\/\/secure.gravatar.com\/avatar\/4df7c42bc08e78bc9b6e13086fafc161bdf01220657cd93de3d828ab6c60d469?s=96&d=mm&r=g","caption":"Portal Araras de Noticias"},"sameAs":["https:\/\/portalararasdenoticias.com.br\/"],"url":"https:\/\/portalararasdenoticias.com.br\/?author=5"}]}},"_links":{"self":[{"href":"https:\/\/portalararasdenoticias.com.br\/index.php?rest_route=\/wp\/v2\/posts\/3761","targetHints":{"allow":["GET"]}}],"collection":[{"href":"https:\/\/portalararasdenoticias.com.br\/index.php?rest_route=\/wp\/v2\/posts"}],"about":[{"href":"https:\/\/portalararasdenoticias.com.br\/index.php?rest_route=\/wp\/v2\/types\/post"}],"author":[{"embeddable":true,"href":"https:\/\/portalararasdenoticias.com.br\/index.php?rest_route=\/wp\/v2\/users\/5"}],"replies":[{"embeddable":true,"href":"https:\/\/portalararasdenoticias.com.br\/index.php?rest_route=%2Fwp%2Fv2%2Fcomments&post=3761"}],"version-history":[{"count":1,"href":"https:\/\/portalararasdenoticias.com.br\/index.php?rest_route=\/wp\/v2\/posts\/3761\/revisions"}],"predecessor-version":[{"id":3763,"href":"https:\/\/portalararasdenoticias.com.br\/index.php?rest_route=\/wp\/v2\/posts\/3761\/revisions\/3763"}],"wp:featuredmedia":[{"embeddable":true,"href":"https:\/\/portalararasdenoticias.com.br\/index.php?rest_route=\/wp\/v2\/media\/3762"}],"wp:attachment":[{"href":"https:\/\/portalararasdenoticias.com.br\/index.php?rest_route=%2Fwp%2Fv2%2Fmedia&parent=3761"}],"wp:term":[{"taxonomy":"category","embeddable":true,"href":"https:\/\/portalararasdenoticias.com.br\/index.php?rest_route=%2Fwp%2Fv2%2Fcategories&post=3761"},{"taxonomy":"post_tag","embeddable":true,"href":"https:\/\/portalararasdenoticias.com.br\/index.php?rest_route=%2Fwp%2Fv2%2Ftags&post=3761"}],"curies":[{"name":"wp","href":"https:\/\/api.w.org\/{rel}","templated":true}]}}