{"id":3771,"date":"2022-01-09T12:52:31","date_gmt":"2022-01-09T15:52:31","guid":{"rendered":"https:\/\/portalararasdenoticias.com.br\/?p=3771"},"modified":"2022-01-09T12:53:36","modified_gmt":"2022-01-09T15:53:36","slug":"empresario-do-ramo-de-automoveis-morre-em-acidente-de-transito-em-manaus","status":"publish","type":"post","link":"https:\/\/portalararasdenoticias.com.br\/?p=3771","title":{"rendered":"Empres\u00e1rio do ramo de autom\u00f3veis morre em acidente de tr\u00e2nsito em Manaus."},"content":{"rendered":"\n<p>Empres\u00e1rio do ramo de autom\u00f3veis morre em acidente de tr\u00e2nsito em Manaus.<\/p>\n\n\n\n<p>O impacto da batida fez com que o corpo e moto da v\u00edtima &#8216;voassem&#8217;, caindo cerca de 50 metro do local da colis\u00e3o.<\/p>\n\n\n\n<p>Manaus (AM) \u2013 O empres\u00e1rio Marco William Freire Silva, de 49 anos, morreu durante um acidente ocorrido na manh\u00e3 deste domingo (9), na avenida Jacira Reis, no Dom Pedro, na Zona Oeste de Manaus. Segundo a pol\u00edcia, a v\u00edtima estava indo para um caf\u00e9 da manh\u00e3 com familiares, que seguiam na frente dele em um carro.<\/p>\n\n\n\n<p>Marco William era integrante do grupo Moto e Cia Amazonas. Amigos e outros integrantes do mesmo grupo estiveram no local do acidente e lamentaram o ocorrido.<\/p>\n\n\n\n<p>Ele conduzia uma motocicleta modelo Ninja \u2013 Kavazaki, de placa QZT-9A67. Segundo populares, o empres\u00e1rio teria sido fechado por outro ve\u00edculo, com isso, perdeu o controle da dire\u00e7\u00e3o. Ele seguia na via pela faixa da esquerda no sentido bairro\/Centro.<\/p>\n\n\n\n<p>Ainda de acordo com populares, ele bateu com a motocicleta na cal\u00e7ada e com o choque foi lan\u00e7ado da moto. Ele colidiu contra uma placa de um estabelecimento comercial.<\/p>\n\n\n\n<p>A moto tamb\u00e9m sofreu com o choque e voou, caindo cerca de 50 metros distante do ponto onde o corpo do motociclista caiu.<\/p>\n\n\n\n<p>Marco estaria em alta velocidade, por\u00e9m, imagens das c\u00e2meras de seguran\u00e7a do local, que fica pr\u00f3ximo a um centro comercial, devem contribuir para a elucida\u00e7\u00e3o do caso. Possivelmente, Marco pode ter precisado ultrapassar ou desviar de algo e com isso perdeu o controle da motocicleta. Ficou marcas de frenagem na pista por aproximadamente 200 metros e o corpo dele foi arremessado cerda de 50 metros do local do acidente. Al\u00e9m disso e a motocicleta foi arrastada na pista e parou a 150 metros do corpo dele.<\/p>\n\n\n\n<p>O Instituto M\u00e9dico Legal (IML) fez a remo\u00e7\u00e3o do corpo. O caso deve ser investigado.<\/p>\n\n\n\n<p>O impacto da batida fez com que o corpo e moto da v\u00edtima &#8216;voassem&#8217;, caindo cerca de 50 metro do local da colis\u00e3o.<\/p>\n\n\n\n<p>Manaus (AM) \u2013 O empres\u00e1rio Marco William Freire Silva, de 49 anos, morreu durante um acidente ocorrido na manh\u00e3 deste domingo (9), na avenida Jacira Reis, no Dom Pedro, na Zona Oeste de Manaus. Segundo a pol\u00edcia, a v\u00edtima estava indo para um caf\u00e9 da manh\u00e3 com familiares, que seguiam na frente dele em um carro.<\/p>\n\n\n\n<p>Marco William era integrante do grupo Moto e Cia Amazonas. Amigos e outros integrantes do mesmo grupo estiveram no local do acidente e lamentaram o ocorrido.<\/p>\n\n\n\n<p>Ele conduzia uma motocicleta modelo Ninja \u2013 Kavazaki, de placa QZT-9A67. Segundo populares, o empres\u00e1rio teria sido fechado por outro ve\u00edculo, com isso, perdeu o controle da dire\u00e7\u00e3o. Ele seguia na via pela faixa da esquerda no sentido bairro\/Centro.<\/p>\n\n\n\n<p>Ainda de acordo com populares, ele bateu com a motocicleta na cal\u00e7ada e com o choque foi lan\u00e7ado da moto. Ele colidiu contra uma placa de um estabelecimento comercial.<\/p>\n\n\n\n<p>A moto tamb\u00e9m sofreu com o choque e voou, caindo cerca de 50 metros distante do ponto onde o corpo do motociclista caiu.<\/p>\n\n\n\n<p>Marco estaria em alta velocidade, por\u00e9m, imagens das c\u00e2meras de seguran\u00e7a do local, que fica pr\u00f3ximo a um centro comercial, devem contribuir para a elucida\u00e7\u00e3o do caso. Possivelmente, Marco pode ter precisado ultrapassar ou desviar de algo e com isso perdeu o controle da motocicleta. Ficou marcas de frenagem na pista por aproximadamente 200 metros e o corpo dele foi arremessado cerda de 50 metros do local do acidente. Al\u00e9m disso e a motocicleta foi arrastada na pista e parou a 150 metros do corpo dele.<\/p>\n\n\n\n<p>O Instituto M\u00e9dico Legal (IML) fez a remo\u00e7\u00e3o do corpo. O caso deve ser investigado.<\/p>\n\n\n\n<p><\/p>\n\n\n\n<p>fonte :PT<\/p>\n","protected":false},"excerpt":{"rendered":"<p>Empres\u00e1rio do ramo de autom\u00f3veis morre em acidente de tr\u00e2nsito em Manaus. O impacto da batida fez com que o corpo e moto da v\u00edtima &#8216;voassem&#8217;, caindo cerca de 50 metro do local da colis\u00e3o. Manaus (AM) \u2013 O empres\u00e1rio Marco William Freire Silva, de 49 anos, morreu durante um acidente ocorrido na manh\u00e3 deste [&hellip;]<\/p>\n","protected":false},"author":5,"featured_media":3772,"comment_status":"open","ping_status":"open","sticky":true,"template":"","format":"standard","meta":{"footnotes":""},"categories":[34],"tags":[],"class_list":["post-3771","post","type-post","status-publish","format-standard","has-post-thumbnail","hentry","category-jornalismo"],"yoast_head":"<!-- This site is optimized with the Yoast SEO plugin v27.0 - https:\/\/yoast.com\/product\/yoast-seo-wordpress\/ -->\n<title>Empres\u00e1rio do ramo de autom\u00f3veis morre em acidente de tr\u00e2nsito em Manaus. - Portal Araras de Not\u00edcias<\/title>\n<meta name=\"robots\" content=\"index, follow, max-snippet:-1, max-image-preview:large, max-video-preview:-1\" \/>\n<link rel=\"canonical\" href=\"https:\/\/portalararasdenoticias.com.br\/?p=3771\" \/>\n<meta property=\"og:locale\" content=\"pt_BR\" \/>\n<meta property=\"og:type\" content=\"article\" \/>\n<meta property=\"og:title\" content=\"Empres\u00e1rio do ramo de autom\u00f3veis morre em acidente de tr\u00e2nsito em Manaus. - Portal Araras de Not\u00edcias\" \/>\n<meta property=\"og:description\" content=\"Empres\u00e1rio do ramo de autom\u00f3veis morre em acidente de tr\u00e2nsito em Manaus. O impacto da batida fez com que o corpo e moto da v\u00edtima &#8216;voassem&#8217;, caindo cerca de 50 metro do local da colis\u00e3o. Manaus (AM) \u2013 O empres\u00e1rio Marco William Freire Silva, de 49 anos, morreu durante um acidente ocorrido na manh\u00e3 deste [&hellip;]\" \/>\n<meta property=\"og:url\" content=\"https:\/\/portalararasdenoticias.com.br\/?p=3771\" \/>\n<meta property=\"og:site_name\" content=\"Portal Araras de Not\u00edcias\" \/>\n<meta property=\"article:published_time\" content=\"2022-01-09T15:52:31+00:00\" \/>\n<meta property=\"article:modified_time\" content=\"2022-01-09T15:53:36+00:00\" \/>\n<meta property=\"og:image\" content=\"https:\/\/portalararasdenoticias.com.br\/wp-content\/uploads\/2022\/01\/images-2.jpg\" \/>\n\t<meta property=\"og:image:width\" content=\"300\" \/>\n\t<meta property=\"og:image:height\" content=\"168\" \/>\n\t<meta property=\"og:image:type\" content=\"image\/jpeg\" \/>\n<meta name=\"author\" content=\"Portal Araras de Noticias\" \/>\n<meta name=\"twitter:card\" content=\"summary_large_image\" \/>\n<meta name=\"twitter:label1\" content=\"Escrito por\" \/>\n\t<meta name=\"twitter:data1\" content=\"Portal Araras de Noticias\" \/>\n\t<meta name=\"twitter:label2\" content=\"Est. tempo de leitura\" \/>\n\t<meta name=\"twitter:data2\" content=\"3 minutos\" \/>\n<script type=\"application\/ld+json\" class=\"yoast-schema-graph\">{\"@context\":\"https:\/\/schema.org\",\"@graph\":[{\"@type\":\"Article\",\"@id\":\"https:\/\/portalararasdenoticias.com.br\/?p=3771#article\",\"isPartOf\":{\"@id\":\"https:\/\/portalararasdenoticias.com.br\/?p=3771\"},\"author\":{\"name\":\"Portal Araras de Noticias\",\"@id\":\"https:\/\/portalararasdenoticias.com.br\/#\/schema\/person\/a6190507efe29dea1049d60d05ed5c0a\"},\"headline\":\"Empres\u00e1rio do ramo de autom\u00f3veis morre em acidente de tr\u00e2nsito em Manaus.\",\"datePublished\":\"2022-01-09T15:52:31+00:00\",\"dateModified\":\"2022-01-09T15:53:36+00:00\",\"mainEntityOfPage\":{\"@id\":\"https:\/\/portalararasdenoticias.com.br\/?p=3771\"},\"wordCount\":650,\"commentCount\":0,\"image\":{\"@id\":\"https:\/\/portalararasdenoticias.com.br\/?p=3771#primaryimage\"},\"thumbnailUrl\":\"https:\/\/portalararasdenoticias.com.br\/wp-content\/uploads\/2022\/01\/images-2.jpg\",\"articleSection\":[\"jornalismo\"],\"inLanguage\":\"pt-BR\",\"potentialAction\":[{\"@type\":\"CommentAction\",\"name\":\"Comment\",\"target\":[\"https:\/\/portalararasdenoticias.com.br\/?p=3771#respond\"]}]},{\"@type\":\"WebPage\",\"@id\":\"https:\/\/portalararasdenoticias.com.br\/?p=3771\",\"url\":\"https:\/\/portalararasdenoticias.com.br\/?p=3771\",\"name\":\"Empres\u00e1rio do ramo de autom\u00f3veis morre em acidente de tr\u00e2nsito em Manaus. - Portal Araras de Not\u00edcias\",\"isPartOf\":{\"@id\":\"https:\/\/portalararasdenoticias.com.br\/#website\"},\"primaryImageOfPage\":{\"@id\":\"https:\/\/portalararasdenoticias.com.br\/?p=3771#primaryimage\"},\"image\":{\"@id\":\"https:\/\/portalararasdenoticias.com.br\/?p=3771#primaryimage\"},\"thumbnailUrl\":\"https:\/\/portalararasdenoticias.com.br\/wp-content\/uploads\/2022\/01\/images-2.jpg\",\"datePublished\":\"2022-01-09T15:52:31+00:00\",\"dateModified\":\"2022-01-09T15:53:36+00:00\",\"author\":{\"@id\":\"https:\/\/portalararasdenoticias.com.br\/#\/schema\/person\/a6190507efe29dea1049d60d05ed5c0a\"},\"breadcrumb\":{\"@id\":\"https:\/\/portalararasdenoticias.com.br\/?p=3771#breadcrumb\"},\"inLanguage\":\"pt-BR\",\"potentialAction\":[{\"@type\":\"ReadAction\",\"target\":[\"https:\/\/portalararasdenoticias.com.br\/?p=3771\"]}]},{\"@type\":\"ImageObject\",\"inLanguage\":\"pt-BR\",\"@id\":\"https:\/\/portalararasdenoticias.com.br\/?p=3771#primaryimage\",\"url\":\"https:\/\/portalararasdenoticias.com.br\/wp-content\/uploads\/2022\/01\/images-2.jpg\",\"contentUrl\":\"https:\/\/portalararasdenoticias.com.br\/wp-content\/uploads\/2022\/01\/images-2.jpg\",\"width\":300,\"height\":168},{\"@type\":\"BreadcrumbList\",\"@id\":\"https:\/\/portalararasdenoticias.com.br\/?p=3771#breadcrumb\",\"itemListElement\":[{\"@type\":\"ListItem\",\"position\":1,\"name\":\"In\u00edcio\",\"item\":\"https:\/\/portalararasdenoticias.com.br\/\"},{\"@type\":\"ListItem\",\"position\":2,\"name\":\"Empres\u00e1rio do ramo de autom\u00f3veis morre em acidente de tr\u00e2nsito em Manaus.\"}]},{\"@type\":\"WebSite\",\"@id\":\"https:\/\/portalararasdenoticias.com.br\/#website\",\"url\":\"https:\/\/portalararasdenoticias.com.br\/\",\"name\":\"Portal Araras de Not\u00edcias\",\"description\":\"O Seu Portal de Not\u00edcias\",\"potentialAction\":[{\"@type\":\"SearchAction\",\"target\":{\"@type\":\"EntryPoint\",\"urlTemplate\":\"https:\/\/portalararasdenoticias.com.br\/?s={search_term_string}\"},\"query-input\":{\"@type\":\"PropertyValueSpecification\",\"valueRequired\":true,\"valueName\":\"search_term_string\"}}],\"inLanguage\":\"pt-BR\"},{\"@type\":\"Person\",\"@id\":\"https:\/\/portalararasdenoticias.com.br\/#\/schema\/person\/a6190507efe29dea1049d60d05ed5c0a\",\"name\":\"Portal Araras de Noticias\",\"image\":{\"@type\":\"ImageObject\",\"inLanguage\":\"pt-BR\",\"@id\":\"https:\/\/portalararasdenoticias.com.br\/#\/schema\/person\/image\/\",\"url\":\"https:\/\/secure.gravatar.com\/avatar\/4df7c42bc08e78bc9b6e13086fafc161bdf01220657cd93de3d828ab6c60d469?s=96&d=mm&r=g\",\"contentUrl\":\"https:\/\/secure.gravatar.com\/avatar\/4df7c42bc08e78bc9b6e13086fafc161bdf01220657cd93de3d828ab6c60d469?s=96&d=mm&r=g\",\"caption\":\"Portal Araras de Noticias\"},\"sameAs\":[\"https:\/\/portalararasdenoticias.com.br\/\"],\"url\":\"https:\/\/portalararasdenoticias.com.br\/?author=5\"}]}<\/script>\n<!-- \/ Yoast SEO plugin. -->","yoast_head_json":{"title":"Empres\u00e1rio do ramo de autom\u00f3veis morre em acidente de tr\u00e2nsito em Manaus. - Portal Araras de Not\u00edcias","robots":{"index":"index","follow":"follow","max-snippet":"max-snippet:-1","max-image-preview":"max-image-preview:large","max-video-preview":"max-video-preview:-1"},"canonical":"https:\/\/portalararasdenoticias.com.br\/?p=3771","og_locale":"pt_BR","og_type":"article","og_title":"Empres\u00e1rio do ramo de autom\u00f3veis morre em acidente de tr\u00e2nsito em Manaus. - Portal Araras de Not\u00edcias","og_description":"Empres\u00e1rio do ramo de autom\u00f3veis morre em acidente de tr\u00e2nsito em Manaus. O impacto da batida fez com que o corpo e moto da v\u00edtima &#8216;voassem&#8217;, caindo cerca de 50 metro do local da colis\u00e3o. Manaus (AM) \u2013 O empres\u00e1rio Marco William Freire Silva, de 49 anos, morreu durante um acidente ocorrido na manh\u00e3 deste [&hellip;]","og_url":"https:\/\/portalararasdenoticias.com.br\/?p=3771","og_site_name":"Portal Araras de Not\u00edcias","article_published_time":"2022-01-09T15:52:31+00:00","article_modified_time":"2022-01-09T15:53:36+00:00","og_image":[{"width":300,"height":168,"url":"https:\/\/portalararasdenoticias.com.br\/wp-content\/uploads\/2022\/01\/images-2.jpg","type":"image\/jpeg"}],"author":"Portal Araras de Noticias","twitter_card":"summary_large_image","twitter_misc":{"Escrito por":"Portal Araras de Noticias","Est. tempo de leitura":"3 minutos"},"schema":{"@context":"https:\/\/schema.org","@graph":[{"@type":"Article","@id":"https:\/\/portalararasdenoticias.com.br\/?p=3771#article","isPartOf":{"@id":"https:\/\/portalararasdenoticias.com.br\/?p=3771"},"author":{"name":"Portal Araras de Noticias","@id":"https:\/\/portalararasdenoticias.com.br\/#\/schema\/person\/a6190507efe29dea1049d60d05ed5c0a"},"headline":"Empres\u00e1rio do ramo de autom\u00f3veis morre em acidente de tr\u00e2nsito em Manaus.","datePublished":"2022-01-09T15:52:31+00:00","dateModified":"2022-01-09T15:53:36+00:00","mainEntityOfPage":{"@id":"https:\/\/portalararasdenoticias.com.br\/?p=3771"},"wordCount":650,"commentCount":0,"image":{"@id":"https:\/\/portalararasdenoticias.com.br\/?p=3771#primaryimage"},"thumbnailUrl":"https:\/\/portalararasdenoticias.com.br\/wp-content\/uploads\/2022\/01\/images-2.jpg","articleSection":["jornalismo"],"inLanguage":"pt-BR","potentialAction":[{"@type":"CommentAction","name":"Comment","target":["https:\/\/portalararasdenoticias.com.br\/?p=3771#respond"]}]},{"@type":"WebPage","@id":"https:\/\/portalararasdenoticias.com.br\/?p=3771","url":"https:\/\/portalararasdenoticias.com.br\/?p=3771","name":"Empres\u00e1rio do ramo de autom\u00f3veis morre em acidente de tr\u00e2nsito em Manaus. - Portal Araras de Not\u00edcias","isPartOf":{"@id":"https:\/\/portalararasdenoticias.com.br\/#website"},"primaryImageOfPage":{"@id":"https:\/\/portalararasdenoticias.com.br\/?p=3771#primaryimage"},"image":{"@id":"https:\/\/portalararasdenoticias.com.br\/?p=3771#primaryimage"},"thumbnailUrl":"https:\/\/portalararasdenoticias.com.br\/wp-content\/uploads\/2022\/01\/images-2.jpg","datePublished":"2022-01-09T15:52:31+00:00","dateModified":"2022-01-09T15:53:36+00:00","author":{"@id":"https:\/\/portalararasdenoticias.com.br\/#\/schema\/person\/a6190507efe29dea1049d60d05ed5c0a"},"breadcrumb":{"@id":"https:\/\/portalararasdenoticias.com.br\/?p=3771#breadcrumb"},"inLanguage":"pt-BR","potentialAction":[{"@type":"ReadAction","target":["https:\/\/portalararasdenoticias.com.br\/?p=3771"]}]},{"@type":"ImageObject","inLanguage":"pt-BR","@id":"https:\/\/portalararasdenoticias.com.br\/?p=3771#primaryimage","url":"https:\/\/portalararasdenoticias.com.br\/wp-content\/uploads\/2022\/01\/images-2.jpg","contentUrl":"https:\/\/portalararasdenoticias.com.br\/wp-content\/uploads\/2022\/01\/images-2.jpg","width":300,"height":168},{"@type":"BreadcrumbList","@id":"https:\/\/portalararasdenoticias.com.br\/?p=3771#breadcrumb","itemListElement":[{"@type":"ListItem","position":1,"name":"In\u00edcio","item":"https:\/\/portalararasdenoticias.com.br\/"},{"@type":"ListItem","position":2,"name":"Empres\u00e1rio do ramo de autom\u00f3veis morre em acidente de tr\u00e2nsito em Manaus."}]},{"@type":"WebSite","@id":"https:\/\/portalararasdenoticias.com.br\/#website","url":"https:\/\/portalararasdenoticias.com.br\/","name":"Portal Araras de Not\u00edcias","description":"O Seu Portal de Not\u00edcias","potentialAction":[{"@type":"SearchAction","target":{"@type":"EntryPoint","urlTemplate":"https:\/\/portalararasdenoticias.com.br\/?s={search_term_string}"},"query-input":{"@type":"PropertyValueSpecification","valueRequired":true,"valueName":"search_term_string"}}],"inLanguage":"pt-BR"},{"@type":"Person","@id":"https:\/\/portalararasdenoticias.com.br\/#\/schema\/person\/a6190507efe29dea1049d60d05ed5c0a","name":"Portal Araras de Noticias","image":{"@type":"ImageObject","inLanguage":"pt-BR","@id":"https:\/\/portalararasdenoticias.com.br\/#\/schema\/person\/image\/","url":"https:\/\/secure.gravatar.com\/avatar\/4df7c42bc08e78bc9b6e13086fafc161bdf01220657cd93de3d828ab6c60d469?s=96&d=mm&r=g","contentUrl":"https:\/\/secure.gravatar.com\/avatar\/4df7c42bc08e78bc9b6e13086fafc161bdf01220657cd93de3d828ab6c60d469?s=96&d=mm&r=g","caption":"Portal Araras de Noticias"},"sameAs":["https:\/\/portalararasdenoticias.com.br\/"],"url":"https:\/\/portalararasdenoticias.com.br\/?author=5"}]}},"_links":{"self":[{"href":"https:\/\/portalararasdenoticias.com.br\/index.php?rest_route=\/wp\/v2\/posts\/3771","targetHints":{"allow":["GET"]}}],"collection":[{"href":"https:\/\/portalararasdenoticias.com.br\/index.php?rest_route=\/wp\/v2\/posts"}],"about":[{"href":"https:\/\/portalararasdenoticias.com.br\/index.php?rest_route=\/wp\/v2\/types\/post"}],"author":[{"embeddable":true,"href":"https:\/\/portalararasdenoticias.com.br\/index.php?rest_route=\/wp\/v2\/users\/5"}],"replies":[{"embeddable":true,"href":"https:\/\/portalararasdenoticias.com.br\/index.php?rest_route=%2Fwp%2Fv2%2Fcomments&post=3771"}],"version-history":[{"count":1,"href":"https:\/\/portalararasdenoticias.com.br\/index.php?rest_route=\/wp\/v2\/posts\/3771\/revisions"}],"predecessor-version":[{"id":3773,"href":"https:\/\/portalararasdenoticias.com.br\/index.php?rest_route=\/wp\/v2\/posts\/3771\/revisions\/3773"}],"wp:featuredmedia":[{"embeddable":true,"href":"https:\/\/portalararasdenoticias.com.br\/index.php?rest_route=\/wp\/v2\/media\/3772"}],"wp:attachment":[{"href":"https:\/\/portalararasdenoticias.com.br\/index.php?rest_route=%2Fwp%2Fv2%2Fmedia&parent=3771"}],"wp:term":[{"taxonomy":"category","embeddable":true,"href":"https:\/\/portalararasdenoticias.com.br\/index.php?rest_route=%2Fwp%2Fv2%2Fcategories&post=3771"},{"taxonomy":"post_tag","embeddable":true,"href":"https:\/\/portalararasdenoticias.com.br\/index.php?rest_route=%2Fwp%2Fv2%2Ftags&post=3771"}],"curies":[{"name":"wp","href":"https:\/\/api.w.org\/{rel}","templated":true}]}}