{"id":3802,"date":"2022-01-14T11:47:37","date_gmt":"2022-01-14T14:47:37","guid":{"rendered":"https:\/\/portalararasdenoticias.com.br\/?p=3802"},"modified":"2022-01-14T11:48:43","modified_gmt":"2022-01-14T14:48:43","slug":"morre-aos-95-anos-o-poeta-amazonense-thiago-de-mello","status":"publish","type":"post","link":"https:\/\/portalararasdenoticias.com.br\/?p=3802","title":{"rendered":"Morre aos 95 anos o poeta amazonense Thiago de Mello."},"content":{"rendered":"\n<p><\/p>\n\n\n\n<p>O poeta amazonense Thiago de Mello morreu hoje, aos 95 anos. A informa\u00e7\u00e3o foi confirmada no Twitter pelo senador Pl\u00ednio Val\u00e9rio. A causa da morte, no entanto, ainda n\u00e3o foi revelada. Hoje \u00e9 um dia escuro, mas o nosso poeta continuar\u00e1 cantando, agora, acompanhado e anjos e querubins. Seu legado de versos e poesias eternizado nos cora\u00e7\u00f5es de todos.<\/p>\n\n\n\n<p>Nascido em Porantim do Bom Socorro, no munic\u00edpio de Barreirinha, no interior do Amazonas, Thiago foi um dos poetas mais influentes e respeitados do pa\u00eds. Reconhecido como um \u00edcone da literatura regional, seu poema mais famoso \u00e9 &#8220;Os Estatutos do Homem&#8221;. J\u00e1 a publica\u00e7\u00e3o mais recente foi o livro &#8220;Acerto de Contas&#8221;, de 2015. Thiago de Mello foi homenageado pela 34\u00ba Bienal de S\u00e3o Paulo, em setembro do ano passado. O tema da edi\u00e7\u00e3o era &#8220;Faz escuro mas eu canto&#8221;, verso escrito pelo poeta em &#8220;Madrugada Camponesa&#8221;, de 1965.<\/p>\n\n\n\n<p><\/p>\n\n\n\n<p><\/p>\n\n\n\n<figure class=\"wp-block-gallery columns-3 is-cropped wp-block-gallery-1 is-layout-flex wp-block-gallery-is-layout-flex\"><ul class=\"blocks-gallery-grid\"><li class=\"blocks-gallery-item\"><figure><img loading=\"lazy\" decoding=\"async\" width=\"739\" height=\"415\" src=\"https:\/\/portalararasdenoticias.com.br\/wp-content\/uploads\/2022\/01\/271804766_2823637127935822_637009400425976450_n-1.jpg\" alt=\"\" data-id=\"3804\" data-full-url=\"https:\/\/portalararasdenoticias.com.br\/wp-content\/uploads\/2022\/01\/271804766_2823637127935822_637009400425976450_n-1.jpg\" data-link=\"https:\/\/portalararasdenoticias.com.br\/?attachment_id=3804\" class=\"wp-image-3804\" srcset=\"https:\/\/portalararasdenoticias.com.br\/wp-content\/uploads\/2022\/01\/271804766_2823637127935822_637009400425976450_n-1.jpg 739w, https:\/\/portalararasdenoticias.com.br\/wp-content\/uploads\/2022\/01\/271804766_2823637127935822_637009400425976450_n-1-300x168.jpg 300w\" sizes=\"auto, (max-width: 739px) 100vw, 739px\" \/><\/figure><\/li><li class=\"blocks-gallery-item\"><figure><img loading=\"lazy\" decoding=\"async\" width=\"269\" height=\"187\" src=\"https:\/\/portalararasdenoticias.com.br\/wp-content\/uploads\/2022\/01\/download.jpg\" alt=\"\" data-id=\"3805\" data-full-url=\"https:\/\/portalararasdenoticias.com.br\/wp-content\/uploads\/2022\/01\/download.jpg\" data-link=\"https:\/\/portalararasdenoticias.com.br\/?attachment_id=3805\" class=\"wp-image-3805\"\/><\/figure><\/li><li class=\"blocks-gallery-item\"><figure><img loading=\"lazy\" decoding=\"async\" width=\"166\" height=\"304\" src=\"https:\/\/portalararasdenoticias.com.br\/wp-content\/uploads\/2022\/01\/images.jpg\" alt=\"\" data-id=\"3806\" data-full-url=\"https:\/\/portalararasdenoticias.com.br\/wp-content\/uploads\/2022\/01\/images.jpg\" data-link=\"https:\/\/portalararasdenoticias.com.br\/?attachment_id=3806\" class=\"wp-image-3806\" srcset=\"https:\/\/portalararasdenoticias.com.br\/wp-content\/uploads\/2022\/01\/images.jpg 166w, https:\/\/portalararasdenoticias.com.br\/wp-content\/uploads\/2022\/01\/images-164x300.jpg 164w\" sizes=\"auto, (max-width: 166px) 100vw, 166px\" \/><\/figure><\/li><li class=\"blocks-gallery-item\"><figure><img loading=\"lazy\" decoding=\"async\" width=\"700\" height=\"436\" src=\"https:\/\/portalararasdenoticias.com.br\/wp-content\/uploads\/2022\/01\/Thiago_de_Mello_e_Claudio_Santoro_.jpg\" alt=\"\" data-id=\"3807\" data-full-url=\"https:\/\/portalararasdenoticias.com.br\/wp-content\/uploads\/2022\/01\/Thiago_de_Mello_e_Claudio_Santoro_.jpg\" data-link=\"https:\/\/portalararasdenoticias.com.br\/?attachment_id=3807\" class=\"wp-image-3807\" srcset=\"https:\/\/portalararasdenoticias.com.br\/wp-content\/uploads\/2022\/01\/Thiago_de_Mello_e_Claudio_Santoro_.jpg 700w, https:\/\/portalararasdenoticias.com.br\/wp-content\/uploads\/2022\/01\/Thiago_de_Mello_e_Claudio_Santoro_-300x187.jpg 300w, https:\/\/portalararasdenoticias.com.br\/wp-content\/uploads\/2022\/01\/Thiago_de_Mello_e_Claudio_Santoro_-464x290.jpg 464w\" sizes=\"auto, (max-width: 700px) 100vw, 700px\" \/><\/figure><\/li><li class=\"blocks-gallery-item\"><figure><img loading=\"lazy\" decoding=\"async\" width=\"1008\" height=\"567\" src=\"https:\/\/portalararasdenoticias.com.br\/wp-content\/uploads\/2022\/01\/thiago-de-mello.jpg\" alt=\"\" data-id=\"3808\" data-full-url=\"https:\/\/portalararasdenoticias.com.br\/wp-content\/uploads\/2022\/01\/thiago-de-mello.jpg\" data-link=\"https:\/\/portalararasdenoticias.com.br\/?attachment_id=3808\" class=\"wp-image-3808\" srcset=\"https:\/\/portalararasdenoticias.com.br\/wp-content\/uploads\/2022\/01\/thiago-de-mello.jpg 1008w, https:\/\/portalararasdenoticias.com.br\/wp-content\/uploads\/2022\/01\/thiago-de-mello-300x169.jpg 300w, https:\/\/portalararasdenoticias.com.br\/wp-content\/uploads\/2022\/01\/thiago-de-mello-768x432.jpg 768w\" sizes=\"auto, (max-width: 1008px) 100vw, 1008px\" \/><\/figure><\/li><\/ul><\/figure>\n","protected":false},"excerpt":{"rendered":"<p>O poeta amazonense Thiago de Mello morreu hoje, aos 95 anos. A informa\u00e7\u00e3o foi confirmada no Twitter pelo senador Pl\u00ednio Val\u00e9rio. A causa da morte, no entanto, ainda n\u00e3o foi revelada. Hoje \u00e9 um dia escuro, mas o nosso poeta continuar\u00e1 cantando, agora, acompanhado e anjos e querubins. Seu legado de versos e poesias eternizado [&hellip;]<\/p>\n","protected":false},"author":5,"featured_media":3803,"comment_status":"open","ping_status":"open","sticky":true,"template":"","format":"standard","meta":{"footnotes":""},"categories":[34],"tags":[],"class_list":["post-3802","post","type-post","status-publish","format-standard","has-post-thumbnail","hentry","category-jornalismo"],"yoast_head":"<!-- This site is optimized with the Yoast SEO plugin v27.0 - https:\/\/yoast.com\/product\/yoast-seo-wordpress\/ -->\n<title>Morre aos 95 anos o poeta amazonense Thiago de Mello. - Portal Araras de Not\u00edcias<\/title>\n<meta name=\"robots\" content=\"index, follow, max-snippet:-1, max-image-preview:large, max-video-preview:-1\" \/>\n<link rel=\"canonical\" href=\"https:\/\/portalararasdenoticias.com.br\/?p=3802\" \/>\n<meta property=\"og:locale\" content=\"pt_BR\" \/>\n<meta property=\"og:type\" content=\"article\" \/>\n<meta property=\"og:title\" content=\"Morre aos 95 anos o poeta amazonense Thiago de Mello. - Portal Araras de Not\u00edcias\" \/>\n<meta property=\"og:description\" content=\"O poeta amazonense Thiago de Mello morreu hoje, aos 95 anos. A informa\u00e7\u00e3o foi confirmada no Twitter pelo senador Pl\u00ednio Val\u00e9rio. A causa da morte, no entanto, ainda n\u00e3o foi revelada. Hoje \u00e9 um dia escuro, mas o nosso poeta continuar\u00e1 cantando, agora, acompanhado e anjos e querubins. Seu legado de versos e poesias eternizado [&hellip;]\" \/>\n<meta property=\"og:url\" content=\"https:\/\/portalararasdenoticias.com.br\/?p=3802\" \/>\n<meta property=\"og:site_name\" content=\"Portal Araras de Not\u00edcias\" \/>\n<meta property=\"article:published_time\" content=\"2022-01-14T14:47:37+00:00\" \/>\n<meta property=\"article:modified_time\" content=\"2022-01-14T14:48:43+00:00\" \/>\n<meta property=\"og:image\" content=\"https:\/\/portalararasdenoticias.com.br\/wp-content\/uploads\/2022\/01\/271804766_2823637127935822_637009400425976450_n.jpg\" \/>\n\t<meta property=\"og:image:width\" content=\"739\" \/>\n\t<meta property=\"og:image:height\" content=\"415\" \/>\n\t<meta property=\"og:image:type\" content=\"image\/jpeg\" \/>\n<meta name=\"author\" content=\"Portal Araras de Noticias\" \/>\n<meta name=\"twitter:card\" content=\"summary_large_image\" \/>\n<meta name=\"twitter:label1\" content=\"Escrito por\" \/>\n\t<meta name=\"twitter:data1\" content=\"Portal Araras de Noticias\" \/>\n\t<meta name=\"twitter:label2\" content=\"Est. tempo de leitura\" \/>\n\t<meta name=\"twitter:data2\" content=\"1 minuto\" \/>\n<script type=\"application\/ld+json\" class=\"yoast-schema-graph\">{\"@context\":\"https:\/\/schema.org\",\"@graph\":[{\"@type\":\"Article\",\"@id\":\"https:\/\/portalararasdenoticias.com.br\/?p=3802#article\",\"isPartOf\":{\"@id\":\"https:\/\/portalararasdenoticias.com.br\/?p=3802\"},\"author\":{\"name\":\"Portal Araras de Noticias\",\"@id\":\"https:\/\/portalararasdenoticias.com.br\/#\/schema\/person\/a6190507efe29dea1049d60d05ed5c0a\"},\"headline\":\"Morre aos 95 anos o poeta amazonense Thiago de Mello.\",\"datePublished\":\"2022-01-14T14:47:37+00:00\",\"dateModified\":\"2022-01-14T14:48:43+00:00\",\"mainEntityOfPage\":{\"@id\":\"https:\/\/portalararasdenoticias.com.br\/?p=3802\"},\"wordCount\":161,\"commentCount\":0,\"image\":{\"@id\":\"https:\/\/portalararasdenoticias.com.br\/?p=3802#primaryimage\"},\"thumbnailUrl\":\"https:\/\/portalararasdenoticias.com.br\/wp-content\/uploads\/2022\/01\/271804766_2823637127935822_637009400425976450_n.jpg\",\"articleSection\":[\"jornalismo\"],\"inLanguage\":\"pt-BR\",\"potentialAction\":[{\"@type\":\"CommentAction\",\"name\":\"Comment\",\"target\":[\"https:\/\/portalararasdenoticias.com.br\/?p=3802#respond\"]}]},{\"@type\":\"WebPage\",\"@id\":\"https:\/\/portalararasdenoticias.com.br\/?p=3802\",\"url\":\"https:\/\/portalararasdenoticias.com.br\/?p=3802\",\"name\":\"Morre aos 95 anos o poeta amazonense Thiago de Mello. - Portal Araras de Not\u00edcias\",\"isPartOf\":{\"@id\":\"https:\/\/portalararasdenoticias.com.br\/#website\"},\"primaryImageOfPage\":{\"@id\":\"https:\/\/portalararasdenoticias.com.br\/?p=3802#primaryimage\"},\"image\":{\"@id\":\"https:\/\/portalararasdenoticias.com.br\/?p=3802#primaryimage\"},\"thumbnailUrl\":\"https:\/\/portalararasdenoticias.com.br\/wp-content\/uploads\/2022\/01\/271804766_2823637127935822_637009400425976450_n.jpg\",\"datePublished\":\"2022-01-14T14:47:37+00:00\",\"dateModified\":\"2022-01-14T14:48:43+00:00\",\"author\":{\"@id\":\"https:\/\/portalararasdenoticias.com.br\/#\/schema\/person\/a6190507efe29dea1049d60d05ed5c0a\"},\"breadcrumb\":{\"@id\":\"https:\/\/portalararasdenoticias.com.br\/?p=3802#breadcrumb\"},\"inLanguage\":\"pt-BR\",\"potentialAction\":[{\"@type\":\"ReadAction\",\"target\":[\"https:\/\/portalararasdenoticias.com.br\/?p=3802\"]}]},{\"@type\":\"ImageObject\",\"inLanguage\":\"pt-BR\",\"@id\":\"https:\/\/portalararasdenoticias.com.br\/?p=3802#primaryimage\",\"url\":\"https:\/\/portalararasdenoticias.com.br\/wp-content\/uploads\/2022\/01\/271804766_2823637127935822_637009400425976450_n.jpg\",\"contentUrl\":\"https:\/\/portalararasdenoticias.com.br\/wp-content\/uploads\/2022\/01\/271804766_2823637127935822_637009400425976450_n.jpg\",\"width\":739,\"height\":415},{\"@type\":\"BreadcrumbList\",\"@id\":\"https:\/\/portalararasdenoticias.com.br\/?p=3802#breadcrumb\",\"itemListElement\":[{\"@type\":\"ListItem\",\"position\":1,\"name\":\"In\u00edcio\",\"item\":\"https:\/\/portalararasdenoticias.com.br\/\"},{\"@type\":\"ListItem\",\"position\":2,\"name\":\"Morre aos 95 anos o poeta amazonense Thiago de Mello.\"}]},{\"@type\":\"WebSite\",\"@id\":\"https:\/\/portalararasdenoticias.com.br\/#website\",\"url\":\"https:\/\/portalararasdenoticias.com.br\/\",\"name\":\"Portal Araras de Not\u00edcias\",\"description\":\"O Seu Portal de Not\u00edcias\",\"potentialAction\":[{\"@type\":\"SearchAction\",\"target\":{\"@type\":\"EntryPoint\",\"urlTemplate\":\"https:\/\/portalararasdenoticias.com.br\/?s={search_term_string}\"},\"query-input\":{\"@type\":\"PropertyValueSpecification\",\"valueRequired\":true,\"valueName\":\"search_term_string\"}}],\"inLanguage\":\"pt-BR\"},{\"@type\":\"Person\",\"@id\":\"https:\/\/portalararasdenoticias.com.br\/#\/schema\/person\/a6190507efe29dea1049d60d05ed5c0a\",\"name\":\"Portal Araras de Noticias\",\"image\":{\"@type\":\"ImageObject\",\"inLanguage\":\"pt-BR\",\"@id\":\"https:\/\/portalararasdenoticias.com.br\/#\/schema\/person\/image\/\",\"url\":\"https:\/\/secure.gravatar.com\/avatar\/4df7c42bc08e78bc9b6e13086fafc161bdf01220657cd93de3d828ab6c60d469?s=96&d=mm&r=g\",\"contentUrl\":\"https:\/\/secure.gravatar.com\/avatar\/4df7c42bc08e78bc9b6e13086fafc161bdf01220657cd93de3d828ab6c60d469?s=96&d=mm&r=g\",\"caption\":\"Portal Araras de Noticias\"},\"sameAs\":[\"https:\/\/portalararasdenoticias.com.br\/\"],\"url\":\"https:\/\/portalararasdenoticias.com.br\/?author=5\"}]}<\/script>\n<!-- \/ Yoast SEO plugin. -->","yoast_head_json":{"title":"Morre aos 95 anos o poeta amazonense Thiago de Mello. - Portal Araras de Not\u00edcias","robots":{"index":"index","follow":"follow","max-snippet":"max-snippet:-1","max-image-preview":"max-image-preview:large","max-video-preview":"max-video-preview:-1"},"canonical":"https:\/\/portalararasdenoticias.com.br\/?p=3802","og_locale":"pt_BR","og_type":"article","og_title":"Morre aos 95 anos o poeta amazonense Thiago de Mello. - Portal Araras de Not\u00edcias","og_description":"O poeta amazonense Thiago de Mello morreu hoje, aos 95 anos. A informa\u00e7\u00e3o foi confirmada no Twitter pelo senador Pl\u00ednio Val\u00e9rio. A causa da morte, no entanto, ainda n\u00e3o foi revelada. Hoje \u00e9 um dia escuro, mas o nosso poeta continuar\u00e1 cantando, agora, acompanhado e anjos e querubins. Seu legado de versos e poesias eternizado [&hellip;]","og_url":"https:\/\/portalararasdenoticias.com.br\/?p=3802","og_site_name":"Portal Araras de Not\u00edcias","article_published_time":"2022-01-14T14:47:37+00:00","article_modified_time":"2022-01-14T14:48:43+00:00","og_image":[{"width":739,"height":415,"url":"https:\/\/portalararasdenoticias.com.br\/wp-content\/uploads\/2022\/01\/271804766_2823637127935822_637009400425976450_n.jpg","type":"image\/jpeg"}],"author":"Portal Araras de Noticias","twitter_card":"summary_large_image","twitter_misc":{"Escrito por":"Portal Araras de Noticias","Est. tempo de leitura":"1 minuto"},"schema":{"@context":"https:\/\/schema.org","@graph":[{"@type":"Article","@id":"https:\/\/portalararasdenoticias.com.br\/?p=3802#article","isPartOf":{"@id":"https:\/\/portalararasdenoticias.com.br\/?p=3802"},"author":{"name":"Portal Araras de Noticias","@id":"https:\/\/portalararasdenoticias.com.br\/#\/schema\/person\/a6190507efe29dea1049d60d05ed5c0a"},"headline":"Morre aos 95 anos o poeta amazonense Thiago de Mello.","datePublished":"2022-01-14T14:47:37+00:00","dateModified":"2022-01-14T14:48:43+00:00","mainEntityOfPage":{"@id":"https:\/\/portalararasdenoticias.com.br\/?p=3802"},"wordCount":161,"commentCount":0,"image":{"@id":"https:\/\/portalararasdenoticias.com.br\/?p=3802#primaryimage"},"thumbnailUrl":"https:\/\/portalararasdenoticias.com.br\/wp-content\/uploads\/2022\/01\/271804766_2823637127935822_637009400425976450_n.jpg","articleSection":["jornalismo"],"inLanguage":"pt-BR","potentialAction":[{"@type":"CommentAction","name":"Comment","target":["https:\/\/portalararasdenoticias.com.br\/?p=3802#respond"]}]},{"@type":"WebPage","@id":"https:\/\/portalararasdenoticias.com.br\/?p=3802","url":"https:\/\/portalararasdenoticias.com.br\/?p=3802","name":"Morre aos 95 anos o poeta amazonense Thiago de Mello. - Portal Araras de Not\u00edcias","isPartOf":{"@id":"https:\/\/portalararasdenoticias.com.br\/#website"},"primaryImageOfPage":{"@id":"https:\/\/portalararasdenoticias.com.br\/?p=3802#primaryimage"},"image":{"@id":"https:\/\/portalararasdenoticias.com.br\/?p=3802#primaryimage"},"thumbnailUrl":"https:\/\/portalararasdenoticias.com.br\/wp-content\/uploads\/2022\/01\/271804766_2823637127935822_637009400425976450_n.jpg","datePublished":"2022-01-14T14:47:37+00:00","dateModified":"2022-01-14T14:48:43+00:00","author":{"@id":"https:\/\/portalararasdenoticias.com.br\/#\/schema\/person\/a6190507efe29dea1049d60d05ed5c0a"},"breadcrumb":{"@id":"https:\/\/portalararasdenoticias.com.br\/?p=3802#breadcrumb"},"inLanguage":"pt-BR","potentialAction":[{"@type":"ReadAction","target":["https:\/\/portalararasdenoticias.com.br\/?p=3802"]}]},{"@type":"ImageObject","inLanguage":"pt-BR","@id":"https:\/\/portalararasdenoticias.com.br\/?p=3802#primaryimage","url":"https:\/\/portalararasdenoticias.com.br\/wp-content\/uploads\/2022\/01\/271804766_2823637127935822_637009400425976450_n.jpg","contentUrl":"https:\/\/portalararasdenoticias.com.br\/wp-content\/uploads\/2022\/01\/271804766_2823637127935822_637009400425976450_n.jpg","width":739,"height":415},{"@type":"BreadcrumbList","@id":"https:\/\/portalararasdenoticias.com.br\/?p=3802#breadcrumb","itemListElement":[{"@type":"ListItem","position":1,"name":"In\u00edcio","item":"https:\/\/portalararasdenoticias.com.br\/"},{"@type":"ListItem","position":2,"name":"Morre aos 95 anos o poeta amazonense Thiago de Mello."}]},{"@type":"WebSite","@id":"https:\/\/portalararasdenoticias.com.br\/#website","url":"https:\/\/portalararasdenoticias.com.br\/","name":"Portal Araras de Not\u00edcias","description":"O Seu Portal de Not\u00edcias","potentialAction":[{"@type":"SearchAction","target":{"@type":"EntryPoint","urlTemplate":"https:\/\/portalararasdenoticias.com.br\/?s={search_term_string}"},"query-input":{"@type":"PropertyValueSpecification","valueRequired":true,"valueName":"search_term_string"}}],"inLanguage":"pt-BR"},{"@type":"Person","@id":"https:\/\/portalararasdenoticias.com.br\/#\/schema\/person\/a6190507efe29dea1049d60d05ed5c0a","name":"Portal Araras de Noticias","image":{"@type":"ImageObject","inLanguage":"pt-BR","@id":"https:\/\/portalararasdenoticias.com.br\/#\/schema\/person\/image\/","url":"https:\/\/secure.gravatar.com\/avatar\/4df7c42bc08e78bc9b6e13086fafc161bdf01220657cd93de3d828ab6c60d469?s=96&d=mm&r=g","contentUrl":"https:\/\/secure.gravatar.com\/avatar\/4df7c42bc08e78bc9b6e13086fafc161bdf01220657cd93de3d828ab6c60d469?s=96&d=mm&r=g","caption":"Portal Araras de Noticias"},"sameAs":["https:\/\/portalararasdenoticias.com.br\/"],"url":"https:\/\/portalararasdenoticias.com.br\/?author=5"}]}},"_links":{"self":[{"href":"https:\/\/portalararasdenoticias.com.br\/index.php?rest_route=\/wp\/v2\/posts\/3802","targetHints":{"allow":["GET"]}}],"collection":[{"href":"https:\/\/portalararasdenoticias.com.br\/index.php?rest_route=\/wp\/v2\/posts"}],"about":[{"href":"https:\/\/portalararasdenoticias.com.br\/index.php?rest_route=\/wp\/v2\/types\/post"}],"author":[{"embeddable":true,"href":"https:\/\/portalararasdenoticias.com.br\/index.php?rest_route=\/wp\/v2\/users\/5"}],"replies":[{"embeddable":true,"href":"https:\/\/portalararasdenoticias.com.br\/index.php?rest_route=%2Fwp%2Fv2%2Fcomments&post=3802"}],"version-history":[{"count":1,"href":"https:\/\/portalararasdenoticias.com.br\/index.php?rest_route=\/wp\/v2\/posts\/3802\/revisions"}],"predecessor-version":[{"id":3809,"href":"https:\/\/portalararasdenoticias.com.br\/index.php?rest_route=\/wp\/v2\/posts\/3802\/revisions\/3809"}],"wp:featuredmedia":[{"embeddable":true,"href":"https:\/\/portalararasdenoticias.com.br\/index.php?rest_route=\/wp\/v2\/media\/3803"}],"wp:attachment":[{"href":"https:\/\/portalararasdenoticias.com.br\/index.php?rest_route=%2Fwp%2Fv2%2Fmedia&parent=3802"}],"wp:term":[{"taxonomy":"category","embeddable":true,"href":"https:\/\/portalararasdenoticias.com.br\/index.php?rest_route=%2Fwp%2Fv2%2Fcategories&post=3802"},{"taxonomy":"post_tag","embeddable":true,"href":"https:\/\/portalararasdenoticias.com.br\/index.php?rest_route=%2Fwp%2Fv2%2Ftags&post=3802"}],"curies":[{"name":"wp","href":"https:\/\/api.w.org\/{rel}","templated":true}]}}