{"id":3838,"date":"2022-03-08T21:45:42","date_gmt":"2022-03-09T00:45:42","guid":{"rendered":"https:\/\/portalararasdenoticias.com.br\/?p=3838"},"modified":"2022-03-08T21:46:48","modified_gmt":"2022-03-09T00:46:48","slug":"prefeito-anuncia-fim-da-exigencia-do-uso-de-mascaras-em-locais-abertos-a-partir-do-dia-16","status":"publish","type":"post","link":"https:\/\/portalararasdenoticias.com.br\/?p=3838","title":{"rendered":"Prefeito anuncia fim da exig\u00eancia do uso de m\u00e1scaras em locais abertos a partir do dia 16."},"content":{"rendered":"\n<p>Uso de M\u00e1scaras \u2013 O prefeito de Manaus, David Almeida, anunciou, na manh\u00e3 desta ter\u00e7a-feira, (08\/03), que a partir do pr\u00f3ximo dia 16 o uso de m\u00e1scaras deixar\u00e1 de ser obrigat\u00f3rio em locais abertos. A decis\u00e3o foi anunciada ap\u00f3s reuni\u00e3o realizada na sede da Secretaria Municipal de Sa\u00fade (Semsa). Segundo ele, a medida deve levar em considera\u00e7\u00e3o o total de casos confirmados da doen\u00e7a.<br>Atualmente, o Amazonas est\u00e1 na fase laranja da pandemia, ou seja, com risco moderado de transmiss\u00e3o. Desde o in\u00edcio da pandemia, mais de 14 mil pessoas morreram com Covid-19 no Amazonas, e mais de 575 mil casos foram confirmados.<br>\u201cQuatorze dias ap\u00f3s o fim do Carnaval, no dia 16, estaremos anunciando o fim da obrigatoriedade da utiliza\u00e7\u00e3o das m\u00e1scaras em locais abertos, dependendo da evolu\u00e7\u00e3o epidemiol\u00f3gica da transmissibilidade da Covid-19. Tomamos essa decis\u00e3o baseados nos dados apresentados pela dire\u00e7\u00e3o da Semsa e tendo sempre prud\u00eancia e cautela\u201d, explicou o prefeito.<br>O prefeito disse, ainda, que a decis\u00e3o tamb\u00e9m leva em considera\u00e7\u00e3o o avan\u00e7o da campanha de vacina\u00e7\u00e3o contra a Covid-19 na capital amazonense. Segundo dados da Semsa, at\u00e9 o in\u00edcio desta ter\u00e7a-feira, mais de 85% da popula\u00e7\u00e3o vacin\u00e1vel (12 anos ou mais) j\u00e1 haviam completado o ciclo vacinal. No entanto, algumas cidades do interior ainda registram ind\u00edces baixos de vacina\u00e7\u00e3o.<br>\u201cEssa decis\u00e3o vem ao encontro com o que j\u00e1 vem acontecendo no resto do pa\u00eds e nas principais capitais\u201d, informou o prefeito.<\/p>\n","protected":false},"excerpt":{"rendered":"<p>Uso de M\u00e1scaras \u2013 O prefeito de Manaus, David Almeida, anunciou, na manh\u00e3 desta ter\u00e7a-feira, (08\/03), que a partir do pr\u00f3ximo dia 16 o uso de m\u00e1scaras deixar\u00e1 de ser obrigat\u00f3rio em locais abertos. A decis\u00e3o foi anunciada ap\u00f3s reuni\u00e3o realizada na sede da Secretaria Municipal de Sa\u00fade (Semsa). Segundo ele, a medida deve levar [&hellip;]<\/p>\n","protected":false},"author":5,"featured_media":3839,"comment_status":"open","ping_status":"open","sticky":true,"template":"","format":"standard","meta":{"footnotes":""},"categories":[34],"tags":[],"class_list":["post-3838","post","type-post","status-publish","format-standard","has-post-thumbnail","hentry","category-jornalismo"],"yoast_head":"<!-- This site is optimized with the Yoast SEO plugin v27.0 - https:\/\/yoast.com\/product\/yoast-seo-wordpress\/ -->\n<title>Prefeito anuncia fim da exig\u00eancia do uso de m\u00e1scaras em locais abertos a partir do dia 16. - Portal Araras de Not\u00edcias<\/title>\n<meta name=\"robots\" content=\"index, follow, max-snippet:-1, max-image-preview:large, max-video-preview:-1\" \/>\n<link rel=\"canonical\" href=\"https:\/\/portalararasdenoticias.com.br\/?p=3838\" \/>\n<meta property=\"og:locale\" content=\"pt_BR\" \/>\n<meta property=\"og:type\" content=\"article\" \/>\n<meta property=\"og:title\" content=\"Prefeito anuncia fim da exig\u00eancia do uso de m\u00e1scaras em locais abertos a partir do dia 16. - Portal Araras de Not\u00edcias\" \/>\n<meta property=\"og:description\" content=\"Uso de M\u00e1scaras \u2013 O prefeito de Manaus, David Almeida, anunciou, na manh\u00e3 desta ter\u00e7a-feira, (08\/03), que a partir do pr\u00f3ximo dia 16 o uso de m\u00e1scaras deixar\u00e1 de ser obrigat\u00f3rio em locais abertos. A decis\u00e3o foi anunciada ap\u00f3s reuni\u00e3o realizada na sede da Secretaria Municipal de Sa\u00fade (Semsa). Segundo ele, a medida deve levar [&hellip;]\" \/>\n<meta property=\"og:url\" content=\"https:\/\/portalararasdenoticias.com.br\/?p=3838\" \/>\n<meta property=\"og:site_name\" content=\"Portal Araras de Not\u00edcias\" \/>\n<meta property=\"article:published_time\" content=\"2022-03-09T00:45:42+00:00\" \/>\n<meta property=\"article:modified_time\" content=\"2022-03-09T00:46:48+00:00\" \/>\n<meta property=\"og:image\" content=\"https:\/\/portalararasdenoticias.com.br\/wp-content\/uploads\/2022\/03\/WhatsApp-Image-2020-12-09-at-45248-PM-720x480-1.jpeg\" \/>\n\t<meta property=\"og:image:width\" content=\"720\" \/>\n\t<meta property=\"og:image:height\" content=\"480\" \/>\n\t<meta property=\"og:image:type\" content=\"image\/jpeg\" \/>\n<meta name=\"author\" content=\"Portal Araras de Noticias\" \/>\n<meta name=\"twitter:card\" content=\"summary_large_image\" \/>\n<meta name=\"twitter:label1\" content=\"Escrito por\" \/>\n\t<meta name=\"twitter:data1\" content=\"Portal Araras de Noticias\" \/>\n\t<meta name=\"twitter:label2\" content=\"Est. tempo de leitura\" \/>\n\t<meta name=\"twitter:data2\" content=\"1 minuto\" \/>\n<script type=\"application\/ld+json\" class=\"yoast-schema-graph\">{\"@context\":\"https:\/\/schema.org\",\"@graph\":[{\"@type\":\"Article\",\"@id\":\"https:\/\/portalararasdenoticias.com.br\/?p=3838#article\",\"isPartOf\":{\"@id\":\"https:\/\/portalararasdenoticias.com.br\/?p=3838\"},\"author\":{\"name\":\"Portal Araras de Noticias\",\"@id\":\"https:\/\/portalararasdenoticias.com.br\/#\/schema\/person\/a6190507efe29dea1049d60d05ed5c0a\"},\"headline\":\"Prefeito anuncia fim da exig\u00eancia do uso de m\u00e1scaras em locais abertos a partir do dia 16.\",\"datePublished\":\"2022-03-09T00:45:42+00:00\",\"dateModified\":\"2022-03-09T00:46:48+00:00\",\"mainEntityOfPage\":{\"@id\":\"https:\/\/portalararasdenoticias.com.br\/?p=3838\"},\"wordCount\":280,\"commentCount\":0,\"image\":{\"@id\":\"https:\/\/portalararasdenoticias.com.br\/?p=3838#primaryimage\"},\"thumbnailUrl\":\"https:\/\/portalararasdenoticias.com.br\/wp-content\/uploads\/2022\/03\/WhatsApp-Image-2020-12-09-at-45248-PM-720x480-1.jpeg\",\"articleSection\":[\"jornalismo\"],\"inLanguage\":\"pt-BR\",\"potentialAction\":[{\"@type\":\"CommentAction\",\"name\":\"Comment\",\"target\":[\"https:\/\/portalararasdenoticias.com.br\/?p=3838#respond\"]}]},{\"@type\":\"WebPage\",\"@id\":\"https:\/\/portalararasdenoticias.com.br\/?p=3838\",\"url\":\"https:\/\/portalararasdenoticias.com.br\/?p=3838\",\"name\":\"Prefeito anuncia fim da exig\u00eancia do uso de m\u00e1scaras em locais abertos a partir do dia 16. - Portal Araras de Not\u00edcias\",\"isPartOf\":{\"@id\":\"https:\/\/portalararasdenoticias.com.br\/#website\"},\"primaryImageOfPage\":{\"@id\":\"https:\/\/portalararasdenoticias.com.br\/?p=3838#primaryimage\"},\"image\":{\"@id\":\"https:\/\/portalararasdenoticias.com.br\/?p=3838#primaryimage\"},\"thumbnailUrl\":\"https:\/\/portalararasdenoticias.com.br\/wp-content\/uploads\/2022\/03\/WhatsApp-Image-2020-12-09-at-45248-PM-720x480-1.jpeg\",\"datePublished\":\"2022-03-09T00:45:42+00:00\",\"dateModified\":\"2022-03-09T00:46:48+00:00\",\"author\":{\"@id\":\"https:\/\/portalararasdenoticias.com.br\/#\/schema\/person\/a6190507efe29dea1049d60d05ed5c0a\"},\"breadcrumb\":{\"@id\":\"https:\/\/portalararasdenoticias.com.br\/?p=3838#breadcrumb\"},\"inLanguage\":\"pt-BR\",\"potentialAction\":[{\"@type\":\"ReadAction\",\"target\":[\"https:\/\/portalararasdenoticias.com.br\/?p=3838\"]}]},{\"@type\":\"ImageObject\",\"inLanguage\":\"pt-BR\",\"@id\":\"https:\/\/portalararasdenoticias.com.br\/?p=3838#primaryimage\",\"url\":\"https:\/\/portalararasdenoticias.com.br\/wp-content\/uploads\/2022\/03\/WhatsApp-Image-2020-12-09-at-45248-PM-720x480-1.jpeg\",\"contentUrl\":\"https:\/\/portalararasdenoticias.com.br\/wp-content\/uploads\/2022\/03\/WhatsApp-Image-2020-12-09-at-45248-PM-720x480-1.jpeg\",\"width\":720,\"height\":480},{\"@type\":\"BreadcrumbList\",\"@id\":\"https:\/\/portalararasdenoticias.com.br\/?p=3838#breadcrumb\",\"itemListElement\":[{\"@type\":\"ListItem\",\"position\":1,\"name\":\"In\u00edcio\",\"item\":\"https:\/\/portalararasdenoticias.com.br\/\"},{\"@type\":\"ListItem\",\"position\":2,\"name\":\"Prefeito anuncia fim da exig\u00eancia do uso de m\u00e1scaras em locais abertos a partir do dia 16.\"}]},{\"@type\":\"WebSite\",\"@id\":\"https:\/\/portalararasdenoticias.com.br\/#website\",\"url\":\"https:\/\/portalararasdenoticias.com.br\/\",\"name\":\"Portal Araras de Not\u00edcias\",\"description\":\"O Seu Portal de Not\u00edcias\",\"potentialAction\":[{\"@type\":\"SearchAction\",\"target\":{\"@type\":\"EntryPoint\",\"urlTemplate\":\"https:\/\/portalararasdenoticias.com.br\/?s={search_term_string}\"},\"query-input\":{\"@type\":\"PropertyValueSpecification\",\"valueRequired\":true,\"valueName\":\"search_term_string\"}}],\"inLanguage\":\"pt-BR\"},{\"@type\":\"Person\",\"@id\":\"https:\/\/portalararasdenoticias.com.br\/#\/schema\/person\/a6190507efe29dea1049d60d05ed5c0a\",\"name\":\"Portal Araras de Noticias\",\"image\":{\"@type\":\"ImageObject\",\"inLanguage\":\"pt-BR\",\"@id\":\"https:\/\/portalararasdenoticias.com.br\/#\/schema\/person\/image\/\",\"url\":\"https:\/\/secure.gravatar.com\/avatar\/4df7c42bc08e78bc9b6e13086fafc161bdf01220657cd93de3d828ab6c60d469?s=96&d=mm&r=g\",\"contentUrl\":\"https:\/\/secure.gravatar.com\/avatar\/4df7c42bc08e78bc9b6e13086fafc161bdf01220657cd93de3d828ab6c60d469?s=96&d=mm&r=g\",\"caption\":\"Portal Araras de Noticias\"},\"sameAs\":[\"https:\/\/portalararasdenoticias.com.br\/\"],\"url\":\"https:\/\/portalararasdenoticias.com.br\/?author=5\"}]}<\/script>\n<!-- \/ Yoast SEO plugin. -->","yoast_head_json":{"title":"Prefeito anuncia fim da exig\u00eancia do uso de m\u00e1scaras em locais abertos a partir do dia 16. - Portal Araras de Not\u00edcias","robots":{"index":"index","follow":"follow","max-snippet":"max-snippet:-1","max-image-preview":"max-image-preview:large","max-video-preview":"max-video-preview:-1"},"canonical":"https:\/\/portalararasdenoticias.com.br\/?p=3838","og_locale":"pt_BR","og_type":"article","og_title":"Prefeito anuncia fim da exig\u00eancia do uso de m\u00e1scaras em locais abertos a partir do dia 16. - Portal Araras de Not\u00edcias","og_description":"Uso de M\u00e1scaras \u2013 O prefeito de Manaus, David Almeida, anunciou, na manh\u00e3 desta ter\u00e7a-feira, (08\/03), que a partir do pr\u00f3ximo dia 16 o uso de m\u00e1scaras deixar\u00e1 de ser obrigat\u00f3rio em locais abertos. A decis\u00e3o foi anunciada ap\u00f3s reuni\u00e3o realizada na sede da Secretaria Municipal de Sa\u00fade (Semsa). Segundo ele, a medida deve levar [&hellip;]","og_url":"https:\/\/portalararasdenoticias.com.br\/?p=3838","og_site_name":"Portal Araras de Not\u00edcias","article_published_time":"2022-03-09T00:45:42+00:00","article_modified_time":"2022-03-09T00:46:48+00:00","og_image":[{"width":720,"height":480,"url":"https:\/\/portalararasdenoticias.com.br\/wp-content\/uploads\/2022\/03\/WhatsApp-Image-2020-12-09-at-45248-PM-720x480-1.jpeg","type":"image\/jpeg"}],"author":"Portal Araras de Noticias","twitter_card":"summary_large_image","twitter_misc":{"Escrito por":"Portal Araras de Noticias","Est. tempo de leitura":"1 minuto"},"schema":{"@context":"https:\/\/schema.org","@graph":[{"@type":"Article","@id":"https:\/\/portalararasdenoticias.com.br\/?p=3838#article","isPartOf":{"@id":"https:\/\/portalararasdenoticias.com.br\/?p=3838"},"author":{"name":"Portal Araras de Noticias","@id":"https:\/\/portalararasdenoticias.com.br\/#\/schema\/person\/a6190507efe29dea1049d60d05ed5c0a"},"headline":"Prefeito anuncia fim da exig\u00eancia do uso de m\u00e1scaras em locais abertos a partir do dia 16.","datePublished":"2022-03-09T00:45:42+00:00","dateModified":"2022-03-09T00:46:48+00:00","mainEntityOfPage":{"@id":"https:\/\/portalararasdenoticias.com.br\/?p=3838"},"wordCount":280,"commentCount":0,"image":{"@id":"https:\/\/portalararasdenoticias.com.br\/?p=3838#primaryimage"},"thumbnailUrl":"https:\/\/portalararasdenoticias.com.br\/wp-content\/uploads\/2022\/03\/WhatsApp-Image-2020-12-09-at-45248-PM-720x480-1.jpeg","articleSection":["jornalismo"],"inLanguage":"pt-BR","potentialAction":[{"@type":"CommentAction","name":"Comment","target":["https:\/\/portalararasdenoticias.com.br\/?p=3838#respond"]}]},{"@type":"WebPage","@id":"https:\/\/portalararasdenoticias.com.br\/?p=3838","url":"https:\/\/portalararasdenoticias.com.br\/?p=3838","name":"Prefeito anuncia fim da exig\u00eancia do uso de m\u00e1scaras em locais abertos a partir do dia 16. - Portal Araras de Not\u00edcias","isPartOf":{"@id":"https:\/\/portalararasdenoticias.com.br\/#website"},"primaryImageOfPage":{"@id":"https:\/\/portalararasdenoticias.com.br\/?p=3838#primaryimage"},"image":{"@id":"https:\/\/portalararasdenoticias.com.br\/?p=3838#primaryimage"},"thumbnailUrl":"https:\/\/portalararasdenoticias.com.br\/wp-content\/uploads\/2022\/03\/WhatsApp-Image-2020-12-09-at-45248-PM-720x480-1.jpeg","datePublished":"2022-03-09T00:45:42+00:00","dateModified":"2022-03-09T00:46:48+00:00","author":{"@id":"https:\/\/portalararasdenoticias.com.br\/#\/schema\/person\/a6190507efe29dea1049d60d05ed5c0a"},"breadcrumb":{"@id":"https:\/\/portalararasdenoticias.com.br\/?p=3838#breadcrumb"},"inLanguage":"pt-BR","potentialAction":[{"@type":"ReadAction","target":["https:\/\/portalararasdenoticias.com.br\/?p=3838"]}]},{"@type":"ImageObject","inLanguage":"pt-BR","@id":"https:\/\/portalararasdenoticias.com.br\/?p=3838#primaryimage","url":"https:\/\/portalararasdenoticias.com.br\/wp-content\/uploads\/2022\/03\/WhatsApp-Image-2020-12-09-at-45248-PM-720x480-1.jpeg","contentUrl":"https:\/\/portalararasdenoticias.com.br\/wp-content\/uploads\/2022\/03\/WhatsApp-Image-2020-12-09-at-45248-PM-720x480-1.jpeg","width":720,"height":480},{"@type":"BreadcrumbList","@id":"https:\/\/portalararasdenoticias.com.br\/?p=3838#breadcrumb","itemListElement":[{"@type":"ListItem","position":1,"name":"In\u00edcio","item":"https:\/\/portalararasdenoticias.com.br\/"},{"@type":"ListItem","position":2,"name":"Prefeito anuncia fim da exig\u00eancia do uso de m\u00e1scaras em locais abertos a partir do dia 16."}]},{"@type":"WebSite","@id":"https:\/\/portalararasdenoticias.com.br\/#website","url":"https:\/\/portalararasdenoticias.com.br\/","name":"Portal Araras de Not\u00edcias","description":"O Seu Portal de Not\u00edcias","potentialAction":[{"@type":"SearchAction","target":{"@type":"EntryPoint","urlTemplate":"https:\/\/portalararasdenoticias.com.br\/?s={search_term_string}"},"query-input":{"@type":"PropertyValueSpecification","valueRequired":true,"valueName":"search_term_string"}}],"inLanguage":"pt-BR"},{"@type":"Person","@id":"https:\/\/portalararasdenoticias.com.br\/#\/schema\/person\/a6190507efe29dea1049d60d05ed5c0a","name":"Portal Araras de Noticias","image":{"@type":"ImageObject","inLanguage":"pt-BR","@id":"https:\/\/portalararasdenoticias.com.br\/#\/schema\/person\/image\/","url":"https:\/\/secure.gravatar.com\/avatar\/4df7c42bc08e78bc9b6e13086fafc161bdf01220657cd93de3d828ab6c60d469?s=96&d=mm&r=g","contentUrl":"https:\/\/secure.gravatar.com\/avatar\/4df7c42bc08e78bc9b6e13086fafc161bdf01220657cd93de3d828ab6c60d469?s=96&d=mm&r=g","caption":"Portal Araras de Noticias"},"sameAs":["https:\/\/portalararasdenoticias.com.br\/"],"url":"https:\/\/portalararasdenoticias.com.br\/?author=5"}]}},"_links":{"self":[{"href":"https:\/\/portalararasdenoticias.com.br\/index.php?rest_route=\/wp\/v2\/posts\/3838","targetHints":{"allow":["GET"]}}],"collection":[{"href":"https:\/\/portalararasdenoticias.com.br\/index.php?rest_route=\/wp\/v2\/posts"}],"about":[{"href":"https:\/\/portalararasdenoticias.com.br\/index.php?rest_route=\/wp\/v2\/types\/post"}],"author":[{"embeddable":true,"href":"https:\/\/portalararasdenoticias.com.br\/index.php?rest_route=\/wp\/v2\/users\/5"}],"replies":[{"embeddable":true,"href":"https:\/\/portalararasdenoticias.com.br\/index.php?rest_route=%2Fwp%2Fv2%2Fcomments&post=3838"}],"version-history":[{"count":1,"href":"https:\/\/portalararasdenoticias.com.br\/index.php?rest_route=\/wp\/v2\/posts\/3838\/revisions"}],"predecessor-version":[{"id":3840,"href":"https:\/\/portalararasdenoticias.com.br\/index.php?rest_route=\/wp\/v2\/posts\/3838\/revisions\/3840"}],"wp:featuredmedia":[{"embeddable":true,"href":"https:\/\/portalararasdenoticias.com.br\/index.php?rest_route=\/wp\/v2\/media\/3839"}],"wp:attachment":[{"href":"https:\/\/portalararasdenoticias.com.br\/index.php?rest_route=%2Fwp%2Fv2%2Fmedia&parent=3838"}],"wp:term":[{"taxonomy":"category","embeddable":true,"href":"https:\/\/portalararasdenoticias.com.br\/index.php?rest_route=%2Fwp%2Fv2%2Fcategories&post=3838"},{"taxonomy":"post_tag","embeddable":true,"href":"https:\/\/portalararasdenoticias.com.br\/index.php?rest_route=%2Fwp%2Fv2%2Ftags&post=3838"}],"curies":[{"name":"wp","href":"https:\/\/api.w.org\/{rel}","templated":true}]}}