{"id":3858,"date":"2022-03-20T23:14:30","date_gmt":"2022-03-21T02:14:30","guid":{"rendered":"https:\/\/portalararasdenoticias.com.br\/?p=3858"},"modified":"2022-03-20T23:15:36","modified_gmt":"2022-03-21T02:15:36","slug":"no-am-precos-de-passagens-para-parintins-frustram-sonhos-de-quem-deseja-reviver-maior-festival-folclorico-do-brasil","status":"publish","type":"post","link":"https:\/\/portalararasdenoticias.com.br\/?p=3858","title":{"rendered":"No AM, pre\u00e7os de passagens para Parintins frustram sonhos de quem deseja reviver maior festival folcl\u00f3rico do Brasil."},"content":{"rendered":"\n<p>MANAUS \u2013 O an\u00fancio das datas oficiais para o retorno do maior festival folcl\u00f3rico do Amazonas, o Festival Folcl\u00f3rico de Parintins, para os dias 24, 25 e 26 de junho deste ano, foi motivo de alegria para os f\u00e3s dos bois-bumb\u00e1s Garantido e Caprichoso. Os pre\u00e7os das passagens a\u00e9reas, para quem n\u00e3o mora na cidade, no entanto, frustraram os sonhos de quem deseja aproveitar a volta do evento ap\u00f3s dois anos suspenso por conta da pandemia de Covid-19.<br>Pre\u00e7o dos voos (ida e volta) de Manaus para Parintins, nos dias do festival, chega a R$ 3.988,73 (Voe Azul)<br>Nas companhias a\u00e9reas Gol e Azul, que fazem voo direto para Parintins, \u00e9 poss\u00edvel encontrar passagens com valores entre R$ 1,1 mil (ida) a R$ 2,5 mil (volta) durante os dias do festival. Somente na Azul, o pre\u00e7o da viagem para o munic\u00edpio, com sa\u00edda no dia 24 e retorno no dia 27, totaliza R$ 3.988,73, segundo consulta, na manh\u00e3 deste s\u00e1bado, no site da empresa. Para a modelo, empres\u00e1ria e jornalista Grazi Nogueira, de 28 anos, apaixonada pelo Boi-Bumb\u00e1 Caprichoso, os pre\u00e7os dos voos assustam e devem adiar a viagem de quem gostaria de conhecer o evento.<\/p>\n\n\n\n<p>\u201cAssustou e muito. Acredito que, ao inv\u00e9s deles atra\u00edrem mais p\u00fablico para conhecer o evento, eles est\u00e3o afastando as pessoas com esses valores absurdos. Atualmente, no Brasil, n\u00f3s estamos presenciando um aumento expressivo em v\u00e1rias coisas necess\u00e1rias no nosso cotidiano, logo acredito que quem tem o sonho de conhecer o festival de Parintins ir\u00e1 adiar este momento por conta do alt\u00edssimo valor entre passagens e ingressos\u201d, criticou a jornalista.<\/p>\n","protected":false},"excerpt":{"rendered":"<p>MANAUS \u2013 O an\u00fancio das datas oficiais para o retorno do maior festival folcl\u00f3rico do Amazonas, o Festival Folcl\u00f3rico de Parintins, para os dias 24, 25 e 26 de junho deste ano, foi motivo de alegria para os f\u00e3s dos bois-bumb\u00e1s Garantido e Caprichoso. Os pre\u00e7os das passagens a\u00e9reas, para quem n\u00e3o mora na cidade, [&hellip;]<\/p>\n","protected":false},"author":5,"featured_media":3859,"comment_status":"open","ping_status":"open","sticky":true,"template":"","format":"standard","meta":{"footnotes":""},"categories":[34],"tags":[],"class_list":["post-3858","post","type-post","status-publish","format-standard","has-post-thumbnail","hentry","category-jornalismo"],"yoast_head":"<!-- This site is optimized with the Yoast SEO plugin v27.0 - https:\/\/yoast.com\/product\/yoast-seo-wordpress\/ -->\n<title>No AM, pre\u00e7os de passagens para Parintins frustram sonhos de quem deseja reviver maior festival folcl\u00f3rico do Brasil. - Portal Araras de Not\u00edcias<\/title>\n<meta name=\"robots\" content=\"index, follow, max-snippet:-1, max-image-preview:large, max-video-preview:-1\" \/>\n<link rel=\"canonical\" href=\"https:\/\/portalararasdenoticias.com.br\/?p=3858\" \/>\n<meta property=\"og:locale\" content=\"pt_BR\" \/>\n<meta property=\"og:type\" content=\"article\" \/>\n<meta property=\"og:title\" content=\"No AM, pre\u00e7os de passagens para Parintins frustram sonhos de quem deseja reviver maior festival folcl\u00f3rico do Brasil. - Portal Araras de Not\u00edcias\" \/>\n<meta property=\"og:description\" content=\"MANAUS \u2013 O an\u00fancio das datas oficiais para o retorno do maior festival folcl\u00f3rico do Amazonas, o Festival Folcl\u00f3rico de Parintins, para os dias 24, 25 e 26 de junho deste ano, foi motivo de alegria para os f\u00e3s dos bois-bumb\u00e1s Garantido e Caprichoso. Os pre\u00e7os das passagens a\u00e9reas, para quem n\u00e3o mora na cidade, [&hellip;]\" \/>\n<meta property=\"og:url\" content=\"https:\/\/portalararasdenoticias.com.br\/?p=3858\" \/>\n<meta property=\"og:site_name\" content=\"Portal Araras de Not\u00edcias\" \/>\n<meta property=\"article:published_time\" content=\"2022-03-21T02:14:30+00:00\" \/>\n<meta property=\"article:modified_time\" content=\"2022-03-21T02:15:36+00:00\" \/>\n<meta property=\"og:image\" content=\"https:\/\/portalararasdenoticias.com.br\/wp-content\/uploads\/2022\/03\/parintins-7.jpg\" \/>\n\t<meta property=\"og:image:width\" content=\"775\" \/>\n\t<meta property=\"og:image:height\" content=\"477\" \/>\n\t<meta property=\"og:image:type\" content=\"image\/jpeg\" \/>\n<meta name=\"author\" content=\"Portal Araras de Noticias\" \/>\n<meta name=\"twitter:card\" content=\"summary_large_image\" \/>\n<meta name=\"twitter:label1\" content=\"Escrito por\" \/>\n\t<meta name=\"twitter:data1\" content=\"Portal Araras de Noticias\" \/>\n\t<meta name=\"twitter:label2\" content=\"Est. tempo de leitura\" \/>\n\t<meta name=\"twitter:data2\" content=\"1 minuto\" \/>\n<script type=\"application\/ld+json\" class=\"yoast-schema-graph\">{\"@context\":\"https:\/\/schema.org\",\"@graph\":[{\"@type\":\"Article\",\"@id\":\"https:\/\/portalararasdenoticias.com.br\/?p=3858#article\",\"isPartOf\":{\"@id\":\"https:\/\/portalararasdenoticias.com.br\/?p=3858\"},\"author\":{\"name\":\"Portal Araras de Noticias\",\"@id\":\"https:\/\/portalararasdenoticias.com.br\/#\/schema\/person\/a6190507efe29dea1049d60d05ed5c0a\"},\"headline\":\"No AM, pre\u00e7os de passagens para Parintins frustram sonhos de quem deseja reviver maior festival folcl\u00f3rico do Brasil.\",\"datePublished\":\"2022-03-21T02:14:30+00:00\",\"dateModified\":\"2022-03-21T02:15:36+00:00\",\"mainEntityOfPage\":{\"@id\":\"https:\/\/portalararasdenoticias.com.br\/?p=3858\"},\"wordCount\":299,\"commentCount\":0,\"image\":{\"@id\":\"https:\/\/portalararasdenoticias.com.br\/?p=3858#primaryimage\"},\"thumbnailUrl\":\"https:\/\/portalararasdenoticias.com.br\/wp-content\/uploads\/2022\/03\/parintins-7.jpg\",\"articleSection\":[\"jornalismo\"],\"inLanguage\":\"pt-BR\",\"potentialAction\":[{\"@type\":\"CommentAction\",\"name\":\"Comment\",\"target\":[\"https:\/\/portalararasdenoticias.com.br\/?p=3858#respond\"]}]},{\"@type\":\"WebPage\",\"@id\":\"https:\/\/portalararasdenoticias.com.br\/?p=3858\",\"url\":\"https:\/\/portalararasdenoticias.com.br\/?p=3858\",\"name\":\"No AM, pre\u00e7os de passagens para Parintins frustram sonhos de quem deseja reviver maior festival folcl\u00f3rico do Brasil. - Portal Araras de Not\u00edcias\",\"isPartOf\":{\"@id\":\"https:\/\/portalararasdenoticias.com.br\/#website\"},\"primaryImageOfPage\":{\"@id\":\"https:\/\/portalararasdenoticias.com.br\/?p=3858#primaryimage\"},\"image\":{\"@id\":\"https:\/\/portalararasdenoticias.com.br\/?p=3858#primaryimage\"},\"thumbnailUrl\":\"https:\/\/portalararasdenoticias.com.br\/wp-content\/uploads\/2022\/03\/parintins-7.jpg\",\"datePublished\":\"2022-03-21T02:14:30+00:00\",\"dateModified\":\"2022-03-21T02:15:36+00:00\",\"author\":{\"@id\":\"https:\/\/portalararasdenoticias.com.br\/#\/schema\/person\/a6190507efe29dea1049d60d05ed5c0a\"},\"breadcrumb\":{\"@id\":\"https:\/\/portalararasdenoticias.com.br\/?p=3858#breadcrumb\"},\"inLanguage\":\"pt-BR\",\"potentialAction\":[{\"@type\":\"ReadAction\",\"target\":[\"https:\/\/portalararasdenoticias.com.br\/?p=3858\"]}]},{\"@type\":\"ImageObject\",\"inLanguage\":\"pt-BR\",\"@id\":\"https:\/\/portalararasdenoticias.com.br\/?p=3858#primaryimage\",\"url\":\"https:\/\/portalararasdenoticias.com.br\/wp-content\/uploads\/2022\/03\/parintins-7.jpg\",\"contentUrl\":\"https:\/\/portalararasdenoticias.com.br\/wp-content\/uploads\/2022\/03\/parintins-7.jpg\",\"width\":775,\"height\":477},{\"@type\":\"BreadcrumbList\",\"@id\":\"https:\/\/portalararasdenoticias.com.br\/?p=3858#breadcrumb\",\"itemListElement\":[{\"@type\":\"ListItem\",\"position\":1,\"name\":\"In\u00edcio\",\"item\":\"https:\/\/portalararasdenoticias.com.br\/\"},{\"@type\":\"ListItem\",\"position\":2,\"name\":\"No AM, pre\u00e7os de passagens para Parintins frustram sonhos de quem deseja reviver maior festival folcl\u00f3rico do Brasil.\"}]},{\"@type\":\"WebSite\",\"@id\":\"https:\/\/portalararasdenoticias.com.br\/#website\",\"url\":\"https:\/\/portalararasdenoticias.com.br\/\",\"name\":\"Portal Araras de Not\u00edcias\",\"description\":\"O Seu Portal de Not\u00edcias\",\"potentialAction\":[{\"@type\":\"SearchAction\",\"target\":{\"@type\":\"EntryPoint\",\"urlTemplate\":\"https:\/\/portalararasdenoticias.com.br\/?s={search_term_string}\"},\"query-input\":{\"@type\":\"PropertyValueSpecification\",\"valueRequired\":true,\"valueName\":\"search_term_string\"}}],\"inLanguage\":\"pt-BR\"},{\"@type\":\"Person\",\"@id\":\"https:\/\/portalararasdenoticias.com.br\/#\/schema\/person\/a6190507efe29dea1049d60d05ed5c0a\",\"name\":\"Portal Araras de Noticias\",\"image\":{\"@type\":\"ImageObject\",\"inLanguage\":\"pt-BR\",\"@id\":\"https:\/\/portalararasdenoticias.com.br\/#\/schema\/person\/image\/\",\"url\":\"https:\/\/secure.gravatar.com\/avatar\/4df7c42bc08e78bc9b6e13086fafc161bdf01220657cd93de3d828ab6c60d469?s=96&d=mm&r=g\",\"contentUrl\":\"https:\/\/secure.gravatar.com\/avatar\/4df7c42bc08e78bc9b6e13086fafc161bdf01220657cd93de3d828ab6c60d469?s=96&d=mm&r=g\",\"caption\":\"Portal Araras de Noticias\"},\"sameAs\":[\"https:\/\/portalararasdenoticias.com.br\/\"],\"url\":\"https:\/\/portalararasdenoticias.com.br\/?author=5\"}]}<\/script>\n<!-- \/ Yoast SEO plugin. -->","yoast_head_json":{"title":"No AM, pre\u00e7os de passagens para Parintins frustram sonhos de quem deseja reviver maior festival folcl\u00f3rico do Brasil. - Portal Araras de Not\u00edcias","robots":{"index":"index","follow":"follow","max-snippet":"max-snippet:-1","max-image-preview":"max-image-preview:large","max-video-preview":"max-video-preview:-1"},"canonical":"https:\/\/portalararasdenoticias.com.br\/?p=3858","og_locale":"pt_BR","og_type":"article","og_title":"No AM, pre\u00e7os de passagens para Parintins frustram sonhos de quem deseja reviver maior festival folcl\u00f3rico do Brasil. - Portal Araras de Not\u00edcias","og_description":"MANAUS \u2013 O an\u00fancio das datas oficiais para o retorno do maior festival folcl\u00f3rico do Amazonas, o Festival Folcl\u00f3rico de Parintins, para os dias 24, 25 e 26 de junho deste ano, foi motivo de alegria para os f\u00e3s dos bois-bumb\u00e1s Garantido e Caprichoso. Os pre\u00e7os das passagens a\u00e9reas, para quem n\u00e3o mora na cidade, [&hellip;]","og_url":"https:\/\/portalararasdenoticias.com.br\/?p=3858","og_site_name":"Portal Araras de Not\u00edcias","article_published_time":"2022-03-21T02:14:30+00:00","article_modified_time":"2022-03-21T02:15:36+00:00","og_image":[{"width":775,"height":477,"url":"https:\/\/portalararasdenoticias.com.br\/wp-content\/uploads\/2022\/03\/parintins-7.jpg","type":"image\/jpeg"}],"author":"Portal Araras de Noticias","twitter_card":"summary_large_image","twitter_misc":{"Escrito por":"Portal Araras de Noticias","Est. tempo de leitura":"1 minuto"},"schema":{"@context":"https:\/\/schema.org","@graph":[{"@type":"Article","@id":"https:\/\/portalararasdenoticias.com.br\/?p=3858#article","isPartOf":{"@id":"https:\/\/portalararasdenoticias.com.br\/?p=3858"},"author":{"name":"Portal Araras de Noticias","@id":"https:\/\/portalararasdenoticias.com.br\/#\/schema\/person\/a6190507efe29dea1049d60d05ed5c0a"},"headline":"No AM, pre\u00e7os de passagens para Parintins frustram sonhos de quem deseja reviver maior festival folcl\u00f3rico do Brasil.","datePublished":"2022-03-21T02:14:30+00:00","dateModified":"2022-03-21T02:15:36+00:00","mainEntityOfPage":{"@id":"https:\/\/portalararasdenoticias.com.br\/?p=3858"},"wordCount":299,"commentCount":0,"image":{"@id":"https:\/\/portalararasdenoticias.com.br\/?p=3858#primaryimage"},"thumbnailUrl":"https:\/\/portalararasdenoticias.com.br\/wp-content\/uploads\/2022\/03\/parintins-7.jpg","articleSection":["jornalismo"],"inLanguage":"pt-BR","potentialAction":[{"@type":"CommentAction","name":"Comment","target":["https:\/\/portalararasdenoticias.com.br\/?p=3858#respond"]}]},{"@type":"WebPage","@id":"https:\/\/portalararasdenoticias.com.br\/?p=3858","url":"https:\/\/portalararasdenoticias.com.br\/?p=3858","name":"No AM, pre\u00e7os de passagens para Parintins frustram sonhos de quem deseja reviver maior festival folcl\u00f3rico do Brasil. - Portal Araras de Not\u00edcias","isPartOf":{"@id":"https:\/\/portalararasdenoticias.com.br\/#website"},"primaryImageOfPage":{"@id":"https:\/\/portalararasdenoticias.com.br\/?p=3858#primaryimage"},"image":{"@id":"https:\/\/portalararasdenoticias.com.br\/?p=3858#primaryimage"},"thumbnailUrl":"https:\/\/portalararasdenoticias.com.br\/wp-content\/uploads\/2022\/03\/parintins-7.jpg","datePublished":"2022-03-21T02:14:30+00:00","dateModified":"2022-03-21T02:15:36+00:00","author":{"@id":"https:\/\/portalararasdenoticias.com.br\/#\/schema\/person\/a6190507efe29dea1049d60d05ed5c0a"},"breadcrumb":{"@id":"https:\/\/portalararasdenoticias.com.br\/?p=3858#breadcrumb"},"inLanguage":"pt-BR","potentialAction":[{"@type":"ReadAction","target":["https:\/\/portalararasdenoticias.com.br\/?p=3858"]}]},{"@type":"ImageObject","inLanguage":"pt-BR","@id":"https:\/\/portalararasdenoticias.com.br\/?p=3858#primaryimage","url":"https:\/\/portalararasdenoticias.com.br\/wp-content\/uploads\/2022\/03\/parintins-7.jpg","contentUrl":"https:\/\/portalararasdenoticias.com.br\/wp-content\/uploads\/2022\/03\/parintins-7.jpg","width":775,"height":477},{"@type":"BreadcrumbList","@id":"https:\/\/portalararasdenoticias.com.br\/?p=3858#breadcrumb","itemListElement":[{"@type":"ListItem","position":1,"name":"In\u00edcio","item":"https:\/\/portalararasdenoticias.com.br\/"},{"@type":"ListItem","position":2,"name":"No AM, pre\u00e7os de passagens para Parintins frustram sonhos de quem deseja reviver maior festival folcl\u00f3rico do Brasil."}]},{"@type":"WebSite","@id":"https:\/\/portalararasdenoticias.com.br\/#website","url":"https:\/\/portalararasdenoticias.com.br\/","name":"Portal Araras de Not\u00edcias","description":"O Seu Portal de Not\u00edcias","potentialAction":[{"@type":"SearchAction","target":{"@type":"EntryPoint","urlTemplate":"https:\/\/portalararasdenoticias.com.br\/?s={search_term_string}"},"query-input":{"@type":"PropertyValueSpecification","valueRequired":true,"valueName":"search_term_string"}}],"inLanguage":"pt-BR"},{"@type":"Person","@id":"https:\/\/portalararasdenoticias.com.br\/#\/schema\/person\/a6190507efe29dea1049d60d05ed5c0a","name":"Portal Araras de Noticias","image":{"@type":"ImageObject","inLanguage":"pt-BR","@id":"https:\/\/portalararasdenoticias.com.br\/#\/schema\/person\/image\/","url":"https:\/\/secure.gravatar.com\/avatar\/4df7c42bc08e78bc9b6e13086fafc161bdf01220657cd93de3d828ab6c60d469?s=96&d=mm&r=g","contentUrl":"https:\/\/secure.gravatar.com\/avatar\/4df7c42bc08e78bc9b6e13086fafc161bdf01220657cd93de3d828ab6c60d469?s=96&d=mm&r=g","caption":"Portal Araras de Noticias"},"sameAs":["https:\/\/portalararasdenoticias.com.br\/"],"url":"https:\/\/portalararasdenoticias.com.br\/?author=5"}]}},"_links":{"self":[{"href":"https:\/\/portalararasdenoticias.com.br\/index.php?rest_route=\/wp\/v2\/posts\/3858","targetHints":{"allow":["GET"]}}],"collection":[{"href":"https:\/\/portalararasdenoticias.com.br\/index.php?rest_route=\/wp\/v2\/posts"}],"about":[{"href":"https:\/\/portalararasdenoticias.com.br\/index.php?rest_route=\/wp\/v2\/types\/post"}],"author":[{"embeddable":true,"href":"https:\/\/portalararasdenoticias.com.br\/index.php?rest_route=\/wp\/v2\/users\/5"}],"replies":[{"embeddable":true,"href":"https:\/\/portalararasdenoticias.com.br\/index.php?rest_route=%2Fwp%2Fv2%2Fcomments&post=3858"}],"version-history":[{"count":1,"href":"https:\/\/portalararasdenoticias.com.br\/index.php?rest_route=\/wp\/v2\/posts\/3858\/revisions"}],"predecessor-version":[{"id":3861,"href":"https:\/\/portalararasdenoticias.com.br\/index.php?rest_route=\/wp\/v2\/posts\/3858\/revisions\/3861"}],"wp:featuredmedia":[{"embeddable":true,"href":"https:\/\/portalararasdenoticias.com.br\/index.php?rest_route=\/wp\/v2\/media\/3859"}],"wp:attachment":[{"href":"https:\/\/portalararasdenoticias.com.br\/index.php?rest_route=%2Fwp%2Fv2%2Fmedia&parent=3858"}],"wp:term":[{"taxonomy":"category","embeddable":true,"href":"https:\/\/portalararasdenoticias.com.br\/index.php?rest_route=%2Fwp%2Fv2%2Fcategories&post=3858"},{"taxonomy":"post_tag","embeddable":true,"href":"https:\/\/portalararasdenoticias.com.br\/index.php?rest_route=%2Fwp%2Fv2%2Ftags&post=3858"}],"curies":[{"name":"wp","href":"https:\/\/api.w.org\/{rel}","templated":true}]}}