{"id":3887,"date":"2022-04-04T08:45:51","date_gmt":"2022-04-04T11:45:51","guid":{"rendered":"https:\/\/portalararasdenoticias.com.br\/?p=3887"},"modified":"2022-04-04T08:47:08","modified_gmt":"2022-04-04T11:47:08","slug":"confira-os-shows-que-ocorrem-em-rio-preto-da-eva-no-am-neste-fim-de-semana","status":"publish","type":"post","link":"https:\/\/portalararasdenoticias.com.br\/?p=3887","title":{"rendered":"Confira os shows que ocorrem em Rio Preto da Eva, no AM, neste fim de semana"},"content":{"rendered":"\n<p>Programa\u00e7\u00e3o integra Feiras de Piscicultura e Artesanato.<\/p>\n\n\n\n<p><\/p>\n\n\n\n<p>Confira os shows que ocorrem em Rio Preto da Eva, no AM, neste fim de semanaPrograma\u00e7\u00e3o integra Feiras de Piscicultura e Artesanato<\/p>\n\n\n\n<p>A Prefeitura de Rio Preto da Eva (distante 83 km de Manaus) divulgou a programa\u00e7\u00e3o completa de shows, que ocorrem entre esta quinta-feira (31\/3) e domingo (3\/4), no munic\u00edpio. L\u00e9o Magalh\u00e3es, Israel Novaes, Wesley Safad\u00e3o e JM Puxado ser\u00e3o as atra\u00e7\u00f5es nacionais.<\/p>\n\n\n\n<p>A programa\u00e7\u00e3o musical faz parte das Feiras de Piscicultura e Artesanato Ind\u00edgena e tamb\u00e9m da comemora\u00e7\u00e3o de anivers\u00e1rio de 40 anos da cidade amazonense. A entrada \u00e9 gratuita para todas as atra\u00e7\u00f5es.<\/p>\n\n\n\n<p>Shows<br>Nesta quinta-feira, data em que se comemora o 40\u00b0 anivers\u00e1rio de Rio Preto da Eva, a atra\u00e7\u00e3o principal \u00e9 o cantor L\u00e9o Magalh\u00e3es. O evento come\u00e7a \u00e0s 19h e segue at\u00e9 4h da manh\u00e3 do dia seguinte.<\/p>\n\n\n\n<p>Na data, tamb\u00e9m come\u00e7a a programa\u00e7\u00e3o das feiras.<\/p>\n\n\n\n<p>Na sexta-feira, Israel Novaes anima a noite da cidade. A programa\u00e7\u00e3o de shows ter\u00e1 in\u00edcio \u00e0s 20h e seguir\u00e1 at\u00e9 4h da manh\u00e3 do dia seguinte.<\/p>\n\n\n\n<p>No s\u00e1bado, o p\u00fablico vai poder curtir a festa ao ritmo de toada com Arlindo Neto e Banda. O evento ser\u00e1 das 20h at\u00e9 4h da manh\u00e3 do dia seguinte.<\/p>\n\n\n\n<p>No domingo, \u00faltimo dia das feiras de Piscicultura e Artesanato Ind\u00edgena, Rio Preto da Eva recebe os shows de Wesley Safad\u00e3o e JM Puxado. A programa\u00e7\u00e3o vai come\u00e7ar \u00e0s 9h e vai at\u00e9 21h.<\/p>\n\n\n\n<p>Todos os shows ser\u00e3o realizados no Bale\u00e1rio Municipal de Rio Preto da Eva, localizado na Avenida Governador Conrado Niemeyer, Rodovia AM-010, na margem direita, entre os quil\u00f4metros 78 e 79 da cidade.<\/p>\n\n\n\n<p>CONFIRA A PROGRAMA\u00c7\u00c3O DE SHOWS:<br>Quinta-feira \u2013 31 de mar\u00e7o de 2022<br>19h \u2013 DJ Cl\u00e1udio Roberto<\/p>\n\n\n\n<p>20h \u2013 Renata Bento, Renata Rodrigues e Samuel Valentim<\/p>\n\n\n\n<p>21h \u2013 DJ Layla Abreu<\/p>\n\n\n\n<p>23h \u2013 L\u00e9o Magalh\u00e3es e Banda (atra\u00e7\u00e3o nacional)<\/p>\n\n\n\n<p>1h \u2013 John Veiga e Banda<\/p>\n\n\n\n<p>2h45 \u2013 DJ NickSev7n<\/p>\n\n\n\n<p>4h \u2013 Encerramento<\/p>\n\n\n\n<p>Sexta-feira \u2013 1\u00b0 de abril de 2022<br>20h \u2013 DJ Cl\u00e1udio Roberto<\/p>\n\n\n\n<p>21h \u2013 Marcelo Leal, Pterson Lima e Maestro Renato CKTZ<\/p>\n\n\n\n<p>23h \u2013 Israel Novaes e Banda (atra\u00e7\u00e3o nacional)<\/p>\n\n\n\n<p>1h \u2013 Sebasti\u00e3o Jr e Banda<\/p>\n\n\n\n<p>2h30 \u2013 Douglas Santiago e Banda<\/p>\n\n\n\n<p>4h \u2013 Encerramento<\/p>\n\n\n\n<p>S\u00e1bado \u2013 2 de abril de 2022<br>20h \u2013 DJ Cl\u00e1udio Roberto<\/p>\n\n\n\n<p>21h \u2013 Toinho Monte, L\u00e9o Lima e Maestro Henrique<\/p>\n\n\n\n<p>23h \u2013 Arlindo Neto e Banda<\/p>\n\n\n\n<p>1h \u2013 Junior Garcia e Banda<\/p>\n\n\n\n<p>2h30 \u2013 Banda Tomi Xote<\/p>\n\n\n\n<p>4h \u2013 Encerramento<\/p>\n\n\n\n<p>Domingo \u2013 3 de abril de 2022<br>9h \u2013 DJ Cl\u00e1udio Roberto<\/p>\n\n\n\n<p>11h \u2013 DJ NickSev7n<\/p>\n\n\n\n<p>13h \u2013 George Japa e Banda<\/p>\n\n\n\n<p>15h \u2013 DJ Layla Abreu<\/p>\n\n\n\n<p>17h \u2013 Wesley Safad\u00e3o e Banda (atra\u00e7\u00e3o nacional)<\/p>\n\n\n\n<p>19h \u2013 JM Puxado (atra\u00e7\u00e3o nacional)<\/p>\n\n\n\n<p>21h \u2013 Marcos Arig\u00f3 e Banda<\/p>\n\n\n\n<p>SERVI\u00c7O<br>Eventos: Feiras de Piscicultura e Artesanato Ind\u00edgena e 40 anos de Rio Preto da Eva, Amazonas<br>Data: 31 de mar\u00e7o a 3 de abril de 2022 (quinta-feira at\u00e9 domingo)<br>Local: Bale\u00e1rio Municipal de Rio Preto da Eva<br>Entrada: gratuita<\/p>\n\n\n\n<p><\/p>\n","protected":false},"excerpt":{"rendered":"<p>Programa\u00e7\u00e3o integra Feiras de Piscicultura e Artesanato. Confira os shows que ocorrem em Rio Preto da Eva, no AM, neste fim de semanaPrograma\u00e7\u00e3o integra Feiras de Piscicultura e Artesanato A Prefeitura de Rio Preto da Eva (distante 83 km de Manaus) divulgou a programa\u00e7\u00e3o completa de shows, que ocorrem entre esta quinta-feira (31\/3) e domingo [&hellip;]<\/p>\n","protected":false},"author":5,"featured_media":3888,"comment_status":"open","ping_status":"open","sticky":false,"template":"","format":"standard","meta":{"footnotes":""},"categories":[34],"tags":[],"class_list":["post-3887","post","type-post","status-publish","format-standard","has-post-thumbnail","hentry","category-jornalismo"],"yoast_head":"<!-- This site is optimized with the Yoast SEO plugin v27.0 - https:\/\/yoast.com\/product\/yoast-seo-wordpress\/ -->\n<title>Confira os shows que ocorrem em Rio Preto da Eva, no AM, neste fim de semana - Portal Araras de Not\u00edcias<\/title>\n<meta name=\"robots\" content=\"index, follow, max-snippet:-1, max-image-preview:large, max-video-preview:-1\" \/>\n<link rel=\"canonical\" href=\"https:\/\/portalararasdenoticias.com.br\/?p=3887\" \/>\n<meta property=\"og:locale\" content=\"pt_BR\" \/>\n<meta property=\"og:type\" content=\"article\" \/>\n<meta property=\"og:title\" content=\"Confira os shows que ocorrem em Rio Preto da Eva, no AM, neste fim de semana - Portal Araras de Not\u00edcias\" \/>\n<meta property=\"og:description\" content=\"Programa\u00e7\u00e3o integra Feiras de Piscicultura e Artesanato. Confira os shows que ocorrem em Rio Preto da Eva, no AM, neste fim de semanaPrograma\u00e7\u00e3o integra Feiras de Piscicultura e Artesanato A Prefeitura de Rio Preto da Eva (distante 83 km de Manaus) divulgou a programa\u00e7\u00e3o completa de shows, que ocorrem entre esta quinta-feira (31\/3) e domingo [&hellip;]\" \/>\n<meta property=\"og:url\" content=\"https:\/\/portalararasdenoticias.com.br\/?p=3887\" \/>\n<meta property=\"og:site_name\" content=\"Portal Araras de Not\u00edcias\" \/>\n<meta property=\"article:published_time\" content=\"2022-04-04T11:45:51+00:00\" \/>\n<meta property=\"article:modified_time\" content=\"2022-04-04T11:47:08+00:00\" \/>\n<meta property=\"og:image\" content=\"https:\/\/portalararasdenoticias.com.br\/wp-content\/uploads\/2022\/04\/download.jpg\" \/>\n\t<meta property=\"og:image:width\" content=\"298\" \/>\n\t<meta property=\"og:image:height\" content=\"169\" \/>\n\t<meta property=\"og:image:type\" content=\"image\/jpeg\" \/>\n<meta name=\"author\" content=\"Portal Araras de Noticias\" \/>\n<meta name=\"twitter:card\" content=\"summary_large_image\" \/>\n<meta name=\"twitter:label1\" content=\"Escrito por\" \/>\n\t<meta name=\"twitter:data1\" content=\"Portal Araras de Noticias\" \/>\n\t<meta name=\"twitter:label2\" content=\"Est. tempo de leitura\" \/>\n\t<meta name=\"twitter:data2\" content=\"2 minutos\" \/>\n<script type=\"application\/ld+json\" class=\"yoast-schema-graph\">{\"@context\":\"https:\/\/schema.org\",\"@graph\":[{\"@type\":\"Article\",\"@id\":\"https:\/\/portalararasdenoticias.com.br\/?p=3887#article\",\"isPartOf\":{\"@id\":\"https:\/\/portalararasdenoticias.com.br\/?p=3887\"},\"author\":{\"name\":\"Portal Araras de Noticias\",\"@id\":\"https:\/\/portalararasdenoticias.com.br\/#\/schema\/person\/a6190507efe29dea1049d60d05ed5c0a\"},\"headline\":\"Confira os shows que ocorrem em Rio Preto da Eva, no AM, neste fim de semana\",\"datePublished\":\"2022-04-04T11:45:51+00:00\",\"dateModified\":\"2022-04-04T11:47:08+00:00\",\"mainEntityOfPage\":{\"@id\":\"https:\/\/portalararasdenoticias.com.br\/?p=3887\"},\"wordCount\":513,\"commentCount\":0,\"image\":{\"@id\":\"https:\/\/portalararasdenoticias.com.br\/?p=3887#primaryimage\"},\"thumbnailUrl\":\"https:\/\/portalararasdenoticias.com.br\/wp-content\/uploads\/2022\/04\/download.jpg\",\"articleSection\":[\"jornalismo\"],\"inLanguage\":\"pt-BR\",\"potentialAction\":[{\"@type\":\"CommentAction\",\"name\":\"Comment\",\"target\":[\"https:\/\/portalararasdenoticias.com.br\/?p=3887#respond\"]}]},{\"@type\":\"WebPage\",\"@id\":\"https:\/\/portalararasdenoticias.com.br\/?p=3887\",\"url\":\"https:\/\/portalararasdenoticias.com.br\/?p=3887\",\"name\":\"Confira os shows que ocorrem em Rio Preto da Eva, no AM, neste fim de semana - Portal Araras de Not\u00edcias\",\"isPartOf\":{\"@id\":\"https:\/\/portalararasdenoticias.com.br\/#website\"},\"primaryImageOfPage\":{\"@id\":\"https:\/\/portalararasdenoticias.com.br\/?p=3887#primaryimage\"},\"image\":{\"@id\":\"https:\/\/portalararasdenoticias.com.br\/?p=3887#primaryimage\"},\"thumbnailUrl\":\"https:\/\/portalararasdenoticias.com.br\/wp-content\/uploads\/2022\/04\/download.jpg\",\"datePublished\":\"2022-04-04T11:45:51+00:00\",\"dateModified\":\"2022-04-04T11:47:08+00:00\",\"author\":{\"@id\":\"https:\/\/portalararasdenoticias.com.br\/#\/schema\/person\/a6190507efe29dea1049d60d05ed5c0a\"},\"breadcrumb\":{\"@id\":\"https:\/\/portalararasdenoticias.com.br\/?p=3887#breadcrumb\"},\"inLanguage\":\"pt-BR\",\"potentialAction\":[{\"@type\":\"ReadAction\",\"target\":[\"https:\/\/portalararasdenoticias.com.br\/?p=3887\"]}]},{\"@type\":\"ImageObject\",\"inLanguage\":\"pt-BR\",\"@id\":\"https:\/\/portalararasdenoticias.com.br\/?p=3887#primaryimage\",\"url\":\"https:\/\/portalararasdenoticias.com.br\/wp-content\/uploads\/2022\/04\/download.jpg\",\"contentUrl\":\"https:\/\/portalararasdenoticias.com.br\/wp-content\/uploads\/2022\/04\/download.jpg\",\"width\":298,\"height\":169},{\"@type\":\"BreadcrumbList\",\"@id\":\"https:\/\/portalararasdenoticias.com.br\/?p=3887#breadcrumb\",\"itemListElement\":[{\"@type\":\"ListItem\",\"position\":1,\"name\":\"In\u00edcio\",\"item\":\"https:\/\/portalararasdenoticias.com.br\/\"},{\"@type\":\"ListItem\",\"position\":2,\"name\":\"Confira os shows que ocorrem em Rio Preto da Eva, no AM, neste fim de semana\"}]},{\"@type\":\"WebSite\",\"@id\":\"https:\/\/portalararasdenoticias.com.br\/#website\",\"url\":\"https:\/\/portalararasdenoticias.com.br\/\",\"name\":\"Portal Araras de Not\u00edcias\",\"description\":\"O Seu Portal de Not\u00edcias\",\"potentialAction\":[{\"@type\":\"SearchAction\",\"target\":{\"@type\":\"EntryPoint\",\"urlTemplate\":\"https:\/\/portalararasdenoticias.com.br\/?s={search_term_string}\"},\"query-input\":{\"@type\":\"PropertyValueSpecification\",\"valueRequired\":true,\"valueName\":\"search_term_string\"}}],\"inLanguage\":\"pt-BR\"},{\"@type\":\"Person\",\"@id\":\"https:\/\/portalararasdenoticias.com.br\/#\/schema\/person\/a6190507efe29dea1049d60d05ed5c0a\",\"name\":\"Portal Araras de Noticias\",\"image\":{\"@type\":\"ImageObject\",\"inLanguage\":\"pt-BR\",\"@id\":\"https:\/\/portalararasdenoticias.com.br\/#\/schema\/person\/image\/\",\"url\":\"https:\/\/secure.gravatar.com\/avatar\/4df7c42bc08e78bc9b6e13086fafc161bdf01220657cd93de3d828ab6c60d469?s=96&d=mm&r=g\",\"contentUrl\":\"https:\/\/secure.gravatar.com\/avatar\/4df7c42bc08e78bc9b6e13086fafc161bdf01220657cd93de3d828ab6c60d469?s=96&d=mm&r=g\",\"caption\":\"Portal Araras de Noticias\"},\"sameAs\":[\"https:\/\/portalararasdenoticias.com.br\/\"],\"url\":\"https:\/\/portalararasdenoticias.com.br\/?author=5\"}]}<\/script>\n<!-- \/ Yoast SEO plugin. -->","yoast_head_json":{"title":"Confira os shows que ocorrem em Rio Preto da Eva, no AM, neste fim de semana - Portal Araras de Not\u00edcias","robots":{"index":"index","follow":"follow","max-snippet":"max-snippet:-1","max-image-preview":"max-image-preview:large","max-video-preview":"max-video-preview:-1"},"canonical":"https:\/\/portalararasdenoticias.com.br\/?p=3887","og_locale":"pt_BR","og_type":"article","og_title":"Confira os shows que ocorrem em Rio Preto da Eva, no AM, neste fim de semana - Portal Araras de Not\u00edcias","og_description":"Programa\u00e7\u00e3o integra Feiras de Piscicultura e Artesanato. Confira os shows que ocorrem em Rio Preto da Eva, no AM, neste fim de semanaPrograma\u00e7\u00e3o integra Feiras de Piscicultura e Artesanato A Prefeitura de Rio Preto da Eva (distante 83 km de Manaus) divulgou a programa\u00e7\u00e3o completa de shows, que ocorrem entre esta quinta-feira (31\/3) e domingo [&hellip;]","og_url":"https:\/\/portalararasdenoticias.com.br\/?p=3887","og_site_name":"Portal Araras de Not\u00edcias","article_published_time":"2022-04-04T11:45:51+00:00","article_modified_time":"2022-04-04T11:47:08+00:00","og_image":[{"width":298,"height":169,"url":"https:\/\/portalararasdenoticias.com.br\/wp-content\/uploads\/2022\/04\/download.jpg","type":"image\/jpeg"}],"author":"Portal Araras de Noticias","twitter_card":"summary_large_image","twitter_misc":{"Escrito por":"Portal Araras de Noticias","Est. tempo de leitura":"2 minutos"},"schema":{"@context":"https:\/\/schema.org","@graph":[{"@type":"Article","@id":"https:\/\/portalararasdenoticias.com.br\/?p=3887#article","isPartOf":{"@id":"https:\/\/portalararasdenoticias.com.br\/?p=3887"},"author":{"name":"Portal Araras de Noticias","@id":"https:\/\/portalararasdenoticias.com.br\/#\/schema\/person\/a6190507efe29dea1049d60d05ed5c0a"},"headline":"Confira os shows que ocorrem em Rio Preto da Eva, no AM, neste fim de semana","datePublished":"2022-04-04T11:45:51+00:00","dateModified":"2022-04-04T11:47:08+00:00","mainEntityOfPage":{"@id":"https:\/\/portalararasdenoticias.com.br\/?p=3887"},"wordCount":513,"commentCount":0,"image":{"@id":"https:\/\/portalararasdenoticias.com.br\/?p=3887#primaryimage"},"thumbnailUrl":"https:\/\/portalararasdenoticias.com.br\/wp-content\/uploads\/2022\/04\/download.jpg","articleSection":["jornalismo"],"inLanguage":"pt-BR","potentialAction":[{"@type":"CommentAction","name":"Comment","target":["https:\/\/portalararasdenoticias.com.br\/?p=3887#respond"]}]},{"@type":"WebPage","@id":"https:\/\/portalararasdenoticias.com.br\/?p=3887","url":"https:\/\/portalararasdenoticias.com.br\/?p=3887","name":"Confira os shows que ocorrem em Rio Preto da Eva, no AM, neste fim de semana - Portal Araras de Not\u00edcias","isPartOf":{"@id":"https:\/\/portalararasdenoticias.com.br\/#website"},"primaryImageOfPage":{"@id":"https:\/\/portalararasdenoticias.com.br\/?p=3887#primaryimage"},"image":{"@id":"https:\/\/portalararasdenoticias.com.br\/?p=3887#primaryimage"},"thumbnailUrl":"https:\/\/portalararasdenoticias.com.br\/wp-content\/uploads\/2022\/04\/download.jpg","datePublished":"2022-04-04T11:45:51+00:00","dateModified":"2022-04-04T11:47:08+00:00","author":{"@id":"https:\/\/portalararasdenoticias.com.br\/#\/schema\/person\/a6190507efe29dea1049d60d05ed5c0a"},"breadcrumb":{"@id":"https:\/\/portalararasdenoticias.com.br\/?p=3887#breadcrumb"},"inLanguage":"pt-BR","potentialAction":[{"@type":"ReadAction","target":["https:\/\/portalararasdenoticias.com.br\/?p=3887"]}]},{"@type":"ImageObject","inLanguage":"pt-BR","@id":"https:\/\/portalararasdenoticias.com.br\/?p=3887#primaryimage","url":"https:\/\/portalararasdenoticias.com.br\/wp-content\/uploads\/2022\/04\/download.jpg","contentUrl":"https:\/\/portalararasdenoticias.com.br\/wp-content\/uploads\/2022\/04\/download.jpg","width":298,"height":169},{"@type":"BreadcrumbList","@id":"https:\/\/portalararasdenoticias.com.br\/?p=3887#breadcrumb","itemListElement":[{"@type":"ListItem","position":1,"name":"In\u00edcio","item":"https:\/\/portalararasdenoticias.com.br\/"},{"@type":"ListItem","position":2,"name":"Confira os shows que ocorrem em Rio Preto da Eva, no AM, neste fim de semana"}]},{"@type":"WebSite","@id":"https:\/\/portalararasdenoticias.com.br\/#website","url":"https:\/\/portalararasdenoticias.com.br\/","name":"Portal Araras de Not\u00edcias","description":"O Seu Portal de Not\u00edcias","potentialAction":[{"@type":"SearchAction","target":{"@type":"EntryPoint","urlTemplate":"https:\/\/portalararasdenoticias.com.br\/?s={search_term_string}"},"query-input":{"@type":"PropertyValueSpecification","valueRequired":true,"valueName":"search_term_string"}}],"inLanguage":"pt-BR"},{"@type":"Person","@id":"https:\/\/portalararasdenoticias.com.br\/#\/schema\/person\/a6190507efe29dea1049d60d05ed5c0a","name":"Portal Araras de Noticias","image":{"@type":"ImageObject","inLanguage":"pt-BR","@id":"https:\/\/portalararasdenoticias.com.br\/#\/schema\/person\/image\/","url":"https:\/\/secure.gravatar.com\/avatar\/4df7c42bc08e78bc9b6e13086fafc161bdf01220657cd93de3d828ab6c60d469?s=96&d=mm&r=g","contentUrl":"https:\/\/secure.gravatar.com\/avatar\/4df7c42bc08e78bc9b6e13086fafc161bdf01220657cd93de3d828ab6c60d469?s=96&d=mm&r=g","caption":"Portal Araras de Noticias"},"sameAs":["https:\/\/portalararasdenoticias.com.br\/"],"url":"https:\/\/portalararasdenoticias.com.br\/?author=5"}]}},"_links":{"self":[{"href":"https:\/\/portalararasdenoticias.com.br\/index.php?rest_route=\/wp\/v2\/posts\/3887","targetHints":{"allow":["GET"]}}],"collection":[{"href":"https:\/\/portalararasdenoticias.com.br\/index.php?rest_route=\/wp\/v2\/posts"}],"about":[{"href":"https:\/\/portalararasdenoticias.com.br\/index.php?rest_route=\/wp\/v2\/types\/post"}],"author":[{"embeddable":true,"href":"https:\/\/portalararasdenoticias.com.br\/index.php?rest_route=\/wp\/v2\/users\/5"}],"replies":[{"embeddable":true,"href":"https:\/\/portalararasdenoticias.com.br\/index.php?rest_route=%2Fwp%2Fv2%2Fcomments&post=3887"}],"version-history":[{"count":1,"href":"https:\/\/portalararasdenoticias.com.br\/index.php?rest_route=\/wp\/v2\/posts\/3887\/revisions"}],"predecessor-version":[{"id":3889,"href":"https:\/\/portalararasdenoticias.com.br\/index.php?rest_route=\/wp\/v2\/posts\/3887\/revisions\/3889"}],"wp:featuredmedia":[{"embeddable":true,"href":"https:\/\/portalararasdenoticias.com.br\/index.php?rest_route=\/wp\/v2\/media\/3888"}],"wp:attachment":[{"href":"https:\/\/portalararasdenoticias.com.br\/index.php?rest_route=%2Fwp%2Fv2%2Fmedia&parent=3887"}],"wp:term":[{"taxonomy":"category","embeddable":true,"href":"https:\/\/portalararasdenoticias.com.br\/index.php?rest_route=%2Fwp%2Fv2%2Fcategories&post=3887"},{"taxonomy":"post_tag","embeddable":true,"href":"https:\/\/portalararasdenoticias.com.br\/index.php?rest_route=%2Fwp%2Fv2%2Ftags&post=3887"}],"curies":[{"name":"wp","href":"https:\/\/api.w.org\/{rel}","templated":true}]}}