{"id":4117,"date":"2023-01-09T00:06:05","date_gmt":"2023-01-09T03:06:05","guid":{"rendered":"https:\/\/portalararasdenoticias.com.br\/?p=4117"},"modified":"2023-01-09T00:07:11","modified_gmt":"2023-01-09T03:07:11","slug":"lula-decreta-intervencao-federal-em-brasilia-depois-de-falha-de-seguranca","status":"publish","type":"post","link":"https:\/\/portalararasdenoticias.com.br\/?p=4117","title":{"rendered":"Lula decreta interven\u00e7\u00e3o federal em Bras\u00edlia depois de falha de seguran\u00e7a."},"content":{"rendered":"\n<p>O presidente Luiz In\u00e1cio Lula da Silva (PT) anunciou neste domingo (8.jan.2022) interven\u00e7\u00e3o federal na seguran\u00e7a p\u00fablica de Bras\u00edlia depois de manifestantes contr\u00e1rios ao resultado da elei\u00e7\u00e3o de 2022 invadirem e depredarem os pr\u00e9dios do Pal\u00e1cio do Planalto, o Supremo Tribunal Federal e do Congresso. Lula nomeou como interventor Ricardo Garcia Cappelli, secret\u00e1rio-executivo do Minist\u00e9rio da Justi\u00e7a. A interven\u00e7\u00e3o vale at\u00e9 31 de janeiro deste ano. Leia a \u00edntegra do decreto (889 KB)&#8230;.<\/p>\n\n\n\n<p>Leia mais no texto original: (https:\/\/www.poder360.com.br\/governo\/lula-decreta-intervencao-federal-em-brasilia-depois-de-falha-de-seguranca\/)<br>\u00a9 2023 Todos os direitos s\u00e3o reservados ao Poder360, conforme a Lei n\u00ba 9.610\/98. A publica\u00e7\u00e3o, redistribui\u00e7\u00e3o, transmiss\u00e3o e reescrita sem autoriza\u00e7\u00e3o pr\u00e9via s\u00e3o proibidas.<\/p>\n\n\n\n<p>O grupo respons\u00e1vel pelas invas\u00f5es e depreda\u00e7\u00f5es \u00e9 o mesmo que faz manifesta\u00e7\u00f5es em quart\u00e9is desde o fim da elei\u00e7\u00e3o de 2022. Eles receberam refor\u00e7o de ao menos 80 \u00f4nibus que chegaram a Bras\u00edlia no s\u00e1bado (7.jan). Os manifestantes n\u00e3o se conformaram com a vit\u00f3ria de Lula sobre o agora ex-presidente Jair Bolsonaro (PL). Em Bras\u00edlia, estavam acampados em frente do quartel-general do Ex\u00e9rcito. O presidente da Rep\u00fablica responsabilizou Bolsonaro e seus aliados pelos atos: \u201cTodo mundo sabe que tem v\u00e1rios discursos do ex-presidente da Rep\u00fablica estimulando isso. Ele estimulou invas\u00e3o da Suprema Co&#8230;<\/p>\n\n\n\n<p>invas\u00e3o da Suprema Corte, estimulou invas\u00e3o. S\u00f3 n\u00e3o estimulou invas\u00e3o no Pal\u00e1cio porque ele estava l\u00e1 dentro. Mas ele estimulou invas\u00e3o nos 3 Poderes sempre que ele pode. Isso tamb\u00e9m \u00e9 da responsabilidade dele. \u00c9 da responsabilidade do partidos que sustentam ele e tudo isso vai ser apurado com muita for\u00e7a e com muita rapidez\u201d, declarou ele&#8230;.<\/p>\n\n\n\n<figure class=\"wp-block-image size-full\"><img loading=\"lazy\" decoding=\"async\" width=\"848\" height=\"477\" src=\"https:\/\/portalararasdenoticias.com.br\/wp-content\/uploads\/2023\/01\/Lula-assina-intervencao-federal-4-848x477-1.webp\" alt=\"\" class=\"wp-image-4118\" srcset=\"https:\/\/portalararasdenoticias.com.br\/wp-content\/uploads\/2023\/01\/Lula-assina-intervencao-federal-4-848x477-1.webp 848w, https:\/\/portalararasdenoticias.com.br\/wp-content\/uploads\/2023\/01\/Lula-assina-intervencao-federal-4-848x477-1-300x169.webp 300w, https:\/\/portalararasdenoticias.com.br\/wp-content\/uploads\/2023\/01\/Lula-assina-intervencao-federal-4-848x477-1-768x432.webp 768w\" sizes=\"auto, (max-width: 848px) 100vw, 848px\" \/><\/figure>\n","protected":false},"excerpt":{"rendered":"<p>O presidente Luiz In\u00e1cio Lula da Silva (PT) anunciou neste domingo (8.jan.2022) interven\u00e7\u00e3o federal na seguran\u00e7a p\u00fablica de Bras\u00edlia depois de manifestantes contr\u00e1rios ao resultado da elei\u00e7\u00e3o de 2022 invadirem e depredarem os pr\u00e9dios do Pal\u00e1cio do Planalto, o Supremo Tribunal Federal e do Congresso. Lula nomeou como interventor Ricardo Garcia Cappelli, secret\u00e1rio-executivo do Minist\u00e9rio [&hellip;]<\/p>\n","protected":false},"author":5,"featured_media":4119,"comment_status":"open","ping_status":"open","sticky":true,"template":"","format":"standard","meta":{"footnotes":""},"categories":[34],"tags":[],"class_list":["post-4117","post","type-post","status-publish","format-standard","has-post-thumbnail","hentry","category-jornalismo"],"yoast_head":"<!-- This site is optimized with the Yoast SEO plugin v27.0 - https:\/\/yoast.com\/product\/yoast-seo-wordpress\/ -->\n<title>Lula decreta interven\u00e7\u00e3o federal em Bras\u00edlia depois de falha de seguran\u00e7a. - Portal Araras de Not\u00edcias<\/title>\n<meta name=\"robots\" content=\"index, follow, max-snippet:-1, max-image-preview:large, max-video-preview:-1\" \/>\n<link rel=\"canonical\" href=\"https:\/\/portalararasdenoticias.com.br\/?p=4117\" \/>\n<meta property=\"og:locale\" content=\"pt_BR\" \/>\n<meta property=\"og:type\" content=\"article\" \/>\n<meta property=\"og:title\" content=\"Lula decreta interven\u00e7\u00e3o federal em Bras\u00edlia depois de falha de seguran\u00e7a. - Portal Araras de Not\u00edcias\" \/>\n<meta property=\"og:description\" content=\"O presidente Luiz In\u00e1cio Lula da Silva (PT) anunciou neste domingo (8.jan.2022) interven\u00e7\u00e3o federal na seguran\u00e7a p\u00fablica de Bras\u00edlia depois de manifestantes contr\u00e1rios ao resultado da elei\u00e7\u00e3o de 2022 invadirem e depredarem os pr\u00e9dios do Pal\u00e1cio do Planalto, o Supremo Tribunal Federal e do Congresso. Lula nomeou como interventor Ricardo Garcia Cappelli, secret\u00e1rio-executivo do Minist\u00e9rio [&hellip;]\" \/>\n<meta property=\"og:url\" content=\"https:\/\/portalararasdenoticias.com.br\/?p=4117\" \/>\n<meta property=\"og:site_name\" content=\"Portal Araras de Not\u00edcias\" \/>\n<meta property=\"article:published_time\" content=\"2023-01-09T03:06:05+00:00\" \/>\n<meta property=\"article:modified_time\" content=\"2023-01-09T03:07:11+00:00\" \/>\n<meta property=\"og:image\" content=\"https:\/\/portalararasdenoticias.com.br\/wp-content\/uploads\/2023\/01\/Lula-assina-intervencao-federal-4-848x477-2.webp\" \/>\n\t<meta property=\"og:image:width\" content=\"848\" \/>\n\t<meta property=\"og:image:height\" content=\"477\" \/>\n\t<meta property=\"og:image:type\" content=\"image\/webp\" \/>\n<meta name=\"author\" content=\"Portal Araras de Noticias\" \/>\n<meta name=\"twitter:card\" content=\"summary_large_image\" \/>\n<meta name=\"twitter:label1\" content=\"Escrito por\" \/>\n\t<meta name=\"twitter:data1\" content=\"Portal Araras de Noticias\" \/>\n\t<meta name=\"twitter:label2\" content=\"Est. tempo de leitura\" \/>\n\t<meta name=\"twitter:data2\" content=\"1 minuto\" \/>\n<script type=\"application\/ld+json\" class=\"yoast-schema-graph\">{\"@context\":\"https:\/\/schema.org\",\"@graph\":[{\"@type\":\"Article\",\"@id\":\"https:\/\/portalararasdenoticias.com.br\/?p=4117#article\",\"isPartOf\":{\"@id\":\"https:\/\/portalararasdenoticias.com.br\/?p=4117\"},\"author\":{\"name\":\"Portal Araras de Noticias\",\"@id\":\"https:\/\/portalararasdenoticias.com.br\/#\/schema\/person\/a6190507efe29dea1049d60d05ed5c0a\"},\"headline\":\"Lula decreta interven\u00e7\u00e3o federal em Bras\u00edlia depois de falha de seguran\u00e7a.\",\"datePublished\":\"2023-01-09T03:06:05+00:00\",\"dateModified\":\"2023-01-09T03:07:11+00:00\",\"mainEntityOfPage\":{\"@id\":\"https:\/\/portalararasdenoticias.com.br\/?p=4117\"},\"wordCount\":308,\"commentCount\":0,\"image\":{\"@id\":\"https:\/\/portalararasdenoticias.com.br\/?p=4117#primaryimage\"},\"thumbnailUrl\":\"https:\/\/portalararasdenoticias.com.br\/wp-content\/uploads\/2023\/01\/Lula-assina-intervencao-federal-4-848x477-2.webp\",\"articleSection\":[\"jornalismo\"],\"inLanguage\":\"pt-BR\",\"potentialAction\":[{\"@type\":\"CommentAction\",\"name\":\"Comment\",\"target\":[\"https:\/\/portalararasdenoticias.com.br\/?p=4117#respond\"]}]},{\"@type\":\"WebPage\",\"@id\":\"https:\/\/portalararasdenoticias.com.br\/?p=4117\",\"url\":\"https:\/\/portalararasdenoticias.com.br\/?p=4117\",\"name\":\"Lula decreta interven\u00e7\u00e3o federal em Bras\u00edlia depois de falha de seguran\u00e7a. - Portal Araras de Not\u00edcias\",\"isPartOf\":{\"@id\":\"https:\/\/portalararasdenoticias.com.br\/#website\"},\"primaryImageOfPage\":{\"@id\":\"https:\/\/portalararasdenoticias.com.br\/?p=4117#primaryimage\"},\"image\":{\"@id\":\"https:\/\/portalararasdenoticias.com.br\/?p=4117#primaryimage\"},\"thumbnailUrl\":\"https:\/\/portalararasdenoticias.com.br\/wp-content\/uploads\/2023\/01\/Lula-assina-intervencao-federal-4-848x477-2.webp\",\"datePublished\":\"2023-01-09T03:06:05+00:00\",\"dateModified\":\"2023-01-09T03:07:11+00:00\",\"author\":{\"@id\":\"https:\/\/portalararasdenoticias.com.br\/#\/schema\/person\/a6190507efe29dea1049d60d05ed5c0a\"},\"breadcrumb\":{\"@id\":\"https:\/\/portalararasdenoticias.com.br\/?p=4117#breadcrumb\"},\"inLanguage\":\"pt-BR\",\"potentialAction\":[{\"@type\":\"ReadAction\",\"target\":[\"https:\/\/portalararasdenoticias.com.br\/?p=4117\"]}]},{\"@type\":\"ImageObject\",\"inLanguage\":\"pt-BR\",\"@id\":\"https:\/\/portalararasdenoticias.com.br\/?p=4117#primaryimage\",\"url\":\"https:\/\/portalararasdenoticias.com.br\/wp-content\/uploads\/2023\/01\/Lula-assina-intervencao-federal-4-848x477-2.webp\",\"contentUrl\":\"https:\/\/portalararasdenoticias.com.br\/wp-content\/uploads\/2023\/01\/Lula-assina-intervencao-federal-4-848x477-2.webp\",\"width\":848,\"height\":477},{\"@type\":\"BreadcrumbList\",\"@id\":\"https:\/\/portalararasdenoticias.com.br\/?p=4117#breadcrumb\",\"itemListElement\":[{\"@type\":\"ListItem\",\"position\":1,\"name\":\"In\u00edcio\",\"item\":\"https:\/\/portalararasdenoticias.com.br\/\"},{\"@type\":\"ListItem\",\"position\":2,\"name\":\"Lula decreta interven\u00e7\u00e3o federal em Bras\u00edlia depois de falha de seguran\u00e7a.\"}]},{\"@type\":\"WebSite\",\"@id\":\"https:\/\/portalararasdenoticias.com.br\/#website\",\"url\":\"https:\/\/portalararasdenoticias.com.br\/\",\"name\":\"Portal Araras de Not\u00edcias\",\"description\":\"O Seu Portal de Not\u00edcias\",\"potentialAction\":[{\"@type\":\"SearchAction\",\"target\":{\"@type\":\"EntryPoint\",\"urlTemplate\":\"https:\/\/portalararasdenoticias.com.br\/?s={search_term_string}\"},\"query-input\":{\"@type\":\"PropertyValueSpecification\",\"valueRequired\":true,\"valueName\":\"search_term_string\"}}],\"inLanguage\":\"pt-BR\"},{\"@type\":\"Person\",\"@id\":\"https:\/\/portalararasdenoticias.com.br\/#\/schema\/person\/a6190507efe29dea1049d60d05ed5c0a\",\"name\":\"Portal Araras de Noticias\",\"image\":{\"@type\":\"ImageObject\",\"inLanguage\":\"pt-BR\",\"@id\":\"https:\/\/portalararasdenoticias.com.br\/#\/schema\/person\/image\/\",\"url\":\"https:\/\/secure.gravatar.com\/avatar\/4df7c42bc08e78bc9b6e13086fafc161bdf01220657cd93de3d828ab6c60d469?s=96&d=mm&r=g\",\"contentUrl\":\"https:\/\/secure.gravatar.com\/avatar\/4df7c42bc08e78bc9b6e13086fafc161bdf01220657cd93de3d828ab6c60d469?s=96&d=mm&r=g\",\"caption\":\"Portal Araras de Noticias\"},\"sameAs\":[\"https:\/\/portalararasdenoticias.com.br\/\"],\"url\":\"https:\/\/portalararasdenoticias.com.br\/?author=5\"}]}<\/script>\n<!-- \/ Yoast SEO plugin. -->","yoast_head_json":{"title":"Lula decreta interven\u00e7\u00e3o federal em Bras\u00edlia depois de falha de seguran\u00e7a. - Portal Araras de Not\u00edcias","robots":{"index":"index","follow":"follow","max-snippet":"max-snippet:-1","max-image-preview":"max-image-preview:large","max-video-preview":"max-video-preview:-1"},"canonical":"https:\/\/portalararasdenoticias.com.br\/?p=4117","og_locale":"pt_BR","og_type":"article","og_title":"Lula decreta interven\u00e7\u00e3o federal em Bras\u00edlia depois de falha de seguran\u00e7a. - Portal Araras de Not\u00edcias","og_description":"O presidente Luiz In\u00e1cio Lula da Silva (PT) anunciou neste domingo (8.jan.2022) interven\u00e7\u00e3o federal na seguran\u00e7a p\u00fablica de Bras\u00edlia depois de manifestantes contr\u00e1rios ao resultado da elei\u00e7\u00e3o de 2022 invadirem e depredarem os pr\u00e9dios do Pal\u00e1cio do Planalto, o Supremo Tribunal Federal e do Congresso. Lula nomeou como interventor Ricardo Garcia Cappelli, secret\u00e1rio-executivo do Minist\u00e9rio [&hellip;]","og_url":"https:\/\/portalararasdenoticias.com.br\/?p=4117","og_site_name":"Portal Araras de Not\u00edcias","article_published_time":"2023-01-09T03:06:05+00:00","article_modified_time":"2023-01-09T03:07:11+00:00","og_image":[{"width":848,"height":477,"url":"https:\/\/portalararasdenoticias.com.br\/wp-content\/uploads\/2023\/01\/Lula-assina-intervencao-federal-4-848x477-2.webp","type":"image\/webp"}],"author":"Portal Araras de Noticias","twitter_card":"summary_large_image","twitter_misc":{"Escrito por":"Portal Araras de Noticias","Est. tempo de leitura":"1 minuto"},"schema":{"@context":"https:\/\/schema.org","@graph":[{"@type":"Article","@id":"https:\/\/portalararasdenoticias.com.br\/?p=4117#article","isPartOf":{"@id":"https:\/\/portalararasdenoticias.com.br\/?p=4117"},"author":{"name":"Portal Araras de Noticias","@id":"https:\/\/portalararasdenoticias.com.br\/#\/schema\/person\/a6190507efe29dea1049d60d05ed5c0a"},"headline":"Lula decreta interven\u00e7\u00e3o federal em Bras\u00edlia depois de falha de seguran\u00e7a.","datePublished":"2023-01-09T03:06:05+00:00","dateModified":"2023-01-09T03:07:11+00:00","mainEntityOfPage":{"@id":"https:\/\/portalararasdenoticias.com.br\/?p=4117"},"wordCount":308,"commentCount":0,"image":{"@id":"https:\/\/portalararasdenoticias.com.br\/?p=4117#primaryimage"},"thumbnailUrl":"https:\/\/portalararasdenoticias.com.br\/wp-content\/uploads\/2023\/01\/Lula-assina-intervencao-federal-4-848x477-2.webp","articleSection":["jornalismo"],"inLanguage":"pt-BR","potentialAction":[{"@type":"CommentAction","name":"Comment","target":["https:\/\/portalararasdenoticias.com.br\/?p=4117#respond"]}]},{"@type":"WebPage","@id":"https:\/\/portalararasdenoticias.com.br\/?p=4117","url":"https:\/\/portalararasdenoticias.com.br\/?p=4117","name":"Lula decreta interven\u00e7\u00e3o federal em Bras\u00edlia depois de falha de seguran\u00e7a. - Portal Araras de Not\u00edcias","isPartOf":{"@id":"https:\/\/portalararasdenoticias.com.br\/#website"},"primaryImageOfPage":{"@id":"https:\/\/portalararasdenoticias.com.br\/?p=4117#primaryimage"},"image":{"@id":"https:\/\/portalararasdenoticias.com.br\/?p=4117#primaryimage"},"thumbnailUrl":"https:\/\/portalararasdenoticias.com.br\/wp-content\/uploads\/2023\/01\/Lula-assina-intervencao-federal-4-848x477-2.webp","datePublished":"2023-01-09T03:06:05+00:00","dateModified":"2023-01-09T03:07:11+00:00","author":{"@id":"https:\/\/portalararasdenoticias.com.br\/#\/schema\/person\/a6190507efe29dea1049d60d05ed5c0a"},"breadcrumb":{"@id":"https:\/\/portalararasdenoticias.com.br\/?p=4117#breadcrumb"},"inLanguage":"pt-BR","potentialAction":[{"@type":"ReadAction","target":["https:\/\/portalararasdenoticias.com.br\/?p=4117"]}]},{"@type":"ImageObject","inLanguage":"pt-BR","@id":"https:\/\/portalararasdenoticias.com.br\/?p=4117#primaryimage","url":"https:\/\/portalararasdenoticias.com.br\/wp-content\/uploads\/2023\/01\/Lula-assina-intervencao-federal-4-848x477-2.webp","contentUrl":"https:\/\/portalararasdenoticias.com.br\/wp-content\/uploads\/2023\/01\/Lula-assina-intervencao-federal-4-848x477-2.webp","width":848,"height":477},{"@type":"BreadcrumbList","@id":"https:\/\/portalararasdenoticias.com.br\/?p=4117#breadcrumb","itemListElement":[{"@type":"ListItem","position":1,"name":"In\u00edcio","item":"https:\/\/portalararasdenoticias.com.br\/"},{"@type":"ListItem","position":2,"name":"Lula decreta interven\u00e7\u00e3o federal em Bras\u00edlia depois de falha de seguran\u00e7a."}]},{"@type":"WebSite","@id":"https:\/\/portalararasdenoticias.com.br\/#website","url":"https:\/\/portalararasdenoticias.com.br\/","name":"Portal Araras de Not\u00edcias","description":"O Seu Portal de Not\u00edcias","potentialAction":[{"@type":"SearchAction","target":{"@type":"EntryPoint","urlTemplate":"https:\/\/portalararasdenoticias.com.br\/?s={search_term_string}"},"query-input":{"@type":"PropertyValueSpecification","valueRequired":true,"valueName":"search_term_string"}}],"inLanguage":"pt-BR"},{"@type":"Person","@id":"https:\/\/portalararasdenoticias.com.br\/#\/schema\/person\/a6190507efe29dea1049d60d05ed5c0a","name":"Portal Araras de Noticias","image":{"@type":"ImageObject","inLanguage":"pt-BR","@id":"https:\/\/portalararasdenoticias.com.br\/#\/schema\/person\/image\/","url":"https:\/\/secure.gravatar.com\/avatar\/4df7c42bc08e78bc9b6e13086fafc161bdf01220657cd93de3d828ab6c60d469?s=96&d=mm&r=g","contentUrl":"https:\/\/secure.gravatar.com\/avatar\/4df7c42bc08e78bc9b6e13086fafc161bdf01220657cd93de3d828ab6c60d469?s=96&d=mm&r=g","caption":"Portal Araras de Noticias"},"sameAs":["https:\/\/portalararasdenoticias.com.br\/"],"url":"https:\/\/portalararasdenoticias.com.br\/?author=5"}]}},"_links":{"self":[{"href":"https:\/\/portalararasdenoticias.com.br\/index.php?rest_route=\/wp\/v2\/posts\/4117","targetHints":{"allow":["GET"]}}],"collection":[{"href":"https:\/\/portalararasdenoticias.com.br\/index.php?rest_route=\/wp\/v2\/posts"}],"about":[{"href":"https:\/\/portalararasdenoticias.com.br\/index.php?rest_route=\/wp\/v2\/types\/post"}],"author":[{"embeddable":true,"href":"https:\/\/portalararasdenoticias.com.br\/index.php?rest_route=\/wp\/v2\/users\/5"}],"replies":[{"embeddable":true,"href":"https:\/\/portalararasdenoticias.com.br\/index.php?rest_route=%2Fwp%2Fv2%2Fcomments&post=4117"}],"version-history":[{"count":1,"href":"https:\/\/portalararasdenoticias.com.br\/index.php?rest_route=\/wp\/v2\/posts\/4117\/revisions"}],"predecessor-version":[{"id":4120,"href":"https:\/\/portalararasdenoticias.com.br\/index.php?rest_route=\/wp\/v2\/posts\/4117\/revisions\/4120"}],"wp:featuredmedia":[{"embeddable":true,"href":"https:\/\/portalararasdenoticias.com.br\/index.php?rest_route=\/wp\/v2\/media\/4119"}],"wp:attachment":[{"href":"https:\/\/portalararasdenoticias.com.br\/index.php?rest_route=%2Fwp%2Fv2%2Fmedia&parent=4117"}],"wp:term":[{"taxonomy":"category","embeddable":true,"href":"https:\/\/portalararasdenoticias.com.br\/index.php?rest_route=%2Fwp%2Fv2%2Fcategories&post=4117"},{"taxonomy":"post_tag","embeddable":true,"href":"https:\/\/portalararasdenoticias.com.br\/index.php?rest_route=%2Fwp%2Fv2%2Ftags&post=4117"}],"curies":[{"name":"wp","href":"https:\/\/api.w.org\/{rel}","templated":true}]}}