{"id":4231,"date":"2023-02-06T23:40:20","date_gmt":"2023-02-07T02:40:20","guid":{"rendered":"https:\/\/portalararasdenoticias.com.br\/?p=4231"},"modified":"2023-02-06T23:41:26","modified_gmt":"2023-02-07T02:41:26","slug":"wilson-lima-da-inicio-ao-ano-letivo-nas-escolas-estaduais-e-lanca-segunda-fase-do-novo-ensino-medio-em-manaus","status":"publish","type":"post","link":"https:\/\/portalararasdenoticias.com.br\/?p=4231","title":{"rendered":"WILSON LIMA D\u00c1 IN\u00cdCIO AO ANO LETIVO NAS ESCOLAS ESTADUAIS E LAN\u00c7A SEGUNDA FASE DO NOVO ENSINO M\u00c9DIO em MANAUS."},"content":{"rendered":"\n<p><\/p>\n\n\n\n<p>Na ocasi\u00e3o, o governador do Amazonas tamb\u00e9m anunciou a expans\u00e3o do ensino bil\u00edngue para o pr\u00f3ximo anoMais de 200 mil estudantes da rede estadual de ensino da capital amazonense retornaram \u00e0s salas de aula, nesta segunda-feira (06\/02). O governador Wilson Lima fez a abertura do ano letivo no Centro de Educa\u00e7\u00e3o de Tempo Integral (Ceti) Jo\u00e3o dos Santos Braga, bairro Nova Cidade, <a><\/a>zona norte de Manaus, unidade que passou por recente revitaliza\u00e7\u00e3o. Wilson Lima anunciou a expans\u00e3o do ensino bil\u00edngue para mais de 10 escolas no pr\u00f3ximo ano e lan\u00e7ou a 2\u00aa s\u00e9rie do Novo Ensino M\u00e9dio (NEM).\u201cA gente est\u00e1 implementando o novo Ensino M\u00e9dio, uma parceria com o Cetam, com o Sebrae, para que voc\u00eas (alunos) tenham a oportunidade de ter acesso a conhecimentos tecnol\u00f3gicos, da ci\u00eancia, da cultura, de quest\u00f5es voltadas \u00e0 realidade do estado do Amazonas. Tudo isso para que voc\u00eas tenham condi\u00e7\u00f5es de estarem no mercado de trabalho\u201d, declarou o governador Wilson Lima.Estiveram presentes na solenidade, al\u00e9m do governador e da secret\u00e1ria de Estado da Educa\u00e7\u00e3o e Desporto, Kuka Chaves, os deputados estaduais Roberto Cidade, presidente da Assembleia Legislativa do Estado do Amazonas (Aleam), e Jo\u00e3o Luiz; e a vereadora Professora Jaqueline, da C\u00e2mara Municipal de Manaus (CMM).O tema do ano letivo em 2023 \u00e9 \u201cReflex\u00f5es sobre Curr\u00edculo, Aprendizagem, Avalia\u00e7\u00e3o e Saberes\u201d, voltado para a\u00e7\u00f5es da melhoria do ensino, dos \u00edndices educacionais e da prova do Sistema de Avalia\u00e7\u00e3o da Educa\u00e7\u00e3o B\u00e1sica (Saeb), que ser\u00e1 realizada pelos alunos dos 5\u00b0 e 9\u00b0 do Ensino Fundamental e 3\u00aa s\u00e9rie do Ensino M\u00e9dio neste ano; a qual comp\u00f5e a nota do \u00cdndice de Desenvolvimento da Educa\u00e7\u00e3o B\u00e1sica (Ideb).\u201cTeremos muitas novidades na rede, teremos muitos programas educacionais na parte de tecnologia e este ser\u00e1 um ano de prova de avalia\u00e7\u00e3o, um ano de prova Saeb, que mede nossos \u00edndices e a equipe est\u00e1 toda pronta\u201d, afirmou a secret\u00e1ria Kuka Chaves.*Ceti Jo\u00e3o Braga*O Ceti, onde foi realizada a abertura do ano letivo da capital, oferece o ensino bil\u00edngue portugu\u00eas-espanhol e conta com 969 estudantes matriculados dos Anos Finais do Ensino Fundamental (6\u00b0 ao 9\u00b0 ano) ao Ensino M\u00e9dio. A unidade de ensino possui 24 salas, piscina semiol\u00edmpica, laborat\u00f3rios Maker, de inform\u00e1tica, Ci\u00eancias, Biologia e F\u00edsica, salas de dan\u00e7a, artes pl\u00e1sticas, m\u00fasica e outras depend\u00eancias necess\u00e1rias ao funcionamento de uma escola de tempo integral. Inaugurada em 2010, a unidade de ensino foi uma das primeiras a possuir a estrutura de Centro de Educa\u00e7\u00e3o de Tempo Integral (Ceti) e foi revitalizada na gest\u00e3o do governador Wilson Lima em 2022, recebendo melhorias na estrutura e interven\u00e7\u00f5es na pintura, hidr\u00e1ulica e el\u00e9trica. *Novo Ensino M\u00e9dio* Durante a abertura do ano letivo, o governador Wilson Lima lan\u00e7ou a segunda etapa do Novo Ensino M\u00e9dio (NEM), que entrou em vigor nas escolas brasileiras, em 2022, para os alunos da 1\u00aa s\u00e9rie. Este ano, os estudantes da 2\u00aa s\u00e9rie do Ensino M\u00e9dio entram em uma nova fase, onde, a partir de agora, tamb\u00e9m ter\u00e3o disciplinas focadas em projeto, tecnologias e outras habilidades. Desta forma, o aluno poder\u00e1 estudar todos os conhecimentos imprescind\u00edveis para a vida em sociedade e, ainda, sair\u00e1 do Ensino M\u00e9dio mais preparado para o mercado de trabalho. A previs\u00e3o do Governo Federal \u00e9 de que, at\u00e9 2024, o novo formato de educa\u00e7\u00e3o seja aplicado em todo o pa\u00eds.Adrya Rebeca, 16 anos, \u00e9 aluna do 2\u00ba ano e diz que a nova fase do Ensino M\u00e9dio, com foco tamb\u00e9m em disciplina de tecnologia, deixou a rotina na sala de aula mais interativa. \u201cA nova mat\u00e9ria, que \u00e9 cultura digital, foi aplicada ano passado e foi muito boa. A tecnologia n\u00e3o \u00e9 s\u00f3 o que a gente conhece. A gente usa tecnologia em sala de aula para fazer trabalhos. E ela pode ser usada para divers\u00e3o dentro de sala de aula pra implementar trabalhos, jogos interativos e tudo\u201d, comentou.*Ensino Bil\u00edngue* Outra novidade anunciada pelo governador Wilson Lima \u00e9 a expans\u00e3o da Educa\u00e7\u00e3o Bil\u00edngue na capital e no interior do estado. Por meio da Secretaria de Estado de Educa\u00e7\u00e3o e Desporto, estima-se que, at\u00e9 2024, a rede estadual de ensino dever\u00e1 inserir a Educa\u00e7\u00e3o em Tempo Integral Bil\u00edngue no Amazonas em, pelo menos, 10 unidades de ensino da rede p\u00fablica estadual. A expans\u00e3o de escolas bil\u00edngues busca proporcionar o acesso e o aprendizado de outro idioma, culturas e fortalecer a forma\u00e7\u00e3o do estudante no \u00e2mbito pessoal, acad\u00eamico e profissional. Atualmente, a Secretaria de Estado de Educa\u00e7\u00e3o e Desporto atende com a Educa\u00e7\u00e3o Bil\u00edngue nove escolas com os seguintes idiomas: Ingl\u00eas, Espanhol, Franc\u00eas, Japon\u00eas, uma escola ind\u00edgena (Tukano), alcan\u00e7ando, aproximadamente, 5,5 mil estudantes.*FOTOS*: Alex Pazuello e Arthur Castro \/ Secom<\/p>\n","protected":false},"excerpt":{"rendered":"<p>Na ocasi\u00e3o, o governador do Amazonas tamb\u00e9m anunciou a expans\u00e3o do ensino bil\u00edngue para o pr\u00f3ximo anoMais de 200 mil estudantes da rede estadual de ensino da capital amazonense retornaram \u00e0s salas de aula, nesta segunda-feira (06\/02). O governador Wilson Lima fez a abertura do ano letivo no Centro de Educa\u00e7\u00e3o de Tempo Integral (Ceti) [&hellip;]<\/p>\n","protected":false},"author":5,"featured_media":4233,"comment_status":"open","ping_status":"open","sticky":true,"template":"","format":"standard","meta":{"footnotes":""},"categories":[34],"tags":[],"class_list":["post-4231","post","type-post","status-publish","format-standard","has-post-thumbnail","hentry","category-jornalismo"],"yoast_head":"<!-- This site is optimized with the Yoast SEO plugin v27.0 - https:\/\/yoast.com\/product\/yoast-seo-wordpress\/ -->\n<title>WILSON LIMA D\u00c1 IN\u00cdCIO AO ANO LETIVO NAS ESCOLAS ESTADUAIS E LAN\u00c7A SEGUNDA FASE DO NOVO ENSINO M\u00c9DIO em MANAUS. - Portal Araras de Not\u00edcias<\/title>\n<meta name=\"robots\" content=\"index, follow, max-snippet:-1, max-image-preview:large, max-video-preview:-1\" \/>\n<link rel=\"canonical\" href=\"https:\/\/portalararasdenoticias.com.br\/?p=4231\" \/>\n<meta property=\"og:locale\" content=\"pt_BR\" \/>\n<meta property=\"og:type\" content=\"article\" \/>\n<meta property=\"og:title\" content=\"WILSON LIMA D\u00c1 IN\u00cdCIO AO ANO LETIVO NAS ESCOLAS ESTADUAIS E LAN\u00c7A SEGUNDA FASE DO NOVO ENSINO M\u00c9DIO em MANAUS. - Portal Araras de Not\u00edcias\" \/>\n<meta property=\"og:description\" content=\"Na ocasi\u00e3o, o governador do Amazonas tamb\u00e9m anunciou a expans\u00e3o do ensino bil\u00edngue para o pr\u00f3ximo anoMais de 200 mil estudantes da rede estadual de ensino da capital amazonense retornaram \u00e0s salas de aula, nesta segunda-feira (06\/02). O governador Wilson Lima fez a abertura do ano letivo no Centro de Educa\u00e7\u00e3o de Tempo Integral (Ceti) [&hellip;]\" \/>\n<meta property=\"og:url\" content=\"https:\/\/portalararasdenoticias.com.br\/?p=4231\" \/>\n<meta property=\"og:site_name\" content=\"Portal Araras de Not\u00edcias\" \/>\n<meta property=\"article:published_time\" content=\"2023-02-07T02:40:20+00:00\" \/>\n<meta property=\"article:modified_time\" content=\"2023-02-07T02:41:26+00:00\" \/>\n<meta property=\"og:image\" content=\"https:\/\/portalararasdenoticias.com.br\/wp-content\/uploads\/2023\/02\/327456272_1209447499966290_1985364987864382848_n.jpg\" \/>\n\t<meta property=\"og:image:width\" content=\"960\" \/>\n\t<meta property=\"og:image:height\" content=\"639\" \/>\n\t<meta property=\"og:image:type\" content=\"image\/jpeg\" \/>\n<meta name=\"author\" content=\"Portal Araras de Noticias\" \/>\n<meta name=\"twitter:card\" content=\"summary_large_image\" \/>\n<meta name=\"twitter:label1\" content=\"Escrito por\" \/>\n\t<meta name=\"twitter:data1\" content=\"Portal Araras de Noticias\" \/>\n\t<meta name=\"twitter:label2\" content=\"Est. tempo de leitura\" \/>\n\t<meta name=\"twitter:data2\" content=\"4 minutos\" \/>\n<script type=\"application\/ld+json\" class=\"yoast-schema-graph\">{\"@context\":\"https:\/\/schema.org\",\"@graph\":[{\"@type\":\"Article\",\"@id\":\"https:\/\/portalararasdenoticias.com.br\/?p=4231#article\",\"isPartOf\":{\"@id\":\"https:\/\/portalararasdenoticias.com.br\/?p=4231\"},\"author\":{\"name\":\"Portal Araras de Noticias\",\"@id\":\"https:\/\/portalararasdenoticias.com.br\/#\/schema\/person\/a6190507efe29dea1049d60d05ed5c0a\"},\"headline\":\"WILSON LIMA D\u00c1 IN\u00cdCIO AO ANO LETIVO NAS ESCOLAS ESTADUAIS E LAN\u00c7A SEGUNDA FASE DO NOVO ENSINO M\u00c9DIO em MANAUS.\",\"datePublished\":\"2023-02-07T02:40:20+00:00\",\"dateModified\":\"2023-02-07T02:41:26+00:00\",\"mainEntityOfPage\":{\"@id\":\"https:\/\/portalararasdenoticias.com.br\/?p=4231\"},\"wordCount\":860,\"commentCount\":0,\"image\":{\"@id\":\"https:\/\/portalararasdenoticias.com.br\/?p=4231#primaryimage\"},\"thumbnailUrl\":\"https:\/\/portalararasdenoticias.com.br\/wp-content\/uploads\/2023\/02\/327456272_1209447499966290_1985364987864382848_n.jpg\",\"articleSection\":[\"jornalismo\"],\"inLanguage\":\"pt-BR\",\"potentialAction\":[{\"@type\":\"CommentAction\",\"name\":\"Comment\",\"target\":[\"https:\/\/portalararasdenoticias.com.br\/?p=4231#respond\"]}]},{\"@type\":\"WebPage\",\"@id\":\"https:\/\/portalararasdenoticias.com.br\/?p=4231\",\"url\":\"https:\/\/portalararasdenoticias.com.br\/?p=4231\",\"name\":\"WILSON LIMA D\u00c1 IN\u00cdCIO AO ANO LETIVO NAS ESCOLAS ESTADUAIS E LAN\u00c7A SEGUNDA FASE DO NOVO ENSINO M\u00c9DIO em MANAUS. - Portal Araras de Not\u00edcias\",\"isPartOf\":{\"@id\":\"https:\/\/portalararasdenoticias.com.br\/#website\"},\"primaryImageOfPage\":{\"@id\":\"https:\/\/portalararasdenoticias.com.br\/?p=4231#primaryimage\"},\"image\":{\"@id\":\"https:\/\/portalararasdenoticias.com.br\/?p=4231#primaryimage\"},\"thumbnailUrl\":\"https:\/\/portalararasdenoticias.com.br\/wp-content\/uploads\/2023\/02\/327456272_1209447499966290_1985364987864382848_n.jpg\",\"datePublished\":\"2023-02-07T02:40:20+00:00\",\"dateModified\":\"2023-02-07T02:41:26+00:00\",\"author\":{\"@id\":\"https:\/\/portalararasdenoticias.com.br\/#\/schema\/person\/a6190507efe29dea1049d60d05ed5c0a\"},\"breadcrumb\":{\"@id\":\"https:\/\/portalararasdenoticias.com.br\/?p=4231#breadcrumb\"},\"inLanguage\":\"pt-BR\",\"potentialAction\":[{\"@type\":\"ReadAction\",\"target\":[\"https:\/\/portalararasdenoticias.com.br\/?p=4231\"]}]},{\"@type\":\"ImageObject\",\"inLanguage\":\"pt-BR\",\"@id\":\"https:\/\/portalararasdenoticias.com.br\/?p=4231#primaryimage\",\"url\":\"https:\/\/portalararasdenoticias.com.br\/wp-content\/uploads\/2023\/02\/327456272_1209447499966290_1985364987864382848_n.jpg\",\"contentUrl\":\"https:\/\/portalararasdenoticias.com.br\/wp-content\/uploads\/2023\/02\/327456272_1209447499966290_1985364987864382848_n.jpg\",\"width\":960,\"height\":639},{\"@type\":\"BreadcrumbList\",\"@id\":\"https:\/\/portalararasdenoticias.com.br\/?p=4231#breadcrumb\",\"itemListElement\":[{\"@type\":\"ListItem\",\"position\":1,\"name\":\"In\u00edcio\",\"item\":\"https:\/\/portalararasdenoticias.com.br\/\"},{\"@type\":\"ListItem\",\"position\":2,\"name\":\"WILSON LIMA D\u00c1 IN\u00cdCIO AO ANO LETIVO NAS ESCOLAS ESTADUAIS E LAN\u00c7A SEGUNDA FASE DO NOVO ENSINO M\u00c9DIO em MANAUS.\"}]},{\"@type\":\"WebSite\",\"@id\":\"https:\/\/portalararasdenoticias.com.br\/#website\",\"url\":\"https:\/\/portalararasdenoticias.com.br\/\",\"name\":\"Portal Araras de Not\u00edcias\",\"description\":\"O Seu Portal de Not\u00edcias\",\"potentialAction\":[{\"@type\":\"SearchAction\",\"target\":{\"@type\":\"EntryPoint\",\"urlTemplate\":\"https:\/\/portalararasdenoticias.com.br\/?s={search_term_string}\"},\"query-input\":{\"@type\":\"PropertyValueSpecification\",\"valueRequired\":true,\"valueName\":\"search_term_string\"}}],\"inLanguage\":\"pt-BR\"},{\"@type\":\"Person\",\"@id\":\"https:\/\/portalararasdenoticias.com.br\/#\/schema\/person\/a6190507efe29dea1049d60d05ed5c0a\",\"name\":\"Portal Araras de Noticias\",\"image\":{\"@type\":\"ImageObject\",\"inLanguage\":\"pt-BR\",\"@id\":\"https:\/\/portalararasdenoticias.com.br\/#\/schema\/person\/image\/\",\"url\":\"https:\/\/secure.gravatar.com\/avatar\/4df7c42bc08e78bc9b6e13086fafc161bdf01220657cd93de3d828ab6c60d469?s=96&d=mm&r=g\",\"contentUrl\":\"https:\/\/secure.gravatar.com\/avatar\/4df7c42bc08e78bc9b6e13086fafc161bdf01220657cd93de3d828ab6c60d469?s=96&d=mm&r=g\",\"caption\":\"Portal Araras de Noticias\"},\"sameAs\":[\"https:\/\/portalararasdenoticias.com.br\/\"],\"url\":\"https:\/\/portalararasdenoticias.com.br\/?author=5\"}]}<\/script>\n<!-- \/ Yoast SEO plugin. -->","yoast_head_json":{"title":"WILSON LIMA D\u00c1 IN\u00cdCIO AO ANO LETIVO NAS ESCOLAS ESTADUAIS E LAN\u00c7A SEGUNDA FASE DO NOVO ENSINO M\u00c9DIO em MANAUS. - Portal Araras de Not\u00edcias","robots":{"index":"index","follow":"follow","max-snippet":"max-snippet:-1","max-image-preview":"max-image-preview:large","max-video-preview":"max-video-preview:-1"},"canonical":"https:\/\/portalararasdenoticias.com.br\/?p=4231","og_locale":"pt_BR","og_type":"article","og_title":"WILSON LIMA D\u00c1 IN\u00cdCIO AO ANO LETIVO NAS ESCOLAS ESTADUAIS E LAN\u00c7A SEGUNDA FASE DO NOVO ENSINO M\u00c9DIO em MANAUS. - Portal Araras de Not\u00edcias","og_description":"Na ocasi\u00e3o, o governador do Amazonas tamb\u00e9m anunciou a expans\u00e3o do ensino bil\u00edngue para o pr\u00f3ximo anoMais de 200 mil estudantes da rede estadual de ensino da capital amazonense retornaram \u00e0s salas de aula, nesta segunda-feira (06\/02). O governador Wilson Lima fez a abertura do ano letivo no Centro de Educa\u00e7\u00e3o de Tempo Integral (Ceti) [&hellip;]","og_url":"https:\/\/portalararasdenoticias.com.br\/?p=4231","og_site_name":"Portal Araras de Not\u00edcias","article_published_time":"2023-02-07T02:40:20+00:00","article_modified_time":"2023-02-07T02:41:26+00:00","og_image":[{"width":960,"height":639,"url":"https:\/\/portalararasdenoticias.com.br\/wp-content\/uploads\/2023\/02\/327456272_1209447499966290_1985364987864382848_n.jpg","type":"image\/jpeg"}],"author":"Portal Araras de Noticias","twitter_card":"summary_large_image","twitter_misc":{"Escrito por":"Portal Araras de Noticias","Est. tempo de leitura":"4 minutos"},"schema":{"@context":"https:\/\/schema.org","@graph":[{"@type":"Article","@id":"https:\/\/portalararasdenoticias.com.br\/?p=4231#article","isPartOf":{"@id":"https:\/\/portalararasdenoticias.com.br\/?p=4231"},"author":{"name":"Portal Araras de Noticias","@id":"https:\/\/portalararasdenoticias.com.br\/#\/schema\/person\/a6190507efe29dea1049d60d05ed5c0a"},"headline":"WILSON LIMA D\u00c1 IN\u00cdCIO AO ANO LETIVO NAS ESCOLAS ESTADUAIS E LAN\u00c7A SEGUNDA FASE DO NOVO ENSINO M\u00c9DIO em MANAUS.","datePublished":"2023-02-07T02:40:20+00:00","dateModified":"2023-02-07T02:41:26+00:00","mainEntityOfPage":{"@id":"https:\/\/portalararasdenoticias.com.br\/?p=4231"},"wordCount":860,"commentCount":0,"image":{"@id":"https:\/\/portalararasdenoticias.com.br\/?p=4231#primaryimage"},"thumbnailUrl":"https:\/\/portalararasdenoticias.com.br\/wp-content\/uploads\/2023\/02\/327456272_1209447499966290_1985364987864382848_n.jpg","articleSection":["jornalismo"],"inLanguage":"pt-BR","potentialAction":[{"@type":"CommentAction","name":"Comment","target":["https:\/\/portalararasdenoticias.com.br\/?p=4231#respond"]}]},{"@type":"WebPage","@id":"https:\/\/portalararasdenoticias.com.br\/?p=4231","url":"https:\/\/portalararasdenoticias.com.br\/?p=4231","name":"WILSON LIMA D\u00c1 IN\u00cdCIO AO ANO LETIVO NAS ESCOLAS ESTADUAIS E LAN\u00c7A SEGUNDA FASE DO NOVO ENSINO M\u00c9DIO em MANAUS. - Portal Araras de Not\u00edcias","isPartOf":{"@id":"https:\/\/portalararasdenoticias.com.br\/#website"},"primaryImageOfPage":{"@id":"https:\/\/portalararasdenoticias.com.br\/?p=4231#primaryimage"},"image":{"@id":"https:\/\/portalararasdenoticias.com.br\/?p=4231#primaryimage"},"thumbnailUrl":"https:\/\/portalararasdenoticias.com.br\/wp-content\/uploads\/2023\/02\/327456272_1209447499966290_1985364987864382848_n.jpg","datePublished":"2023-02-07T02:40:20+00:00","dateModified":"2023-02-07T02:41:26+00:00","author":{"@id":"https:\/\/portalararasdenoticias.com.br\/#\/schema\/person\/a6190507efe29dea1049d60d05ed5c0a"},"breadcrumb":{"@id":"https:\/\/portalararasdenoticias.com.br\/?p=4231#breadcrumb"},"inLanguage":"pt-BR","potentialAction":[{"@type":"ReadAction","target":["https:\/\/portalararasdenoticias.com.br\/?p=4231"]}]},{"@type":"ImageObject","inLanguage":"pt-BR","@id":"https:\/\/portalararasdenoticias.com.br\/?p=4231#primaryimage","url":"https:\/\/portalararasdenoticias.com.br\/wp-content\/uploads\/2023\/02\/327456272_1209447499966290_1985364987864382848_n.jpg","contentUrl":"https:\/\/portalararasdenoticias.com.br\/wp-content\/uploads\/2023\/02\/327456272_1209447499966290_1985364987864382848_n.jpg","width":960,"height":639},{"@type":"BreadcrumbList","@id":"https:\/\/portalararasdenoticias.com.br\/?p=4231#breadcrumb","itemListElement":[{"@type":"ListItem","position":1,"name":"In\u00edcio","item":"https:\/\/portalararasdenoticias.com.br\/"},{"@type":"ListItem","position":2,"name":"WILSON LIMA D\u00c1 IN\u00cdCIO AO ANO LETIVO NAS ESCOLAS ESTADUAIS E LAN\u00c7A SEGUNDA FASE DO NOVO ENSINO M\u00c9DIO em MANAUS."}]},{"@type":"WebSite","@id":"https:\/\/portalararasdenoticias.com.br\/#website","url":"https:\/\/portalararasdenoticias.com.br\/","name":"Portal Araras de Not\u00edcias","description":"O Seu Portal de Not\u00edcias","potentialAction":[{"@type":"SearchAction","target":{"@type":"EntryPoint","urlTemplate":"https:\/\/portalararasdenoticias.com.br\/?s={search_term_string}"},"query-input":{"@type":"PropertyValueSpecification","valueRequired":true,"valueName":"search_term_string"}}],"inLanguage":"pt-BR"},{"@type":"Person","@id":"https:\/\/portalararasdenoticias.com.br\/#\/schema\/person\/a6190507efe29dea1049d60d05ed5c0a","name":"Portal Araras de Noticias","image":{"@type":"ImageObject","inLanguage":"pt-BR","@id":"https:\/\/portalararasdenoticias.com.br\/#\/schema\/person\/image\/","url":"https:\/\/secure.gravatar.com\/avatar\/4df7c42bc08e78bc9b6e13086fafc161bdf01220657cd93de3d828ab6c60d469?s=96&d=mm&r=g","contentUrl":"https:\/\/secure.gravatar.com\/avatar\/4df7c42bc08e78bc9b6e13086fafc161bdf01220657cd93de3d828ab6c60d469?s=96&d=mm&r=g","caption":"Portal Araras de Noticias"},"sameAs":["https:\/\/portalararasdenoticias.com.br\/"],"url":"https:\/\/portalararasdenoticias.com.br\/?author=5"}]}},"_links":{"self":[{"href":"https:\/\/portalararasdenoticias.com.br\/index.php?rest_route=\/wp\/v2\/posts\/4231","targetHints":{"allow":["GET"]}}],"collection":[{"href":"https:\/\/portalararasdenoticias.com.br\/index.php?rest_route=\/wp\/v2\/posts"}],"about":[{"href":"https:\/\/portalararasdenoticias.com.br\/index.php?rest_route=\/wp\/v2\/types\/post"}],"author":[{"embeddable":true,"href":"https:\/\/portalararasdenoticias.com.br\/index.php?rest_route=\/wp\/v2\/users\/5"}],"replies":[{"embeddable":true,"href":"https:\/\/portalararasdenoticias.com.br\/index.php?rest_route=%2Fwp%2Fv2%2Fcomments&post=4231"}],"version-history":[{"count":1,"href":"https:\/\/portalararasdenoticias.com.br\/index.php?rest_route=\/wp\/v2\/posts\/4231\/revisions"}],"predecessor-version":[{"id":4236,"href":"https:\/\/portalararasdenoticias.com.br\/index.php?rest_route=\/wp\/v2\/posts\/4231\/revisions\/4236"}],"wp:featuredmedia":[{"embeddable":true,"href":"https:\/\/portalararasdenoticias.com.br\/index.php?rest_route=\/wp\/v2\/media\/4233"}],"wp:attachment":[{"href":"https:\/\/portalararasdenoticias.com.br\/index.php?rest_route=%2Fwp%2Fv2%2Fmedia&parent=4231"}],"wp:term":[{"taxonomy":"category","embeddable":true,"href":"https:\/\/portalararasdenoticias.com.br\/index.php?rest_route=%2Fwp%2Fv2%2Fcategories&post=4231"},{"taxonomy":"post_tag","embeddable":true,"href":"https:\/\/portalararasdenoticias.com.br\/index.php?rest_route=%2Fwp%2Fv2%2Ftags&post=4231"}],"curies":[{"name":"wp","href":"https:\/\/api.w.org\/{rel}","templated":true}]}}