{"id":4253,"date":"2023-02-12T15:34:36","date_gmt":"2023-02-12T18:34:36","guid":{"rendered":"https:\/\/portalararasdenoticias.com.br\/?p=4253"},"modified":"2023-02-12T15:35:42","modified_gmt":"2023-02-12T18:35:42","slug":"governo-do-amazonas-decreta-luto-de-sete-dias-pela-morte-do-ex-governador-amazonino-mendes","status":"publish","type":"post","link":"https:\/\/portalararasdenoticias.com.br\/?p=4253","title":{"rendered":"Governo do Amazonas decreta luto de sete dias pela morte do ex &#8211; Governador  Amazonino Mendes."},"content":{"rendered":"\n<p>MANAUS \u2013 O governo do Amazonas decretou luto oficial de sete dias pela morte do ex-governador Amazonino Mendes, ocorrida neste domingo (12), em S\u00e3o Paulo, aos 83 anos.Confira a nota oficial do govenador Wilson Lima (Uni\u00e3o Brasil)O Governo do Amazonas lamenta, com profundo pesar, a morte do ex-governador Amazonino Armando Mendes. O experiente pol\u00edtico amazonense faleceu neste domingo (12\/02), v\u00edtima de <a><\/a>complica\u00e7\u00f5es de sa\u00fade, em S\u00e3o Paulo, onde estava internado.Em grande respeito \u00e0 hist\u00f3ria pol\u00edtica de Amazonino Mendes, o governador Wilson Lima decretou luto de 7 dias no Estado do Amazonas. As bandeiras de todas as reparti\u00e7\u00f5es p\u00fablicas ficar\u00e3o hasteadas a meio mastro.\u201cEu devo muito do que hoje sou ao ex-governador Amazonino Mendes. Entrei para a pol\u00edtica fazendo cr\u00edticas e buscando, em grande parte das vezes, sempre ser um contraponto ao que ele e seu grupo pol\u00edtico foram e representaram para o nosso Estado. Mas uma coisa \u00e9 ineg\u00e1vel: Amazonino foi um dos maiores l\u00edderes pol\u00edticos da hist\u00f3ria do Amazonas\u201d, afirmou Wilson Lima nas redes sociais.Para o governador, Amazonino \u201cnasceu predestinado a amar esta terra, trazendo o Amazonas no nome e no cora\u00e7\u00e3o\u201d. E fica para sempre na mem\u00f3ria do povo amazonense a \u201cimagem do homem alegre, carism\u00e1tico, que abra\u00e7ava e acolhia\u201d.Natural do munic\u00edpio de Eirunep\u00e9, Amazonino Mendes tinha 83 anos de idade. Em sua longa carreira pol\u00edtica foi Senador da Rep\u00fablica, prefeito de Manaus por tr\u00eas mandatos e quatro vezes governador do Estado.O Governo do Amazonas se solidariza com a fam\u00edlia e amigos neste momento de dor, e reconhece a importante contribui\u00e7\u00e3o que Amazonino Mendes deu ao estado, entrando definitivamente para a hist\u00f3ria do Amazonas.<\/p>\n","protected":false},"excerpt":{"rendered":"<p>MANAUS \u2013 O governo do Amazonas decretou luto oficial de sete dias pela morte do ex-governador Amazonino Mendes, ocorrida neste domingo (12), em S\u00e3o Paulo, aos 83 anos.Confira a nota oficial do govenador Wilson Lima (Uni\u00e3o Brasil)O Governo do Amazonas lamenta, com profundo pesar, a morte do ex-governador Amazonino Armando Mendes. O experiente pol\u00edtico amazonense [&hellip;]<\/p>\n","protected":false},"author":5,"featured_media":4254,"comment_status":"open","ping_status":"open","sticky":true,"template":"","format":"standard","meta":{"footnotes":""},"categories":[34],"tags":[],"class_list":["post-4253","post","type-post","status-publish","format-standard","has-post-thumbnail","hentry","category-jornalismo"],"yoast_head":"<!-- This site is optimized with the Yoast SEO plugin v27.0 - https:\/\/yoast.com\/product\/yoast-seo-wordpress\/ -->\n<title>Governo do Amazonas decreta luto de sete dias pela morte do ex - Governador Amazonino Mendes. - Portal Araras de Not\u00edcias<\/title>\n<meta name=\"robots\" content=\"index, follow, max-snippet:-1, max-image-preview:large, max-video-preview:-1\" \/>\n<link rel=\"canonical\" href=\"https:\/\/portalararasdenoticias.com.br\/?p=4253\" \/>\n<meta property=\"og:locale\" content=\"pt_BR\" \/>\n<meta property=\"og:type\" content=\"article\" \/>\n<meta property=\"og:title\" content=\"Governo do Amazonas decreta luto de sete dias pela morte do ex - Governador Amazonino Mendes. - Portal Araras de Not\u00edcias\" \/>\n<meta property=\"og:description\" content=\"MANAUS \u2013 O governo do Amazonas decretou luto oficial de sete dias pela morte do ex-governador Amazonino Mendes, ocorrida neste domingo (12), em S\u00e3o Paulo, aos 83 anos.Confira a nota oficial do govenador Wilson Lima (Uni\u00e3o Brasil)O Governo do Amazonas lamenta, com profundo pesar, a morte do ex-governador Amazonino Armando Mendes. O experiente pol\u00edtico amazonense [&hellip;]\" \/>\n<meta property=\"og:url\" content=\"https:\/\/portalararasdenoticias.com.br\/?p=4253\" \/>\n<meta property=\"og:site_name\" content=\"Portal Araras de Not\u00edcias\" \/>\n<meta property=\"article:published_time\" content=\"2023-02-12T18:34:36+00:00\" \/>\n<meta property=\"article:modified_time\" content=\"2023-02-12T18:35:42+00:00\" \/>\n<meta property=\"og:image\" content=\"https:\/\/portalararasdenoticias.com.br\/wp-content\/uploads\/2023\/02\/20230212094011whatsapp_image_2023-02-12_at_09.39.01.jpeg\" \/>\n\t<meta property=\"og:image:width\" content=\"644\" \/>\n\t<meta property=\"og:image:height\" content=\"538\" \/>\n\t<meta property=\"og:image:type\" content=\"image\/jpeg\" \/>\n<meta name=\"author\" content=\"Portal Araras de Noticias\" \/>\n<meta name=\"twitter:card\" content=\"summary_large_image\" \/>\n<meta name=\"twitter:label1\" content=\"Escrito por\" \/>\n\t<meta name=\"twitter:data1\" content=\"Portal Araras de Noticias\" \/>\n\t<meta name=\"twitter:label2\" content=\"Est. tempo de leitura\" \/>\n\t<meta name=\"twitter:data2\" content=\"1 minuto\" \/>\n<script type=\"application\/ld+json\" class=\"yoast-schema-graph\">{\"@context\":\"https:\/\/schema.org\",\"@graph\":[{\"@type\":\"Article\",\"@id\":\"https:\/\/portalararasdenoticias.com.br\/?p=4253#article\",\"isPartOf\":{\"@id\":\"https:\/\/portalararasdenoticias.com.br\/?p=4253\"},\"author\":{\"name\":\"Portal Araras de Noticias\",\"@id\":\"https:\/\/portalararasdenoticias.com.br\/#\/schema\/person\/a6190507efe29dea1049d60d05ed5c0a\"},\"headline\":\"Governo do Amazonas decreta luto de sete dias pela morte do ex &#8211; Governador Amazonino Mendes.\",\"datePublished\":\"2023-02-12T18:34:36+00:00\",\"dateModified\":\"2023-02-12T18:35:42+00:00\",\"mainEntityOfPage\":{\"@id\":\"https:\/\/portalararasdenoticias.com.br\/?p=4253\"},\"wordCount\":311,\"commentCount\":0,\"image\":{\"@id\":\"https:\/\/portalararasdenoticias.com.br\/?p=4253#primaryimage\"},\"thumbnailUrl\":\"https:\/\/portalararasdenoticias.com.br\/wp-content\/uploads\/2023\/02\/20230212094011whatsapp_image_2023-02-12_at_09.39.01.jpeg\",\"articleSection\":[\"jornalismo\"],\"inLanguage\":\"pt-BR\",\"potentialAction\":[{\"@type\":\"CommentAction\",\"name\":\"Comment\",\"target\":[\"https:\/\/portalararasdenoticias.com.br\/?p=4253#respond\"]}]},{\"@type\":\"WebPage\",\"@id\":\"https:\/\/portalararasdenoticias.com.br\/?p=4253\",\"url\":\"https:\/\/portalararasdenoticias.com.br\/?p=4253\",\"name\":\"Governo do Amazonas decreta luto de sete dias pela morte do ex - Governador Amazonino Mendes. - Portal Araras de Not\u00edcias\",\"isPartOf\":{\"@id\":\"https:\/\/portalararasdenoticias.com.br\/#website\"},\"primaryImageOfPage\":{\"@id\":\"https:\/\/portalararasdenoticias.com.br\/?p=4253#primaryimage\"},\"image\":{\"@id\":\"https:\/\/portalararasdenoticias.com.br\/?p=4253#primaryimage\"},\"thumbnailUrl\":\"https:\/\/portalararasdenoticias.com.br\/wp-content\/uploads\/2023\/02\/20230212094011whatsapp_image_2023-02-12_at_09.39.01.jpeg\",\"datePublished\":\"2023-02-12T18:34:36+00:00\",\"dateModified\":\"2023-02-12T18:35:42+00:00\",\"author\":{\"@id\":\"https:\/\/portalararasdenoticias.com.br\/#\/schema\/person\/a6190507efe29dea1049d60d05ed5c0a\"},\"breadcrumb\":{\"@id\":\"https:\/\/portalararasdenoticias.com.br\/?p=4253#breadcrumb\"},\"inLanguage\":\"pt-BR\",\"potentialAction\":[{\"@type\":\"ReadAction\",\"target\":[\"https:\/\/portalararasdenoticias.com.br\/?p=4253\"]}]},{\"@type\":\"ImageObject\",\"inLanguage\":\"pt-BR\",\"@id\":\"https:\/\/portalararasdenoticias.com.br\/?p=4253#primaryimage\",\"url\":\"https:\/\/portalararasdenoticias.com.br\/wp-content\/uploads\/2023\/02\/20230212094011whatsapp_image_2023-02-12_at_09.39.01.jpeg\",\"contentUrl\":\"https:\/\/portalararasdenoticias.com.br\/wp-content\/uploads\/2023\/02\/20230212094011whatsapp_image_2023-02-12_at_09.39.01.jpeg\",\"width\":644,\"height\":538},{\"@type\":\"BreadcrumbList\",\"@id\":\"https:\/\/portalararasdenoticias.com.br\/?p=4253#breadcrumb\",\"itemListElement\":[{\"@type\":\"ListItem\",\"position\":1,\"name\":\"In\u00edcio\",\"item\":\"https:\/\/portalararasdenoticias.com.br\/\"},{\"@type\":\"ListItem\",\"position\":2,\"name\":\"Governo do Amazonas decreta luto de sete dias pela morte do ex &#8211; Governador Amazonino Mendes.\"}]},{\"@type\":\"WebSite\",\"@id\":\"https:\/\/portalararasdenoticias.com.br\/#website\",\"url\":\"https:\/\/portalararasdenoticias.com.br\/\",\"name\":\"Portal Araras de Not\u00edcias\",\"description\":\"O Seu Portal de Not\u00edcias\",\"potentialAction\":[{\"@type\":\"SearchAction\",\"target\":{\"@type\":\"EntryPoint\",\"urlTemplate\":\"https:\/\/portalararasdenoticias.com.br\/?s={search_term_string}\"},\"query-input\":{\"@type\":\"PropertyValueSpecification\",\"valueRequired\":true,\"valueName\":\"search_term_string\"}}],\"inLanguage\":\"pt-BR\"},{\"@type\":\"Person\",\"@id\":\"https:\/\/portalararasdenoticias.com.br\/#\/schema\/person\/a6190507efe29dea1049d60d05ed5c0a\",\"name\":\"Portal Araras de Noticias\",\"image\":{\"@type\":\"ImageObject\",\"inLanguage\":\"pt-BR\",\"@id\":\"https:\/\/portalararasdenoticias.com.br\/#\/schema\/person\/image\/\",\"url\":\"https:\/\/secure.gravatar.com\/avatar\/4df7c42bc08e78bc9b6e13086fafc161bdf01220657cd93de3d828ab6c60d469?s=96&d=mm&r=g\",\"contentUrl\":\"https:\/\/secure.gravatar.com\/avatar\/4df7c42bc08e78bc9b6e13086fafc161bdf01220657cd93de3d828ab6c60d469?s=96&d=mm&r=g\",\"caption\":\"Portal Araras de Noticias\"},\"sameAs\":[\"https:\/\/portalararasdenoticias.com.br\/\"],\"url\":\"https:\/\/portalararasdenoticias.com.br\/?author=5\"}]}<\/script>\n<!-- \/ Yoast SEO plugin. -->","yoast_head_json":{"title":"Governo do Amazonas decreta luto de sete dias pela morte do ex - Governador Amazonino Mendes. - Portal Araras de Not\u00edcias","robots":{"index":"index","follow":"follow","max-snippet":"max-snippet:-1","max-image-preview":"max-image-preview:large","max-video-preview":"max-video-preview:-1"},"canonical":"https:\/\/portalararasdenoticias.com.br\/?p=4253","og_locale":"pt_BR","og_type":"article","og_title":"Governo do Amazonas decreta luto de sete dias pela morte do ex - Governador Amazonino Mendes. - Portal Araras de Not\u00edcias","og_description":"MANAUS \u2013 O governo do Amazonas decretou luto oficial de sete dias pela morte do ex-governador Amazonino Mendes, ocorrida neste domingo (12), em S\u00e3o Paulo, aos 83 anos.Confira a nota oficial do govenador Wilson Lima (Uni\u00e3o Brasil)O Governo do Amazonas lamenta, com profundo pesar, a morte do ex-governador Amazonino Armando Mendes. O experiente pol\u00edtico amazonense [&hellip;]","og_url":"https:\/\/portalararasdenoticias.com.br\/?p=4253","og_site_name":"Portal Araras de Not\u00edcias","article_published_time":"2023-02-12T18:34:36+00:00","article_modified_time":"2023-02-12T18:35:42+00:00","og_image":[{"width":644,"height":538,"url":"https:\/\/portalararasdenoticias.com.br\/wp-content\/uploads\/2023\/02\/20230212094011whatsapp_image_2023-02-12_at_09.39.01.jpeg","type":"image\/jpeg"}],"author":"Portal Araras de Noticias","twitter_card":"summary_large_image","twitter_misc":{"Escrito por":"Portal Araras de Noticias","Est. tempo de leitura":"1 minuto"},"schema":{"@context":"https:\/\/schema.org","@graph":[{"@type":"Article","@id":"https:\/\/portalararasdenoticias.com.br\/?p=4253#article","isPartOf":{"@id":"https:\/\/portalararasdenoticias.com.br\/?p=4253"},"author":{"name":"Portal Araras de Noticias","@id":"https:\/\/portalararasdenoticias.com.br\/#\/schema\/person\/a6190507efe29dea1049d60d05ed5c0a"},"headline":"Governo do Amazonas decreta luto de sete dias pela morte do ex &#8211; Governador Amazonino Mendes.","datePublished":"2023-02-12T18:34:36+00:00","dateModified":"2023-02-12T18:35:42+00:00","mainEntityOfPage":{"@id":"https:\/\/portalararasdenoticias.com.br\/?p=4253"},"wordCount":311,"commentCount":0,"image":{"@id":"https:\/\/portalararasdenoticias.com.br\/?p=4253#primaryimage"},"thumbnailUrl":"https:\/\/portalararasdenoticias.com.br\/wp-content\/uploads\/2023\/02\/20230212094011whatsapp_image_2023-02-12_at_09.39.01.jpeg","articleSection":["jornalismo"],"inLanguage":"pt-BR","potentialAction":[{"@type":"CommentAction","name":"Comment","target":["https:\/\/portalararasdenoticias.com.br\/?p=4253#respond"]}]},{"@type":"WebPage","@id":"https:\/\/portalararasdenoticias.com.br\/?p=4253","url":"https:\/\/portalararasdenoticias.com.br\/?p=4253","name":"Governo do Amazonas decreta luto de sete dias pela morte do ex - Governador Amazonino Mendes. - Portal Araras de Not\u00edcias","isPartOf":{"@id":"https:\/\/portalararasdenoticias.com.br\/#website"},"primaryImageOfPage":{"@id":"https:\/\/portalararasdenoticias.com.br\/?p=4253#primaryimage"},"image":{"@id":"https:\/\/portalararasdenoticias.com.br\/?p=4253#primaryimage"},"thumbnailUrl":"https:\/\/portalararasdenoticias.com.br\/wp-content\/uploads\/2023\/02\/20230212094011whatsapp_image_2023-02-12_at_09.39.01.jpeg","datePublished":"2023-02-12T18:34:36+00:00","dateModified":"2023-02-12T18:35:42+00:00","author":{"@id":"https:\/\/portalararasdenoticias.com.br\/#\/schema\/person\/a6190507efe29dea1049d60d05ed5c0a"},"breadcrumb":{"@id":"https:\/\/portalararasdenoticias.com.br\/?p=4253#breadcrumb"},"inLanguage":"pt-BR","potentialAction":[{"@type":"ReadAction","target":["https:\/\/portalararasdenoticias.com.br\/?p=4253"]}]},{"@type":"ImageObject","inLanguage":"pt-BR","@id":"https:\/\/portalararasdenoticias.com.br\/?p=4253#primaryimage","url":"https:\/\/portalararasdenoticias.com.br\/wp-content\/uploads\/2023\/02\/20230212094011whatsapp_image_2023-02-12_at_09.39.01.jpeg","contentUrl":"https:\/\/portalararasdenoticias.com.br\/wp-content\/uploads\/2023\/02\/20230212094011whatsapp_image_2023-02-12_at_09.39.01.jpeg","width":644,"height":538},{"@type":"BreadcrumbList","@id":"https:\/\/portalararasdenoticias.com.br\/?p=4253#breadcrumb","itemListElement":[{"@type":"ListItem","position":1,"name":"In\u00edcio","item":"https:\/\/portalararasdenoticias.com.br\/"},{"@type":"ListItem","position":2,"name":"Governo do Amazonas decreta luto de sete dias pela morte do ex &#8211; Governador Amazonino Mendes."}]},{"@type":"WebSite","@id":"https:\/\/portalararasdenoticias.com.br\/#website","url":"https:\/\/portalararasdenoticias.com.br\/","name":"Portal Araras de Not\u00edcias","description":"O Seu Portal de Not\u00edcias","potentialAction":[{"@type":"SearchAction","target":{"@type":"EntryPoint","urlTemplate":"https:\/\/portalararasdenoticias.com.br\/?s={search_term_string}"},"query-input":{"@type":"PropertyValueSpecification","valueRequired":true,"valueName":"search_term_string"}}],"inLanguage":"pt-BR"},{"@type":"Person","@id":"https:\/\/portalararasdenoticias.com.br\/#\/schema\/person\/a6190507efe29dea1049d60d05ed5c0a","name":"Portal Araras de Noticias","image":{"@type":"ImageObject","inLanguage":"pt-BR","@id":"https:\/\/portalararasdenoticias.com.br\/#\/schema\/person\/image\/","url":"https:\/\/secure.gravatar.com\/avatar\/4df7c42bc08e78bc9b6e13086fafc161bdf01220657cd93de3d828ab6c60d469?s=96&d=mm&r=g","contentUrl":"https:\/\/secure.gravatar.com\/avatar\/4df7c42bc08e78bc9b6e13086fafc161bdf01220657cd93de3d828ab6c60d469?s=96&d=mm&r=g","caption":"Portal Araras de Noticias"},"sameAs":["https:\/\/portalararasdenoticias.com.br\/"],"url":"https:\/\/portalararasdenoticias.com.br\/?author=5"}]}},"_links":{"self":[{"href":"https:\/\/portalararasdenoticias.com.br\/index.php?rest_route=\/wp\/v2\/posts\/4253","targetHints":{"allow":["GET"]}}],"collection":[{"href":"https:\/\/portalararasdenoticias.com.br\/index.php?rest_route=\/wp\/v2\/posts"}],"about":[{"href":"https:\/\/portalararasdenoticias.com.br\/index.php?rest_route=\/wp\/v2\/types\/post"}],"author":[{"embeddable":true,"href":"https:\/\/portalararasdenoticias.com.br\/index.php?rest_route=\/wp\/v2\/users\/5"}],"replies":[{"embeddable":true,"href":"https:\/\/portalararasdenoticias.com.br\/index.php?rest_route=%2Fwp%2Fv2%2Fcomments&post=4253"}],"version-history":[{"count":1,"href":"https:\/\/portalararasdenoticias.com.br\/index.php?rest_route=\/wp\/v2\/posts\/4253\/revisions"}],"predecessor-version":[{"id":4255,"href":"https:\/\/portalararasdenoticias.com.br\/index.php?rest_route=\/wp\/v2\/posts\/4253\/revisions\/4255"}],"wp:featuredmedia":[{"embeddable":true,"href":"https:\/\/portalararasdenoticias.com.br\/index.php?rest_route=\/wp\/v2\/media\/4254"}],"wp:attachment":[{"href":"https:\/\/portalararasdenoticias.com.br\/index.php?rest_route=%2Fwp%2Fv2%2Fmedia&parent=4253"}],"wp:term":[{"taxonomy":"category","embeddable":true,"href":"https:\/\/portalararasdenoticias.com.br\/index.php?rest_route=%2Fwp%2Fv2%2Fcategories&post=4253"},{"taxonomy":"post_tag","embeddable":true,"href":"https:\/\/portalararasdenoticias.com.br\/index.php?rest_route=%2Fwp%2Fv2%2Ftags&post=4253"}],"curies":[{"name":"wp","href":"https:\/\/api.w.org\/{rel}","templated":true}]}}