{"id":4259,"date":"2023-02-16T22:08:32","date_gmt":"2023-02-17T01:08:32","guid":{"rendered":"https:\/\/portalararasdenoticias.com.br\/?p=4259"},"modified":"2025-03-24T09:05:43","modified_gmt":"2025-03-24T12:05:43","slug":"nao-se-morre-o-que-e-eterno-diz-filha-de-ex-governador-amazonino-mendes-em-homenagem","status":"publish","type":"post","link":"https:\/\/portalararasdenoticias.com.br\/?p=4259","title":{"rendered":"&#8216;N\u00e3o se morre o que \u00e9 eterno&#8217;, diz filha de ex-governador Amazonino Mendes em homenagem"},"content":{"rendered":"\n<h2 class=\"wp-block-heading\">L\u00edvia Mendes usou as redes sociais do pai para prestar uma homenagem ao pol\u00edtico, que morreu no domingo (12).<\/h2>\n\n\n\n<p>A filha Amazonino Mendes, L\u00edvia Mendes, usou as redes sociais do pai para prestar uma homenagem ao pol\u00edtico,&nbsp;<a href=\"https:\/\/g1.globo.com\/am\/amazonas\/noticia\/2023\/02\/12\/amazonino-mendes-ex-governador-do-am-morre-aos-83-anos.ghtml\">que morreu no domingo (12)<\/a>.<a href=\"https:\/\/g1.globo.com\/am\/amazonas\/noticia\/2023\/02\/16\/corpo-de-amazonino-mendes-chega-a-manaus-para-ser-velado-no-teatro-amazonas.ghtml\">&nbsp;<\/a>O corpo do ex-governador do Amazonas<a href=\"https:\/\/g1.globo.com\/am\/amazonas\/noticia\/2023\/02\/16\/corpo-de-amazonino-mendes-chega-a-manaus-para-ser-velado-no-teatro-amazonas.ghtml\">&nbsp;chegou a Manaus na manh\u00e3 desta quinta-feira (16)&nbsp;<\/a>e ser\u00e1 velado em cerim\u00f4nia p\u00fablica.<\/p>\n\n\n\n<p>L\u00edvia, que foi diretora-presidente da Funda\u00e7\u00e3o Municipal de Cultura (Manauscult) durante a \u00faltima gest\u00e3o do pai \u00e0 frente da Prefeitura de&nbsp;<a href=\"https:\/\/g1.globo.com\/am\/amazonas\/cidade\/manaus\/\">Manaus<\/a>, disse que Amazonino&nbsp;&#8220;provou ser um grande estadista, um pol\u00edtico de voca\u00e7\u00e3o, como j\u00e1 n\u00e3o existe mais&#8221;.<\/p>\n\n\n\n<p>&#8220;Ele n\u00e3o est\u00e1 morto! N\u00e3o como todos insistiam que seria. N\u00e3o se &#8220;morre&#8221; a obra de tantas vidas. Vidas que couberam no cora\u00e7\u00e3o desse grande Amazonense. Ao nascer n\u00f3s choramos e ao partir n\u00f3s dormimos. Ele dormiu e eu vim, como prometi, pra [sic] dizer que t\u00e1 tudo bem. Que ficaremos todos bem e que t\u00e1 na hora de parar de se preocupar. E isso n\u00e3o se estende s\u00f3 a nossa fam\u00edlia, mas a todos os amazonenses que ele conheceu e procurou servir&#8221;.<\/p>\n\n\n\n<p>A filha de Amazonino tamb\u00e9m exaltou as obras do pai e o chamou de &#8220;homem forte, digno, amado e respeitado&#8221;.<\/p>\n\n\n\n<p>Para ela, o pol\u00edtico, nascido em Eirunep\u00e9 e governador do Amazonas por quatro vezes, teve uma vida extraordin\u00e1ria, e quando chegou a hora de partir &#8220;se deixou levar pelo rio da finitude do corpo, para depois voar livre desse mundo dif\u00edcil que tanto lutou por melhorar&#8221;.<\/p>\n\n\n\n<p>&#8220;[Ele] n\u00e3o deixou nada por fazer e nada por viver. Foi uma vida extraordin\u00e1ria para aquele caboclo do interior. Ele se provou um grande estadista, um pol\u00edtico de voca\u00e7\u00e3o, como j\u00e1 n\u00e3o existe mais. Meu pai Amazonino Armando Mendes \u00e9 para sempre o sin\u00f4nimo do Estado do Amazonas. Da cor morena, do sorriso lindo, da esperteza das calhas, do peixe, da farinha, do &#8220;cozid\u00e3o&#8221;, das frutas que s\u00f3 a gente tem&#8221;, afirmou a artista, que continuou<\/p>\n\n\n\n<p>:<\/p>\n\n\n\n<p>Conhecido carinhosamente pela popula\u00e7\u00e3o amazonense como &#8216;Neg\u00e3o, &#8216;Abelinha&#8217;, &#8216;Mazoca&#8217; ou &#8216;Nino&#8217;, o pol\u00edtico marcou gera\u00e7\u00f5es e entrou para a hist\u00f3ria do estado como uma figura querida por muitos, respeitada por outros tantos e criticada por quem achava que ele poderia fazer muito mais, afinal, como diria Maquiavel &#8220;tornamo-nos odiados tanto fazendo o bem quanto o mal&#8221;.<\/p>\n\n\n\n<p>Foram quatro vezes \u00e0 frente do governo do estado, tr\u00eas vezes prefeito de Manaus e uma vez senador da rep\u00fablica. A biografia, para o cientista pol\u00edtico Carlos Santiago, \u00e9 suficiente para tornar Amazonino Mendes um pol\u00edtico que t\u00e3o cedo n\u00e3o ter\u00e1 um sucessor pelo seu jeito singular de governar o Amazonas e o seu povo.<\/p>\n\n\n\n<p><\/p>\n","protected":false},"excerpt":{"rendered":"<p>L\u00edvia Mendes usou as redes sociais do pai para prestar uma homenagem ao pol\u00edtico, que morreu no domingo (12). A filha Amazonino Mendes, L\u00edvia Mendes, usou as redes sociais do pai para prestar uma homenagem ao pol\u00edtico,&nbsp;que morreu no domingo (12).&nbsp;O corpo do ex-governador do Amazonas&nbsp;chegou a Manaus na manh\u00e3 desta quinta-feira (16)&nbsp;e ser\u00e1 velado [&hellip;]<\/p>\n","protected":false},"author":5,"featured_media":4260,"comment_status":"open","ping_status":"open","sticky":true,"template":"","format":"standard","meta":{"footnotes":""},"categories":[34],"tags":[],"class_list":["post-4259","post","type-post","status-publish","format-standard","has-post-thumbnail","hentry","category-jornalismo"],"yoast_head":"<!-- This site is optimized with the Yoast SEO plugin v27.0 - https:\/\/yoast.com\/product\/yoast-seo-wordpress\/ -->\n<title>&#039;N\u00e3o se morre o que \u00e9 eterno&#039;, diz filha de ex-governador Amazonino Mendes em homenagem - Portal Araras de Not\u00edcias<\/title>\n<meta name=\"robots\" content=\"index, follow, max-snippet:-1, max-image-preview:large, max-video-preview:-1\" \/>\n<link rel=\"canonical\" href=\"https:\/\/portalararasdenoticias.com.br\/?p=4259\" \/>\n<meta property=\"og:locale\" content=\"pt_BR\" \/>\n<meta property=\"og:type\" content=\"article\" \/>\n<meta property=\"og:title\" content=\"&#039;N\u00e3o se morre o que \u00e9 eterno&#039;, diz filha de ex-governador Amazonino Mendes em homenagem - Portal Araras de Not\u00edcias\" \/>\n<meta property=\"og:description\" content=\"L\u00edvia Mendes usou as redes sociais do pai para prestar uma homenagem ao pol\u00edtico, que morreu no domingo (12). A filha Amazonino Mendes, L\u00edvia Mendes, usou as redes sociais do pai para prestar uma homenagem ao pol\u00edtico,&nbsp;que morreu no domingo (12).&nbsp;O corpo do ex-governador do Amazonas&nbsp;chegou a Manaus na manh\u00e3 desta quinta-feira (16)&nbsp;e ser\u00e1 velado [&hellip;]\" \/>\n<meta property=\"og:url\" content=\"https:\/\/portalararasdenoticias.com.br\/?p=4259\" \/>\n<meta property=\"og:site_name\" content=\"Portal Araras de Not\u00edcias\" \/>\n<meta property=\"article:published_time\" content=\"2023-02-17T01:08:32+00:00\" \/>\n<meta property=\"article:modified_time\" content=\"2025-03-24T12:05:43+00:00\" \/>\n<meta property=\"og:image\" content=\"https:\/\/portalararasdenoticias.com.br\/wp-content\/uploads\/2023\/02\/livia-mendes.jpeg\" \/>\n\t<meta property=\"og:image:width\" content=\"885\" \/>\n\t<meta property=\"og:image:height\" content=\"552\" \/>\n\t<meta property=\"og:image:type\" content=\"image\/jpeg\" \/>\n<meta name=\"author\" content=\"Portal Araras de Noticias\" \/>\n<meta name=\"twitter:card\" content=\"summary_large_image\" \/>\n<meta name=\"twitter:label1\" content=\"Escrito por\" \/>\n\t<meta name=\"twitter:data1\" content=\"Portal Araras de Noticias\" \/>\n\t<meta name=\"twitter:label2\" content=\"Est. tempo de leitura\" \/>\n\t<meta name=\"twitter:data2\" content=\"2 minutos\" \/>\n<script type=\"application\/ld+json\" class=\"yoast-schema-graph\">{\"@context\":\"https:\/\/schema.org\",\"@graph\":[{\"@type\":\"Article\",\"@id\":\"https:\/\/portalararasdenoticias.com.br\/?p=4259#article\",\"isPartOf\":{\"@id\":\"https:\/\/portalararasdenoticias.com.br\/?p=4259\"},\"author\":{\"name\":\"Portal Araras de Noticias\",\"@id\":\"https:\/\/portalararasdenoticias.com.br\/#\/schema\/person\/a6190507efe29dea1049d60d05ed5c0a\"},\"headline\":\"&#8216;N\u00e3o se morre o que \u00e9 eterno&#8217;, diz filha de ex-governador Amazonino Mendes em homenagem\",\"datePublished\":\"2023-02-17T01:08:32+00:00\",\"dateModified\":\"2025-03-24T12:05:43+00:00\",\"mainEntityOfPage\":{\"@id\":\"https:\/\/portalararasdenoticias.com.br\/?p=4259\"},\"wordCount\":493,\"commentCount\":0,\"image\":{\"@id\":\"https:\/\/portalararasdenoticias.com.br\/?p=4259#primaryimage\"},\"thumbnailUrl\":\"https:\/\/portalararasdenoticias.com.br\/wp-content\/uploads\/2023\/02\/livia-mendes.jpeg\",\"articleSection\":[\"jornalismo\"],\"inLanguage\":\"pt-BR\",\"potentialAction\":[{\"@type\":\"CommentAction\",\"name\":\"Comment\",\"target\":[\"https:\/\/portalararasdenoticias.com.br\/?p=4259#respond\"]}]},{\"@type\":\"WebPage\",\"@id\":\"https:\/\/portalararasdenoticias.com.br\/?p=4259\",\"url\":\"https:\/\/portalararasdenoticias.com.br\/?p=4259\",\"name\":\"'N\u00e3o se morre o que \u00e9 eterno', diz filha de ex-governador Amazonino Mendes em homenagem - Portal Araras de Not\u00edcias\",\"isPartOf\":{\"@id\":\"https:\/\/portalararasdenoticias.com.br\/#website\"},\"primaryImageOfPage\":{\"@id\":\"https:\/\/portalararasdenoticias.com.br\/?p=4259#primaryimage\"},\"image\":{\"@id\":\"https:\/\/portalararasdenoticias.com.br\/?p=4259#primaryimage\"},\"thumbnailUrl\":\"https:\/\/portalararasdenoticias.com.br\/wp-content\/uploads\/2023\/02\/livia-mendes.jpeg\",\"datePublished\":\"2023-02-17T01:08:32+00:00\",\"dateModified\":\"2025-03-24T12:05:43+00:00\",\"author\":{\"@id\":\"https:\/\/portalararasdenoticias.com.br\/#\/schema\/person\/a6190507efe29dea1049d60d05ed5c0a\"},\"breadcrumb\":{\"@id\":\"https:\/\/portalararasdenoticias.com.br\/?p=4259#breadcrumb\"},\"inLanguage\":\"pt-BR\",\"potentialAction\":[{\"@type\":\"ReadAction\",\"target\":[\"https:\/\/portalararasdenoticias.com.br\/?p=4259\"]}]},{\"@type\":\"ImageObject\",\"inLanguage\":\"pt-BR\",\"@id\":\"https:\/\/portalararasdenoticias.com.br\/?p=4259#primaryimage\",\"url\":\"https:\/\/portalararasdenoticias.com.br\/wp-content\/uploads\/2023\/02\/livia-mendes.jpeg\",\"contentUrl\":\"https:\/\/portalararasdenoticias.com.br\/wp-content\/uploads\/2023\/02\/livia-mendes.jpeg\",\"width\":885,\"height\":552},{\"@type\":\"BreadcrumbList\",\"@id\":\"https:\/\/portalararasdenoticias.com.br\/?p=4259#breadcrumb\",\"itemListElement\":[{\"@type\":\"ListItem\",\"position\":1,\"name\":\"In\u00edcio\",\"item\":\"https:\/\/portalararasdenoticias.com.br\/\"},{\"@type\":\"ListItem\",\"position\":2,\"name\":\"&#8216;N\u00e3o se morre o que \u00e9 eterno&#8217;, diz filha de ex-governador Amazonino Mendes em homenagem\"}]},{\"@type\":\"WebSite\",\"@id\":\"https:\/\/portalararasdenoticias.com.br\/#website\",\"url\":\"https:\/\/portalararasdenoticias.com.br\/\",\"name\":\"Portal Araras de Not\u00edcias\",\"description\":\"O Seu Portal de Not\u00edcias\",\"potentialAction\":[{\"@type\":\"SearchAction\",\"target\":{\"@type\":\"EntryPoint\",\"urlTemplate\":\"https:\/\/portalararasdenoticias.com.br\/?s={search_term_string}\"},\"query-input\":{\"@type\":\"PropertyValueSpecification\",\"valueRequired\":true,\"valueName\":\"search_term_string\"}}],\"inLanguage\":\"pt-BR\"},{\"@type\":\"Person\",\"@id\":\"https:\/\/portalararasdenoticias.com.br\/#\/schema\/person\/a6190507efe29dea1049d60d05ed5c0a\",\"name\":\"Portal Araras de Noticias\",\"image\":{\"@type\":\"ImageObject\",\"inLanguage\":\"pt-BR\",\"@id\":\"https:\/\/portalararasdenoticias.com.br\/#\/schema\/person\/image\/\",\"url\":\"https:\/\/secure.gravatar.com\/avatar\/4df7c42bc08e78bc9b6e13086fafc161bdf01220657cd93de3d828ab6c60d469?s=96&d=mm&r=g\",\"contentUrl\":\"https:\/\/secure.gravatar.com\/avatar\/4df7c42bc08e78bc9b6e13086fafc161bdf01220657cd93de3d828ab6c60d469?s=96&d=mm&r=g\",\"caption\":\"Portal Araras de Noticias\"},\"sameAs\":[\"https:\/\/portalararasdenoticias.com.br\/\"],\"url\":\"https:\/\/portalararasdenoticias.com.br\/?author=5\"}]}<\/script>\n<!-- \/ Yoast SEO plugin. -->","yoast_head_json":{"title":"'N\u00e3o se morre o que \u00e9 eterno', diz filha de ex-governador Amazonino Mendes em homenagem - Portal Araras de Not\u00edcias","robots":{"index":"index","follow":"follow","max-snippet":"max-snippet:-1","max-image-preview":"max-image-preview:large","max-video-preview":"max-video-preview:-1"},"canonical":"https:\/\/portalararasdenoticias.com.br\/?p=4259","og_locale":"pt_BR","og_type":"article","og_title":"'N\u00e3o se morre o que \u00e9 eterno', diz filha de ex-governador Amazonino Mendes em homenagem - Portal Araras de Not\u00edcias","og_description":"L\u00edvia Mendes usou as redes sociais do pai para prestar uma homenagem ao pol\u00edtico, que morreu no domingo (12). A filha Amazonino Mendes, L\u00edvia Mendes, usou as redes sociais do pai para prestar uma homenagem ao pol\u00edtico,&nbsp;que morreu no domingo (12).&nbsp;O corpo do ex-governador do Amazonas&nbsp;chegou a Manaus na manh\u00e3 desta quinta-feira (16)&nbsp;e ser\u00e1 velado [&hellip;]","og_url":"https:\/\/portalararasdenoticias.com.br\/?p=4259","og_site_name":"Portal Araras de Not\u00edcias","article_published_time":"2023-02-17T01:08:32+00:00","article_modified_time":"2025-03-24T12:05:43+00:00","og_image":[{"width":885,"height":552,"url":"https:\/\/portalararasdenoticias.com.br\/wp-content\/uploads\/2023\/02\/livia-mendes.jpeg","type":"image\/jpeg"}],"author":"Portal Araras de Noticias","twitter_card":"summary_large_image","twitter_misc":{"Escrito por":"Portal Araras de Noticias","Est. tempo de leitura":"2 minutos"},"schema":{"@context":"https:\/\/schema.org","@graph":[{"@type":"Article","@id":"https:\/\/portalararasdenoticias.com.br\/?p=4259#article","isPartOf":{"@id":"https:\/\/portalararasdenoticias.com.br\/?p=4259"},"author":{"name":"Portal Araras de Noticias","@id":"https:\/\/portalararasdenoticias.com.br\/#\/schema\/person\/a6190507efe29dea1049d60d05ed5c0a"},"headline":"&#8216;N\u00e3o se morre o que \u00e9 eterno&#8217;, diz filha de ex-governador Amazonino Mendes em homenagem","datePublished":"2023-02-17T01:08:32+00:00","dateModified":"2025-03-24T12:05:43+00:00","mainEntityOfPage":{"@id":"https:\/\/portalararasdenoticias.com.br\/?p=4259"},"wordCount":493,"commentCount":0,"image":{"@id":"https:\/\/portalararasdenoticias.com.br\/?p=4259#primaryimage"},"thumbnailUrl":"https:\/\/portalararasdenoticias.com.br\/wp-content\/uploads\/2023\/02\/livia-mendes.jpeg","articleSection":["jornalismo"],"inLanguage":"pt-BR","potentialAction":[{"@type":"CommentAction","name":"Comment","target":["https:\/\/portalararasdenoticias.com.br\/?p=4259#respond"]}]},{"@type":"WebPage","@id":"https:\/\/portalararasdenoticias.com.br\/?p=4259","url":"https:\/\/portalararasdenoticias.com.br\/?p=4259","name":"'N\u00e3o se morre o que \u00e9 eterno', diz filha de ex-governador Amazonino Mendes em homenagem - Portal Araras de Not\u00edcias","isPartOf":{"@id":"https:\/\/portalararasdenoticias.com.br\/#website"},"primaryImageOfPage":{"@id":"https:\/\/portalararasdenoticias.com.br\/?p=4259#primaryimage"},"image":{"@id":"https:\/\/portalararasdenoticias.com.br\/?p=4259#primaryimage"},"thumbnailUrl":"https:\/\/portalararasdenoticias.com.br\/wp-content\/uploads\/2023\/02\/livia-mendes.jpeg","datePublished":"2023-02-17T01:08:32+00:00","dateModified":"2025-03-24T12:05:43+00:00","author":{"@id":"https:\/\/portalararasdenoticias.com.br\/#\/schema\/person\/a6190507efe29dea1049d60d05ed5c0a"},"breadcrumb":{"@id":"https:\/\/portalararasdenoticias.com.br\/?p=4259#breadcrumb"},"inLanguage":"pt-BR","potentialAction":[{"@type":"ReadAction","target":["https:\/\/portalararasdenoticias.com.br\/?p=4259"]}]},{"@type":"ImageObject","inLanguage":"pt-BR","@id":"https:\/\/portalararasdenoticias.com.br\/?p=4259#primaryimage","url":"https:\/\/portalararasdenoticias.com.br\/wp-content\/uploads\/2023\/02\/livia-mendes.jpeg","contentUrl":"https:\/\/portalararasdenoticias.com.br\/wp-content\/uploads\/2023\/02\/livia-mendes.jpeg","width":885,"height":552},{"@type":"BreadcrumbList","@id":"https:\/\/portalararasdenoticias.com.br\/?p=4259#breadcrumb","itemListElement":[{"@type":"ListItem","position":1,"name":"In\u00edcio","item":"https:\/\/portalararasdenoticias.com.br\/"},{"@type":"ListItem","position":2,"name":"&#8216;N\u00e3o se morre o que \u00e9 eterno&#8217;, diz filha de ex-governador Amazonino Mendes em homenagem"}]},{"@type":"WebSite","@id":"https:\/\/portalararasdenoticias.com.br\/#website","url":"https:\/\/portalararasdenoticias.com.br\/","name":"Portal Araras de Not\u00edcias","description":"O Seu Portal de Not\u00edcias","potentialAction":[{"@type":"SearchAction","target":{"@type":"EntryPoint","urlTemplate":"https:\/\/portalararasdenoticias.com.br\/?s={search_term_string}"},"query-input":{"@type":"PropertyValueSpecification","valueRequired":true,"valueName":"search_term_string"}}],"inLanguage":"pt-BR"},{"@type":"Person","@id":"https:\/\/portalararasdenoticias.com.br\/#\/schema\/person\/a6190507efe29dea1049d60d05ed5c0a","name":"Portal Araras de Noticias","image":{"@type":"ImageObject","inLanguage":"pt-BR","@id":"https:\/\/portalararasdenoticias.com.br\/#\/schema\/person\/image\/","url":"https:\/\/secure.gravatar.com\/avatar\/4df7c42bc08e78bc9b6e13086fafc161bdf01220657cd93de3d828ab6c60d469?s=96&d=mm&r=g","contentUrl":"https:\/\/secure.gravatar.com\/avatar\/4df7c42bc08e78bc9b6e13086fafc161bdf01220657cd93de3d828ab6c60d469?s=96&d=mm&r=g","caption":"Portal Araras de Noticias"},"sameAs":["https:\/\/portalararasdenoticias.com.br\/"],"url":"https:\/\/portalararasdenoticias.com.br\/?author=5"}]}},"_links":{"self":[{"href":"https:\/\/portalararasdenoticias.com.br\/index.php?rest_route=\/wp\/v2\/posts\/4259","targetHints":{"allow":["GET"]}}],"collection":[{"href":"https:\/\/portalararasdenoticias.com.br\/index.php?rest_route=\/wp\/v2\/posts"}],"about":[{"href":"https:\/\/portalararasdenoticias.com.br\/index.php?rest_route=\/wp\/v2\/types\/post"}],"author":[{"embeddable":true,"href":"https:\/\/portalararasdenoticias.com.br\/index.php?rest_route=\/wp\/v2\/users\/5"}],"replies":[{"embeddable":true,"href":"https:\/\/portalararasdenoticias.com.br\/index.php?rest_route=%2Fwp%2Fv2%2Fcomments&post=4259"}],"version-history":[{"count":1,"href":"https:\/\/portalararasdenoticias.com.br\/index.php?rest_route=\/wp\/v2\/posts\/4259\/revisions"}],"predecessor-version":[{"id":4261,"href":"https:\/\/portalararasdenoticias.com.br\/index.php?rest_route=\/wp\/v2\/posts\/4259\/revisions\/4261"}],"wp:featuredmedia":[{"embeddable":true,"href":"https:\/\/portalararasdenoticias.com.br\/index.php?rest_route=\/wp\/v2\/media\/4260"}],"wp:attachment":[{"href":"https:\/\/portalararasdenoticias.com.br\/index.php?rest_route=%2Fwp%2Fv2%2Fmedia&parent=4259"}],"wp:term":[{"taxonomy":"category","embeddable":true,"href":"https:\/\/portalararasdenoticias.com.br\/index.php?rest_route=%2Fwp%2Fv2%2Fcategories&post=4259"},{"taxonomy":"post_tag","embeddable":true,"href":"https:\/\/portalararasdenoticias.com.br\/index.php?rest_route=%2Fwp%2Fv2%2Ftags&post=4259"}],"curies":[{"name":"wp","href":"https:\/\/api.w.org\/{rel}","templated":true}]}}