{"id":4340,"date":"2023-03-08T22:58:14","date_gmt":"2023-03-09T01:58:14","guid":{"rendered":"https:\/\/portalararasdenoticias.com.br\/?p=4340"},"modified":"2023-03-08T22:59:20","modified_gmt":"2023-03-09T01:59:20","slug":"elenco-de-o-rio-do-desejo-toma-cafe-da-manha-em-manaus-sophie-charlotte-e-daniel-oliveira-foram-vistos-tomando-cafe-da-manha-em-manaus","status":"publish","type":"post","link":"https:\/\/portalararasdenoticias.com.br\/?p=4340","title":{"rendered":"Elenco de \u2018O Rio do Desejo\u2019 toma caf\u00e9 da manh\u00e3 em Manaus Sophie Charlotte e Daniel Oliveira foram vistos tomando caf\u00e9 da manh\u00e3 em Manaus."},"content":{"rendered":"\n<p>Manaus (AM) \u2013 Na manh\u00e3 dessa segunda-feira ( Sophie Charlotte e Daniel Oliveira tomaram caf\u00e9 da manh\u00e3 em um restaurante de Manaus, antes de voltar para o Rio de Janeiro. O elenco esteve presente no Teatro Amazonas nesta ter\u00e7a-feira (7) para a pr\u00e9-estreia do longa \u201cO Rio do Desejo\u201d, a produ\u00e7\u00e3o conta com o roteirista amazonense Milton Hatoum, dire\u00e7\u00e3o de S\u00e9rgio Machado.\u201cO Rio do Desejo \u00e9 uma trag\u00e9dia amaz\u00f4nica com liga\u00e7\u00f5es muito pr\u00f3ximas dos par\u00e2metros gregos do que \u00e9 tr\u00e1gico, com elementos irrevers\u00edveis e imponder\u00e1veis do encontro destas pessoas, al\u00e9m das paix\u00f5es estabelecidas naquela realidade. Neste sentido, a figura do feminino muito forte entrando avassalador neste local sufocante torna insustent\u00e1vel a manuten\u00e7\u00e3o do sistema vivido pelos tr\u00eas irm\u00e3os\u201d, disse Sophie Charlotte durante entrevista ai Cine Set.A produ\u00e7\u00e3o de \u201cO Rio do Desejo\u201d foi gravada em Itacoatiara, cidade distante 270km de Manaus, tendo como foco tr\u00eas irm\u00e3os interpretados por Daniel de Oliveira, Gabriel Leone e R\u00f4mulo Braga que se apaixonam pela mesma mulher Ana\u00edra (Sophie Charlotte). O longa \u00e9 uma adapta\u00e7\u00e3o do conto \u201cO Adeus do Comandante\u201d, do livro \u201cCidade Ilhada\u201d, do premiado Hamilton Hatoum.<\/p>\n","protected":false},"excerpt":{"rendered":"<p>Manaus (AM) \u2013 Na manh\u00e3 dessa segunda-feira ( Sophie Charlotte e Daniel Oliveira tomaram caf\u00e9 da manh\u00e3 em um restaurante de Manaus, antes de voltar para o Rio de Janeiro. O elenco esteve presente no Teatro Amazonas nesta ter\u00e7a-feira (7) para a pr\u00e9-estreia do longa \u201cO Rio do Desejo\u201d, a produ\u00e7\u00e3o conta com o roteirista [&hellip;]<\/p>\n","protected":false},"author":5,"featured_media":4341,"comment_status":"open","ping_status":"open","sticky":true,"template":"","format":"standard","meta":{"footnotes":""},"categories":[34],"tags":[],"class_list":["post-4340","post","type-post","status-publish","format-standard","has-post-thumbnail","hentry","category-jornalismo"],"yoast_head":"<!-- This site is optimized with the Yoast SEO plugin v27.0 - https:\/\/yoast.com\/product\/yoast-seo-wordpress\/ -->\n<title>Elenco de \u2018O Rio do Desejo\u2019 toma caf\u00e9 da manh\u00e3 em Manaus Sophie Charlotte e Daniel Oliveira foram vistos tomando caf\u00e9 da manh\u00e3 em Manaus. - Portal Araras de Not\u00edcias<\/title>\n<meta name=\"robots\" content=\"index, follow, max-snippet:-1, max-image-preview:large, max-video-preview:-1\" \/>\n<link rel=\"canonical\" href=\"https:\/\/portalararasdenoticias.com.br\/?p=4340\" \/>\n<meta property=\"og:locale\" content=\"pt_BR\" \/>\n<meta property=\"og:type\" content=\"article\" \/>\n<meta property=\"og:title\" content=\"Elenco de \u2018O Rio do Desejo\u2019 toma caf\u00e9 da manh\u00e3 em Manaus Sophie Charlotte e Daniel Oliveira foram vistos tomando caf\u00e9 da manh\u00e3 em Manaus. - Portal Araras de Not\u00edcias\" \/>\n<meta property=\"og:description\" content=\"Manaus (AM) \u2013 Na manh\u00e3 dessa segunda-feira ( Sophie Charlotte e Daniel Oliveira tomaram caf\u00e9 da manh\u00e3 em um restaurante de Manaus, antes de voltar para o Rio de Janeiro. O elenco esteve presente no Teatro Amazonas nesta ter\u00e7a-feira (7) para a pr\u00e9-estreia do longa \u201cO Rio do Desejo\u201d, a produ\u00e7\u00e3o conta com o roteirista [&hellip;]\" \/>\n<meta property=\"og:url\" content=\"https:\/\/portalararasdenoticias.com.br\/?p=4340\" \/>\n<meta property=\"og:site_name\" content=\"Portal Araras de Not\u00edcias\" \/>\n<meta property=\"article:published_time\" content=\"2023-03-09T01:58:14+00:00\" \/>\n<meta property=\"article:modified_time\" content=\"2023-03-09T01:59:20+00:00\" \/>\n<meta property=\"og:image\" content=\"https:\/\/portalararasdenoticias.com.br\/wp-content\/uploads\/2023\/03\/images.jpg\" \/>\n\t<meta property=\"og:image:width\" content=\"259\" \/>\n\t<meta property=\"og:image:height\" content=\"194\" \/>\n\t<meta property=\"og:image:type\" content=\"image\/jpeg\" \/>\n<meta name=\"author\" content=\"Portal Araras de Noticias\" \/>\n<meta name=\"twitter:card\" content=\"summary_large_image\" \/>\n<meta name=\"twitter:label1\" content=\"Escrito por\" \/>\n\t<meta name=\"twitter:data1\" content=\"Portal Araras de Noticias\" \/>\n\t<meta name=\"twitter:label2\" content=\"Est. tempo de leitura\" \/>\n\t<meta name=\"twitter:data2\" content=\"1 minuto\" \/>\n<script type=\"application\/ld+json\" class=\"yoast-schema-graph\">{\"@context\":\"https:\/\/schema.org\",\"@graph\":[{\"@type\":\"Article\",\"@id\":\"https:\/\/portalararasdenoticias.com.br\/?p=4340#article\",\"isPartOf\":{\"@id\":\"https:\/\/portalararasdenoticias.com.br\/?p=4340\"},\"author\":{\"name\":\"Portal Araras de Noticias\",\"@id\":\"https:\/\/portalararasdenoticias.com.br\/#\/schema\/person\/a6190507efe29dea1049d60d05ed5c0a\"},\"headline\":\"Elenco de \u2018O Rio do Desejo\u2019 toma caf\u00e9 da manh\u00e3 em Manaus Sophie Charlotte e Daniel Oliveira foram vistos tomando caf\u00e9 da manh\u00e3 em Manaus.\",\"datePublished\":\"2023-03-09T01:58:14+00:00\",\"dateModified\":\"2023-03-09T01:59:20+00:00\",\"mainEntityOfPage\":{\"@id\":\"https:\/\/portalararasdenoticias.com.br\/?p=4340\"},\"wordCount\":230,\"commentCount\":0,\"image\":{\"@id\":\"https:\/\/portalararasdenoticias.com.br\/?p=4340#primaryimage\"},\"thumbnailUrl\":\"https:\/\/portalararasdenoticias.com.br\/wp-content\/uploads\/2023\/03\/images.jpg\",\"articleSection\":[\"jornalismo\"],\"inLanguage\":\"pt-BR\",\"potentialAction\":[{\"@type\":\"CommentAction\",\"name\":\"Comment\",\"target\":[\"https:\/\/portalararasdenoticias.com.br\/?p=4340#respond\"]}]},{\"@type\":\"WebPage\",\"@id\":\"https:\/\/portalararasdenoticias.com.br\/?p=4340\",\"url\":\"https:\/\/portalararasdenoticias.com.br\/?p=4340\",\"name\":\"Elenco de \u2018O Rio do Desejo\u2019 toma caf\u00e9 da manh\u00e3 em Manaus Sophie Charlotte e Daniel Oliveira foram vistos tomando caf\u00e9 da manh\u00e3 em Manaus. - Portal Araras de Not\u00edcias\",\"isPartOf\":{\"@id\":\"https:\/\/portalararasdenoticias.com.br\/#website\"},\"primaryImageOfPage\":{\"@id\":\"https:\/\/portalararasdenoticias.com.br\/?p=4340#primaryimage\"},\"image\":{\"@id\":\"https:\/\/portalararasdenoticias.com.br\/?p=4340#primaryimage\"},\"thumbnailUrl\":\"https:\/\/portalararasdenoticias.com.br\/wp-content\/uploads\/2023\/03\/images.jpg\",\"datePublished\":\"2023-03-09T01:58:14+00:00\",\"dateModified\":\"2023-03-09T01:59:20+00:00\",\"author\":{\"@id\":\"https:\/\/portalararasdenoticias.com.br\/#\/schema\/person\/a6190507efe29dea1049d60d05ed5c0a\"},\"breadcrumb\":{\"@id\":\"https:\/\/portalararasdenoticias.com.br\/?p=4340#breadcrumb\"},\"inLanguage\":\"pt-BR\",\"potentialAction\":[{\"@type\":\"ReadAction\",\"target\":[\"https:\/\/portalararasdenoticias.com.br\/?p=4340\"]}]},{\"@type\":\"ImageObject\",\"inLanguage\":\"pt-BR\",\"@id\":\"https:\/\/portalararasdenoticias.com.br\/?p=4340#primaryimage\",\"url\":\"https:\/\/portalararasdenoticias.com.br\/wp-content\/uploads\/2023\/03\/images.jpg\",\"contentUrl\":\"https:\/\/portalararasdenoticias.com.br\/wp-content\/uploads\/2023\/03\/images.jpg\",\"width\":259,\"height\":194},{\"@type\":\"BreadcrumbList\",\"@id\":\"https:\/\/portalararasdenoticias.com.br\/?p=4340#breadcrumb\",\"itemListElement\":[{\"@type\":\"ListItem\",\"position\":1,\"name\":\"In\u00edcio\",\"item\":\"https:\/\/portalararasdenoticias.com.br\/\"},{\"@type\":\"ListItem\",\"position\":2,\"name\":\"Elenco de \u2018O Rio do Desejo\u2019 toma caf\u00e9 da manh\u00e3 em Manaus Sophie Charlotte e Daniel Oliveira foram vistos tomando caf\u00e9 da manh\u00e3 em Manaus.\"}]},{\"@type\":\"WebSite\",\"@id\":\"https:\/\/portalararasdenoticias.com.br\/#website\",\"url\":\"https:\/\/portalararasdenoticias.com.br\/\",\"name\":\"Portal Araras de Not\u00edcias\",\"description\":\"O Seu Portal de Not\u00edcias\",\"potentialAction\":[{\"@type\":\"SearchAction\",\"target\":{\"@type\":\"EntryPoint\",\"urlTemplate\":\"https:\/\/portalararasdenoticias.com.br\/?s={search_term_string}\"},\"query-input\":{\"@type\":\"PropertyValueSpecification\",\"valueRequired\":true,\"valueName\":\"search_term_string\"}}],\"inLanguage\":\"pt-BR\"},{\"@type\":\"Person\",\"@id\":\"https:\/\/portalararasdenoticias.com.br\/#\/schema\/person\/a6190507efe29dea1049d60d05ed5c0a\",\"name\":\"Portal Araras de Noticias\",\"image\":{\"@type\":\"ImageObject\",\"inLanguage\":\"pt-BR\",\"@id\":\"https:\/\/portalararasdenoticias.com.br\/#\/schema\/person\/image\/\",\"url\":\"https:\/\/secure.gravatar.com\/avatar\/4df7c42bc08e78bc9b6e13086fafc161bdf01220657cd93de3d828ab6c60d469?s=96&d=mm&r=g\",\"contentUrl\":\"https:\/\/secure.gravatar.com\/avatar\/4df7c42bc08e78bc9b6e13086fafc161bdf01220657cd93de3d828ab6c60d469?s=96&d=mm&r=g\",\"caption\":\"Portal Araras de Noticias\"},\"sameAs\":[\"https:\/\/portalararasdenoticias.com.br\/\"],\"url\":\"https:\/\/portalararasdenoticias.com.br\/?author=5\"}]}<\/script>\n<!-- \/ Yoast SEO plugin. -->","yoast_head_json":{"title":"Elenco de \u2018O Rio do Desejo\u2019 toma caf\u00e9 da manh\u00e3 em Manaus Sophie Charlotte e Daniel Oliveira foram vistos tomando caf\u00e9 da manh\u00e3 em Manaus. - Portal Araras de Not\u00edcias","robots":{"index":"index","follow":"follow","max-snippet":"max-snippet:-1","max-image-preview":"max-image-preview:large","max-video-preview":"max-video-preview:-1"},"canonical":"https:\/\/portalararasdenoticias.com.br\/?p=4340","og_locale":"pt_BR","og_type":"article","og_title":"Elenco de \u2018O Rio do Desejo\u2019 toma caf\u00e9 da manh\u00e3 em Manaus Sophie Charlotte e Daniel Oliveira foram vistos tomando caf\u00e9 da manh\u00e3 em Manaus. - Portal Araras de Not\u00edcias","og_description":"Manaus (AM) \u2013 Na manh\u00e3 dessa segunda-feira ( Sophie Charlotte e Daniel Oliveira tomaram caf\u00e9 da manh\u00e3 em um restaurante de Manaus, antes de voltar para o Rio de Janeiro. O elenco esteve presente no Teatro Amazonas nesta ter\u00e7a-feira (7) para a pr\u00e9-estreia do longa \u201cO Rio do Desejo\u201d, a produ\u00e7\u00e3o conta com o roteirista [&hellip;]","og_url":"https:\/\/portalararasdenoticias.com.br\/?p=4340","og_site_name":"Portal Araras de Not\u00edcias","article_published_time":"2023-03-09T01:58:14+00:00","article_modified_time":"2023-03-09T01:59:20+00:00","og_image":[{"width":259,"height":194,"url":"https:\/\/portalararasdenoticias.com.br\/wp-content\/uploads\/2023\/03\/images.jpg","type":"image\/jpeg"}],"author":"Portal Araras de Noticias","twitter_card":"summary_large_image","twitter_misc":{"Escrito por":"Portal Araras de Noticias","Est. tempo de leitura":"1 minuto"},"schema":{"@context":"https:\/\/schema.org","@graph":[{"@type":"Article","@id":"https:\/\/portalararasdenoticias.com.br\/?p=4340#article","isPartOf":{"@id":"https:\/\/portalararasdenoticias.com.br\/?p=4340"},"author":{"name":"Portal Araras de Noticias","@id":"https:\/\/portalararasdenoticias.com.br\/#\/schema\/person\/a6190507efe29dea1049d60d05ed5c0a"},"headline":"Elenco de \u2018O Rio do Desejo\u2019 toma caf\u00e9 da manh\u00e3 em Manaus Sophie Charlotte e Daniel Oliveira foram vistos tomando caf\u00e9 da manh\u00e3 em Manaus.","datePublished":"2023-03-09T01:58:14+00:00","dateModified":"2023-03-09T01:59:20+00:00","mainEntityOfPage":{"@id":"https:\/\/portalararasdenoticias.com.br\/?p=4340"},"wordCount":230,"commentCount":0,"image":{"@id":"https:\/\/portalararasdenoticias.com.br\/?p=4340#primaryimage"},"thumbnailUrl":"https:\/\/portalararasdenoticias.com.br\/wp-content\/uploads\/2023\/03\/images.jpg","articleSection":["jornalismo"],"inLanguage":"pt-BR","potentialAction":[{"@type":"CommentAction","name":"Comment","target":["https:\/\/portalararasdenoticias.com.br\/?p=4340#respond"]}]},{"@type":"WebPage","@id":"https:\/\/portalararasdenoticias.com.br\/?p=4340","url":"https:\/\/portalararasdenoticias.com.br\/?p=4340","name":"Elenco de \u2018O Rio do Desejo\u2019 toma caf\u00e9 da manh\u00e3 em Manaus Sophie Charlotte e Daniel Oliveira foram vistos tomando caf\u00e9 da manh\u00e3 em Manaus. - Portal Araras de Not\u00edcias","isPartOf":{"@id":"https:\/\/portalararasdenoticias.com.br\/#website"},"primaryImageOfPage":{"@id":"https:\/\/portalararasdenoticias.com.br\/?p=4340#primaryimage"},"image":{"@id":"https:\/\/portalararasdenoticias.com.br\/?p=4340#primaryimage"},"thumbnailUrl":"https:\/\/portalararasdenoticias.com.br\/wp-content\/uploads\/2023\/03\/images.jpg","datePublished":"2023-03-09T01:58:14+00:00","dateModified":"2023-03-09T01:59:20+00:00","author":{"@id":"https:\/\/portalararasdenoticias.com.br\/#\/schema\/person\/a6190507efe29dea1049d60d05ed5c0a"},"breadcrumb":{"@id":"https:\/\/portalararasdenoticias.com.br\/?p=4340#breadcrumb"},"inLanguage":"pt-BR","potentialAction":[{"@type":"ReadAction","target":["https:\/\/portalararasdenoticias.com.br\/?p=4340"]}]},{"@type":"ImageObject","inLanguage":"pt-BR","@id":"https:\/\/portalararasdenoticias.com.br\/?p=4340#primaryimage","url":"https:\/\/portalararasdenoticias.com.br\/wp-content\/uploads\/2023\/03\/images.jpg","contentUrl":"https:\/\/portalararasdenoticias.com.br\/wp-content\/uploads\/2023\/03\/images.jpg","width":259,"height":194},{"@type":"BreadcrumbList","@id":"https:\/\/portalararasdenoticias.com.br\/?p=4340#breadcrumb","itemListElement":[{"@type":"ListItem","position":1,"name":"In\u00edcio","item":"https:\/\/portalararasdenoticias.com.br\/"},{"@type":"ListItem","position":2,"name":"Elenco de \u2018O Rio do Desejo\u2019 toma caf\u00e9 da manh\u00e3 em Manaus Sophie Charlotte e Daniel Oliveira foram vistos tomando caf\u00e9 da manh\u00e3 em Manaus."}]},{"@type":"WebSite","@id":"https:\/\/portalararasdenoticias.com.br\/#website","url":"https:\/\/portalararasdenoticias.com.br\/","name":"Portal Araras de Not\u00edcias","description":"O Seu Portal de Not\u00edcias","potentialAction":[{"@type":"SearchAction","target":{"@type":"EntryPoint","urlTemplate":"https:\/\/portalararasdenoticias.com.br\/?s={search_term_string}"},"query-input":{"@type":"PropertyValueSpecification","valueRequired":true,"valueName":"search_term_string"}}],"inLanguage":"pt-BR"},{"@type":"Person","@id":"https:\/\/portalararasdenoticias.com.br\/#\/schema\/person\/a6190507efe29dea1049d60d05ed5c0a","name":"Portal Araras de Noticias","image":{"@type":"ImageObject","inLanguage":"pt-BR","@id":"https:\/\/portalararasdenoticias.com.br\/#\/schema\/person\/image\/","url":"https:\/\/secure.gravatar.com\/avatar\/4df7c42bc08e78bc9b6e13086fafc161bdf01220657cd93de3d828ab6c60d469?s=96&d=mm&r=g","contentUrl":"https:\/\/secure.gravatar.com\/avatar\/4df7c42bc08e78bc9b6e13086fafc161bdf01220657cd93de3d828ab6c60d469?s=96&d=mm&r=g","caption":"Portal Araras de Noticias"},"sameAs":["https:\/\/portalararasdenoticias.com.br\/"],"url":"https:\/\/portalararasdenoticias.com.br\/?author=5"}]}},"_links":{"self":[{"href":"https:\/\/portalararasdenoticias.com.br\/index.php?rest_route=\/wp\/v2\/posts\/4340","targetHints":{"allow":["GET"]}}],"collection":[{"href":"https:\/\/portalararasdenoticias.com.br\/index.php?rest_route=\/wp\/v2\/posts"}],"about":[{"href":"https:\/\/portalararasdenoticias.com.br\/index.php?rest_route=\/wp\/v2\/types\/post"}],"author":[{"embeddable":true,"href":"https:\/\/portalararasdenoticias.com.br\/index.php?rest_route=\/wp\/v2\/users\/5"}],"replies":[{"embeddable":true,"href":"https:\/\/portalararasdenoticias.com.br\/index.php?rest_route=%2Fwp%2Fv2%2Fcomments&post=4340"}],"version-history":[{"count":1,"href":"https:\/\/portalararasdenoticias.com.br\/index.php?rest_route=\/wp\/v2\/posts\/4340\/revisions"}],"predecessor-version":[{"id":4342,"href":"https:\/\/portalararasdenoticias.com.br\/index.php?rest_route=\/wp\/v2\/posts\/4340\/revisions\/4342"}],"wp:featuredmedia":[{"embeddable":true,"href":"https:\/\/portalararasdenoticias.com.br\/index.php?rest_route=\/wp\/v2\/media\/4341"}],"wp:attachment":[{"href":"https:\/\/portalararasdenoticias.com.br\/index.php?rest_route=%2Fwp%2Fv2%2Fmedia&parent=4340"}],"wp:term":[{"taxonomy":"category","embeddable":true,"href":"https:\/\/portalararasdenoticias.com.br\/index.php?rest_route=%2Fwp%2Fv2%2Fcategories&post=4340"},{"taxonomy":"post_tag","embeddable":true,"href":"https:\/\/portalararasdenoticias.com.br\/index.php?rest_route=%2Fwp%2Fv2%2Ftags&post=4340"}],"curies":[{"name":"wp","href":"https:\/\/api.w.org\/{rel}","templated":true}]}}