{"id":451,"date":"2019-05-24T09:12:35","date_gmt":"2019-05-24T12:12:35","guid":{"rendered":"http:\/\/portalararasdenoticias.com.br\/?p=451"},"modified":"2019-05-24T09:12:37","modified_gmt":"2019-05-24T12:12:37","slug":"bora-prestigiar-a-linda-uniao-entre-o-mundo-da-moda-e-a-inclusao-social-o-sumaumaparkshoppingrecebera-a-primeira-edicao-do-amazon-fashion-down","status":"publish","type":"post","link":"https:\/\/portalararasdenoticias.com.br\/?p=451","title":{"rendered":"Bora prestigiar a linda uni\u00e3o entre o mundo da moda e a inclus\u00e3o social? O #Suma\u00famaParkShoppingreceber\u00e1 a primeira edi\u00e7\u00e3o do Amazon Fashion Down,"},"content":{"rendered":"\n<figure class=\"wp-block-image\"><img loading=\"lazy\" decoding=\"async\" width=\"960\" height=\"960\" src=\"http:\/\/portalararasdenoticias.com.br\/wp-content\/uploads\/2019\/05\/60550143_1307490096081859_8849331285030600704_n.jpg\" alt=\"\" class=\"wp-image-452\" srcset=\"https:\/\/portalararasdenoticias.com.br\/wp-content\/uploads\/2019\/05\/60550143_1307490096081859_8849331285030600704_n.jpg 960w, https:\/\/portalararasdenoticias.com.br\/wp-content\/uploads\/2019\/05\/60550143_1307490096081859_8849331285030600704_n-150x150.jpg 150w, https:\/\/portalararasdenoticias.com.br\/wp-content\/uploads\/2019\/05\/60550143_1307490096081859_8849331285030600704_n-300x300.jpg 300w, https:\/\/portalararasdenoticias.com.br\/wp-content\/uploads\/2019\/05\/60550143_1307490096081859_8849331285030600704_n-768x768.jpg 768w\" sizes=\"auto, (max-width: 960px) 100vw, 960px\" \/><\/figure>\n\n\n\n<p>Bora prestigiar a\nlinda uni\u00e3o entre o mundo da moda e a inclus\u00e3o social? O&nbsp;<a href=\"https:\/\/www.facebook.com\/hashtag\/suma%C3%BAmaparkshopping?epa=HASHTAG&amp;__xts__%5B0%5D=68.ARA0DyraywwXgRNSuoPGXD-sSLiXdPzooLbL7zAlf7L-eQaKPwSgH3gJ97GwzNF4L7VZKUdJ2nrx2Qd6Xq_Uh6mHTf6sh_IJz1cgw3LJxyoRygCiV-wDB_TNtXpIjy5OmlbX1r3lKPGHVrOZZBYZENOc64OMbsPmJft3CsmsWziizQAlbhx1Sbv9nYieszOJa0LNTyDunCJFoMe34vdYzxCB8g&amp;__tn__=%2ANK%2AF\">#Suma\u00famaParkShopping<\/a>receber\u00e1 a primeira edi\u00e7\u00e3o do Amazon Fashion Down, o primeiro\ndesfile de moda inclusiva da regi\u00e3o norte. O evento ainda vai contar com a\npresen\u00e7a do modelo nacional e internacional Jos\u00e9 Falcone, da modelo Plus Size\nKarina Lasmar e da primeira modelo mundial com microcefalia Ana Vict\u00f3ria.\nSomando o time solid\u00e1rio, o coordenador de eventos de moda Lucius Gon\u00e7alves\ntamb\u00e9m estar\u00e1 colaborando no desfile. Al\u00e9m da presen\u00e7a de misses do Estado do\nAmazonas.<br>\n<br>\nN\u00e3o perca! Dia 25 de maio, a partir das 18h, na Pra\u00e7a\nPrincipal do seu&nbsp;<a href=\"https:\/\/www.facebook.com\/hashtag\/suma?epa=HASHTAG&amp;__xts__%5B0%5D=68.ARA0DyraywwXgRNSuoPGXD-sSLiXdPzooLbL7zAlf7L-eQaKPwSgH3gJ97GwzNF4L7VZKUdJ2nrx2Qd6Xq_Uh6mHTf6sh_IJz1cgw3LJxyoRygCiV-wDB_TNtXpIjy5OmlbX1r3lKPGHVrOZZBYZENOc64OMbsPmJft3CsmsWziizQAlbhx1Sbv9nYieszOJa0LNTyDunCJFoMe34vdYzxCB8g&amp;__tn__=%2ANK%2AF\">#Suma<\/a>. AquiTemPaix\u00e3o&nbsp;<\/p>\n","protected":false},"excerpt":{"rendered":"<p>Bora prestigiar a linda uni\u00e3o entre o mundo da moda e a inclus\u00e3o social? O&nbsp;#Suma\u00famaParkShoppingreceber\u00e1 a primeira edi\u00e7\u00e3o do Amazon Fashion Down, o primeiro desfile de moda inclusiva da regi\u00e3o norte. O evento ainda vai contar com a presen\u00e7a do modelo nacional e internacional Jos\u00e9 Falcone, da modelo Plus Size Karina Lasmar e da primeira [&hellip;]<\/p>\n","protected":false},"author":5,"featured_media":452,"comment_status":"open","ping_status":"open","sticky":true,"template":"","format":"standard","meta":{"footnotes":""},"categories":[34],"tags":[],"class_list":["post-451","post","type-post","status-publish","format-standard","has-post-thumbnail","hentry","category-jornalismo"],"yoast_head":"<!-- This site is optimized with the Yoast SEO plugin v27.0 - https:\/\/yoast.com\/product\/yoast-seo-wordpress\/ -->\n<title>Bora prestigiar a linda uni\u00e3o entre o mundo da moda e a inclus\u00e3o social? O #Suma\u00famaParkShoppingreceber\u00e1 a primeira edi\u00e7\u00e3o do Amazon Fashion Down, - Portal Araras de Not\u00edcias<\/title>\n<meta name=\"robots\" content=\"index, follow, max-snippet:-1, max-image-preview:large, max-video-preview:-1\" \/>\n<link rel=\"canonical\" href=\"https:\/\/portalararasdenoticias.com.br\/?p=451\" \/>\n<meta property=\"og:locale\" content=\"pt_BR\" \/>\n<meta property=\"og:type\" content=\"article\" \/>\n<meta property=\"og:title\" content=\"Bora prestigiar a linda uni\u00e3o entre o mundo da moda e a inclus\u00e3o social? O #Suma\u00famaParkShoppingreceber\u00e1 a primeira edi\u00e7\u00e3o do Amazon Fashion Down, - Portal Araras de Not\u00edcias\" \/>\n<meta property=\"og:description\" content=\"Bora prestigiar a linda uni\u00e3o entre o mundo da moda e a inclus\u00e3o social? O&nbsp;#Suma\u00famaParkShoppingreceber\u00e1 a primeira edi\u00e7\u00e3o do Amazon Fashion Down, o primeiro desfile de moda inclusiva da regi\u00e3o norte. O evento ainda vai contar com a presen\u00e7a do modelo nacional e internacional Jos\u00e9 Falcone, da modelo Plus Size Karina Lasmar e da primeira [&hellip;]\" \/>\n<meta property=\"og:url\" content=\"https:\/\/portalararasdenoticias.com.br\/?p=451\" \/>\n<meta property=\"og:site_name\" content=\"Portal Araras de Not\u00edcias\" \/>\n<meta property=\"article:published_time\" content=\"2019-05-24T12:12:35+00:00\" \/>\n<meta property=\"article:modified_time\" content=\"2019-05-24T12:12:37+00:00\" \/>\n<meta property=\"og:image\" content=\"https:\/\/portalararasdenoticias.com.br\/wp-content\/uploads\/2019\/05\/60550143_1307490096081859_8849331285030600704_n.jpg\" \/>\n\t<meta property=\"og:image:width\" content=\"960\" \/>\n\t<meta property=\"og:image:height\" content=\"960\" \/>\n\t<meta property=\"og:image:type\" content=\"image\/jpeg\" \/>\n<meta name=\"author\" content=\"Portal Araras de Noticias\" \/>\n<meta name=\"twitter:card\" content=\"summary_large_image\" \/>\n<meta name=\"twitter:label1\" content=\"Escrito por\" \/>\n\t<meta name=\"twitter:data1\" content=\"Portal Araras de Noticias\" \/>\n\t<meta name=\"twitter:label2\" content=\"Est. tempo de leitura\" \/>\n\t<meta name=\"twitter:data2\" content=\"1 minuto\" \/>\n<script type=\"application\/ld+json\" class=\"yoast-schema-graph\">{\"@context\":\"https:\/\/schema.org\",\"@graph\":[{\"@type\":\"Article\",\"@id\":\"https:\/\/portalararasdenoticias.com.br\/?p=451#article\",\"isPartOf\":{\"@id\":\"https:\/\/portalararasdenoticias.com.br\/?p=451\"},\"author\":{\"name\":\"Portal Araras de Noticias\",\"@id\":\"https:\/\/portalararasdenoticias.com.br\/#\/schema\/person\/a6190507efe29dea1049d60d05ed5c0a\"},\"headline\":\"Bora prestigiar a linda uni\u00e3o entre o mundo da moda e a inclus\u00e3o social? O #Suma\u00famaParkShoppingreceber\u00e1 a primeira edi\u00e7\u00e3o do Amazon Fashion Down,\",\"datePublished\":\"2019-05-24T12:12:35+00:00\",\"dateModified\":\"2019-05-24T12:12:37+00:00\",\"mainEntityOfPage\":{\"@id\":\"https:\/\/portalararasdenoticias.com.br\/?p=451\"},\"wordCount\":149,\"commentCount\":0,\"image\":{\"@id\":\"https:\/\/portalararasdenoticias.com.br\/?p=451#primaryimage\"},\"thumbnailUrl\":\"https:\/\/portalararasdenoticias.com.br\/wp-content\/uploads\/2019\/05\/60550143_1307490096081859_8849331285030600704_n.jpg\",\"articleSection\":[\"jornalismo\"],\"inLanguage\":\"pt-BR\",\"potentialAction\":[{\"@type\":\"CommentAction\",\"name\":\"Comment\",\"target\":[\"https:\/\/portalararasdenoticias.com.br\/?p=451#respond\"]}]},{\"@type\":\"WebPage\",\"@id\":\"https:\/\/portalararasdenoticias.com.br\/?p=451\",\"url\":\"https:\/\/portalararasdenoticias.com.br\/?p=451\",\"name\":\"Bora prestigiar a linda uni\u00e3o entre o mundo da moda e a inclus\u00e3o social? O #Suma\u00famaParkShoppingreceber\u00e1 a primeira edi\u00e7\u00e3o do Amazon Fashion Down, - Portal Araras de Not\u00edcias\",\"isPartOf\":{\"@id\":\"https:\/\/portalararasdenoticias.com.br\/#website\"},\"primaryImageOfPage\":{\"@id\":\"https:\/\/portalararasdenoticias.com.br\/?p=451#primaryimage\"},\"image\":{\"@id\":\"https:\/\/portalararasdenoticias.com.br\/?p=451#primaryimage\"},\"thumbnailUrl\":\"https:\/\/portalararasdenoticias.com.br\/wp-content\/uploads\/2019\/05\/60550143_1307490096081859_8849331285030600704_n.jpg\",\"datePublished\":\"2019-05-24T12:12:35+00:00\",\"dateModified\":\"2019-05-24T12:12:37+00:00\",\"author\":{\"@id\":\"https:\/\/portalararasdenoticias.com.br\/#\/schema\/person\/a6190507efe29dea1049d60d05ed5c0a\"},\"breadcrumb\":{\"@id\":\"https:\/\/portalararasdenoticias.com.br\/?p=451#breadcrumb\"},\"inLanguage\":\"pt-BR\",\"potentialAction\":[{\"@type\":\"ReadAction\",\"target\":[\"https:\/\/portalararasdenoticias.com.br\/?p=451\"]}]},{\"@type\":\"ImageObject\",\"inLanguage\":\"pt-BR\",\"@id\":\"https:\/\/portalararasdenoticias.com.br\/?p=451#primaryimage\",\"url\":\"https:\/\/portalararasdenoticias.com.br\/wp-content\/uploads\/2019\/05\/60550143_1307490096081859_8849331285030600704_n.jpg\",\"contentUrl\":\"https:\/\/portalararasdenoticias.com.br\/wp-content\/uploads\/2019\/05\/60550143_1307490096081859_8849331285030600704_n.jpg\",\"width\":960,\"height\":960},{\"@type\":\"BreadcrumbList\",\"@id\":\"https:\/\/portalararasdenoticias.com.br\/?p=451#breadcrumb\",\"itemListElement\":[{\"@type\":\"ListItem\",\"position\":1,\"name\":\"In\u00edcio\",\"item\":\"https:\/\/portalararasdenoticias.com.br\/\"},{\"@type\":\"ListItem\",\"position\":2,\"name\":\"Bora prestigiar a linda uni\u00e3o entre o mundo da moda e a inclus\u00e3o social? O #Suma\u00famaParkShoppingreceber\u00e1 a primeira edi\u00e7\u00e3o do Amazon Fashion Down,\"}]},{\"@type\":\"WebSite\",\"@id\":\"https:\/\/portalararasdenoticias.com.br\/#website\",\"url\":\"https:\/\/portalararasdenoticias.com.br\/\",\"name\":\"Portal Araras de Not\u00edcias\",\"description\":\"O Seu Portal de Not\u00edcias\",\"potentialAction\":[{\"@type\":\"SearchAction\",\"target\":{\"@type\":\"EntryPoint\",\"urlTemplate\":\"https:\/\/portalararasdenoticias.com.br\/?s={search_term_string}\"},\"query-input\":{\"@type\":\"PropertyValueSpecification\",\"valueRequired\":true,\"valueName\":\"search_term_string\"}}],\"inLanguage\":\"pt-BR\"},{\"@type\":\"Person\",\"@id\":\"https:\/\/portalararasdenoticias.com.br\/#\/schema\/person\/a6190507efe29dea1049d60d05ed5c0a\",\"name\":\"Portal Araras de Noticias\",\"image\":{\"@type\":\"ImageObject\",\"inLanguage\":\"pt-BR\",\"@id\":\"https:\/\/portalararasdenoticias.com.br\/#\/schema\/person\/image\/\",\"url\":\"https:\/\/secure.gravatar.com\/avatar\/4df7c42bc08e78bc9b6e13086fafc161bdf01220657cd93de3d828ab6c60d469?s=96&d=mm&r=g\",\"contentUrl\":\"https:\/\/secure.gravatar.com\/avatar\/4df7c42bc08e78bc9b6e13086fafc161bdf01220657cd93de3d828ab6c60d469?s=96&d=mm&r=g\",\"caption\":\"Portal Araras de Noticias\"},\"sameAs\":[\"https:\/\/portalararasdenoticias.com.br\/\"],\"url\":\"https:\/\/portalararasdenoticias.com.br\/?author=5\"}]}<\/script>\n<!-- \/ Yoast SEO plugin. -->","yoast_head_json":{"title":"Bora prestigiar a linda uni\u00e3o entre o mundo da moda e a inclus\u00e3o social? O #Suma\u00famaParkShoppingreceber\u00e1 a primeira edi\u00e7\u00e3o do Amazon Fashion Down, - Portal Araras de Not\u00edcias","robots":{"index":"index","follow":"follow","max-snippet":"max-snippet:-1","max-image-preview":"max-image-preview:large","max-video-preview":"max-video-preview:-1"},"canonical":"https:\/\/portalararasdenoticias.com.br\/?p=451","og_locale":"pt_BR","og_type":"article","og_title":"Bora prestigiar a linda uni\u00e3o entre o mundo da moda e a inclus\u00e3o social? O #Suma\u00famaParkShoppingreceber\u00e1 a primeira edi\u00e7\u00e3o do Amazon Fashion Down, - Portal Araras de Not\u00edcias","og_description":"Bora prestigiar a linda uni\u00e3o entre o mundo da moda e a inclus\u00e3o social? O&nbsp;#Suma\u00famaParkShoppingreceber\u00e1 a primeira edi\u00e7\u00e3o do Amazon Fashion Down, o primeiro desfile de moda inclusiva da regi\u00e3o norte. O evento ainda vai contar com a presen\u00e7a do modelo nacional e internacional Jos\u00e9 Falcone, da modelo Plus Size Karina Lasmar e da primeira [&hellip;]","og_url":"https:\/\/portalararasdenoticias.com.br\/?p=451","og_site_name":"Portal Araras de Not\u00edcias","article_published_time":"2019-05-24T12:12:35+00:00","article_modified_time":"2019-05-24T12:12:37+00:00","og_image":[{"width":960,"height":960,"url":"https:\/\/portalararasdenoticias.com.br\/wp-content\/uploads\/2019\/05\/60550143_1307490096081859_8849331285030600704_n.jpg","type":"image\/jpeg"}],"author":"Portal Araras de Noticias","twitter_card":"summary_large_image","twitter_misc":{"Escrito por":"Portal Araras de Noticias","Est. tempo de leitura":"1 minuto"},"schema":{"@context":"https:\/\/schema.org","@graph":[{"@type":"Article","@id":"https:\/\/portalararasdenoticias.com.br\/?p=451#article","isPartOf":{"@id":"https:\/\/portalararasdenoticias.com.br\/?p=451"},"author":{"name":"Portal Araras de Noticias","@id":"https:\/\/portalararasdenoticias.com.br\/#\/schema\/person\/a6190507efe29dea1049d60d05ed5c0a"},"headline":"Bora prestigiar a linda uni\u00e3o entre o mundo da moda e a inclus\u00e3o social? O #Suma\u00famaParkShoppingreceber\u00e1 a primeira edi\u00e7\u00e3o do Amazon Fashion Down,","datePublished":"2019-05-24T12:12:35+00:00","dateModified":"2019-05-24T12:12:37+00:00","mainEntityOfPage":{"@id":"https:\/\/portalararasdenoticias.com.br\/?p=451"},"wordCount":149,"commentCount":0,"image":{"@id":"https:\/\/portalararasdenoticias.com.br\/?p=451#primaryimage"},"thumbnailUrl":"https:\/\/portalararasdenoticias.com.br\/wp-content\/uploads\/2019\/05\/60550143_1307490096081859_8849331285030600704_n.jpg","articleSection":["jornalismo"],"inLanguage":"pt-BR","potentialAction":[{"@type":"CommentAction","name":"Comment","target":["https:\/\/portalararasdenoticias.com.br\/?p=451#respond"]}]},{"@type":"WebPage","@id":"https:\/\/portalararasdenoticias.com.br\/?p=451","url":"https:\/\/portalararasdenoticias.com.br\/?p=451","name":"Bora prestigiar a linda uni\u00e3o entre o mundo da moda e a inclus\u00e3o social? O #Suma\u00famaParkShoppingreceber\u00e1 a primeira edi\u00e7\u00e3o do Amazon Fashion Down, - Portal Araras de Not\u00edcias","isPartOf":{"@id":"https:\/\/portalararasdenoticias.com.br\/#website"},"primaryImageOfPage":{"@id":"https:\/\/portalararasdenoticias.com.br\/?p=451#primaryimage"},"image":{"@id":"https:\/\/portalararasdenoticias.com.br\/?p=451#primaryimage"},"thumbnailUrl":"https:\/\/portalararasdenoticias.com.br\/wp-content\/uploads\/2019\/05\/60550143_1307490096081859_8849331285030600704_n.jpg","datePublished":"2019-05-24T12:12:35+00:00","dateModified":"2019-05-24T12:12:37+00:00","author":{"@id":"https:\/\/portalararasdenoticias.com.br\/#\/schema\/person\/a6190507efe29dea1049d60d05ed5c0a"},"breadcrumb":{"@id":"https:\/\/portalararasdenoticias.com.br\/?p=451#breadcrumb"},"inLanguage":"pt-BR","potentialAction":[{"@type":"ReadAction","target":["https:\/\/portalararasdenoticias.com.br\/?p=451"]}]},{"@type":"ImageObject","inLanguage":"pt-BR","@id":"https:\/\/portalararasdenoticias.com.br\/?p=451#primaryimage","url":"https:\/\/portalararasdenoticias.com.br\/wp-content\/uploads\/2019\/05\/60550143_1307490096081859_8849331285030600704_n.jpg","contentUrl":"https:\/\/portalararasdenoticias.com.br\/wp-content\/uploads\/2019\/05\/60550143_1307490096081859_8849331285030600704_n.jpg","width":960,"height":960},{"@type":"BreadcrumbList","@id":"https:\/\/portalararasdenoticias.com.br\/?p=451#breadcrumb","itemListElement":[{"@type":"ListItem","position":1,"name":"In\u00edcio","item":"https:\/\/portalararasdenoticias.com.br\/"},{"@type":"ListItem","position":2,"name":"Bora prestigiar a linda uni\u00e3o entre o mundo da moda e a inclus\u00e3o social? O #Suma\u00famaParkShoppingreceber\u00e1 a primeira edi\u00e7\u00e3o do Amazon Fashion Down,"}]},{"@type":"WebSite","@id":"https:\/\/portalararasdenoticias.com.br\/#website","url":"https:\/\/portalararasdenoticias.com.br\/","name":"Portal Araras de Not\u00edcias","description":"O Seu Portal de Not\u00edcias","potentialAction":[{"@type":"SearchAction","target":{"@type":"EntryPoint","urlTemplate":"https:\/\/portalararasdenoticias.com.br\/?s={search_term_string}"},"query-input":{"@type":"PropertyValueSpecification","valueRequired":true,"valueName":"search_term_string"}}],"inLanguage":"pt-BR"},{"@type":"Person","@id":"https:\/\/portalararasdenoticias.com.br\/#\/schema\/person\/a6190507efe29dea1049d60d05ed5c0a","name":"Portal Araras de Noticias","image":{"@type":"ImageObject","inLanguage":"pt-BR","@id":"https:\/\/portalararasdenoticias.com.br\/#\/schema\/person\/image\/","url":"https:\/\/secure.gravatar.com\/avatar\/4df7c42bc08e78bc9b6e13086fafc161bdf01220657cd93de3d828ab6c60d469?s=96&d=mm&r=g","contentUrl":"https:\/\/secure.gravatar.com\/avatar\/4df7c42bc08e78bc9b6e13086fafc161bdf01220657cd93de3d828ab6c60d469?s=96&d=mm&r=g","caption":"Portal Araras de Noticias"},"sameAs":["https:\/\/portalararasdenoticias.com.br\/"],"url":"https:\/\/portalararasdenoticias.com.br\/?author=5"}]}},"_links":{"self":[{"href":"https:\/\/portalararasdenoticias.com.br\/index.php?rest_route=\/wp\/v2\/posts\/451","targetHints":{"allow":["GET"]}}],"collection":[{"href":"https:\/\/portalararasdenoticias.com.br\/index.php?rest_route=\/wp\/v2\/posts"}],"about":[{"href":"https:\/\/portalararasdenoticias.com.br\/index.php?rest_route=\/wp\/v2\/types\/post"}],"author":[{"embeddable":true,"href":"https:\/\/portalararasdenoticias.com.br\/index.php?rest_route=\/wp\/v2\/users\/5"}],"replies":[{"embeddable":true,"href":"https:\/\/portalararasdenoticias.com.br\/index.php?rest_route=%2Fwp%2Fv2%2Fcomments&post=451"}],"version-history":[{"count":1,"href":"https:\/\/portalararasdenoticias.com.br\/index.php?rest_route=\/wp\/v2\/posts\/451\/revisions"}],"predecessor-version":[{"id":453,"href":"https:\/\/portalararasdenoticias.com.br\/index.php?rest_route=\/wp\/v2\/posts\/451\/revisions\/453"}],"wp:featuredmedia":[{"embeddable":true,"href":"https:\/\/portalararasdenoticias.com.br\/index.php?rest_route=\/wp\/v2\/media\/452"}],"wp:attachment":[{"href":"https:\/\/portalararasdenoticias.com.br\/index.php?rest_route=%2Fwp%2Fv2%2Fmedia&parent=451"}],"wp:term":[{"taxonomy":"category","embeddable":true,"href":"https:\/\/portalararasdenoticias.com.br\/index.php?rest_route=%2Fwp%2Fv2%2Fcategories&post=451"},{"taxonomy":"post_tag","embeddable":true,"href":"https:\/\/portalararasdenoticias.com.br\/index.php?rest_route=%2Fwp%2Fv2%2Ftags&post=451"}],"curies":[{"name":"wp","href":"https:\/\/api.w.org\/{rel}","templated":true}]}}