{"id":4605,"date":"2023-06-06T23:49:42","date_gmt":"2023-06-07T02:49:42","guid":{"rendered":"https:\/\/portalararasdenoticias.com.br\/?p=4605"},"modified":"2023-06-06T23:49:42","modified_gmt":"2023-06-07T02:49:42","slug":"festa-dos-visitantes-2023-pela-primeira-vez-sera-no-bumbodromo-de-parintins-atracoes-nacionais-ludmilla-e-simone-mendes-como-atracoes-principais","status":"publish","type":"post","link":"https:\/\/portalararasdenoticias.com.br\/?p=4605","title":{"rendered":"Festa dos Visitantes 2023, pela primeira vez sera no  Bumb\u00f3dromo de Parintins atra\u00e7oes nacionais Ludmilla e Simone Mendes como atra\u00e7\u00f5es principais."},"content":{"rendered":"\n<p>O Governo do Amazonas anunciou, na tarde desta ter\u00e7a-feira (06\/06), a realiza\u00e7\u00e3o da Festa dos Visitantes Parintins 2023, que acontecer\u00e1, pela primeira vez, no Bumb\u00f3dromo da cidade e ter\u00e1 as cantoras Ludmila e Simone Mendes como atra\u00e7\u00f5es nacionais. A festa contar\u00e1 com apoio da empresa Eneva, respons\u00e1vel pela contrata\u00e7\u00e3o das artistas.<\/p>\n\n\n\n<p>Em anos anteriores, a Secretaria de Cultura e Economia Criativa repassava recursos para a prefeitura do munic\u00edpio, que executava o evento. Este ano, com a realiza\u00e7\u00e3o da festa sob a responsabilidade do Governo do Estado, a secretaria prev\u00ea uma redu\u00e7\u00e3o de 35% dos custos da festa.<\/p>\n\n\n\n<p>O secret\u00e1rio de Cultura e Economia Criativa, Marcos Apolo Muniz, ressaltou que a escolha do local contou com a concord\u00e2ncia dos bumb\u00e1s Caprichoso e Garantido. Ele tamb\u00e9m refor\u00e7ou que o planejamento feito pela secretaria vai garantir a comodidade do p\u00fablico, sem comprometer a log\u00edstica que envolve o festival.<\/p>\n\n\n\n<p>\u201cN\u00f3s fizemos um trabalho de di\u00e1logo com os bois e com as empresas que prestam esse servi\u00e7o nesse per\u00edodo do Festival. Tudo foi feito de forma muito bem planejada para que a gente possa oferecer ao p\u00fablico mais um grande espet\u00e1culo e de modo algum comprometer a primeira noite do Festival\u201d.<\/p>\n\n\n\n<p>No dia 29 de junho, a partir das 12h, as vias de acesso ao Bumb\u00f3dromo ser\u00e3o interditadas e liberadas ao final da festa, previsto para 1h. As galeras dos bois Caprichoso e Garantido, que tradicionalmente formam filas para garantir a entrada na arquibancada, permanecem na avenida das Na\u00e7\u00f5es e rua Domingos Prestes.<\/p>\n\n\n\n<p>Al\u00e9m das atra\u00e7\u00f5es nacionais, a Festa dos Visitantes realizadas pelo Governo do Amazona tamb\u00e9m contar\u00e1 com a participa\u00e7\u00e3o de artistas locais como Wendel Pinheiro, David Assayag, George Lapa, Jr. Paulain e Mikael.<\/p>\n\n\n\n<p><\/p>\n\n\n\n<figure class=\"wp-block-image size-large\"><img loading=\"lazy\" decoding=\"async\" width=\"1024\" height=\"576\" src=\"https:\/\/portalararasdenoticias.com.br\/wp-content\/uploads\/2023\/06\/Simone-Mendes-1-1024x576.jpg\" alt=\"\" class=\"wp-image-4609\" srcset=\"https:\/\/portalararasdenoticias.com.br\/wp-content\/uploads\/2023\/06\/Simone-Mendes-1-1024x576.jpg 1024w, https:\/\/portalararasdenoticias.com.br\/wp-content\/uploads\/2023\/06\/Simone-Mendes-1-300x169.jpg 300w, https:\/\/portalararasdenoticias.com.br\/wp-content\/uploads\/2023\/06\/Simone-Mendes-1-768x432.jpg 768w, https:\/\/portalararasdenoticias.com.br\/wp-content\/uploads\/2023\/06\/Simone-Mendes-1.jpg 1280w\" sizes=\"auto, (max-width: 1024px) 100vw, 1024px\" \/><\/figure>\n\n\n\n<figure class=\"wp-block-image size-large\"><img loading=\"lazy\" decoding=\"async\" width=\"1024\" height=\"683\" src=\"https:\/\/portalararasdenoticias.com.br\/wp-content\/uploads\/2023\/06\/16118558616012f7f55d7c1_1611855861_5x2_rt-1024x683.webp\" alt=\"\" class=\"wp-image-4610\" srcset=\"https:\/\/portalararasdenoticias.com.br\/wp-content\/uploads\/2023\/06\/16118558616012f7f55d7c1_1611855861_5x2_rt-1024x683.webp 1024w, https:\/\/portalararasdenoticias.com.br\/wp-content\/uploads\/2023\/06\/16118558616012f7f55d7c1_1611855861_5x2_rt-300x200.webp 300w, https:\/\/portalararasdenoticias.com.br\/wp-content\/uploads\/2023\/06\/16118558616012f7f55d7c1_1611855861_5x2_rt-768x512.webp 768w, https:\/\/portalararasdenoticias.com.br\/wp-content\/uploads\/2023\/06\/16118558616012f7f55d7c1_1611855861_5x2_rt.webp 1200w\" sizes=\"auto, (max-width: 1024px) 100vw, 1024px\" \/><\/figure>\n\n\n\n<figure class=\"wp-block-image size-large\"><img loading=\"lazy\" decoding=\"async\" width=\"1024\" height=\"592\" src=\"https:\/\/portalararasdenoticias.com.br\/wp-content\/uploads\/2023\/06\/post_36167-1024x592.jpg\" alt=\"\" class=\"wp-image-4611\" srcset=\"https:\/\/portalararasdenoticias.com.br\/wp-content\/uploads\/2023\/06\/post_36167-1024x592.jpg 1024w, https:\/\/portalararasdenoticias.com.br\/wp-content\/uploads\/2023\/06\/post_36167-300x173.jpg 300w, https:\/\/portalararasdenoticias.com.br\/wp-content\/uploads\/2023\/06\/post_36167-768x444.jpg 768w, https:\/\/portalararasdenoticias.com.br\/wp-content\/uploads\/2023\/06\/post_36167.jpg 1079w\" sizes=\"auto, (max-width: 1024px) 100vw, 1024px\" \/><\/figure>\n\n\n\n<figure class=\"wp-block-image size-full\"><img loading=\"lazy\" decoding=\"async\" width=\"600\" height=\"315\" src=\"https:\/\/portalararasdenoticias.com.br\/wp-content\/uploads\/2023\/06\/a-cantora-ludmilla-411610-article.webp\" alt=\"\" class=\"wp-image-4612\" srcset=\"https:\/\/portalararasdenoticias.com.br\/wp-content\/uploads\/2023\/06\/a-cantora-ludmilla-411610-article.webp 600w, https:\/\/portalararasdenoticias.com.br\/wp-content\/uploads\/2023\/06\/a-cantora-ludmilla-411610-article-300x158.webp 300w\" sizes=\"auto, (max-width: 600px) 100vw, 600px\" \/><\/figure>\n","protected":false},"excerpt":{"rendered":"<p>O Governo do Amazonas anunciou, na tarde desta ter\u00e7a-feira (06\/06), a realiza\u00e7\u00e3o da Festa dos Visitantes Parintins 2023, que acontecer\u00e1, pela primeira vez, no Bumb\u00f3dromo da cidade e ter\u00e1 as cantoras Ludmila e Simone Mendes como atra\u00e7\u00f5es nacionais. A festa contar\u00e1 com apoio da empresa Eneva, respons\u00e1vel pela contrata\u00e7\u00e3o das artistas. Em anos anteriores, a [&hellip;]<\/p>\n","protected":false},"author":5,"featured_media":4608,"comment_status":"open","ping_status":"open","sticky":true,"template":"","format":"standard","meta":{"footnotes":""},"categories":[34],"tags":[],"class_list":["post-4605","post","type-post","status-publish","format-standard","has-post-thumbnail","hentry","category-jornalismo"],"yoast_head":"<!-- This site is optimized with the Yoast SEO plugin v27.0 - https:\/\/yoast.com\/product\/yoast-seo-wordpress\/ -->\n<title>Festa dos Visitantes 2023, pela primeira vez sera no Bumb\u00f3dromo de Parintins atra\u00e7oes nacionais Ludmilla e Simone Mendes como atra\u00e7\u00f5es principais. - Portal Araras de Not\u00edcias<\/title>\n<meta name=\"robots\" content=\"index, follow, max-snippet:-1, max-image-preview:large, max-video-preview:-1\" \/>\n<link rel=\"canonical\" href=\"https:\/\/portalararasdenoticias.com.br\/?p=4605\" \/>\n<meta property=\"og:locale\" content=\"pt_BR\" \/>\n<meta property=\"og:type\" content=\"article\" \/>\n<meta property=\"og:title\" content=\"Festa dos Visitantes 2023, pela primeira vez sera no Bumb\u00f3dromo de Parintins atra\u00e7oes nacionais Ludmilla e Simone Mendes como atra\u00e7\u00f5es principais. - Portal Araras de Not\u00edcias\" \/>\n<meta property=\"og:description\" content=\"O Governo do Amazonas anunciou, na tarde desta ter\u00e7a-feira (06\/06), a realiza\u00e7\u00e3o da Festa dos Visitantes Parintins 2023, que acontecer\u00e1, pela primeira vez, no Bumb\u00f3dromo da cidade e ter\u00e1 as cantoras Ludmila e Simone Mendes como atra\u00e7\u00f5es nacionais. A festa contar\u00e1 com apoio da empresa Eneva, respons\u00e1vel pela contrata\u00e7\u00e3o das artistas. Em anos anteriores, a [&hellip;]\" \/>\n<meta property=\"og:url\" content=\"https:\/\/portalararasdenoticias.com.br\/?p=4605\" \/>\n<meta property=\"og:site_name\" content=\"Portal Araras de Not\u00edcias\" \/>\n<meta property=\"article:published_time\" content=\"2023-06-07T02:49:42+00:00\" \/>\n<meta property=\"og:image\" content=\"https:\/\/portalararasdenoticias.com.br\/wp-content\/uploads\/2023\/06\/qualidade-de-vida.jpg\" \/>\n\t<meta property=\"og:image:width\" content=\"510\" \/>\n\t<meta property=\"og:image:height\" content=\"385\" \/>\n\t<meta property=\"og:image:type\" content=\"image\/jpeg\" \/>\n<meta name=\"author\" content=\"Portal Araras de Noticias\" \/>\n<meta name=\"twitter:card\" content=\"summary_large_image\" \/>\n<meta name=\"twitter:label1\" content=\"Escrito por\" \/>\n\t<meta name=\"twitter:data1\" content=\"Portal Araras de Noticias\" \/>\n\t<meta name=\"twitter:label2\" content=\"Est. tempo de leitura\" \/>\n\t<meta name=\"twitter:data2\" content=\"2 minutos\" \/>\n<script type=\"application\/ld+json\" class=\"yoast-schema-graph\">{\"@context\":\"https:\/\/schema.org\",\"@graph\":[{\"@type\":\"Article\",\"@id\":\"https:\/\/portalararasdenoticias.com.br\/?p=4605#article\",\"isPartOf\":{\"@id\":\"https:\/\/portalararasdenoticias.com.br\/?p=4605\"},\"author\":{\"name\":\"Portal Araras de Noticias\",\"@id\":\"https:\/\/portalararasdenoticias.com.br\/#\/schema\/person\/a6190507efe29dea1049d60d05ed5c0a\"},\"headline\":\"Festa dos Visitantes 2023, pela primeira vez sera no Bumb\u00f3dromo de Parintins atra\u00e7oes nacionais Ludmilla e Simone Mendes como atra\u00e7\u00f5es principais.\",\"datePublished\":\"2023-06-07T02:49:42+00:00\",\"mainEntityOfPage\":{\"@id\":\"https:\/\/portalararasdenoticias.com.br\/?p=4605\"},\"wordCount\":328,\"commentCount\":0,\"image\":{\"@id\":\"https:\/\/portalararasdenoticias.com.br\/?p=4605#primaryimage\"},\"thumbnailUrl\":\"https:\/\/portalararasdenoticias.com.br\/wp-content\/uploads\/2023\/06\/qualidade-de-vida.jpg\",\"articleSection\":[\"jornalismo\"],\"inLanguage\":\"pt-BR\",\"potentialAction\":[{\"@type\":\"CommentAction\",\"name\":\"Comment\",\"target\":[\"https:\/\/portalararasdenoticias.com.br\/?p=4605#respond\"]}]},{\"@type\":\"WebPage\",\"@id\":\"https:\/\/portalararasdenoticias.com.br\/?p=4605\",\"url\":\"https:\/\/portalararasdenoticias.com.br\/?p=4605\",\"name\":\"Festa dos Visitantes 2023, pela primeira vez sera no Bumb\u00f3dromo de Parintins atra\u00e7oes nacionais Ludmilla e Simone Mendes como atra\u00e7\u00f5es principais. - Portal Araras de Not\u00edcias\",\"isPartOf\":{\"@id\":\"https:\/\/portalararasdenoticias.com.br\/#website\"},\"primaryImageOfPage\":{\"@id\":\"https:\/\/portalararasdenoticias.com.br\/?p=4605#primaryimage\"},\"image\":{\"@id\":\"https:\/\/portalararasdenoticias.com.br\/?p=4605#primaryimage\"},\"thumbnailUrl\":\"https:\/\/portalararasdenoticias.com.br\/wp-content\/uploads\/2023\/06\/qualidade-de-vida.jpg\",\"datePublished\":\"2023-06-07T02:49:42+00:00\",\"author\":{\"@id\":\"https:\/\/portalararasdenoticias.com.br\/#\/schema\/person\/a6190507efe29dea1049d60d05ed5c0a\"},\"breadcrumb\":{\"@id\":\"https:\/\/portalararasdenoticias.com.br\/?p=4605#breadcrumb\"},\"inLanguage\":\"pt-BR\",\"potentialAction\":[{\"@type\":\"ReadAction\",\"target\":[\"https:\/\/portalararasdenoticias.com.br\/?p=4605\"]}]},{\"@type\":\"ImageObject\",\"inLanguage\":\"pt-BR\",\"@id\":\"https:\/\/portalararasdenoticias.com.br\/?p=4605#primaryimage\",\"url\":\"https:\/\/portalararasdenoticias.com.br\/wp-content\/uploads\/2023\/06\/qualidade-de-vida.jpg\",\"contentUrl\":\"https:\/\/portalararasdenoticias.com.br\/wp-content\/uploads\/2023\/06\/qualidade-de-vida.jpg\",\"width\":510,\"height\":385},{\"@type\":\"BreadcrumbList\",\"@id\":\"https:\/\/portalararasdenoticias.com.br\/?p=4605#breadcrumb\",\"itemListElement\":[{\"@type\":\"ListItem\",\"position\":1,\"name\":\"In\u00edcio\",\"item\":\"https:\/\/portalararasdenoticias.com.br\/\"},{\"@type\":\"ListItem\",\"position\":2,\"name\":\"Festa dos Visitantes 2023, pela primeira vez sera no Bumb\u00f3dromo de Parintins atra\u00e7oes nacionais Ludmilla e Simone Mendes como atra\u00e7\u00f5es principais.\"}]},{\"@type\":\"WebSite\",\"@id\":\"https:\/\/portalararasdenoticias.com.br\/#website\",\"url\":\"https:\/\/portalararasdenoticias.com.br\/\",\"name\":\"Portal Araras de Not\u00edcias\",\"description\":\"O Seu Portal de Not\u00edcias\",\"potentialAction\":[{\"@type\":\"SearchAction\",\"target\":{\"@type\":\"EntryPoint\",\"urlTemplate\":\"https:\/\/portalararasdenoticias.com.br\/?s={search_term_string}\"},\"query-input\":{\"@type\":\"PropertyValueSpecification\",\"valueRequired\":true,\"valueName\":\"search_term_string\"}}],\"inLanguage\":\"pt-BR\"},{\"@type\":\"Person\",\"@id\":\"https:\/\/portalararasdenoticias.com.br\/#\/schema\/person\/a6190507efe29dea1049d60d05ed5c0a\",\"name\":\"Portal Araras de Noticias\",\"image\":{\"@type\":\"ImageObject\",\"inLanguage\":\"pt-BR\",\"@id\":\"https:\/\/portalararasdenoticias.com.br\/#\/schema\/person\/image\/\",\"url\":\"https:\/\/secure.gravatar.com\/avatar\/4df7c42bc08e78bc9b6e13086fafc161bdf01220657cd93de3d828ab6c60d469?s=96&d=mm&r=g\",\"contentUrl\":\"https:\/\/secure.gravatar.com\/avatar\/4df7c42bc08e78bc9b6e13086fafc161bdf01220657cd93de3d828ab6c60d469?s=96&d=mm&r=g\",\"caption\":\"Portal Araras de Noticias\"},\"sameAs\":[\"https:\/\/portalararasdenoticias.com.br\/\"],\"url\":\"https:\/\/portalararasdenoticias.com.br\/?author=5\"}]}<\/script>\n<!-- \/ Yoast SEO plugin. -->","yoast_head_json":{"title":"Festa dos Visitantes 2023, pela primeira vez sera no Bumb\u00f3dromo de Parintins atra\u00e7oes nacionais Ludmilla e Simone Mendes como atra\u00e7\u00f5es principais. - Portal Araras de Not\u00edcias","robots":{"index":"index","follow":"follow","max-snippet":"max-snippet:-1","max-image-preview":"max-image-preview:large","max-video-preview":"max-video-preview:-1"},"canonical":"https:\/\/portalararasdenoticias.com.br\/?p=4605","og_locale":"pt_BR","og_type":"article","og_title":"Festa dos Visitantes 2023, pela primeira vez sera no Bumb\u00f3dromo de Parintins atra\u00e7oes nacionais Ludmilla e Simone Mendes como atra\u00e7\u00f5es principais. - Portal Araras de Not\u00edcias","og_description":"O Governo do Amazonas anunciou, na tarde desta ter\u00e7a-feira (06\/06), a realiza\u00e7\u00e3o da Festa dos Visitantes Parintins 2023, que acontecer\u00e1, pela primeira vez, no Bumb\u00f3dromo da cidade e ter\u00e1 as cantoras Ludmila e Simone Mendes como atra\u00e7\u00f5es nacionais. A festa contar\u00e1 com apoio da empresa Eneva, respons\u00e1vel pela contrata\u00e7\u00e3o das artistas. Em anos anteriores, a [&hellip;]","og_url":"https:\/\/portalararasdenoticias.com.br\/?p=4605","og_site_name":"Portal Araras de Not\u00edcias","article_published_time":"2023-06-07T02:49:42+00:00","og_image":[{"width":510,"height":385,"url":"https:\/\/portalararasdenoticias.com.br\/wp-content\/uploads\/2023\/06\/qualidade-de-vida.jpg","type":"image\/jpeg"}],"author":"Portal Araras de Noticias","twitter_card":"summary_large_image","twitter_misc":{"Escrito por":"Portal Araras de Noticias","Est. tempo de leitura":"2 minutos"},"schema":{"@context":"https:\/\/schema.org","@graph":[{"@type":"Article","@id":"https:\/\/portalararasdenoticias.com.br\/?p=4605#article","isPartOf":{"@id":"https:\/\/portalararasdenoticias.com.br\/?p=4605"},"author":{"name":"Portal Araras de Noticias","@id":"https:\/\/portalararasdenoticias.com.br\/#\/schema\/person\/a6190507efe29dea1049d60d05ed5c0a"},"headline":"Festa dos Visitantes 2023, pela primeira vez sera no Bumb\u00f3dromo de Parintins atra\u00e7oes nacionais Ludmilla e Simone Mendes como atra\u00e7\u00f5es principais.","datePublished":"2023-06-07T02:49:42+00:00","mainEntityOfPage":{"@id":"https:\/\/portalararasdenoticias.com.br\/?p=4605"},"wordCount":328,"commentCount":0,"image":{"@id":"https:\/\/portalararasdenoticias.com.br\/?p=4605#primaryimage"},"thumbnailUrl":"https:\/\/portalararasdenoticias.com.br\/wp-content\/uploads\/2023\/06\/qualidade-de-vida.jpg","articleSection":["jornalismo"],"inLanguage":"pt-BR","potentialAction":[{"@type":"CommentAction","name":"Comment","target":["https:\/\/portalararasdenoticias.com.br\/?p=4605#respond"]}]},{"@type":"WebPage","@id":"https:\/\/portalararasdenoticias.com.br\/?p=4605","url":"https:\/\/portalararasdenoticias.com.br\/?p=4605","name":"Festa dos Visitantes 2023, pela primeira vez sera no Bumb\u00f3dromo de Parintins atra\u00e7oes nacionais Ludmilla e Simone Mendes como atra\u00e7\u00f5es principais. - Portal Araras de Not\u00edcias","isPartOf":{"@id":"https:\/\/portalararasdenoticias.com.br\/#website"},"primaryImageOfPage":{"@id":"https:\/\/portalararasdenoticias.com.br\/?p=4605#primaryimage"},"image":{"@id":"https:\/\/portalararasdenoticias.com.br\/?p=4605#primaryimage"},"thumbnailUrl":"https:\/\/portalararasdenoticias.com.br\/wp-content\/uploads\/2023\/06\/qualidade-de-vida.jpg","datePublished":"2023-06-07T02:49:42+00:00","author":{"@id":"https:\/\/portalararasdenoticias.com.br\/#\/schema\/person\/a6190507efe29dea1049d60d05ed5c0a"},"breadcrumb":{"@id":"https:\/\/portalararasdenoticias.com.br\/?p=4605#breadcrumb"},"inLanguage":"pt-BR","potentialAction":[{"@type":"ReadAction","target":["https:\/\/portalararasdenoticias.com.br\/?p=4605"]}]},{"@type":"ImageObject","inLanguage":"pt-BR","@id":"https:\/\/portalararasdenoticias.com.br\/?p=4605#primaryimage","url":"https:\/\/portalararasdenoticias.com.br\/wp-content\/uploads\/2023\/06\/qualidade-de-vida.jpg","contentUrl":"https:\/\/portalararasdenoticias.com.br\/wp-content\/uploads\/2023\/06\/qualidade-de-vida.jpg","width":510,"height":385},{"@type":"BreadcrumbList","@id":"https:\/\/portalararasdenoticias.com.br\/?p=4605#breadcrumb","itemListElement":[{"@type":"ListItem","position":1,"name":"In\u00edcio","item":"https:\/\/portalararasdenoticias.com.br\/"},{"@type":"ListItem","position":2,"name":"Festa dos Visitantes 2023, pela primeira vez sera no Bumb\u00f3dromo de Parintins atra\u00e7oes nacionais Ludmilla e Simone Mendes como atra\u00e7\u00f5es principais."}]},{"@type":"WebSite","@id":"https:\/\/portalararasdenoticias.com.br\/#website","url":"https:\/\/portalararasdenoticias.com.br\/","name":"Portal Araras de Not\u00edcias","description":"O Seu Portal de Not\u00edcias","potentialAction":[{"@type":"SearchAction","target":{"@type":"EntryPoint","urlTemplate":"https:\/\/portalararasdenoticias.com.br\/?s={search_term_string}"},"query-input":{"@type":"PropertyValueSpecification","valueRequired":true,"valueName":"search_term_string"}}],"inLanguage":"pt-BR"},{"@type":"Person","@id":"https:\/\/portalararasdenoticias.com.br\/#\/schema\/person\/a6190507efe29dea1049d60d05ed5c0a","name":"Portal Araras de Noticias","image":{"@type":"ImageObject","inLanguage":"pt-BR","@id":"https:\/\/portalararasdenoticias.com.br\/#\/schema\/person\/image\/","url":"https:\/\/secure.gravatar.com\/avatar\/4df7c42bc08e78bc9b6e13086fafc161bdf01220657cd93de3d828ab6c60d469?s=96&d=mm&r=g","contentUrl":"https:\/\/secure.gravatar.com\/avatar\/4df7c42bc08e78bc9b6e13086fafc161bdf01220657cd93de3d828ab6c60d469?s=96&d=mm&r=g","caption":"Portal Araras de Noticias"},"sameAs":["https:\/\/portalararasdenoticias.com.br\/"],"url":"https:\/\/portalararasdenoticias.com.br\/?author=5"}]}},"_links":{"self":[{"href":"https:\/\/portalararasdenoticias.com.br\/index.php?rest_route=\/wp\/v2\/posts\/4605","targetHints":{"allow":["GET"]}}],"collection":[{"href":"https:\/\/portalararasdenoticias.com.br\/index.php?rest_route=\/wp\/v2\/posts"}],"about":[{"href":"https:\/\/portalararasdenoticias.com.br\/index.php?rest_route=\/wp\/v2\/types\/post"}],"author":[{"embeddable":true,"href":"https:\/\/portalararasdenoticias.com.br\/index.php?rest_route=\/wp\/v2\/users\/5"}],"replies":[{"embeddable":true,"href":"https:\/\/portalararasdenoticias.com.br\/index.php?rest_route=%2Fwp%2Fv2%2Fcomments&post=4605"}],"version-history":[{"count":1,"href":"https:\/\/portalararasdenoticias.com.br\/index.php?rest_route=\/wp\/v2\/posts\/4605\/revisions"}],"predecessor-version":[{"id":4613,"href":"https:\/\/portalararasdenoticias.com.br\/index.php?rest_route=\/wp\/v2\/posts\/4605\/revisions\/4613"}],"wp:featuredmedia":[{"embeddable":true,"href":"https:\/\/portalararasdenoticias.com.br\/index.php?rest_route=\/wp\/v2\/media\/4608"}],"wp:attachment":[{"href":"https:\/\/portalararasdenoticias.com.br\/index.php?rest_route=%2Fwp%2Fv2%2Fmedia&parent=4605"}],"wp:term":[{"taxonomy":"category","embeddable":true,"href":"https:\/\/portalararasdenoticias.com.br\/index.php?rest_route=%2Fwp%2Fv2%2Fcategories&post=4605"},{"taxonomy":"post_tag","embeddable":true,"href":"https:\/\/portalararasdenoticias.com.br\/index.php?rest_route=%2Fwp%2Fv2%2Ftags&post=4605"}],"curies":[{"name":"wp","href":"https:\/\/api.w.org\/{rel}","templated":true}]}}